{"id":93989,"date":"2025-02-06T06:23:10","date_gmt":"2025-02-06T12:23:10","guid":{"rendered":"https:\/\/losperiodistas.com.mx\/portal\/?p=93989"},"modified":"2025-02-06T06:23:12","modified_gmt":"2025-02-06T12:23:12","slug":"chapitos-y-mayiza-libran-su-guerra-con-armas-de-eu-el-universal","status":"publish","type":"post","link":"https:\/\/losperiodistas.com.mx\/portal\/chapitos-y-mayiza-libran-su-guerra-con-armas-de-eu-el-universal\/","title":{"rendered":"\u201cChapitos\u201d y \u201cMayiza\u201d libran su guerra con armas de EU | El Universal"},"content":{"rendered":"\n<h2 class=\"wp-block-heading\">La Sedena decomis\u00f3 703 al narco en 80 d\u00edas; Estados Unidos se compromete a evitar el tr\u00e1fico de armamento a M\u00e9xico: Canciller\u00eda<\/h2>\n\n\n\n<figure class=\"wp-block-image size-large\"><img fetchpriority=\"high\" decoding=\"async\" width=\"1024\" height=\"620\" src=\"https:\/\/losperiodistas.com.mx\/portal\/wp-content\/uploads\/2025\/02\/PSN7AX3CG5CCNPHHJDYRAIIJDI-copia-1024x620.jpg\" alt=\"\" class=\"wp-image-93990\" srcset=\"https:\/\/losperiodistas.com.mx\/portal\/wp-content\/uploads\/2025\/02\/PSN7AX3CG5CCNPHHJDYRAIIJDI-copia-1024x620.jpg 1024w, https:\/\/losperiodistas.com.mx\/portal\/wp-content\/uploads\/2025\/02\/PSN7AX3CG5CCNPHHJDYRAIIJDI-copia-300x182.jpg 300w, https:\/\/losperiodistas.com.mx\/portal\/wp-content\/uploads\/2025\/02\/PSN7AX3CG5CCNPHHJDYRAIIJDI-copia-768x465.jpg 768w, https:\/\/losperiodistas.com.mx\/portal\/wp-content\/uploads\/2025\/02\/PSN7AX3CG5CCNPHHJDYRAIIJDI-copia.jpg 1100w\" sizes=\"(max-width: 1024px) 100vw, 1024px\" \/><figcaption class=\"wp-element-caption\">La Marina logr\u00f3 un importante aseguramiento de armas y municiones en noviembre pasado dentro del operativo Sinaloa Seguro. (06\/02\/2025) Foto: Archivo | El Universal<\/figcaption><\/figure>\n\n\n\n<p class=\"has-vivid-red-color has-text-color has-link-color has-medium-font-size wp-elements-015c386d47b90ed157a8a5d0cacee1af\"><br><strong>Silber Meza \/ El Universal<\/strong><\/p>\n\n\n\n<p>La&nbsp;<a href=\"https:\/\/www.eluniversal.com.mx\/nacion\/\" target=\"_blank\" rel=\"noreferrer noopener\"><strong>Secretar\u00eda de la Defensa Nacional<\/strong><\/a>&nbsp;(Sedena) ha asegurado armamento fabricado en 12 pa\u00edses durante los primeros 80 d\u00edas de batalla entre<strong>&nbsp;Los Chapitos<\/strong>&nbsp;y&nbsp;<strong>La Mayiza<\/strong>&nbsp;en Sinaloa; sin embargo, la mayor\u00eda del material b\u00e9lico identificado proviene de&nbsp;<strong>Estados Unidos<\/strong>.<\/p>\n\n\n\n<p>Del 9 de septiembre de 2024 \u2014cuando inici\u00f3 de lleno la lucha entre estas dos facciones del&nbsp;<a href=\"https:\/\/www.eluniversal.com.mx\/nacion\/homicidios-disminuyen-en-sinaloa-garcia-harfuch\/\" target=\"_blank\" rel=\"noreferrer noopener\"><strong>C\u00e1rtel de Sinaloa<\/strong><\/a>\u2014 al 27 de noviembre de ese a\u00f1o la Sedena retir\u00f3 703 armas al crimen organizado en el estado: 103 cortas y 600 largas, seg\u00fan inform\u00f3 la dependencia tras una petici\u00f3n de informaci\u00f3n p\u00fablica.<\/p>\n\n\n\n<p>De las 703 armas, la dependencia \u00fanicamente pudo identificar la procedencia de 129, 18% del total.Play Video<\/p>\n\n\n\n<p><strong>Lee tambi\u00e9n:\u00a0<\/strong><a href=\"https:\/\/www.eluniversal.com.mx\/nacion\/se-desplomo-decomiso-de-fentanilo-en-2024\/\" target=\"_blank\" rel=\"noreferrer noopener\"><strong>Se desplom\u00f3 decomiso de fentanilo en 2024<\/strong><\/a><\/p>\n\n\n\n<figure class=\"wp-block-image size-large\"><img decoding=\"async\" width=\"817\" height=\"1024\" src=\"https:\/\/losperiodistas.com.mx\/portal\/wp-content\/uploads\/2025\/02\/Captura-de-pantalla-2025-02-06-a-las-6.22.09\u202fa.m-817x1024.png\" alt=\"\" class=\"wp-image-93991\" srcset=\"https:\/\/losperiodistas.com.mx\/portal\/wp-content\/uploads\/2025\/02\/Captura-de-pantalla-2025-02-06-a-las-6.22.09\u202fa.m-817x1024.png 817w, https:\/\/losperiodistas.com.mx\/portal\/wp-content\/uploads\/2025\/02\/Captura-de-pantalla-2025-02-06-a-las-6.22.09\u202fa.m-239x300.png 239w, https:\/\/losperiodistas.com.mx\/portal\/wp-content\/uploads\/2025\/02\/Captura-de-pantalla-2025-02-06-a-las-6.22.09\u202fa.m-768x963.png 768w, https:\/\/losperiodistas.com.mx\/portal\/wp-content\/uploads\/2025\/02\/Captura-de-pantalla-2025-02-06-a-las-6.22.09\u202fa.m.png 1212w\" sizes=\"(max-width: 817px) 100vw, 817px\" \/><\/figure>\n\n\n\n<p>(06\/02\/2025) Foto: Secretar\u00eda de la Defensa Nacional (Sedena)<\/p>\n\n\n\n<p>Las armas que no pudieron ser identificadas ten\u00edan las marcas y n\u00fameros de serie borrados, piezas combinadas o partes hechizas, explic\u00f3 la&nbsp;<strong>Sedena&nbsp;<\/strong>en una consulta directa.<\/p>\n\n\n\n<p>As\u00ed, identific\u00f3 que 78 armas se fabricaron en EU, 60.5%; 13 en&nbsp;<strong>Austria&nbsp;<\/strong>y 13 m\u00e1s en&nbsp;<strong>Rumania<\/strong>, 10% en cada pa\u00eds; ocho en&nbsp;<strong>China<\/strong>, 6.2%; seis en&nbsp;<strong>Serbia<\/strong>, 4.6%; tres en&nbsp;<strong>Alemania<\/strong>, 2.3%; dos en&nbsp;<strong>Italia&nbsp;<\/strong>y dos m\u00e1s en&nbsp;<strong>B\u00e9lgica<\/strong>, que representa 1.5% de cada pa\u00eds. Tambi\u00e9n identific\u00f3 un arma procedente de cada uno de estos pa\u00edses: Espa\u00f1a, Brasil, Polonia y Rep\u00fablica Checa. Cada uno representa 0.78% del total.<\/p>\n\n\n\n<p>El porcentaje referente a las armas provenientes de Estados Unidos se acerca al dato que hace unas semanas dio a conocer la&nbsp;<strong>Agencia de Alcohol, Tabaco, Armas de Fuego y Explosivos<\/strong>, perteneciente al Departamento de Justicia de ese pa\u00eds.<\/p>\n\n\n\n<p>En el documento se reconoce que 74% de las armas recuperadas en M\u00e9xico provienen de&nbsp;<strong>Estados Unidos<\/strong>, mismo que mantiene una enorme presi\u00f3n sobre M\u00e9xico para desarticular las&nbsp;<strong>organizaciones criminales<\/strong>&nbsp;que colman de estupefacientes la demanda del mercado estadounidense, particularmente de fentanilo.<\/p>\n\n\n\n<h2 class=\"wp-block-heading\"><strong>Lucha de facciones<\/strong><\/h2>\n\n\n\n<p>Desde hace cinco meses, en Sinaloa se libra una batalla sin cuartel entre las dos facciones m\u00e1s poderosas del&nbsp;<strong>C\u00e1rtel de Sinaloa<\/strong>, Los Chapitos, encabezados por los hermanos Iv\u00e1n Archivaldo y Alfredo Guzm\u00e1n Salazar \u2014hijos de&nbsp;<strong>Joaqu\u00edn Guzm\u00e1n Loera<\/strong>, El Chapo\u2014, y La Mayiza, liderada por Ismael Zambada Sicairos, alias El Mayito Flaco, hijo de&nbsp;<strong>Ismael Zambada Garc\u00eda<\/strong>, El Mayo.<\/p>\n\n\n\n<p>Mientras ambos capos se hallan encarcelados en Estados Unidos, en Sinaloa sus respectivos bandos buscan exterminarse.<\/p>\n\n\n\n<p>De septiembre de 2024 a enero de 2025 en&nbsp;<strong>Sinaloa&nbsp;<\/strong>se han registrado&nbsp;<strong>795 homicidios<\/strong>&nbsp;dolosos, 159 por mes en promedio, mientras que de enero a agosto la autoridad reconoci\u00f3&nbsp;<strong>42 asesinatos<\/strong>&nbsp;mensuales, un crecimiento de casi 300%.<\/p>\n\n\n\n<p>La mayor\u00eda de las armas identificadas, 85 de 129, fueron decomisadas en&nbsp;<strong>Culiac\u00e1n<\/strong>, capital de Sinaloa, lugar donde se ha centrado el grueso de los ataques.<\/p>\n\n\n\n<p>Pero tambi\u00e9n hay registros en la mayor\u00eda de las localidades del estado: Angostura, Badiraguato, Concordia, Cosal\u00e1, Elota, Salvador Alvarado, Mazatl\u00e1n, Navolato, Rosario, San Ignacio y Sinaloa municipio.<\/p>\n\n\n\n<p><strong>Lee tambi\u00e9n:&nbsp;<\/strong><a href=\"https:\/\/www.eluniversal.com.mx\/nacion\/harfuch-asegura-que-se-ha-logrado-debilitar-a-los-chapitos-y-la-mayiza-destaca-baja-en-homicidios\/\" target=\"_blank\" rel=\"noreferrer noopener\"><strong>Harfuch asegura que se ha logrado debilitar a \u201cLos Chapitos\u201d y \u201cLa Mayiza\u201d; destaca baja en homicidios<\/strong><\/a><\/p>\n\n\n\n<p>Del total de las armas, sea con pa\u00eds de procedencia identificado o no, las m\u00e1s aseguradas son las de calibre 7.62 mm, con 282; las de 5.56 mm, con 116; las de 9 mm, con 60; las de .223, con 51, y las de .50, con 24 piezas.<\/p>\n\n\n\n<p>Adem\u00e1s de las armas, en ese periodo la&nbsp;<strong>Sedena&nbsp;<\/strong>asegur\u00f3 101 artefactos explosivos improvisados: 80 en Culiac\u00e1n, ocho en Navolato, cuatro en&nbsp;<strong>Cosal\u00e1<\/strong>, tres en Elota, tres en Sinaloa municipio, dos en Concordia y una en Badiraguato.<\/p>\n\n\n\n<p>Apenas el 24 de enero pasado, en Culiac\u00e1n, el&nbsp;<strong>Ej\u00e9rcito Mexicano<\/strong>&nbsp;hall\u00f3 y desactiv\u00f3 28 artefactos explosivos para drones de&nbsp;<strong>fabricaci\u00f3n artesanal<\/strong>. Los encontraron dentro de un veh\u00edculo aparentemente abandonado.<\/p>\n\n\n\n<p><em><strong><a href=\"https:\/\/whatsapp.com\/channel\/0029Va4lfJc1CYoM1R8IT71e\"><u>\u00danete a nuestro canal&nbsp;<\/u><\/a><\/strong>\u00a1EL UNIVERSAL ya est\u00e1 en Whatsapp!, desde tu dispositivo m\u00f3vil ent\u00e9rate de las noticias m\u00e1s relevantes del d\u00eda, art\u00edculos de opini\u00f3n, entretenimiento, tendencias y m\u00e1s.<\/em><\/p>\n\n\n\n<figure class=\"wp-block-image\"><a href=\"https:\/\/news.google.com\/publications\/CAAqBwgKMKG_7wowkfm2Ag?hl=es-419&amp;gl=MX&amp;ceid=MX%3Aes-419\" target=\"_blank\" rel=\"noreferrer noopener\"><img decoding=\"async\" src=\"https:\/\/www.eluniversal.com.mx\/pf\/resources\/website\/eluniversal\/boton-googlenews.webp?d=1195\" alt=\"Google News\"\/><\/a><\/figure>\n\n\n\n<p>Fuente: <a href=\"https:\/\/www.eluniversal.com.mx\/nacion\/chapitos-y-mayiza-libran-su-guerra-con-armas-de-eu\/\">https:\/\/www.eluniversal.com.mx\/nacion\/chapitos-y-mayiza-libran-su-guerra-con-armas-de-eu\/<\/a><\/p>\n","protected":false},"excerpt":{"rendered":"<p>La Sedena decomis\u00f3 703 al narco en 80 d\u00edas; Estados Unidos se compromete a evitar el tr\u00e1fico de armamento a [&hellip;]<\/p>\n","protected":false},"author":1,"featured_media":93990,"comment_status":"open","ping_status":"open","sticky":false,"template":"","format":"standard","meta":{"site-sidebar-layout":"default","site-content-layout":"","ast-site-content-layout":"default","site-content-style":"default","site-sidebar-style":"default","ast-global-header-display":"","ast-banner-title-visibility":"","ast-main-header-display":"","ast-hfb-above-header-display":"","ast-hfb-below-header-display":"","ast-hfb-mobile-header-display":"","site-post-title":"","ast-breadcrumbs-content":"","ast-featured-img":"","footer-sml-layout":"","theme-transparent-header-meta":"","adv-header-id-meta":"","stick-header-meta":"","header-above-stick-meta":"","header-main-stick-meta":"","header-below-stick-meta":"","astra-migrate-meta-layouts":"default","ast-page-background-enabled":"default","ast-page-background-meta":{"desktop":{"background-color":"var(--ast-global-color-4)","background-image":"","background-repeat":"repeat","background-position":"center center","background-size":"auto","background-attachment":"scroll","background-type":"","background-media":"","overlay-type":"","overlay-color":"","overlay-opacity":"","overlay-gradient":""},"tablet":{"background-color":"","background-image":"","background-repeat":"repeat","background-position":"center center","background-size":"auto","background-attachment":"scroll","background-type":"","background-media":"","overlay-type":"","overlay-color":"","overlay-opacity":"","overlay-gradient":""},"mobile":{"background-color":"","background-image":"","background-repeat":"repeat","background-position":"center center","background-size":"auto","background-attachment":"scroll","background-type":"","background-media":"","overlay-type":"","overlay-color":"","overlay-opacity":"","overlay-gradient":""}},"ast-content-background-meta":{"desktop":{"background-color":"var(--ast-global-color-5)","background-image":"","background-repeat":"repeat","background-position":"center center","background-size":"auto","background-attachment":"scroll","background-type":"","background-media":"","overlay-type":"","overlay-color":"","overlay-opacity":"","overlay-gradient":""},"tablet":{"background-color":"var(--ast-global-color-5)","background-image":"","background-repeat":"repeat","background-position":"center center","background-size":"auto","background-attachment":"scroll","background-type":"","background-media":"","overlay-type":"","overlay-color":"","overlay-opacity":"","overlay-gradient":""},"mobile":{"background-color":"var(--ast-global-color-5)","background-image":"","background-repeat":"repeat","background-position":"center center","background-size":"auto","background-attachment":"scroll","background-type":"","background-media":"","overlay-type":"","overlay-color":"","overlay-opacity":"","overlay-gradient":""}},"footnotes":""},"categories":[8],"tags":[35572,6222,3262,9932,35573],"class_list":["post-93989","post","type-post","status-publish","format-standard","has-post-thumbnail","hentry","category-noticias","tag-armas-de-eu","tag-los-chapitos","tag-sedena","tag-sinaloa","tag-trafico-armas-a-mexico"],"_links":{"self":[{"href":"https:\/\/losperiodistas.com.mx\/portal\/wp-json\/wp\/v2\/posts\/93989","targetHints":{"allow":["GET"]}}],"collection":[{"href":"https:\/\/losperiodistas.com.mx\/portal\/wp-json\/wp\/v2\/posts"}],"about":[{"href":"https:\/\/losperiodistas.com.mx\/portal\/wp-json\/wp\/v2\/types\/post"}],"author":[{"embeddable":true,"href":"https:\/\/losperiodistas.com.mx\/portal\/wp-json\/wp\/v2\/users\/1"}],"replies":[{"embeddable":true,"href":"https:\/\/losperiodistas.com.mx\/portal\/wp-json\/wp\/v2\/comments?post=93989"}],"version-history":[{"count":1,"href":"https:\/\/losperiodistas.com.mx\/portal\/wp-json\/wp\/v2\/posts\/93989\/revisions"}],"predecessor-version":[{"id":93992,"href":"https:\/\/losperiodistas.com.mx\/portal\/wp-json\/wp\/v2\/posts\/93989\/revisions\/93992"}],"wp:featuredmedia":[{"embeddable":true,"href":"https:\/\/losperiodistas.com.mx\/portal\/wp-json\/wp\/v2\/media\/93990"}],"wp:attachment":[{"href":"https:\/\/losperiodistas.com.mx\/portal\/wp-json\/wp\/v2\/media?parent=93989"}],"wp:term":[{"taxonomy":"category","embeddable":true,"href":"https:\/\/losperiodistas.com.mx\/portal\/wp-json\/wp\/v2\/categories?post=93989"},{"taxonomy":"post_tag","embeddable":true,"href":"https:\/\/losperiodistas.com.mx\/portal\/wp-json\/wp\/v2\/tags?post=93989"}],"curies":[{"name":"wp","href":"https:\/\/api.w.org\/{rel}","templated":true}]}}