{"id":93978,"date":"2025-02-06T06:02:14","date_gmt":"2025-02-06T12:02:14","guid":{"rendered":"https:\/\/losperiodistas.com.mx\/portal\/?p=93978"},"modified":"2025-02-06T07:10:47","modified_gmt":"2025-02-06T13:10:47","slug":"por-que-la-idea-de-que-la-civilizacion-maya-se-derrumbo-es-erronea-national-geographic","status":"publish","type":"post","link":"https:\/\/losperiodistas.com.mx\/portal\/por-que-la-idea-de-que-la-civilizacion-maya-se-derrumbo-es-erronea-national-geographic\/","title":{"rendered":"Por qu\u00e9 la idea de que la civilizaci\u00f3n maya \u201cse derrumb\u00f3\u201d es err\u00f3nea | National Geographic"},"content":{"rendered":"\n<p class=\"has-pale-ocean-gradient-background has-background\" style=\"font-size:23px\">Los esc\u00e1neres l\u00e1ser y otras pruebas demuestran que los mayas siguieron viviendo en zonas rurales mucho despu\u00e9s del colapso de las grandes ciudades.<\/p>\n\n\n\n<figure class=\"wp-block-image size-full\"><img fetchpriority=\"high\" decoding=\"async\" width=\"768\" height=\"512\" src=\"https:\/\/losperiodistas.com.mx\/portal\/wp-content\/uploads\/2025\/02\/nationalgeographic1574755_0.jpg\" alt=\"\" class=\"wp-image-93979\" srcset=\"https:\/\/losperiodistas.com.mx\/portal\/wp-content\/uploads\/2025\/02\/nationalgeographic1574755_0.jpg 768w, https:\/\/losperiodistas.com.mx\/portal\/wp-content\/uploads\/2025\/02\/nationalgeographic1574755_0-300x200.jpg 300w\" sizes=\"(max-width: 768px) 100vw, 768px\" \/><figcaption class=\"wp-element-caption\">Los mayas son conocidos por sus impresionantes complejos piramidales, como este conocido como El Castillo de Chich\u00e9n Itz\u00e1. Pero los pueblos y aldeas locales sosten\u00edan estas zonas urbanas, y las nuevas estimaciones de poblaci\u00f3n de esos lugares est\u00e1n planteando interrogantes sobre si realmente se derrumbaron. Fotos \u00a0<a href=\"https:\/\/www.nationalgeographicla.com\/fotografo\/paul-nicklen\">Paul Nicklen<\/a>,\u00a0<a href=\"https:\/\/www.nationalgeographicla.com\/fotografo\/nat-geo-image-collection\">Nat Geo Image Collection<\/a><\/figcaption><\/figure>\n\n\n\n<p><\/p>\n\n\n\n<p class=\"has-vivid-red-color has-text-color has-link-color has-medium-font-size wp-elements-b6ac705519531179acdb35d0d0f02b19\"><strong>Por\u00a0<a href=\"https:\/\/www.nationalgeographicla.com\/autor\/joshua-rapp-learn\">Joshua Rapp Learn<\/a> \/ National Geographic<\/strong><\/p>\n\n\n\n<p><\/p>\n\n\n\n<p>Los&nbsp;<a href=\"https:\/\/www.nationalgeographicla.com\/historia\/2022\/09\/quienes-fueron-los-mayas\"><strong>mayas&nbsp;<\/strong><\/a>crearon grandes reinos que gobernaron decenas de miles de personas durante siglos en Mesoam\u00e9rica. Pero mientras elaboradas capitales como Chich\u00e9n Itz\u00e1 y Mayap\u00e1n y las \u00e9lites que las controlaban sub\u00edan y bajaban,&nbsp;<strong>la poblaci\u00f3n circundante que viv\u00eda en las zonas rurales a su alrededor no cambi\u00f3 durante siglos<\/strong>.<\/p>\n\n\n\n<p>La&nbsp;<strong>cronolog\u00eda de los libros de texto<\/strong>&nbsp;sobre la<a href=\"https:\/\/www.nationalgeographicla.com\/viajes\/2023\/11\/te-animas-a-recorrer-el-inframundo-maya-atrevete-a-descubrir-un-sitio-unico\">&nbsp;civilizaci\u00f3n maya<\/a>&nbsp;es la siguiente:<strong>&nbsp;la cultura alcanz\u00f3 su apogeo<\/strong>, conocido como el&nbsp;<strong>periodo Cl\u00e1sico<\/strong>,&nbsp;<strong>entre los a\u00f1os 200 y 900 d.C.<\/strong>&nbsp;Durante el siglo siguiente, los centros urbanos se desmoronaron. Seg\u00fan algunas versiones, los mayas desaparecieron, y los cient\u00edficos han implicado el<strong>&nbsp;clima, la superpoblaci\u00f3n y los disturbios pol\u00edticos en su misteriosa desaparici\u00f3n<\/strong>.&nbsp;<\/p>\n\n\n\n<p>Aunque&nbsp;<strong>se recuperaron durante el periodo Postcl\u00e1sico, desde el 900 d.C. hasta la llegada de los colonizadores espa\u00f1oles hacia 1540<\/strong>, se supone que nunca alcanzaron su fuerza anterior. Pero un nuevo an\u00e1lisis de la poblaci\u00f3n de la&nbsp;<a href=\"https:\/\/www.nationalgeographicla.com\/medio-ambiente\/2023\/11\/que-son-los-cenotes\">Pen\u00ednsula de Yucat\u00e1n<\/a>&nbsp;aumenta las pruebas de que&nbsp;<strong>los mayas del Cl\u00e1sico nunca se derrumbaron ni desaparecieron<\/strong>.<\/p>\n\n\n\n<p>\u00abDefinitivamente, la idea del colapso de los mayas en el Postcl\u00e1sico es muy debatida\u00bb, dice Pedro Delgado K\u00fa, arque\u00f3logo de la Universidad Aut\u00f3noma de Yucat\u00e1n y coautor del reciente estudio.<\/p>\n\n\n\n<p><em>(Podr\u00eda interesarte:&nbsp;<\/em><a href=\"https:\/\/www.nationalgeographicla.com\/ciencia\/2025\/01\/plantas-mortales-5-especies-muy-peligrosas-que-puedes-encontrar-en-la-naturaleza\"><em>Plantas mortales: 5 especies muy peligrosas que puedes encontrar en la naturaleza<\/em><\/a><em>)<\/em><\/p>\n\n\n\n<h2 class=\"wp-block-heading\" id=\"header_1294417_0\">C\u00f3mo se desarrollaron Mayap\u00e1n y Chich\u00e9n Itz\u00e1<\/h2>\n\n\n\n<p>En algunos casos,&nbsp;<strong>las ciudades del Postcl\u00e1sico surgieron de las cenizas de sus predecesoras<\/strong>. Delgado K\u00fa y sus colegas llevan tiempo estudiando a los&nbsp;<a href=\"https:\/\/www.nationalgeographicla.com\/historia\/2024\/06\/asi-elegian-los-mayas-a-las-victimas-de-los-sacrificios-segun-las-nuevas-pistas-que-aporta-el-adn\">mayas&nbsp;<\/a>de la pen\u00ednsula de Yucat\u00e1n, en particular&nbsp;<strong>Mayap\u00e1n<\/strong>, una de las \u00faltimas capitales a gran escala construidas en la zona antes de la colonizaci\u00f3n espa\u00f1ola. Esta ciudad del Postcl\u00e1sico se fund\u00f3 inicialmente hacia el siglo XII como una&nbsp;<strong>coalici\u00f3n de gobiernos locales<\/strong>, incluidos algunos de los clanes familiares que derrocaron a los gobernantes de la gran capital que la precedi\u00f3 en la zona-Chich\u00e9n Itz\u00e1.<\/p>\n\n\n\n<p><strong>Tras la ca\u00edda de&nbsp;<\/strong><a href=\"https:\/\/www.nationalgeographicla.com\/historia\/2023\/04\/que-hay-dentro-de-la-piramide-de-chichen-itza\"><strong>Chich\u00e9n Itz\u00e1&nbsp;<\/strong><\/a>en el 1050 d.C., la sequ\u00eda azot\u00f3 duramente la zona. Pero una vez que volvieron las lluvias,&nbsp;<strong>hacia 1180 d.C., Mayap\u00e1n se hab\u00eda convertido en una ciudad impresionante<\/strong>. Aparte de grandes pir\u00e1mides como el Templo de Kukulk\u00e1n, la zona urbana estaba rodeada por una muralla de m\u00e1s de 8 kil\u00f3metros de largo que apenas pod\u00eda contener a la poblaci\u00f3n urbana; algunos barrios se extend\u00edan fuera del elemento protector, dice Marilyn Masson, coautora y arque\u00f3loga de la Universidad Estatal de Nueva York en Albany.<\/p>\n\n\n\n<p><em>(M\u00e1s sobre historia:&nbsp;<\/em><a href=\"https:\/\/www.nationalgeographicla.com\/historia\/2025\/01\/serpiente-cerdo-dragon-cuantos-y-que-animales-se-celebran-cada-ano-nuevo-chino\"><em>Serpiente, cerdo, drag\u00f3n: \u00bfcu\u00e1ntos y qu\u00e9 animales se celebran cada A\u00f1o Nuevo chino?<\/em><\/a><em>)<\/em><\/p>\n\n\n\n<h2 class=\"wp-block-heading\" id=\"header_1294417_1\">\u00bfDe qu\u00e9 manera cambi\u00f3 la poblaci\u00f3n maya durante el Postcl\u00e1sico?<\/h2>\n\n\n\n<p>Para Masson, Delgado K\u00fa y sus colegas,&nbsp;<strong>la historia de Mayap\u00e1n contradice la idea de que los mayas desaparecieron<\/strong>, o incluso de que los mayas poscl\u00e1sicos del norte de la pen\u00ednsula de Yucat\u00e1n (M\u00e9xico) eran de alg\u00fan modo inferiores a las primeras ciudades del Cl\u00e1sico en las tierras bajas del sur, como Tikal (Guatemala).&nbsp;<\/p>\n\n\n\n<p>\u00abSe oye decir que la civilizaci\u00f3n maya termin\u00f3 en el a\u00f1o 1000 d.C. Pero no fue as\u00ed\u00bb, afirma Masson. \u00abEl periodo Postcl\u00e1sico es una historia de \u00e9xito de&nbsp;<strong>resiliencia y recuperaci\u00f3n&nbsp;<\/strong>en el norte para la estatalidad maya tard\u00eda\u00bb.&nbsp;<\/p>\n\n\n\n<p>Para&nbsp;<strong>entender mejor lo que ocurri\u00f3 en la regi\u00f3n<\/strong>, el equipo quer\u00eda&nbsp;<strong>conocer la poblaci\u00f3n y c\u00f3mo pudo haber cambiado<\/strong>&nbsp;a lo largo del tiempo. En un&nbsp;<strong>estudio&nbsp;<\/strong>publicado en diciembre en la revista&nbsp;<em>Journal of Anthropological Archaeology<\/em>, el equipo examin\u00f3 intentos anteriores de cartografiar la poblaci\u00f3n de la regi\u00f3n, centr\u00e1ndose en las d\u00e9cadas que van desde el colapso de&nbsp;<a href=\"https:\/\/www.nationalgeographicla.com\/historia\/2023\/03\/4-datos-que-no-conocias-sobre-la-piramide-de-chichen-itza\">Chich\u00e9n Itz\u00e1&nbsp;<\/a>hasta el surgimiento de Mayap\u00e1n.<\/p>\n\n\n\n<p>Tambi\u00e9n realizaron sus propias prospecciones en 38 kil\u00f3metros cuadrados alrededor de Mayap\u00e1n utilizando&nbsp;<em>lidar&nbsp;<\/em>(abreviatura de \u00ablight detection and ranging\u00bb), una<strong>&nbsp;tecnolog\u00eda de teledetecci\u00f3n&nbsp;<\/strong>que puede ver a trav\u00e9s de la densa selva y revelar la ubicaci\u00f3n de antiguos pueblos y ciudades. A continuaci\u00f3n,&nbsp;<strong>exploraron el 30% de esta zona sobre el terreno en busca de cer\u00e1micas&nbsp;<\/strong>que pudieran utilizar para datar casas y aldeas, conduciendo por caminos rurales y adentr\u00e1ndose en la naturaleza salvaje guiados por los conocimientos locales de Delgado K\u00fa y otros arque\u00f3logos&nbsp;<a href=\"https:\/\/www.nationalgeographicla.com\/animales\/2023\/12\/conoce-a-tzukan-la-serpiente-mitologica-de-los-mayas\">mayas&nbsp;<\/a>de su equipo.&nbsp;<\/p>\n\n\n\n<p>\u00abFue lo m\u00e1s divertido que he hecho nunca, seguir el&nbsp;<em>lidar<\/em>\u00ab, dice Masson.<\/p>\n\n\n\n<p><em>(Ver tambi\u00e9n:&nbsp;<\/em><a href=\"https:\/\/www.nationalgeographicla.com\/historia\/2025\/01\/un-blend-de-tradicion-e-innovacion-en-la-vitivinicultura-mexicana-para-crear-vinos-de-calidad\"><em>Un \u201cblend\u201d de tradici\u00f3n e innovaci\u00f3n en la vitivinicultura mexicana para crear vinos de calidad<\/em><\/a><em>)<\/em><\/p>\n\n\n\n<p>Mientras que&nbsp;<strong>la poblaci\u00f3n de los centros urbanos de Chich\u00e9n Itz\u00e1 y Mayap\u00e1n cambi\u00f3 mucho<\/strong>&nbsp;con el tiempo,<strong>&nbsp;la poblaci\u00f3n rural<\/strong>&nbsp;que proporcionaba la gente y los recursos para alimentar estas capitales&nbsp;<strong>no se modific\u00f3 demasiado entre estas \u00e9pocas<\/strong>, descubrieron los investigadores. De hecho, hoy en d\u00eda, gran parte del \u00e1rea entre las ciudades modernas es bosque, pero en aquel entonces, la mayor\u00eda de las personas que viv\u00edan en el campo habr\u00edan podido ver las casas de sus vecinos desde su patio, algo que Masson compar\u00f3 con partes de la campi\u00f1a brit\u00e1nica actual.&nbsp;<\/p>\n\n\n\n<p>\u00abNo es denso, pero es continuo\u00bb, dice Masson de la red en ruinas de casas, pueblos y aldeas que estudiaron.<\/p>\n\n\n\n<h2 class=\"wp-block-heading\" id=\"header_1294417_2\">Las zonas rurales conservaron el conocimiento maya&nbsp;<\/h2>\n\n\n\n<p>Gran parte del conocimiento institucional de las ciudades-estado se habr\u00eda conservado tras su ca\u00edda, ya que&nbsp;<strong>los administradores se trasladaron a las zonas rurales circundantes<\/strong>. Como sugiere Masson: \u201cTodo lo que la gente dice que termin\u00f3 en el colapso maya, se ve renacer en la sociedad maya del Postcl\u00e1sico\u201d.<\/p>\n\n\n\n<p>Cuando lleg\u00f3 el momento de construir una nueva capital,&nbsp;<strong>algunas de estas personas, o sus descendientes, habr\u00edan ayudado a reconstruir una estructura institucional<\/strong>.&nbsp;<\/p>\n\n\n\n<p>\u00abEs un hallazgo realmente emocionante\u00bb, celebra Elizabeth Paris, arque\u00f3loga de la Universidad de Calgary (Canad\u00e1) que ha trabajado en Mayap\u00e1n. Aunque no particip\u00f3 en este trabajo reciente, Masson fue su supervisora de doctorado.<\/p>\n\n\n\n<p>Paris dice que este&nbsp;<strong>patr\u00f3n de poblaci\u00f3n cada vez m\u00e1s rural entre los periodos de Chich\u00e9n Itz\u00e1 y Mayap\u00e1n<\/strong>&nbsp;probablemente hab\u00eda estado ocurriendo durante mucho m\u00e1s tiempo, y probablemente tambi\u00e9n se repiti\u00f3 cuando ciudades otrora poderosas como Tikal y Calakmul cayeron en el periodo Cl\u00e1sico. \u00abEn algunos aspectos s\u00ed cambiaron, pero en otros, la forma en que siguieron haciendo las cosas es notablemente estable a lo largo de los siglos\u00bb, asegura.&nbsp;<strong>A medida que ca\u00edan los reinos, otros llenaban el vac\u00edo<\/strong>. \u00abNo se trata de una devastaci\u00f3n generalizada\u00bb.<\/p>\n\n\n\n<p>El estudio es un buen ejemplo de lo que ocurre cuando los arque\u00f3logos se fijan en el contexto m\u00e1s amplio de las ciudades y no s\u00f3lo en los monumentos m\u00e1s grandes. \u00abEl canto de sirena de la pir\u00e1mide es muy fuerte: nos encanta excavar pir\u00e1mides\u00bb, dice Paris. \u00abPero&nbsp;<strong>se aprende mucho m\u00e1s<\/strong>, incluso solo sobre las pir\u00e1mides,&nbsp;<strong>cuando se observa la regi\u00f3n en su conjunto<\/strong>\u00ab.<\/p>\n\n\n\n<h2 class=\"wp-block-heading\" id=\"header_1294417_3\">\u00bfQu\u00e9 pas\u00f3 con Mayap\u00e1n?<\/h2>\n\n\n\n<p><strong>El gobierno de coalici\u00f3n de Mayap\u00e1n no dur\u00f3 mucho<\/strong>. En alg\u00fan momento entre 1441 y 1461, un clan llamado los Xiu acab\u00f3 sublev\u00e1ndose y matando a muchos de los Cocom que controlaban la ciudad. Aunque la gente segu\u00eda viviendo en partes de la ciudad amurallada,&nbsp;<strong>la estructura de poder y el control que Mayap\u00e1n ejerc\u00eda sobre el campo circundante se rompi\u00f3<\/strong>, al igual que su predecesora Chich\u00e9n Itz\u00e1.<\/p>\n\n\n\n<p>Otras investigaciones han demostrado que&nbsp;<strong>cuando cay\u00f3 la dinast\u00eda pol\u00edtica de Mayap\u00e1n, la gente volvi\u00f3 a trasladarse al campo<\/strong>. El periodo colonial trajo cambios dr\u00e1sticos a la sociedad de Yucat\u00e1n, pero<strong>&nbsp;los descendientes<\/strong>&nbsp;de los mayas modernos<strong>&nbsp;conservan parte de la cultura y los&nbsp;<\/strong><a href=\"https:\/\/www.nationalgeographicla.com\/historia\/2023\/11\/homenaje-a-los-muertos-descubre-4-rituales-funerarios-de-civilizaciones-a-lo-largo-de-la-historia\"><strong>rituales<\/strong>&nbsp;<\/a>antiguos de la regi\u00f3n. El pueblo de&nbsp;<strong>Telchaquillo<\/strong>, situado junto a las ruinas de Mayap\u00e1n, sigue estando lleno de hablantes de maya.<\/p>\n\n\n\n<p>\u00abPudimos demostrar que&nbsp;<strong>muchos aspectos culturales no han cambiado&nbsp;<\/strong>ni siquiera hoy: siguen siendo los mismos\u00bb, sostiene Delgado. \u00ab<strong>Estoy orgulloso de ser maya<\/strong>&nbsp;y de trabajar con los vestigios de lo que hicieron nuestros antepasados\u00bb.<\/p>\n\n\n\n<p>Fuente: <a href=\"https:\/\/www.nationalgeographicla.com\/historia\/2025\/02\/por-que-la-idea-de-que-la-civilizacion-maya-se-derrumbo-es-erronea\">https:\/\/www.nationalgeographicla.com\/historia\/2025\/02\/por-que-la-idea-de-que-la-civilizacion-maya-se-derrumbo-es-erronea<\/a><\/p>\n","protected":false},"excerpt":{"rendered":"<p>Los esc\u00e1neres l\u00e1ser y otras pruebas demuestran que los mayas siguieron viviendo en zonas rurales mucho despu\u00e9s del colapso de [&hellip;]<\/p>\n","protected":false},"author":1,"featured_media":93979,"comment_status":"open","ping_status":"open","sticky":false,"template":"","format":"standard","meta":{"site-sidebar-layout":"default","site-content-layout":"","ast-site-content-layout":"default","site-content-style":"default","site-sidebar-style":"default","ast-global-header-display":"","ast-banner-title-visibility":"","ast-main-header-display":"","ast-hfb-above-header-display":"","ast-hfb-below-header-display":"","ast-hfb-mobile-header-display":"","site-post-title":"","ast-breadcrumbs-content":"","ast-featured-img":"","footer-sml-layout":"","theme-transparent-header-meta":"","adv-header-id-meta":"","stick-header-meta":"","header-above-stick-meta":"","header-main-stick-meta":"","header-below-stick-meta":"","astra-migrate-meta-layouts":"default","ast-page-background-enabled":"default","ast-page-background-meta":{"desktop":{"background-color":"var(--ast-global-color-4)","background-image":"","background-repeat":"repeat","background-position":"center center","background-size":"auto","background-attachment":"scroll","background-type":"","background-media":"","overlay-type":"","overlay-color":"","overlay-opacity":"","overlay-gradient":""},"tablet":{"background-color":"","background-image":"","background-repeat":"repeat","background-position":"center center","background-size":"auto","background-attachment":"scroll","background-type":"","background-media":"","overlay-type":"","overlay-color":"","overlay-opacity":"","overlay-gradient":""},"mobile":{"background-color":"","background-image":"","background-repeat":"repeat","background-position":"center center","background-size":"auto","background-attachment":"scroll","background-type":"","background-media":"","overlay-type":"","overlay-color":"","overlay-opacity":"","overlay-gradient":""}},"ast-content-background-meta":{"desktop":{"background-color":"var(--ast-global-color-5)","background-image":"","background-repeat":"repeat","background-position":"center center","background-size":"auto","background-attachment":"scroll","background-type":"","background-media":"","overlay-type":"","overlay-color":"","overlay-opacity":"","overlay-gradient":""},"tablet":{"background-color":"var(--ast-global-color-5)","background-image":"","background-repeat":"repeat","background-position":"center center","background-size":"auto","background-attachment":"scroll","background-type":"","background-media":"","overlay-type":"","overlay-color":"","overlay-opacity":"","overlay-gradient":""},"mobile":{"background-color":"var(--ast-global-color-5)","background-image":"","background-repeat":"repeat","background-position":"center center","background-size":"auto","background-attachment":"scroll","background-type":"","background-media":"","overlay-type":"","overlay-color":"","overlay-opacity":"","overlay-gradient":""}},"footnotes":""},"categories":[8],"tags":[9071,18920,35568,35567,35569,35570],"class_list":["post-93978","post","type-post","status-publish","format-standard","has-post-thumbnail","hentry","category-noticias","tag-chichen-itza","tag-civilizacion-maya","tag-civilizaciones-precolombinas","tag-mayapan","tag-mesoamerica","tag-templo-de-kukulkan"],"_links":{"self":[{"href":"https:\/\/losperiodistas.com.mx\/portal\/wp-json\/wp\/v2\/posts\/93978","targetHints":{"allow":["GET"]}}],"collection":[{"href":"https:\/\/losperiodistas.com.mx\/portal\/wp-json\/wp\/v2\/posts"}],"about":[{"href":"https:\/\/losperiodistas.com.mx\/portal\/wp-json\/wp\/v2\/types\/post"}],"author":[{"embeddable":true,"href":"https:\/\/losperiodistas.com.mx\/portal\/wp-json\/wp\/v2\/users\/1"}],"replies":[{"embeddable":true,"href":"https:\/\/losperiodistas.com.mx\/portal\/wp-json\/wp\/v2\/comments?post=93978"}],"version-history":[{"count":1,"href":"https:\/\/losperiodistas.com.mx\/portal\/wp-json\/wp\/v2\/posts\/93978\/revisions"}],"predecessor-version":[{"id":93988,"href":"https:\/\/losperiodistas.com.mx\/portal\/wp-json\/wp\/v2\/posts\/93978\/revisions\/93988"}],"wp:featuredmedia":[{"embeddable":true,"href":"https:\/\/losperiodistas.com.mx\/portal\/wp-json\/wp\/v2\/media\/93979"}],"wp:attachment":[{"href":"https:\/\/losperiodistas.com.mx\/portal\/wp-json\/wp\/v2\/media?parent=93978"}],"wp:term":[{"taxonomy":"category","embeddable":true,"href":"https:\/\/losperiodistas.com.mx\/portal\/wp-json\/wp\/v2\/categories?post=93978"},{"taxonomy":"post_tag","embeddable":true,"href":"https:\/\/losperiodistas.com.mx\/portal\/wp-json\/wp\/v2\/tags?post=93978"}],"curies":[{"name":"wp","href":"https:\/\/api.w.org\/{rel}","templated":true}]}}