{"id":93975,"date":"2025-02-05T10:58:53","date_gmt":"2025-02-05T16:58:53","guid":{"rendered":"https:\/\/losperiodistas.com.mx\/portal\/?p=93975"},"modified":"2025-02-05T10:58:55","modified_gmt":"2025-02-05T16:58:55","slug":"rubio-dice-que-cuba-nicaragua-y-venezuela-son-enemigos-de-la-humanidad-y-el-chavismo-lo-llama-obsesionado-patetico-ld","status":"publish","type":"post","link":"https:\/\/losperiodistas.com.mx\/portal\/rubio-dice-que-cuba-nicaragua-y-venezuela-son-enemigos-de-la-humanidad-y-el-chavismo-lo-llama-obsesionado-patetico-ld\/","title":{"rendered":"Rubio dice que Cuba, Nicaragua y Venezuela son \u00abenemigos de la humanidad\u00bb y el chavismo lo llama \u00abobsesionado pat\u00e9tico\u00bb | LD"},"content":{"rendered":"\n<h2 class=\"wp-block-heading\">El chavismo parece preocupado por la nueva administraci\u00f3n Trump y ha insultado a Marco Rubio por su posici\u00f3n contra las dictaduras de la regi\u00f3n.<\/h2>\n\n\n\n<figure class=\"wp-block-image size-large\"><img fetchpriority=\"high\" decoding=\"async\" width=\"1024\" height=\"670\" src=\"https:\/\/losperiodistas.com.mx\/portal\/wp-content\/uploads\/2025\/02\/marco-rubio-040225-1024x670.jpg\" alt=\"\" class=\"wp-image-93976\" srcset=\"https:\/\/losperiodistas.com.mx\/portal\/wp-content\/uploads\/2025\/02\/marco-rubio-040225-1024x670.jpg 1024w, https:\/\/losperiodistas.com.mx\/portal\/wp-content\/uploads\/2025\/02\/marco-rubio-040225-300x196.jpg 300w, https:\/\/losperiodistas.com.mx\/portal\/wp-content\/uploads\/2025\/02\/marco-rubio-040225-768x503.jpg 768w, https:\/\/losperiodistas.com.mx\/portal\/wp-content\/uploads\/2025\/02\/marco-rubio-040225.jpg 1500w\" sizes=\"(max-width: 1024px) 100vw, 1024px\" \/><figcaption class=\"wp-element-caption\">El secretario de Estado de EEUU, Marco Rubio. |\u00a0EFE<\/figcaption><\/figure>\n\n\n\n<p class=\"has-vivid-red-color has-text-color has-link-color has-medium-font-size wp-elements-3a3113902a7a4811863c6f9e44dc9dc3\"><strong>Mart\u00edn Higueras \/ Libertad Digital<\/strong><\/p>\n\n\n\n<p>No hay duda de que en la regi\u00f3n existe cierta preocupaci\u00f3n por las pol\u00edticas emprendidas por la nueva administraci\u00f3n de Donald Trump, especialmente en lo relacionado con las deportaciones de ciudadanos indocumentados, lo que gener\u00f3 una primera crisis diplom\u00e1tica entra Washington y el gobierno de&nbsp;<a href=\"https:\/\/www.libertaddigital.com\/personajes\/gustavo-petro\/\"><strong>Gustavo Petro<\/strong><\/a>&nbsp;quien respondi\u00f3 con virulencia en un primero momento para luego ir bajando su intensidad.<\/p>\n\n\n\n<p>Adem\u00e1s de eso, Washington tambi\u00e9n tuvo un acercamiento con la dictadura chavista con la visita del enviado especial de Trump,&nbsp;<strong>Richard Grenell<\/strong>, quien inform\u00f3 sobre las excarcelaciones tras su visita a Caracas, donde se reuni\u00f3 con&nbsp;<a href=\"http:\/\/www.libertaddigital.com\/personajes\/nicolas-maduro\/\"><strong>Nicol\u00e1s Maduro<\/strong><\/a>.<\/p>\n\n\n\n<p>Pese a eso, este martes el ministro de Exteriores de la dictadura,&nbsp;<strong>Yv\u00e1n Gil<\/strong>, se refiri\u00f3 a trav\u00e9s de Telegram al secretario de Estado de EEUU,&nbsp;<a href=\"http:\/\/www.libertaddigital.com\/personajes\/marco-rubio\/\"><strong>Marco Rubio<\/strong><\/a>. Lo calific\u00f3 de \u00abobsesionado pat\u00e9tico\u00bb luego de que este calificara a Cuba, Nicaragua y Venezuela de \u00abenemigos de la humanidad\u00bb. Gil dijo que \u00abparece que no puede dormir sin pensar en Cuba, Nicaragua y Venezuela. \u00bfSer\u00e1 porque, a pesar del odio que destila y sus deseos de hacer da\u00f1o con bloqueos, sanciones y agresiones, estos pueblos lo han derrotado una y otra vez con dignidad y firmeza?\u00bb<\/p>\n\n\n\n<figure class=\"wp-block-embed is-type-rich is-provider-twitter wp-block-embed-twitter\"><div class=\"wp-block-embed__wrapper\">\n<blockquote class=\"twitter-tweet\" data-width=\"500\" data-dnt=\"true\"><p lang=\"es\" dir=\"ltr\">V\u00eda Telegram, el Canciller Yv\u00e1n Gil expres\u00f3 que el actual Secretario de Estado del gobierno estadounidense, parece estar obaesionado con Cuba, Nicaragua y Venezuela, porque su rencor lo lleva a no poder soportar ver c\u00f3mo naciones soberanas le plantan cara y le rompen el libreto. <a href=\"https:\/\/t.co\/falBhAVnJY\">pic.twitter.com\/falBhAVnJY<\/a><\/p>&mdash; Embajada de Venezuela en Cuba (@EmbaVECuba) <a href=\"https:\/\/twitter.com\/EmbaVECuba\/status\/1886931558377967855?ref_src=twsrc%5Etfw\">February 5, 2025<\/a><\/blockquote><script async src=\"https:\/\/platform.twitter.com\/widgets.js\" charset=\"utf-8\"><\/script>\n<\/div><\/figure>\n\n\n\n<p>El encargado de la diplomacia de la dictadura chavista agreg\u00f3 que \u00ablos \u00fanicos enemigos de la humanidad son aquellos que, con su maquinaria de guerra y abuso, llevan d\u00e9cadas sembrando caos y miseria en medio mundo\u00bb. Para Gil, Rubio \u00abno soporta ver c\u00f3mo naciones soberanas le plantan cara y le rompen el libreto\u00bb.<\/p>\n\n\n\n<p>Pocas ahora antes, Rubio se hab\u00eda referido a Nicaragua, Venezuela y Cuba y destacado que \u00abesos tres reg\u00edmenes que existen (\u2026) son enemigos de la humanidad y han creado una crisis migratoria, si no fuera por esos tres reg\u00edmenes no hubiera una crisis migratoria en el hemisferio\u00bb.<\/p>\n\n\n\n<figure class=\"wp-block-embed is-type-rich is-provider-twitter wp-block-embed-twitter\"><div class=\"wp-block-embed__wrapper\">\n<blockquote class=\"twitter-tweet\" data-width=\"500\" data-dnt=\"true\"><p lang=\"es\" dir=\"ltr\">Marco Rubio califica a Venezuela, Nicaragua y Cuba como \u2018enemigos de la humanidad\u2019 <a href=\"https:\/\/t.co\/0zozOx6CYm\">https:\/\/t.co\/0zozOx6CYm<\/a> <a href=\"https:\/\/t.co\/RmNY8YLWRl\">pic.twitter.com\/RmNY8YLWRl<\/a><\/p>&mdash; La Naci\u00f3n (@nacion) <a href=\"https:\/\/twitter.com\/nacion\/status\/1886890711775158291?ref_src=twsrc%5Etfw\">February 4, 2025<\/a><\/blockquote><script async src=\"https:\/\/platform.twitter.com\/widgets.js\" charset=\"utf-8\"><\/script>\n<\/div><\/figure>\n\n\n\n<p>Sobre Nicaragua dijo que \u00abse ha convertido en una dinast\u00eda de familia con una copresidencia donde b\u00e1sicamente han tratado de eliminar, por ejemplo, la iglesia cat\u00f3lica y todo lo religioso y todo lo que pueda amenazar el poder a ese r\u00e9gimen\u00bb.<\/p>\n\n\n\n<p>Fuente: <a href=\"https:\/\/www.libertaddigital.com\/internacional\/latinoamerica\/2025-02-05\/rubio-dice-que-cuba-nicaragua-y-venezuela-son-enemigos-de-la-humanidad-y-el-chavismo-lo-llama-obsesionado-patetico-7215771\/\">https:\/\/www.libertaddigital.com\/internacional\/latinoamerica\/2025-02-05\/rubio-dice-que-cuba-nicaragua-y-venezuela-son-enemigos-de-la-humanidad-y-el-chavismo-lo-llama-obsesionado-patetico-7215771\/<\/a><\/p>\n\n\n\n<p><\/p>\n","protected":false},"excerpt":{"rendered":"<p>El chavismo parece preocupado por la nueva administraci\u00f3n Trump y ha insultado a Marco Rubio por su posici\u00f3n contra las [&hellip;]<\/p>\n","protected":false},"author":1,"featured_media":93976,"comment_status":"open","ping_status":"open","sticky":false,"template":"","format":"standard","meta":{"site-sidebar-layout":"default","site-content-layout":"","ast-site-content-layout":"default","site-content-style":"default","site-sidebar-style":"default","ast-global-header-display":"","ast-banner-title-visibility":"","ast-main-header-display":"","ast-hfb-above-header-display":"","ast-hfb-below-header-display":"","ast-hfb-mobile-header-display":"","site-post-title":"","ast-breadcrumbs-content":"","ast-featured-img":"","footer-sml-layout":"","theme-transparent-header-meta":"","adv-header-id-meta":"","stick-header-meta":"","header-above-stick-meta":"","header-main-stick-meta":"","header-below-stick-meta":"","astra-migrate-meta-layouts":"default","ast-page-background-enabled":"default","ast-page-background-meta":{"desktop":{"background-color":"var(--ast-global-color-4)","background-image":"","background-repeat":"repeat","background-position":"center center","background-size":"auto","background-attachment":"scroll","background-type":"","background-media":"","overlay-type":"","overlay-color":"","overlay-opacity":"","overlay-gradient":""},"tablet":{"background-color":"","background-image":"","background-repeat":"repeat","background-position":"center center","background-size":"auto","background-attachment":"scroll","background-type":"","background-media":"","overlay-type":"","overlay-color":"","overlay-opacity":"","overlay-gradient":""},"mobile":{"background-color":"","background-image":"","background-repeat":"repeat","background-position":"center center","background-size":"auto","background-attachment":"scroll","background-type":"","background-media":"","overlay-type":"","overlay-color":"","overlay-opacity":"","overlay-gradient":""}},"ast-content-background-meta":{"desktop":{"background-color":"var(--ast-global-color-5)","background-image":"","background-repeat":"repeat","background-position":"center center","background-size":"auto","background-attachment":"scroll","background-type":"","background-media":"","overlay-type":"","overlay-color":"","overlay-opacity":"","overlay-gradient":""},"tablet":{"background-color":"var(--ast-global-color-5)","background-image":"","background-repeat":"repeat","background-position":"center center","background-size":"auto","background-attachment":"scroll","background-type":"","background-media":"","overlay-type":"","overlay-color":"","overlay-opacity":"","overlay-gradient":""},"mobile":{"background-color":"var(--ast-global-color-5)","background-image":"","background-repeat":"repeat","background-position":"center center","background-size":"auto","background-attachment":"scroll","background-type":"","background-media":"","overlay-type":"","overlay-color":"","overlay-opacity":"","overlay-gradient":""}},"footnotes":""},"categories":[8],"tags":[2844,35565,32698,2128,10989,2935],"class_list":["post-93975","post","type-post","status-publish","format-standard","has-post-thumbnail","hentry","category-noticias","tag-cuba","tag-enemigos-de-la-humanidad","tag-marco-rubio","tag-nicaragua","tag-trump","tag-venezuela"],"_links":{"self":[{"href":"https:\/\/losperiodistas.com.mx\/portal\/wp-json\/wp\/v2\/posts\/93975","targetHints":{"allow":["GET"]}}],"collection":[{"href":"https:\/\/losperiodistas.com.mx\/portal\/wp-json\/wp\/v2\/posts"}],"about":[{"href":"https:\/\/losperiodistas.com.mx\/portal\/wp-json\/wp\/v2\/types\/post"}],"author":[{"embeddable":true,"href":"https:\/\/losperiodistas.com.mx\/portal\/wp-json\/wp\/v2\/users\/1"}],"replies":[{"embeddable":true,"href":"https:\/\/losperiodistas.com.mx\/portal\/wp-json\/wp\/v2\/comments?post=93975"}],"version-history":[{"count":1,"href":"https:\/\/losperiodistas.com.mx\/portal\/wp-json\/wp\/v2\/posts\/93975\/revisions"}],"predecessor-version":[{"id":93977,"href":"https:\/\/losperiodistas.com.mx\/portal\/wp-json\/wp\/v2\/posts\/93975\/revisions\/93977"}],"wp:featuredmedia":[{"embeddable":true,"href":"https:\/\/losperiodistas.com.mx\/portal\/wp-json\/wp\/v2\/media\/93976"}],"wp:attachment":[{"href":"https:\/\/losperiodistas.com.mx\/portal\/wp-json\/wp\/v2\/media?parent=93975"}],"wp:term":[{"taxonomy":"category","embeddable":true,"href":"https:\/\/losperiodistas.com.mx\/portal\/wp-json\/wp\/v2\/categories?post=93975"},{"taxonomy":"post_tag","embeddable":true,"href":"https:\/\/losperiodistas.com.mx\/portal\/wp-json\/wp\/v2\/tags?post=93975"}],"curies":[{"name":"wp","href":"https:\/\/api.w.org\/{rel}","templated":true}]}}