{"id":93966,"date":"2025-02-05T07:37:42","date_gmt":"2025-02-05T13:37:42","guid":{"rendered":"https:\/\/losperiodistas.com.mx\/portal\/?p=93966"},"modified":"2025-02-05T07:37:44","modified_gmt":"2025-02-05T13:37:44","slug":"hito-telemadrid-retransmite-san-isidro-al-completo-por-primera-vez-en-la-historia-la-razon","status":"publish","type":"post","link":"https:\/\/losperiodistas.com.mx\/portal\/hito-telemadrid-retransmite-san-isidro-al-completo-por-primera-vez-en-la-historia-la-razon\/","title":{"rendered":"Hito: Telemadrid retransmite San Isidro al completo por primera vez en la historia | La Raz\u00f3n"},"content":{"rendered":"\n<p class=\"has-medium-font-size\">Tras el fracaso de OneToro la auton\u00f3mica salva las emisiones de la feria m\u00e1s importante&nbsp;<\/p>\n\n\n\n<figure class=\"wp-block-image size-large\"><img fetchpriority=\"high\" decoding=\"async\" width=\"1024\" height=\"576\" src=\"https:\/\/losperiodistas.com.mx\/portal\/wp-content\/uploads\/2025\/02\/67a3564567a5b-1024x576.jpeg\" alt=\"\" class=\"wp-image-93967\" srcset=\"https:\/\/losperiodistas.com.mx\/portal\/wp-content\/uploads\/2025\/02\/67a3564567a5b-1024x576.jpeg 1024w, https:\/\/losperiodistas.com.mx\/portal\/wp-content\/uploads\/2025\/02\/67a3564567a5b-300x169.jpeg 300w, https:\/\/losperiodistas.com.mx\/portal\/wp-content\/uploads\/2025\/02\/67a3564567a5b-768x432.jpeg 768w, https:\/\/losperiodistas.com.mx\/portal\/wp-content\/uploads\/2025\/02\/67a3564567a5b-1536x864.jpeg 1536w, https:\/\/losperiodistas.com.mx\/portal\/wp-content\/uploads\/2025\/02\/67a3564567a5b.jpeg 1900w\" sizes=\"(max-width: 1024px) 100vw, 1024px\" \/><figcaption class=\"wp-element-caption\">Telemadrid dar\u00e1 San Isidro al completo<\/figcaption><\/figure>\n\n\n\n<p class=\"has-vivid-red-color has-text-color has-link-color has-medium-font-size wp-elements-3f69db7ba6fffb61128bca84204d62eb\"><strong>Patricia Navarro \/ La Raz\u00f3n<\/strong><\/p>\n\n\n\n<p><a href=\"https:\/\/www.larazon.es\/tags\/san-isidro\/\">Ayer se aprobaron los carteles de la feria de San Isidro por la Comunidad de Madrid.<\/a>&nbsp;La primera feria que no va a ser retransmitida por plataforma digital desde 1992, fecha en la que el Plus dio la feria al completo. Hace justo dos a\u00f1os que, aprovechando la gala de presentaci\u00f3n, Rafa Garrido, empresario de Plaza 1, gestora de la monumental de Las Ventas, anunci\u00f3 que la nueva plataforma OneToro ser\u00eda la apuesta que se quedaba con los derechos de los toros de toda la temporada de Madrid. Dos a\u00f1os despu\u00e9s la Tauromaquia no tiene televisi\u00f3n que le ladre. Este mi\u00e9rcoles Telemadrid se ha desmarcado al anunciar que por primera vez en su historia, y dado los buenos n\u00fameros cosechados con anterioridad, retransmitir\u00e1 la Feria de San Isidro 2025 al completo.<\/p>\n\n\n\n<p>Hoy hemos podido confirmar, pero no sab\u00edamos con exactitud el n\u00famero de festejos y Telemadrid se ha desmarcado al anunciar que por primera vez en su historia, y dado los buenos n\u00fameros cosechados con anterioridad, retransmitir\u00e1 la Feria de San Isidro 2025 al completo.&nbsp;<\/p>\n\n\n\n<p><strong>Desde el 9 de mayo hasta el 15 de junio, la cadena retransmitir\u00e1 en abierto las 28 corridas de toros de la feria, m\u00e1s la tradicional Goyesca del 2 de Mayo.<\/strong>&nbsp;En total, 29 festejos que consolidan su posici\u00f3n como el canal de referencia para los aficionados al mundo del toro.<\/p>\n\n\n\n<p>Cada tarde, a partir de las 19:00h, el equipo de programas taurinos,&nbsp;<strong>con Sixto Naranjo al frente, acompa\u00f1ado por el torero Luis Miguel Encabo y los periodistas taurinos Federico Arn\u00e1s y David Jaramillo<\/strong>&nbsp;\u2014este \u00faltimo desde el callej\u00f3n\u2014 ofrecer\u00e1n una cobertura completa de la Feria.<\/p>\n\n\n\n<p>La apuesta de Radio Televisi\u00f3n Madrid incluir\u00e1 tambi\u00e9n entrevistas con los protagonistas del serial en los espacios informativos de la cadena. Un despliegue sin precedentes que tambi\u00e9n ofrecer\u00e1 la posibilidad de seguir la Feria a trav\u00e9s de www.telemadrid.es.&nbsp;<\/p>\n\n\n\n<p>En la web de Telemadrid<strong>&nbsp;los usuarios encontrar\u00e1n las retransmisiones en directo, contenido exclusivo,<\/strong>&nbsp;reportajes especiales y galer\u00edas de im\u00e1genes con los detalles del evento. Adem\u00e1s, se ofrecer\u00e1n actualizaciones constantes que permitir\u00e1n a los espectadores vivir la experiencia de la feria desde cualquier lugar.<\/p>\n\n\n\n<p>Asimismo, Onda Madrid contar\u00e1 con \u2018Las Tertulias del Toril\u2019, el espacio de tertulia conducido por Julio Mart\u00ednez Romero y su equipo, que cada d\u00eda, de lunes a viernes (13:00-14:00h), trasladar\u00e1 la emoci\u00f3n de Las Ventas a los espectadores con entrevistas a toreros, ganaderos y expertos del sector. Y para quienes deseen revivir lo sucedido en la jornada anterior, Javier Fern\u00e1ndez-Mardomingo ofrecer\u00e1 en \u2018Buenos d\u00edas, Madrid\u2019 (07:00-10:00h) la cr\u00f3nica m\u00e1s detallada de cada festejo y entrevistas a las figuras m\u00e1s destacadas.<\/p>\n\n\n\n<p>De esta manera, la cadena auton\u00f3mica madrile\u00f1a suma en esta resta televisiva.&nbsp;<\/p>\n\n\n\n<p>Fuente: <a href=\"https:\/\/www.larazon.es\/cultura\/toros\/hito-telemadrid-retransmite-san-isidro-completo-primera-vez-historia\/20250205\/1168313.html\">https:\/\/www.larazon.es\/cultura\/toros\/hito-telemadrid-retransmite-san-isidro-completo-primera-vez-historia\/20250205\/1168313.html<\/a><\/p>\n\n\n\n<p><\/p>\n","protected":false},"excerpt":{"rendered":"<p>Tras el fracaso de OneToro la auton\u00f3mica salva las emisiones de la feria m\u00e1s importante&nbsp; Patricia Navarro \/ La Raz\u00f3n [&hellip;]<\/p>\n","protected":false},"author":1,"featured_media":93967,"comment_status":"open","ping_status":"open","sticky":false,"template":"","format":"standard","meta":{"site-sidebar-layout":"default","site-content-layout":"","ast-site-content-layout":"default","site-content-style":"default","site-sidebar-style":"default","ast-global-header-display":"","ast-banner-title-visibility":"","ast-main-header-display":"","ast-hfb-above-header-display":"","ast-hfb-below-header-display":"","ast-hfb-mobile-header-display":"","site-post-title":"","ast-breadcrumbs-content":"","ast-featured-img":"","footer-sml-layout":"","theme-transparent-header-meta":"","adv-header-id-meta":"","stick-header-meta":"","header-above-stick-meta":"","header-main-stick-meta":"","header-below-stick-meta":"","astra-migrate-meta-layouts":"default","ast-page-background-enabled":"default","ast-page-background-meta":{"desktop":{"background-color":"var(--ast-global-color-4)","background-image":"","background-repeat":"repeat","background-position":"center center","background-size":"auto","background-attachment":"scroll","background-type":"","background-media":"","overlay-type":"","overlay-color":"","overlay-opacity":"","overlay-gradient":""},"tablet":{"background-color":"","background-image":"","background-repeat":"repeat","background-position":"center center","background-size":"auto","background-attachment":"scroll","background-type":"","background-media":"","overlay-type":"","overlay-color":"","overlay-opacity":"","overlay-gradient":""},"mobile":{"background-color":"","background-image":"","background-repeat":"repeat","background-position":"center center","background-size":"auto","background-attachment":"scroll","background-type":"","background-media":"","overlay-type":"","overlay-color":"","overlay-opacity":"","overlay-gradient":""}},"ast-content-background-meta":{"desktop":{"background-color":"var(--ast-global-color-5)","background-image":"","background-repeat":"repeat","background-position":"center center","background-size":"auto","background-attachment":"scroll","background-type":"","background-media":"","overlay-type":"","overlay-color":"","overlay-opacity":"","overlay-gradient":""},"tablet":{"background-color":"var(--ast-global-color-5)","background-image":"","background-repeat":"repeat","background-position":"center center","background-size":"auto","background-attachment":"scroll","background-type":"","background-media":"","overlay-type":"","overlay-color":"","overlay-opacity":"","overlay-gradient":""},"mobile":{"background-color":"var(--ast-global-color-5)","background-image":"","background-repeat":"repeat","background-position":"center center","background-size":"auto","background-attachment":"scroll","background-type":"","background-media":"","overlay-type":"","overlay-color":"","overlay-opacity":"","overlay-gradient":""}},"footnotes":""},"categories":[8],"tags":[35561,35563,35564,2745,35562],"class_list":["post-93966","post","type-post","status-publish","format-standard","has-post-thumbnail","hentry","category-noticias","tag-feria-de-san-isidro","tag-onetoro","tag-san-isidro-2025-en-directo","tag-tauromaquia","tag-telemadrid"],"_links":{"self":[{"href":"https:\/\/losperiodistas.com.mx\/portal\/wp-json\/wp\/v2\/posts\/93966","targetHints":{"allow":["GET"]}}],"collection":[{"href":"https:\/\/losperiodistas.com.mx\/portal\/wp-json\/wp\/v2\/posts"}],"about":[{"href":"https:\/\/losperiodistas.com.mx\/portal\/wp-json\/wp\/v2\/types\/post"}],"author":[{"embeddable":true,"href":"https:\/\/losperiodistas.com.mx\/portal\/wp-json\/wp\/v2\/users\/1"}],"replies":[{"embeddable":true,"href":"https:\/\/losperiodistas.com.mx\/portal\/wp-json\/wp\/v2\/comments?post=93966"}],"version-history":[{"count":1,"href":"https:\/\/losperiodistas.com.mx\/portal\/wp-json\/wp\/v2\/posts\/93966\/revisions"}],"predecessor-version":[{"id":93968,"href":"https:\/\/losperiodistas.com.mx\/portal\/wp-json\/wp\/v2\/posts\/93966\/revisions\/93968"}],"wp:featuredmedia":[{"embeddable":true,"href":"https:\/\/losperiodistas.com.mx\/portal\/wp-json\/wp\/v2\/media\/93967"}],"wp:attachment":[{"href":"https:\/\/losperiodistas.com.mx\/portal\/wp-json\/wp\/v2\/media?parent=93966"}],"wp:term":[{"taxonomy":"category","embeddable":true,"href":"https:\/\/losperiodistas.com.mx\/portal\/wp-json\/wp\/v2\/categories?post=93966"},{"taxonomy":"post_tag","embeddable":true,"href":"https:\/\/losperiodistas.com.mx\/portal\/wp-json\/wp\/v2\/tags?post=93966"}],"curies":[{"name":"wp","href":"https:\/\/api.w.org\/{rel}","templated":true}]}}