{"id":93963,"date":"2025-02-05T07:25:59","date_gmt":"2025-02-05T13:25:59","guid":{"rendered":"https:\/\/losperiodistas.com.mx\/portal\/?p=93963"},"modified":"2025-02-05T07:26:03","modified_gmt":"2025-02-05T13:26:03","slug":"la-geopolitica-de-tiktok-ethic","status":"publish","type":"post","link":"https:\/\/losperiodistas.com.mx\/portal\/la-geopolitica-de-tiktok-ethic\/","title":{"rendered":"La geopol\u00edtica de TikTok | ethic"},"content":{"rendered":"\n<h3 class=\"wp-block-heading\">El apag\u00f3n de TikTok durante un fin de semana en Estados Unidos es el \u00faltimo gran titular de un tira y afloja que dura a\u00f1os. Las grandes potencias han comprendido que importa, y mucho, qui\u00e9n controla las redes sociales.<\/h3>\n\n\n\n<figure class=\"wp-block-image size-large\"><img fetchpriority=\"high\" decoding=\"async\" width=\"1024\" height=\"614\" src=\"https:\/\/losperiodistas.com.mx\/portal\/wp-content\/uploads\/2025\/02\/tiktok-1024x614.webp\" alt=\"\" class=\"wp-image-93964\" srcset=\"https:\/\/losperiodistas.com.mx\/portal\/wp-content\/uploads\/2025\/02\/tiktok-1024x614.webp 1024w, https:\/\/losperiodistas.com.mx\/portal\/wp-content\/uploads\/2025\/02\/tiktok-300x180.webp 300w, https:\/\/losperiodistas.com.mx\/portal\/wp-content\/uploads\/2025\/02\/tiktok-768x461.webp 768w, https:\/\/losperiodistas.com.mx\/portal\/wp-content\/uploads\/2025\/02\/tiktok.webp 1500w\" sizes=\"(max-width: 1024px) 100vw, 1024px\" \/><\/figure>\n\n\n\n<p class=\"has-vivid-red-color has-text-color has-link-color has-medium-font-size wp-elements-b9cedd041dffde8eb20e5c3c20b8f594\"><strong>Raquel C. Pico \/ ethic<\/strong><\/p>\n\n\n\n<p>Una de esas fotos buscadas de los invitados a la investidura de&nbsp;<a href=\"https:\/\/ethic.es\/trump-2025-un-negociador-agresivo-para-los-retos-geopoliticos-y-economicos-de-su-vuelta-al-poder\/\">Donald Trump<\/a>&nbsp;como presidente de Estados Unidos era la que capturase a los m\u00e1ximos responsables de las principales tecnol\u00f3gicas. Se buscaba la de los consejeros delegados de las compa\u00f1\u00edas estadounidenses, los que empiezan a ser llamados la broligarqu\u00eda, pero tambi\u00e9n la del CEO de TikTok, Shou Zi Chew, la compa\u00f1\u00eda de&nbsp;<em>social media<\/em>&nbsp;en el epicentro de la batalla por el control de la geopol\u00edtica de las redes sociales.<\/p>\n\n\n\n<p>El lunes 20 de enero de 2025, el d\u00eda que Trump juraba el cargo,&nbsp;<a href=\"https:\/\/ethic.es\/tiktok-se-come-nuestro-tiempo-por-que\/\">TikTok<\/a>&nbsp;se encontraba en la jornada de resaca tras un fin de semana de infarto, en el que desapareci\u00f3 y volvi\u00f3 a Estados Unidos. La secci\u00f3n de&nbsp;<em>reels<\/em>&nbsp;de Instagram \u2013la que parec\u00eda el refugio esperado para los usuarios que se quedaron sin TikTok, aunque no lo fue\u2013 estaba llena de v\u00eddeos humor\u00edsticos de usuarios que se desped\u00edan de su \u00abesp\u00eda chino\u00bb o que se\u00f1alaban c\u00f3mo los estadounidenses estaban migrando a una red social china, RedNote.&nbsp; RedNote es el Instagram chino, una red social pensada para los internautas de ese pa\u00eds, como&nbsp;<a target=\"_blank\" href=\"https:\/\/www.instagram.com\/reel\/DFHwZpROUoM\/?utm_source=ig_web_copy_link&amp;igsh=MzRlODBiNWFlZA==\" rel=\"noreferrer noopener\">explica<\/a>&nbsp;la&nbsp;<em>instagramer<\/em>&nbsp;Mad4Yu. De hecho, los t\u00e9rminos de uso que los \u00abrefugiados de TikTok\u00bb estaban aceptando solo se pueden leer en mandar\u00edn. Y, aun as\u00ed, era ah\u00ed a donde estaban fluyendo los estadounidenses que se quedaban sin TikTok.<\/p>\n\n\n\n<p>En una semana en la que los titulares que llegaban de Estados Unidos se suced\u00edan a velocidades endiabladas, la ca\u00edda y resurrecci\u00f3n de TikTok se qued\u00f3 como una noticia casi ef\u00edmera y ya medio resuelta. En realidad, es un&nbsp;<strong>tema candente<\/strong>&nbsp;que lleva dando vueltas desde hace a\u00f1os y que est\u00e1 lejos de ser solventado.<\/p>\n\n\n\n<p>Aunque la ley que ahora amenaza la pervivencia de TikTok en Estados Unidos se aprob\u00f3 durante el mandato de Joe Biden, los problemas de la red social arrancan en realidad en el primer mandato de Donald Trump, que ya intent\u00f3 en el verano de 2020 forzar a ByteDance (la matriz china) a venderla. Entonces, Trump firm\u00f3 una orden ejecutiva, acusando a la red social de ser un problema de seguridad nacional. En esa idea est\u00e1 la base de las tensiones: la administraci\u00f3n estadounidense acusa a esta red social de ser un potencial agujero por el que&nbsp;<strong>el gobierno chino podr\u00eda acceder a informaci\u00f3n sensible<\/strong>&nbsp;sobre su ciudadan\u00eda.<\/p>\n\n\n\n<blockquote class=\"wp-block-quote is-layout-flow wp-block-quote-is-layout-flow\">\n<p class=\"has-medium-font-size\">Ya en su primer mandato, Trump acus\u00f3 a TikTok de ser un problema de seguridad nacional<\/p>\n<\/blockquote>\n\n\n\n<p>Desde ese primer movimiento se han sucedido la aprobaci\u00f3n de la norma que bloquea a TikTok en EEUU (aprobada con el apoyo tanto de dem\u00f3cratas como republicanos), una denuncia de TikTok que consideraba que esa ley era anticonstitucional, una batalla legal y, finalmente, el apag\u00f3n de un fin de semana cuando la norma entr\u00f3 en vigor. TikTok desapareci\u00f3 entre el 18 y el 19 de enero de las tiendas de&nbsp;<em>apps<\/em>&nbsp;para los usuarios que acced\u00edan desde EEUU y dej\u00f3 de ofrecer servicio a los internautas estadounidenses que ya ten\u00edan la aplicaci\u00f3n en sus m\u00f3viles. Sin embargo, el domingo volvi\u00f3 a operar en el pa\u00eds tras firmar Donald Trump una orden ejecutiva que daba una pr\u00f3rroga de 75 d\u00edas a la red social.<\/p>\n\n\n\n<p>En resumidas cuentas,&nbsp;<strong>el apag\u00f3n dur\u00f3 unas 13 horas<\/strong>. Pero que el fundido a negro no llegase ni a las 24 horas no implica el final de la historia. En realidad, los problemas de TikTok en el mercado estadounidense est\u00e1n lejos de haberse terminado. Tiene 75 d\u00edas de gracia, pero necesita maniobrar antes de que se alcance esa fecha l\u00edmite. Trump sigue hablando de la venta o una&nbsp;<em>joint venture<\/em>&nbsp;con un socio estadounidense. En los medios estadounidenses, ya se menciona a los posibles compradores, incluidos la propia administraci\u00f3n estadounidense o Elon Musk, tan cercano al reci\u00e9n investido presidente.<\/p>\n\n\n\n<p>Pero TikTok no es en realidad m\u00e1s que una pieza en un tablero de juego mucho m\u00e1s complejo, en el que entran en juego la geopol\u00edtica, la lucha por la influencia o los intereses econ\u00f3micos (al final, a quien ha desplazado la red social china es a las hasta ahora dominantes redes sociales estadounidenses). As\u00ed, y por un lado, es una m\u00e1s de las fichas en la batalla por el poder entre Estados Unidos y China, en la que tambi\u00e9n entran&nbsp;<a href=\"https:\/\/ethic.es\/entrevistas\/entrevista-chris-miller\/\">los chips<\/a>&nbsp;o los coches el\u00e9ctricos. Como le&nbsp;<a target=\"_blank\" href=\"https:\/\/edition.cnn.com\/2025\/01\/22\/media\/tiktok-ban-sale-trump-china-analysis\/index.html\" rel=\"noreferrer noopener\">dice<\/a>&nbsp;a la CNN el director de Wedbush Securities, Dan Ives, \u00abTikTok es una moneda de cambio en una partida de p\u00f3ker de altas apuestas entre China y Estados Unidos\u00bb.<\/p>\n\n\n\n<blockquote class=\"wp-block-quote is-layout-flow wp-block-quote-is-layout-flow\">\n<p class=\"has-medium-font-size\">El director de Wedbush Securities define TikTok como \u00abuna moneda de cambio entre China y Estados Unidos\u00bb<\/p>\n<\/blockquote>\n\n\n\n<p>Por otro, est\u00e1 la cuesti\u00f3n de los efectos de los social media y su influencia. Al fin y al cabo, las redes sociales impactan en&nbsp;<a href=\"https:\/\/ethic.es\/2023\/05\/asi-surgieron-las-redes-sociales-que-dominan-el-mundo\/\">c\u00f3mo vemos el mundo<\/a>, definen conversaciones o influencian (como ya se ha demostrado en m\u00faltiples ocasiones) toda clase de decisiones, desde a d\u00f3nde vas de vacaciones hasta a qui\u00e9n votas en las elecciones. Tener el control del algoritmo que ordena esos mensajes no es una cuesti\u00f3n balad\u00ed. As\u00ed que incluso cabr\u00eda preguntarse: \u00bfes la batalla por TikTok&nbsp;<em>solo<\/em>&nbsp;una cuesti\u00f3n de seguridad, o acaso es que est\u00e1 comiendo terreno a las redes sociales estadounidenses?<\/p>\n\n\n\n<p>Esto lleva, igualmente, a que la cuesti\u00f3n de la geopol\u00edtica de las redes sociales sea mucho m\u00e1s compleja que simplemente el tira y afloja entre Estados Unidos y TikTok. La compra de Twitter \u2013ahora X\u2013 por parte de Elon Musk ha sido otra muestra de esto. Tambi\u00e9n lo son las crecientes presiones de la Uni\u00f3n Europea&nbsp;<strong>para lograr m\u00e1s transparencia<\/strong>&nbsp;en c\u00f3mo funcionan los&nbsp;<em>feeds<\/em>&nbsp;de los social media y m\u00e1s control sobre las consecuencias de permitir que circulen por los&nbsp;<em>fake news<\/em>&nbsp;y desinformaci\u00f3n. El viraje de los responsables de las redes sociales a posiciones m\u00e1s extremas despierta todav\u00eda m\u00e1s dudas desde Europa. Mark Zuckerberg acaba de hacerse viral por unas declaraciones sobre la remasculinizaci\u00f3n y Meta ha cancelado su servicio de&nbsp;<em>fact checking<\/em>&nbsp;en EEUU, en lo que los analistas han visto como un gui\u00f1o a la administraci\u00f3n Trump, por ejemplo.<\/p>\n\n\n\n<p>El presidente espa\u00f1ol, Pedro S\u00e1nchez, habl\u00f3 del tema en su intervenci\u00f3n en Davos, reconociendo que las redes han tra\u00eddo cosas positivas, pero puntualizando que han concentrado poder y riqueza en manos de unos pocos \u00aba costa de nuestra cohesi\u00f3n social, nuestra salud mental y nuestras democracias\u00bb. \u00abLas grandes redes sociales de comunicaci\u00f3n est\u00e1n da\u00f1ando el orden liberal y el sistema democr\u00e1tico\u00bb, dijo.<\/p>\n\n\n\n<p>Fuente: <a href=\"https:\/\/ethic.es\/la-geopolitica-de-tiktok\">https:\/\/ethic.es\/la-geopolitica-de-tiktok<\/a><\/p>\n\n\n\n<p><\/p>\n","protected":false},"excerpt":{"rendered":"<p>El apag\u00f3n de TikTok durante un fin de semana en Estados Unidos es el \u00faltimo gran titular de un tira [&hellip;]<\/p>\n","protected":false},"author":1,"featured_media":93964,"comment_status":"open","ping_status":"open","sticky":false,"template":"","format":"standard","meta":{"site-sidebar-layout":"default","site-content-layout":"","ast-site-content-layout":"default","site-content-style":"default","site-sidebar-style":"default","ast-global-header-display":"","ast-banner-title-visibility":"","ast-main-header-display":"","ast-hfb-above-header-display":"","ast-hfb-below-header-display":"","ast-hfb-mobile-header-display":"","site-post-title":"","ast-breadcrumbs-content":"","ast-featured-img":"","footer-sml-layout":"","theme-transparent-header-meta":"","adv-header-id-meta":"","stick-header-meta":"","header-above-stick-meta":"","header-main-stick-meta":"","header-below-stick-meta":"","astra-migrate-meta-layouts":"default","ast-page-background-enabled":"default","ast-page-background-meta":{"desktop":{"background-color":"var(--ast-global-color-4)","background-image":"","background-repeat":"repeat","background-position":"center center","background-size":"auto","background-attachment":"scroll","background-type":"","background-media":"","overlay-type":"","overlay-color":"","overlay-opacity":"","overlay-gradient":""},"tablet":{"background-color":"","background-image":"","background-repeat":"repeat","background-position":"center center","background-size":"auto","background-attachment":"scroll","background-type":"","background-media":"","overlay-type":"","overlay-color":"","overlay-opacity":"","overlay-gradient":""},"mobile":{"background-color":"","background-image":"","background-repeat":"repeat","background-position":"center center","background-size":"auto","background-attachment":"scroll","background-type":"","background-media":"","overlay-type":"","overlay-color":"","overlay-opacity":"","overlay-gradient":""}},"ast-content-background-meta":{"desktop":{"background-color":"var(--ast-global-color-5)","background-image":"","background-repeat":"repeat","background-position":"center center","background-size":"auto","background-attachment":"scroll","background-type":"","background-media":"","overlay-type":"","overlay-color":"","overlay-opacity":"","overlay-gradient":""},"tablet":{"background-color":"var(--ast-global-color-5)","background-image":"","background-repeat":"repeat","background-position":"center center","background-size":"auto","background-attachment":"scroll","background-type":"","background-media":"","overlay-type":"","overlay-color":"","overlay-opacity":"","overlay-gradient":""},"mobile":{"background-color":"var(--ast-global-color-5)","background-image":"","background-repeat":"repeat","background-position":"center center","background-size":"auto","background-attachment":"scroll","background-type":"","background-media":"","overlay-type":"","overlay-color":"","overlay-opacity":"","overlay-gradient":""}},"footnotes":""},"categories":[8],"tags":[35558,35559,35560,7389],"class_list":["post-93963","post","type-post","status-publish","format-standard","has-post-thumbnail","hentry","category-noticias","tag-apagon-tiktok-ee-uu","tag-controlar-las-redes-sociales","tag-geopolitica-de-redes-sociales","tag-tiktok"],"_links":{"self":[{"href":"https:\/\/losperiodistas.com.mx\/portal\/wp-json\/wp\/v2\/posts\/93963","targetHints":{"allow":["GET"]}}],"collection":[{"href":"https:\/\/losperiodistas.com.mx\/portal\/wp-json\/wp\/v2\/posts"}],"about":[{"href":"https:\/\/losperiodistas.com.mx\/portal\/wp-json\/wp\/v2\/types\/post"}],"author":[{"embeddable":true,"href":"https:\/\/losperiodistas.com.mx\/portal\/wp-json\/wp\/v2\/users\/1"}],"replies":[{"embeddable":true,"href":"https:\/\/losperiodistas.com.mx\/portal\/wp-json\/wp\/v2\/comments?post=93963"}],"version-history":[{"count":1,"href":"https:\/\/losperiodistas.com.mx\/portal\/wp-json\/wp\/v2\/posts\/93963\/revisions"}],"predecessor-version":[{"id":93965,"href":"https:\/\/losperiodistas.com.mx\/portal\/wp-json\/wp\/v2\/posts\/93963\/revisions\/93965"}],"wp:featuredmedia":[{"embeddable":true,"href":"https:\/\/losperiodistas.com.mx\/portal\/wp-json\/wp\/v2\/media\/93964"}],"wp:attachment":[{"href":"https:\/\/losperiodistas.com.mx\/portal\/wp-json\/wp\/v2\/media?parent=93963"}],"wp:term":[{"taxonomy":"category","embeddable":true,"href":"https:\/\/losperiodistas.com.mx\/portal\/wp-json\/wp\/v2\/categories?post=93963"},{"taxonomy":"post_tag","embeddable":true,"href":"https:\/\/losperiodistas.com.mx\/portal\/wp-json\/wp\/v2\/tags?post=93963"}],"curies":[{"name":"wp","href":"https:\/\/api.w.org\/{rel}","templated":true}]}}