{"id":93903,"date":"2025-02-03T18:36:38","date_gmt":"2025-02-04T00:36:38","guid":{"rendered":"https:\/\/losperiodistas.com.mx\/portal\/?p=93903"},"modified":"2025-02-03T18:36:39","modified_gmt":"2025-02-04T00:36:39","slug":"cien-dias-de-ingobernabilidad-e-inseguridad-imparables-en-el-ayuntamiento-de-puebla-mario-riestra","status":"publish","type":"post","link":"https:\/\/losperiodistas.com.mx\/portal\/cien-dias-de-ingobernabilidad-e-inseguridad-imparables-en-el-ayuntamiento-de-puebla-mario-riestra\/","title":{"rendered":"Cien d\u00edas de ingobernabilidad e inseguridad imparables en el ayuntamiento de Puebla: Mario Riestra"},"content":{"rendered":"\n<p class=\"has-medium-font-size\">\u2022Inoperancia de gobierno y estrategias fallidas la realidad que viven los poblanos.<\/p>\n\n\n\n<figure class=\"wp-block-image size-large\"><img fetchpriority=\"high\" decoding=\"async\" width=\"1024\" height=\"733\" src=\"https:\/\/losperiodistas.com.mx\/portal\/wp-content\/uploads\/2025\/02\/WhatsApp-Image-2025-02-03-at-12.29.46-PM-1024x733.jpeg\" alt=\"\" class=\"wp-image-93904\" srcset=\"https:\/\/losperiodistas.com.mx\/portal\/wp-content\/uploads\/2025\/02\/WhatsApp-Image-2025-02-03-at-12.29.46-PM-1024x733.jpeg 1024w, https:\/\/losperiodistas.com.mx\/portal\/wp-content\/uploads\/2025\/02\/WhatsApp-Image-2025-02-03-at-12.29.46-PM-300x215.jpeg 300w, https:\/\/losperiodistas.com.mx\/portal\/wp-content\/uploads\/2025\/02\/WhatsApp-Image-2025-02-03-at-12.29.46-PM-768x550.jpeg 768w, https:\/\/losperiodistas.com.mx\/portal\/wp-content\/uploads\/2025\/02\/WhatsApp-Image-2025-02-03-at-12.29.46-PM.jpeg 1080w\" sizes=\"(max-width: 1024px) 100vw, 1024px\" \/><figcaption class=\"wp-element-caption\">PAn Puebla<\/figcaption><\/figure>\n\n\n\n<p><\/p>\n\n\n\n<p class=\"has-vivid-red-color has-text-color has-link-color has-medium-font-size wp-elements-6fb932cedf388346955b6bb1e01ef4e1\"><strong>COMUNICADO<\/strong><\/p>\n\n\n\n<p>El Presidente Estatal del Partido Acci\u00f3n Nacional, Mario Riestra, exigi\u00f3 al Ayuntamiento de Puebla corrija su arranque desorientado de gesti\u00f3n y garantice la seguridad y paz de los poblanos, tras la presentaci\u00f3n de supuestos resultados por parte del Presidente Municipal.<\/p>\n\n\n\n<p>\u201cM\u00e1s que acciones contundentes, pareci\u00f3 una serie de pretextos imparables que ocultan los graves problemas de ingobernabilidad e inseguridad que prevalecen en la ciudad, 100 d\u00edas de muchas excusas y muy pocos resultados\u201d, afirm\u00f3.<\/p>\n\n\n\n<p>En rueda de prensa, acompa\u00f1ado de la Secretaria General, Genoveva Huerta, se\u00f1al\u00f3 que, en un corto lapso de tiempo, en Puebla se han suscitado hechos lamentables y alarmantes: asaltos en restaurantes, balaceras, persecuciones, homicidios, marchas multitudinarias, robos a transe\u00fantes y a pesar de ello, la autoridad municipal tuvo el descaro de presumir que algunos indicadores delictivos est\u00e1n a la baja, en espec\u00edfico el robo de veh\u00edculos, comercio, transporte y transe\u00fantes.<\/p>\n\n\n\n<p>Por su parte, la Secretaria General, hizo cuenta de todo lo sucedido en la capital durante el fin de semana y c\u00f3mo Puebla se ha convertido en un campo de batalla con elementos de seguridad atacados, dejando como saldo dos unidades de la Secretar\u00eda de Seguridad Ciudadana baleadas, una patrulla volcada y cuatro elementos lesionados. Adem\u00e1s, confirm\u00f3 que otra vez en la capital hubo embolsados y descuartizados.<\/p>\n\n\n\n<p>\u201cEs evidente que la realidad de la ciudad es muy distinta a las cifras que present\u00f3 el Presidente Municipal. Los poblanos viven y sufren d\u00eda a d\u00eda la falta de acci\u00f3n y la nula estrategia\u201d, puntualiz\u00f3.<\/p>\n\n\n\n<p>Asimismo, Genoveva Huerta, reiter\u00f3 que era inveros\u00edmil escuchar la cifra anunciada para el programa emergente de bacheo: 3 mil 600 baches en 100 d\u00edas, es decir, 36 baches por d\u00eda. A ese ritmo, les ser\u00e1 imposible pavimentar toda la ciudad en tres a\u00f1os.<\/p>\n\n\n\n<p>Finalmente, Mario Riestra se\u00f1al\u00f3 que gobernar no es cuesti\u00f3n de cifras y ocurrencias, es cuesti\u00f3n de realidades y estrategias.<\/p>\n\n\n\n<p>\u201cDesde el Partido Acci\u00f3n Nacional, exigimos que el Ayuntamiento de Puebla corrija su desorientado arranque de gesti\u00f3n y garantice la seguridad y paz de los poblanos\u201d, finaliz\u00f3.<\/p>\n","protected":false},"excerpt":{"rendered":"<p>\u2022Inoperancia de gobierno y estrategias fallidas la realidad que viven los poblanos. COMUNICADO El Presidente Estatal del Partido Acci\u00f3n Nacional, [&hellip;]<\/p>\n","protected":false},"author":1,"featured_media":93904,"comment_status":"open","ping_status":"open","sticky":false,"template":"","format":"standard","meta":{"site-sidebar-layout":"default","site-content-layout":"","ast-site-content-layout":"default","site-content-style":"default","site-sidebar-style":"default","ast-global-header-display":"","ast-banner-title-visibility":"","ast-main-header-display":"","ast-hfb-above-header-display":"","ast-hfb-below-header-display":"","ast-hfb-mobile-header-display":"","site-post-title":"","ast-breadcrumbs-content":"","ast-featured-img":"","footer-sml-layout":"","theme-transparent-header-meta":"","adv-header-id-meta":"","stick-header-meta":"","header-above-stick-meta":"","header-main-stick-meta":"","header-below-stick-meta":"","astra-migrate-meta-layouts":"default","ast-page-background-enabled":"default","ast-page-background-meta":{"desktop":{"background-color":"var(--ast-global-color-4)","background-image":"","background-repeat":"repeat","background-position":"center center","background-size":"auto","background-attachment":"scroll","background-type":"","background-media":"","overlay-type":"","overlay-color":"","overlay-opacity":"","overlay-gradient":""},"tablet":{"background-color":"","background-image":"","background-repeat":"repeat","background-position":"center center","background-size":"auto","background-attachment":"scroll","background-type":"","background-media":"","overlay-type":"","overlay-color":"","overlay-opacity":"","overlay-gradient":""},"mobile":{"background-color":"","background-image":"","background-repeat":"repeat","background-position":"center center","background-size":"auto","background-attachment":"scroll","background-type":"","background-media":"","overlay-type":"","overlay-color":"","overlay-opacity":"","overlay-gradient":""}},"ast-content-background-meta":{"desktop":{"background-color":"var(--ast-global-color-5)","background-image":"","background-repeat":"repeat","background-position":"center center","background-size":"auto","background-attachment":"scroll","background-type":"","background-media":"","overlay-type":"","overlay-color":"","overlay-opacity":"","overlay-gradient":""},"tablet":{"background-color":"var(--ast-global-color-5)","background-image":"","background-repeat":"repeat","background-position":"center center","background-size":"auto","background-attachment":"scroll","background-type":"","background-media":"","overlay-type":"","overlay-color":"","overlay-opacity":"","overlay-gradient":""},"mobile":{"background-color":"var(--ast-global-color-5)","background-image":"","background-repeat":"repeat","background-position":"center center","background-size":"auto","background-attachment":"scroll","background-type":"","background-media":"","overlay-type":"","overlay-color":"","overlay-opacity":"","overlay-gradient":""}},"footnotes":""},"categories":[8],"tags":[35507,35508,4881,2331],"class_list":["post-93903","post","type-post","status-publish","format-standard","has-post-thumbnail","hentry","category-noticias","tag-ingobernabilidad-puebla","tag-inseguridad-puebla-lacapitalimparable","tag-mario-riestra","tag-pan-puebla"],"_links":{"self":[{"href":"https:\/\/losperiodistas.com.mx\/portal\/wp-json\/wp\/v2\/posts\/93903","targetHints":{"allow":["GET"]}}],"collection":[{"href":"https:\/\/losperiodistas.com.mx\/portal\/wp-json\/wp\/v2\/posts"}],"about":[{"href":"https:\/\/losperiodistas.com.mx\/portal\/wp-json\/wp\/v2\/types\/post"}],"author":[{"embeddable":true,"href":"https:\/\/losperiodistas.com.mx\/portal\/wp-json\/wp\/v2\/users\/1"}],"replies":[{"embeddable":true,"href":"https:\/\/losperiodistas.com.mx\/portal\/wp-json\/wp\/v2\/comments?post=93903"}],"version-history":[{"count":1,"href":"https:\/\/losperiodistas.com.mx\/portal\/wp-json\/wp\/v2\/posts\/93903\/revisions"}],"predecessor-version":[{"id":93905,"href":"https:\/\/losperiodistas.com.mx\/portal\/wp-json\/wp\/v2\/posts\/93903\/revisions\/93905"}],"wp:featuredmedia":[{"embeddable":true,"href":"https:\/\/losperiodistas.com.mx\/portal\/wp-json\/wp\/v2\/media\/93904"}],"wp:attachment":[{"href":"https:\/\/losperiodistas.com.mx\/portal\/wp-json\/wp\/v2\/media?parent=93903"}],"wp:term":[{"taxonomy":"category","embeddable":true,"href":"https:\/\/losperiodistas.com.mx\/portal\/wp-json\/wp\/v2\/categories?post=93903"},{"taxonomy":"post_tag","embeddable":true,"href":"https:\/\/losperiodistas.com.mx\/portal\/wp-json\/wp\/v2\/tags?post=93903"}],"curies":[{"name":"wp","href":"https:\/\/api.w.org\/{rel}","templated":true}]}}