{"id":938,"date":"2020-11-06T12:03:48","date_gmt":"2020-11-06T18:03:48","guid":{"rendered":"http:\/\/losperiodistas.com.mx\/portal\/?p=938"},"modified":"2020-11-06T12:03:48","modified_gmt":"2020-11-06T18:03:48","slug":"asi-son-los-siete-sintomas-de-covid-19-en-pacientes-leves-que-pueden-durar-meses","status":"publish","type":"post","link":"https:\/\/losperiodistas.com.mx\/portal\/asi-son-los-siete-sintomas-de-covid-19-en-pacientes-leves-que-pueden-durar-meses\/","title":{"rendered":"As\u00ed son los siete s\u00edntomas de Covid-19 en pacientes leves que pueden durar meses"},"content":{"rendered":"\n<p style=\"font-size:18px\"><em>Cuando la enfermedad no cursa de forma grave suele presentarse en forma de siete grupos de s\u00edntomas, que pueden alargarse hasta 70 d\u00edas<\/em><\/p>\n\n\n\n<p class=\"has-vivid-cyan-blue-color has-text-color has-medium-font-size\">RAQUEL BONILLA\/ LA RAZ\u00d3N<\/p>\n\n\n\n<p>El SARS-CoV-2 ha demostrado resultar ser un virus muy polifac\u00e9tico, tanto que una nueva investigaci\u00f3n desarrollada por la\u00a0<strong>Universidad de Medicina de Viena<\/strong>\u00a0ha descubierto que<strong>\u00a0la Covid-19 tiene siete formas de manifestarse cuando no llega a ser grave.<\/strong>\u00a0Y aunque esas consecuencias no resulten muy da\u00f1inas, lo cierto es que pueden ser muy duraderas, ya que los investigadores hablan, incluso, de la<strong>\u00a0existencia de secuelas incluso diez semanas despu\u00e9s de que el virus SARS-CoV-2 haya desaparecido<\/strong>\u00a0del organismo del paciente. <\/p>\n\n\n\n<p>En concreto, el estudio&nbsp;<strong>publicado en la revista cient\u00edfica Allergy,<\/strong>&nbsp;ha reunido a 109 pacientes de Covid-19 y a 98 individuos sanos como grupo de control. As\u00ed, de esta manera, los investigadores han podido detectar cu\u00e1les son los<strong>&nbsp;s\u00edntomas relacionados con la nueva enfermedad.<\/strong>&nbsp;Sus conclusiones son claras, la Covid-19 puede manifestarse en siete grupos de s\u00edntomas.<\/p>\n\n\n\n<h2 class=\"wp-block-heading\">\u00bfQu\u00e9 s\u00edntomas provoca la Covid-19?<\/h2>\n\n\n\n<p>&#8211;<strong>S\u00edntomas gripales<\/strong>\u00a0(con fiebre, escalofr\u00edos, cansancio y tos)<\/p>\n\n\n\n<p>&#8211;<strong>S\u00edntomas catarrales<\/strong>&nbsp;(con moqueo, estornudos, garganta seca y congesti\u00f3n nasal)<\/p>\n\n\n\n<p>&#8211;<strong>Dolores articulares<\/strong>\u00a0y musculares<\/p>\n\n\n\n<p>&#8211;<strong>Infecci\u00f3n en ojos y mucosas<\/strong><\/p>\n\n\n\n<p>&#8211;<strong>Problemas pulmonares<\/strong>&nbsp;(con neumon\u00eda y dificultades respiratorias, malestar en el pecho y sensaci\u00f3n de opresi\u00f3n)<\/p>\n\n\n\n<p>&#8211;<strong>Problemas intestinales<\/strong>&nbsp;(como diarrea, dolor abdominal, mareos y dolor de cabeza)<\/p>\n\n\n\n<p>&#8211;<strong>P\u00e9rdida de los sentidos del gusto y del olfato<\/strong><\/p>\n\n\n\n<p>\u201cLa p\u00e9rdida del olfato y el gusto afecta predominantemente a las personas con un&nbsp;<strong>\u2018sistema inmunol\u00f3gico joven<\/strong>\u2019, medido por la cantidad de c\u00e9lulas inmunitarias (linfocitos T) que han emigrado recientemente de la gl\u00e1ndula timo\u201d, explica&nbsp;<strong>Winfried F. Pickl<\/strong>, uno de los coautores principales de la investigaci\u00f3n, en un comunicado, quien hace hincapi\u00e9 en que \u201ceste s\u00edntoma es claramente distinto de los otros grupos de manifestaciones\u201d.<\/p>\n\n\n\n<p><strong>Los cient\u00edficos reconocen sentirse sorprendidos por el nivel y el tiempo que permanecen algunos de los cambios\u00a0<\/strong>detectables en la sangre que la Covid-19 deja en el sistema inmunol\u00f3gico de los afectados, incluso en los casos de\u00a0<strong>sintomatolog\u00eda leve.<\/strong>\u00a0Es lo que se est\u00e1 comenzando a conocer como\u00a0<strong>enfermos Covid-19 recurrentes o de largo plazo<\/strong>. Y esto parece tener una explicaci\u00f3n, ya que \u201c<strong>el n\u00famero de granulocitos<\/strong>, que son las c\u00e9lulas responsables de combatir bacterias pat\u00f3genas,\u00a0<strong>es significativamente m\u00e1s bajo de lo normal en los pacientes Covid-19;<\/strong>\u00a0mientras que ciertas c\u00e9lulas de memoria inmunol\u00f3gica y otras llamadas citot\u00f3xicas o asesinas porque eliminan a las c\u00e9lulas del paciente que han sido infectadas por el virus permanecen muy elevadas hasta incluso 70 d\u00edas despu\u00e9s\u201d, seg\u00fan argumentan los autores.<\/p>\n\n\n\n<p>Fuente: https:\/\/www.larazon.es\/salud\/20201106\/cowgdifpjng7zlbozdlst7psvm.html<\/p>\n","protected":false},"excerpt":{"rendered":"<p>Cuando la enfermedad no cursa de forma grave suele presentarse en forma de siete grupos de s\u00edntomas, que pueden alargarse [&hellip;]<\/p>\n","protected":false},"author":1,"featured_media":939,"comment_status":"open","ping_status":"open","sticky":false,"template":"","format":"standard","meta":{"site-sidebar-layout":"default","site-content-layout":"","ast-site-content-layout":"default","site-content-style":"default","site-sidebar-style":"default","ast-global-header-display":"","ast-banner-title-visibility":"","ast-main-header-display":"","ast-hfb-above-header-display":"","ast-hfb-below-header-display":"","ast-hfb-mobile-header-display":"","site-post-title":"","ast-breadcrumbs-content":"","ast-featured-img":"","footer-sml-layout":"","theme-transparent-header-meta":"","adv-header-id-meta":"","stick-header-meta":"","header-above-stick-meta":"","header-main-stick-meta":"","header-below-stick-meta":"","astra-migrate-meta-layouts":"default","ast-page-background-enabled":"default","ast-page-background-meta":{"desktop":{"background-color":"var(--ast-global-color-4)","background-image":"","background-repeat":"repeat","background-position":"center center","background-size":"auto","background-attachment":"scroll","background-type":"","background-media":"","overlay-type":"","overlay-color":"","overlay-opacity":"","overlay-gradient":""},"tablet":{"background-color":"","background-image":"","background-repeat":"repeat","background-position":"center center","background-size":"auto","background-attachment":"scroll","background-type":"","background-media":"","overlay-type":"","overlay-color":"","overlay-opacity":"","overlay-gradient":""},"mobile":{"background-color":"","background-image":"","background-repeat":"repeat","background-position":"center center","background-size":"auto","background-attachment":"scroll","background-type":"","background-media":"","overlay-type":"","overlay-color":"","overlay-opacity":"","overlay-gradient":""}},"ast-content-background-meta":{"desktop":{"background-color":"var(--ast-global-color-5)","background-image":"","background-repeat":"repeat","background-position":"center center","background-size":"auto","background-attachment":"scroll","background-type":"","background-media":"","overlay-type":"","overlay-color":"","overlay-opacity":"","overlay-gradient":""},"tablet":{"background-color":"var(--ast-global-color-5)","background-image":"","background-repeat":"repeat","background-position":"center center","background-size":"auto","background-attachment":"scroll","background-type":"","background-media":"","overlay-type":"","overlay-color":"","overlay-opacity":"","overlay-gradient":""},"mobile":{"background-color":"var(--ast-global-color-5)","background-image":"","background-repeat":"repeat","background-position":"center center","background-size":"auto","background-attachment":"scroll","background-type":"","background-media":"","overlay-type":"","overlay-color":"","overlay-opacity":"","overlay-gradient":""}},"footnotes":""},"categories":[8],"tags":[],"class_list":["post-938","post","type-post","status-publish","format-standard","has-post-thumbnail","hentry","category-noticias"],"_links":{"self":[{"href":"https:\/\/losperiodistas.com.mx\/portal\/wp-json\/wp\/v2\/posts\/938","targetHints":{"allow":["GET"]}}],"collection":[{"href":"https:\/\/losperiodistas.com.mx\/portal\/wp-json\/wp\/v2\/posts"}],"about":[{"href":"https:\/\/losperiodistas.com.mx\/portal\/wp-json\/wp\/v2\/types\/post"}],"author":[{"embeddable":true,"href":"https:\/\/losperiodistas.com.mx\/portal\/wp-json\/wp\/v2\/users\/1"}],"replies":[{"embeddable":true,"href":"https:\/\/losperiodistas.com.mx\/portal\/wp-json\/wp\/v2\/comments?post=938"}],"version-history":[{"count":1,"href":"https:\/\/losperiodistas.com.mx\/portal\/wp-json\/wp\/v2\/posts\/938\/revisions"}],"predecessor-version":[{"id":940,"href":"https:\/\/losperiodistas.com.mx\/portal\/wp-json\/wp\/v2\/posts\/938\/revisions\/940"}],"wp:featuredmedia":[{"embeddable":true,"href":"https:\/\/losperiodistas.com.mx\/portal\/wp-json\/wp\/v2\/media\/939"}],"wp:attachment":[{"href":"https:\/\/losperiodistas.com.mx\/portal\/wp-json\/wp\/v2\/media?parent=938"}],"wp:term":[{"taxonomy":"category","embeddable":true,"href":"https:\/\/losperiodistas.com.mx\/portal\/wp-json\/wp\/v2\/categories?post=938"},{"taxonomy":"post_tag","embeddable":true,"href":"https:\/\/losperiodistas.com.mx\/portal\/wp-json\/wp\/v2\/tags?post=938"}],"curies":[{"name":"wp","href":"https:\/\/api.w.org\/{rel}","templated":true}]}}