{"id":93670,"date":"2025-01-29T06:02:56","date_gmt":"2025-01-29T12:02:56","guid":{"rendered":"https:\/\/losperiodistas.com.mx\/portal\/?p=93670"},"modified":"2025-01-29T06:02:58","modified_gmt":"2025-01-29T12:02:58","slug":"encabeza-pepe-chedraui-mesa-de-seguridad-municipal","status":"publish","type":"post","link":"https:\/\/losperiodistas.com.mx\/portal\/encabeza-pepe-chedraui-mesa-de-seguridad-municipal\/","title":{"rendered":"Encabeza Pepe Chedraui Mesa de Seguridad Municipal"},"content":{"rendered":"\n<figure class=\"wp-block-image size-large\"><img fetchpriority=\"high\" decoding=\"async\" width=\"1024\" height=\"683\" src=\"https:\/\/losperiodistas.com.mx\/portal\/wp-content\/uploads\/2025\/01\/WhatsApp-Image-2025-01-28-at-9.06.13-PM-1024x683.jpeg\" alt=\"\" class=\"wp-image-93675\" srcset=\"https:\/\/losperiodistas.com.mx\/portal\/wp-content\/uploads\/2025\/01\/WhatsApp-Image-2025-01-28-at-9.06.13-PM-1024x683.jpeg 1024w, https:\/\/losperiodistas.com.mx\/portal\/wp-content\/uploads\/2025\/01\/WhatsApp-Image-2025-01-28-at-9.06.13-PM-300x200.jpeg 300w, https:\/\/losperiodistas.com.mx\/portal\/wp-content\/uploads\/2025\/01\/WhatsApp-Image-2025-01-28-at-9.06.13-PM-768x512.jpeg 768w, https:\/\/losperiodistas.com.mx\/portal\/wp-content\/uploads\/2025\/01\/WhatsApp-Image-2025-01-28-at-9.06.13-PM-1536x1024.jpeg 1536w, https:\/\/losperiodistas.com.mx\/portal\/wp-content\/uploads\/2025\/01\/WhatsApp-Image-2025-01-28-at-9.06.13-PM-2048x1366.jpeg 2048w\" sizes=\"(max-width: 1024px) 100vw, 1024px\" \/><figcaption class=\"wp-element-caption\">Ayuntamiento de Puebla<\/figcaption><\/figure>\n\n\n\n<p class=\"has-vivid-red-color has-text-color has-link-color has-medium-font-size wp-elements-6fb932cedf388346955b6bb1e01ef4e1\"><strong>COMUNICADO<\/strong><\/p>\n\n\n\n<p><\/p>\n\n\n\n<p>Para dar seguimiento a las acciones en materia de seguridad en la capital poblana el presidente municipal, Pepe Chedraui Budib, encabez\u00f3 la Mesa de Seguridad Municipal en la que participaron autoridades de los tres \u00f3rdenes de gobierno.<\/p>\n\n\n\n<p>En la mesa de trabajo las autoridades presentes intercambiaron diferentes puntos de vista respecto a las acciones implementadas y a futuro en beneficio de la seguridad de las y los poblanos.<\/p>\n\n\n\n<p>Por lo anterior, se cont\u00f3 con la asistencia del coronel Rodrigo Bucio S\u00e1nchez, en representaci\u00f3n de la XXV Zona Militar; general Vicente Javier Mandujano Acevedo, coordinador de la Guardia Nacional; Francisco Rodr\u00edguez \u00c1lvarez, secretario General de Gobierno del Municipio; Fernando Rosales Sol\u00eds, secretario de Seguridad Ciudadana; capit\u00e1n Jorge Gustavo Cobi\u00e1n Esper\u00f3n, subsecretario de Inteligencia de la SSP; Aurelio Garrido Herrera, secretario T\u00e9cnico de las Mesas de Construcci\u00f3n de la Paz.<\/p>\n\n\n\n<p>Oswaldo Jim\u00e9nez Ju\u00e1rez, fiscal Metropolitano de la FGE; Issac Hern\u00e1ndez M\u00e1rquez, director General de Inteligencia y Pol\u00edtica; V\u00edctor Silva Tapia, secretario T\u00e9cnico Regional; Gustavo Alonso Gonz\u00e1lez Zapata, subsecretario de Operatividad Policial de la SSC; Alejandra Cedillo May, Directora General de Emergencia y Respuesta Inmediata de la SSC; y Keila Samai Casales P\u00e9rez, subsecretaria de Inteligencia de la SSC.<\/p>\n\n\n\n<p><\/p>\n","protected":false},"excerpt":{"rendered":"<p>COMUNICADO Para dar seguimiento a las acciones en materia de seguridad en la capital poblana el presidente municipal, Pepe Chedraui [&hellip;]<\/p>\n","protected":false},"author":1,"featured_media":93675,"comment_status":"open","ping_status":"open","sticky":false,"template":"","format":"standard","meta":{"site-sidebar-layout":"default","site-content-layout":"","ast-site-content-layout":"default","site-content-style":"default","site-sidebar-style":"default","ast-global-header-display":"","ast-banner-title-visibility":"","ast-main-header-display":"","ast-hfb-above-header-display":"","ast-hfb-below-header-display":"","ast-hfb-mobile-header-display":"","site-post-title":"","ast-breadcrumbs-content":"","ast-featured-img":"","footer-sml-layout":"","theme-transparent-header-meta":"","adv-header-id-meta":"","stick-header-meta":"","header-above-stick-meta":"","header-main-stick-meta":"","header-below-stick-meta":"","astra-migrate-meta-layouts":"default","ast-page-background-enabled":"default","ast-page-background-meta":{"desktop":{"background-color":"var(--ast-global-color-4)","background-image":"","background-repeat":"repeat","background-position":"center center","background-size":"auto","background-attachment":"scroll","background-type":"","background-media":"","overlay-type":"","overlay-color":"","overlay-opacity":"","overlay-gradient":""},"tablet":{"background-color":"","background-image":"","background-repeat":"repeat","background-position":"center center","background-size":"auto","background-attachment":"scroll","background-type":"","background-media":"","overlay-type":"","overlay-color":"","overlay-opacity":"","overlay-gradient":""},"mobile":{"background-color":"","background-image":"","background-repeat":"repeat","background-position":"center center","background-size":"auto","background-attachment":"scroll","background-type":"","background-media":"","overlay-type":"","overlay-color":"","overlay-opacity":"","overlay-gradient":""}},"ast-content-background-meta":{"desktop":{"background-color":"var(--ast-global-color-5)","background-image":"","background-repeat":"repeat","background-position":"center center","background-size":"auto","background-attachment":"scroll","background-type":"","background-media":"","overlay-type":"","overlay-color":"","overlay-opacity":"","overlay-gradient":""},"tablet":{"background-color":"var(--ast-global-color-5)","background-image":"","background-repeat":"repeat","background-position":"center center","background-size":"auto","background-attachment":"scroll","background-type":"","background-media":"","overlay-type":"","overlay-color":"","overlay-opacity":"","overlay-gradient":""},"mobile":{"background-color":"var(--ast-global-color-5)","background-image":"","background-repeat":"repeat","background-position":"center center","background-size":"auto","background-attachment":"scroll","background-type":"","background-media":"","overlay-type":"","overlay-color":"","overlay-opacity":"","overlay-gradient":""}},"footnotes":""},"categories":[8],"tags":[34048,35349],"class_list":["post-93670","post","type-post","status-publish","format-standard","has-post-thumbnail","hentry","category-noticias","tag-la-ciudad-imparable","tag-mesa-de-seguridad-puebla-capital"],"_links":{"self":[{"href":"https:\/\/losperiodistas.com.mx\/portal\/wp-json\/wp\/v2\/posts\/93670","targetHints":{"allow":["GET"]}}],"collection":[{"href":"https:\/\/losperiodistas.com.mx\/portal\/wp-json\/wp\/v2\/posts"}],"about":[{"href":"https:\/\/losperiodistas.com.mx\/portal\/wp-json\/wp\/v2\/types\/post"}],"author":[{"embeddable":true,"href":"https:\/\/losperiodistas.com.mx\/portal\/wp-json\/wp\/v2\/users\/1"}],"replies":[{"embeddable":true,"href":"https:\/\/losperiodistas.com.mx\/portal\/wp-json\/wp\/v2\/comments?post=93670"}],"version-history":[{"count":1,"href":"https:\/\/losperiodistas.com.mx\/portal\/wp-json\/wp\/v2\/posts\/93670\/revisions"}],"predecessor-version":[{"id":93676,"href":"https:\/\/losperiodistas.com.mx\/portal\/wp-json\/wp\/v2\/posts\/93670\/revisions\/93676"}],"wp:featuredmedia":[{"embeddable":true,"href":"https:\/\/losperiodistas.com.mx\/portal\/wp-json\/wp\/v2\/media\/93675"}],"wp:attachment":[{"href":"https:\/\/losperiodistas.com.mx\/portal\/wp-json\/wp\/v2\/media?parent=93670"}],"wp:term":[{"taxonomy":"category","embeddable":true,"href":"https:\/\/losperiodistas.com.mx\/portal\/wp-json\/wp\/v2\/categories?post=93670"},{"taxonomy":"post_tag","embeddable":true,"href":"https:\/\/losperiodistas.com.mx\/portal\/wp-json\/wp\/v2\/tags?post=93670"}],"curies":[{"name":"wp","href":"https:\/\/api.w.org\/{rel}","templated":true}]}}