{"id":93667,"date":"2025-01-28T12:16:18","date_gmt":"2025-01-28T18:16:18","guid":{"rendered":"https:\/\/losperiodistas.com.mx\/portal\/?p=93667"},"modified":"2025-01-28T12:16:19","modified_gmt":"2025-01-28T18:16:19","slug":"de-la-fuerza-de-la-fiesta-de-los-toros-como-patrimonio-cultural-al-temor-por-colombia-y-mexico-conclusiones-del-exitoso-forum-mundial-de-isla-terceira-el-mundo","status":"publish","type":"post","link":"https:\/\/losperiodistas.com.mx\/portal\/de-la-fuerza-de-la-fiesta-de-los-toros-como-patrimonio-cultural-al-temor-por-colombia-y-mexico-conclusiones-del-exitoso-forum-mundial-de-isla-terceira-el-mundo\/","title":{"rendered":"De la fuerza de la fiesta de los toros como patrimonio cultural al temor por Colombia y M\u00e9xico: conclusiones del exitoso Forum Mundial de Isla Terceira | El Mundo"},"content":{"rendered":"\n<p style=\"font-size:26px\">Concluy\u00f3 el gran encuentro internacional despu\u00e9s de tres maratonianas jornadas de debates, encuentros y mesas redondas<\/p>\n\n\n\n<figure class=\"wp-block-image size-large\"><img fetchpriority=\"high\" decoding=\"async\" width=\"1024\" height=\"682\" src=\"https:\/\/losperiodistas.com.mx\/portal\/wp-content\/uploads\/2025\/01\/17380047486484-1024x682.webp\" alt=\"\" class=\"wp-image-93668\" srcset=\"https:\/\/losperiodistas.com.mx\/portal\/wp-content\/uploads\/2025\/01\/17380047486484-1024x682.webp 1024w, https:\/\/losperiodistas.com.mx\/portal\/wp-content\/uploads\/2025\/01\/17380047486484-300x200.webp 300w, https:\/\/losperiodistas.com.mx\/portal\/wp-content\/uploads\/2025\/01\/17380047486484-768x512.webp 768w, https:\/\/losperiodistas.com.mx\/portal\/wp-content\/uploads\/2025\/01\/17380047486484.webp 1220w\" sizes=\"(max-width: 1024px) 100vw, 1024px\" \/><\/figure>\n\n\n\n<p class=\"has-vivid-red-color has-text-color has-link-color has-medium-font-size wp-elements-a8c23f18fb4e2435764b8f65a419f763\"><strong>Zabala de la Serna \/ El Mundo<\/strong><\/p>\n\n\n\n<p><\/p>\n\n\n\n<p>El IV Forum Mundial de la Cultura Taurina concluy\u00f3 en Isla Terceira despu\u00e9s de tres maratonianas jornadas de debates, encuentros y mesas redondas.&nbsp;<strong>El amplio enfoque sobre el mundo del toro<\/strong>&nbsp;ante el acoso del discurso woke, la consistencia del toreo como patrimonio cultural y, tambi\u00e9n, sus carencias. Las propias de un sector invertebrado sostenido por la fuerza de un espect\u00e1culo \u00fanico y transgresor que las derivas pol\u00edticas (y el ataque constante de la izquierda radical) enmarcan injustamente en el pensamiento conservador.<\/p>\n\n\n\n<p>La visi\u00f3n positiva, pese a todo, por la incorporaci\u00f3n de un p\u00fablico joven en las plazas de toros de Espa\u00f1a, principalmente, no esconde la preocupaci\u00f3n por la situaci\u00f3n de los pa\u00edses hispanoamericanos&nbsp;<strong>-M\u00e9xico, Colombia<\/strong>&nbsp;o la frustraci\u00f3n de Ecuador-. Per\u00fa, sin embargo, ha resucitado a rebufo de la gran figura mundial como es&nbsp;<strong>Roca Rey<\/strong>.<\/p>\n\n\n\n<p>Las tres jornadas acabaron con la sensaci\u00f3n de un \u00e9xito organizativo absoluto y unas conclusiones como deberes para el futuro inmediato:<\/p>\n\n\n\n<p>-A pesar de los continuos ataques y amenazas que, tambi\u00e9n pol\u00edticamente, sufre en los \u00faltimos tiempos la cultura de la tauromaquia, las recientes circunstancias nos llevan a albergar un nuevo sentimiento de esperanza y unas sensaciones m\u00e1s positivas en torno al futuro del espect\u00e1culo en la mayor\u00eda de los pa\u00edses taurinos.<\/p>\n\n\n\n<p>-Con respecto a la situaci\u00f3n en los pa\u00edses americanos, expresamos nuestra preocupaci\u00f3n por casos como los de Colombia y M\u00e9xico, donde, ante el autoritarismo gubernamental, se hace urgente&nbsp;<strong>una efectiva defensa legal<\/strong>, sumada al masivo apoyo del resto de una comunidad taurina internacional que est\u00e1 obligada, m\u00e1s que nunca, a concretar una s\u00f3lida uni\u00f3n.<\/p>\n\n\n\n<p>-Esa defensa legal cuenta con argumentos de car\u00e1cter universal que resultan incontestables, como son el obligado respeto a las distintas expresiones culturales y a la diversidad, ya que&nbsp;<strong>no es susceptible de prohibici\u00f3n una manifestaci\u00f3n art\u00edstica que no atenta contra los derechos humanos&nbsp;<\/strong>ni contra las libertades fundamentales.<\/p>\n\n\n\n<p>-Respecto a los ataques del animalismo, la tauromaquia debe responder con los detallados estudios cient\u00edficos que demuestran, con m\u00faltiples&nbsp;<strong>indicadores fisiol\u00f3gicos<\/strong>, que durante la lidia no existe ning\u00fan tipo de sufrimiento para un animal cada vez m\u00e1s especializado gen\u00e9ticamente para su funci\u00f3n y que cuenta siempre con el m\u00e1ximo respeto a su entrega hasta la muerte sobre la arena.<\/p>\n\n\n\n<p>-Con todo, esta pasi\u00f3n de millones de personas en todo el mundo debe encarar inexcusablemente varios retos que le ayuden a integrarse con la fuerza necesaria en el renovado contexto social del siglo XXI. Y estos se centran especialmente en una mejora notable de sus estructuras internas y en&nbsp;<strong>concretar la forma de comunicar sus valores&nbsp;<\/strong>con una mentalidad m\u00e1s abierta y adaptada a los cambios sociales.<\/p>\n\n\n\n<p class=\"has-ast-global-color-6-background-color has-background\">M\u00e1s en El Mundo<\/p>\n\n\n\n<p><a href=\"https:\/\/www.elmundo.es\/espana\/2025\/01\/28\/6798b9f021efa0f4458b456e.html\"><\/a><\/p>\n\n\n\n<figure class=\"wp-block-image alignleft\"><a href=\"https:\/\/www.elmundo.es\/espana\/2025\/01\/28\/6798b9f021efa0f4458b456e.html\"><img decoding=\"async\" src=\"https:\/\/phantom-elmundo.unidadeditorial.es\/16b0cdf578ea13c73c5a20e73171789c\/crop\/83x55\/3072x2047\/resize\/250\/f\/jpg\/assets\/multimedia\/imagenes\/2025\/01\/28\/17380619662175.jpg\" alt=\"S\u00e1nchez cede ante Junts y acepta tramitar si se somete a una cuesti\u00f3n de confianza para aprobar su decreto social troceado\"\/><\/a><\/figure>\n\n\n\n<p><a href=\"https:\/\/www.elmundo.es\/espana\/2025\/01\/28\/6798b9f021efa0f4458b456e.html\"><strong>S\u00e1nchez cede ante Junts y acepta tramitar si se somete a una cuesti\u00f3n de confianza para aprobar su decreto social troceado<\/strong><\/a><\/p>\n\n\n\n<p><\/p>\n\n\n\n<p><\/p>\n\n\n\n<p><a href=\"https:\/\/www.elmundo.es\/loc\/famosos\/2025\/01\/27\/6797cf17fc6c83260b8b4581.html\"><\/a><\/p>\n\n\n\n<figure class=\"wp-block-image alignleft\"><a href=\"https:\/\/www.elmundo.es\/loc\/famosos\/2025\/01\/27\/6797cf17fc6c83260b8b4581.html\"><img decoding=\"async\" src=\"https:\/\/phantom-elmundo.unidadeditorial.es\/b98b15cd72498b5cb3b4943f23fb318a\/crop\/23x6\/3062x2032\/resize\/250\/f\/jpg\/assets\/multimedia\/imagenes\/2025\/01\/27\/17380031727496.jpg\" alt=\"La guerra de Albert Rivera y su ex Mariona Saperas por las extraescolares de su hija\"\/><\/a><\/figure>\n\n\n\n<p><a href=\"https:\/\/www.elmundo.es\/loc\/famosos\/2025\/01\/27\/6797cf17fc6c83260b8b4581.html\"><strong>La guerra de Albert Rivera y su ex Mariona Saperas por las extraescolares de su hija<\/strong><\/a><\/p>\n\n\n\n<p><\/p>\n\n\n\n<p><\/p>\n\n\n\n<p><\/p>\n\n\n\n<p>-Consideramos tambi\u00e9n que esas necesarias medidas de futuro han de llevarse a cabo con las aut\u00e9nticas armas con que sigue contando la tauromaquia al paso de los siglos: su enorme valor&nbsp;<strong>patrimonial, hist\u00f3rico, art\u00edstico y econ\u00f3mico<\/strong>, la gran adhesi\u00f3n con la que cuentan sus expresiones populares, la potencia gen\u00e9tica y ecol\u00f3gica del toro de lidia y la incomparable fuerza expresiva y emocional del propio espect\u00e1culo.<\/p>\n\n\n\n<p>-Todos estos argumentos, que han de llevar de una vez a los profesionales del sector a aunar sus&nbsp;<strong>fuerzas con los aficionados<\/strong>, como parte m\u00e1s proactiva, son una profunda mina de capital positivo para poder derribar los arbitrarios y clasistas prejuicios de ese pensamiento woke que quiere hacer tabla rasa de la cultura con su dictatorial af\u00e1n globalista.<\/p>\n\n\n\n<p>Fuente: <a href=\"https:\/\/www.elmundo.es\/cultura\/toros\/2025\/01\/27\/6797d30621efa028668b459e.html\">https:\/\/www.elmundo.es\/cultura\/toros\/2025\/01\/27\/6797d30621efa028668b459e.html<\/a><\/p>\n","protected":false},"excerpt":{"rendered":"<p>Concluy\u00f3 el gran encuentro internacional despu\u00e9s de tres maratonianas jornadas de debates, encuentros y mesas redondas Zabala de la Serna [&hellip;]<\/p>\n","protected":false},"author":1,"featured_media":93668,"comment_status":"open","ping_status":"open","sticky":false,"template":"","format":"standard","meta":{"site-sidebar-layout":"default","site-content-layout":"","ast-site-content-layout":"default","site-content-style":"default","site-sidebar-style":"default","ast-global-header-display":"","ast-banner-title-visibility":"","ast-main-header-display":"","ast-hfb-above-header-display":"","ast-hfb-below-header-display":"","ast-hfb-mobile-header-display":"","site-post-title":"","ast-breadcrumbs-content":"","ast-featured-img":"","footer-sml-layout":"","theme-transparent-header-meta":"","adv-header-id-meta":"","stick-header-meta":"","header-above-stick-meta":"","header-main-stick-meta":"","header-below-stick-meta":"","astra-migrate-meta-layouts":"default","ast-page-background-enabled":"default","ast-page-background-meta":{"desktop":{"background-color":"var(--ast-global-color-4)","background-image":"","background-repeat":"repeat","background-position":"center center","background-size":"auto","background-attachment":"scroll","background-type":"","background-media":"","overlay-type":"","overlay-color":"","overlay-opacity":"","overlay-gradient":""},"tablet":{"background-color":"","background-image":"","background-repeat":"repeat","background-position":"center center","background-size":"auto","background-attachment":"scroll","background-type":"","background-media":"","overlay-type":"","overlay-color":"","overlay-opacity":"","overlay-gradient":""},"mobile":{"background-color":"","background-image":"","background-repeat":"repeat","background-position":"center center","background-size":"auto","background-attachment":"scroll","background-type":"","background-media":"","overlay-type":"","overlay-color":"","overlay-opacity":"","overlay-gradient":""}},"ast-content-background-meta":{"desktop":{"background-color":"var(--ast-global-color-5)","background-image":"","background-repeat":"repeat","background-position":"center center","background-size":"auto","background-attachment":"scroll","background-type":"","background-media":"","overlay-type":"","overlay-color":"","overlay-opacity":"","overlay-gradient":""},"tablet":{"background-color":"var(--ast-global-color-5)","background-image":"","background-repeat":"repeat","background-position":"center center","background-size":"auto","background-attachment":"scroll","background-type":"","background-media":"","overlay-type":"","overlay-color":"","overlay-opacity":"","overlay-gradient":""},"mobile":{"background-color":"var(--ast-global-color-5)","background-image":"","background-repeat":"repeat","background-position":"center center","background-size":"auto","background-attachment":"scroll","background-type":"","background-media":"","overlay-type":"","overlay-color":"","overlay-opacity":"","overlay-gradient":""}},"footnotes":""},"categories":[8],"tags":[35348,35346,35344,35347,31633,2745],"class_list":["post-93667","post","type-post","status-publish","format-standard","has-post-thumbnail","hentry","category-noticias","tag-colombia-toros-de-lidia","tag-fiesta-de-toros-de-lidia","tag-forum-mundial-de-isla-terceira","tag-mexico-toros-de-lidia","tag-patrimonio-cultural","tag-tauromaquia"],"_links":{"self":[{"href":"https:\/\/losperiodistas.com.mx\/portal\/wp-json\/wp\/v2\/posts\/93667","targetHints":{"allow":["GET"]}}],"collection":[{"href":"https:\/\/losperiodistas.com.mx\/portal\/wp-json\/wp\/v2\/posts"}],"about":[{"href":"https:\/\/losperiodistas.com.mx\/portal\/wp-json\/wp\/v2\/types\/post"}],"author":[{"embeddable":true,"href":"https:\/\/losperiodistas.com.mx\/portal\/wp-json\/wp\/v2\/users\/1"}],"replies":[{"embeddable":true,"href":"https:\/\/losperiodistas.com.mx\/portal\/wp-json\/wp\/v2\/comments?post=93667"}],"version-history":[{"count":1,"href":"https:\/\/losperiodistas.com.mx\/portal\/wp-json\/wp\/v2\/posts\/93667\/revisions"}],"predecessor-version":[{"id":93669,"href":"https:\/\/losperiodistas.com.mx\/portal\/wp-json\/wp\/v2\/posts\/93667\/revisions\/93669"}],"wp:featuredmedia":[{"embeddable":true,"href":"https:\/\/losperiodistas.com.mx\/portal\/wp-json\/wp\/v2\/media\/93668"}],"wp:attachment":[{"href":"https:\/\/losperiodistas.com.mx\/portal\/wp-json\/wp\/v2\/media?parent=93667"}],"wp:term":[{"taxonomy":"category","embeddable":true,"href":"https:\/\/losperiodistas.com.mx\/portal\/wp-json\/wp\/v2\/categories?post=93667"},{"taxonomy":"post_tag","embeddable":true,"href":"https:\/\/losperiodistas.com.mx\/portal\/wp-json\/wp\/v2\/tags?post=93667"}],"curies":[{"name":"wp","href":"https:\/\/api.w.org\/{rel}","templated":true}]}}