{"id":93665,"date":"2025-01-28T11:52:50","date_gmt":"2025-01-28T17:52:50","guid":{"rendered":"https:\/\/losperiodistas.com.mx\/portal\/?p=93665"},"modified":"2025-01-28T11:52:52","modified_gmt":"2025-01-28T17:52:52","slug":"opinion-mexico-y-la-hidra-de-la-violencia-quien-cortara-las-mil-cabezas","status":"publish","type":"post","link":"https:\/\/losperiodistas.com.mx\/portal\/opinion-mexico-y-la-hidra-de-la-violencia-quien-cortara-las-mil-cabezas\/","title":{"rendered":"Opini\u00f3n | M\u00e9xico y la Hidra de la Violencia: \u00bfQui\u00e9n Cortar\u00e1 las Mil Cabezas?"},"content":{"rendered":"\n<figure class=\"wp-block-image alignright size-large is-resized\"><img fetchpriority=\"high\" decoding=\"async\" width=\"791\" height=\"1024\" src=\"https:\/\/losperiodistas.com.mx\/portal\/wp-content\/uploads\/2024\/11\/WhatsApp-Image-2021-06-02-at-21.07.22-791x1024.jpeg\" alt=\"\" class=\"wp-image-91226\" style=\"width:184px;height:auto\" srcset=\"https:\/\/losperiodistas.com.mx\/portal\/wp-content\/uploads\/2024\/11\/WhatsApp-Image-2021-06-02-at-21.07.22-791x1024.jpeg 791w, https:\/\/losperiodistas.com.mx\/portal\/wp-content\/uploads\/2024\/11\/WhatsApp-Image-2021-06-02-at-21.07.22-232x300.jpeg 232w, https:\/\/losperiodistas.com.mx\/portal\/wp-content\/uploads\/2024\/11\/WhatsApp-Image-2021-06-02-at-21.07.22-768x994.jpeg 768w, https:\/\/losperiodistas.com.mx\/portal\/wp-content\/uploads\/2024\/11\/WhatsApp-Image-2021-06-02-at-21.07.22.jpeg 989w\" sizes=\"(max-width: 791px) 100vw, 791px\" \/><\/figure>\n\n\n\n<p><\/p>\n\n\n\n<p><\/p>\n\n\n\n<p><\/p>\n\n\n\n<p class=\"has-vivid-red-color has-text-color has-link-color wp-elements-7d128d8c8c011768412843561ecd639b\" style=\"font-size:26px\"><strong><em>Por Jos\u00e9 Ojeda Bustamante<\/em><\/strong><\/p>\n\n\n\n<p><strong><a href=\"http:\/\/@ojedapepe\">@ojedapepe<\/a><\/strong><\/p>\n\n\n\n<p>Esta semana, miles de vecinos de Culiac\u00e1n, Sinaloa se manifestaron contra la violencia en la ciudad, aumentando la presi\u00f3n sobre el gobernador Rub\u00e9n Rocha, al cual se le se\u00f1ala de una marcada incapacidad, o en el m\u00e1s suave an\u00e1lisis, de una sorprendente indiferencia.<\/p>\n\n\n\n<p>La protesta, la \u00faltima en esta ocasi\u00f3n, se origin\u00f3 debido a enfrentamientos entre facciones del C\u00e1rtel de Sinaloa, que desde septiembre han causado balaceras, incendios y cuerpos abandonados en las calles. El reciente asesinato de dos ni\u00f1os y su padre exacerb\u00f3 la situaci\u00f3n, motivando a la comunidad a exigir justicia y criticar la falta de acci\u00f3n por parte de las autoridades.<\/p>\n\n\n\n<p>El caso en particular del gobernador Rub\u00e9n Rocha, parece ser un reflejo de una serie de factores que han sido ya vertidos en diferentes informes, siendo uno de los m\u00e1s recientes el presentado a mitades de este mes por la organizaci\u00f3n internacional Human Rights Watch (HRW) y su \u2018Informe Mundial 2025&#8242;, en materia de Derechos Humanos.<\/p>\n\n\n\n<p>Por citar datos del mismo informe se <em>\u201cestima que alrededor de dos tercios de los homicidios son cometidos por el crimen organizado, mientras que se estima que&nbsp;alrededor del 70 % de las armas de fuego&nbsp;utilizadas en delitos llegan a M\u00e9xico mediante contrabando desde Estados Unidos\u201d<\/em><\/p>\n\n\n\n<p>Estamos entonces ante un contexto de fractura institucional y alto \u00edndice de homicidios ligados al crimen organizado, donde confluyen disputas por territorios estrat\u00e9gicos y una fuerte capacidad operativa de los c\u00e1rteles.<\/p>\n\n\n\n<p>Si bien la respuesta estatal ha incluido operativos de gran escala y un \u00e9nfasis en la seguridad p\u00fablica, la persistencia de enfrentamientos y la aparici\u00f3n de nuevos focos de violencia en otros estados de nuestro pa\u00eds como Chiapas y Guerrero ponen de manifiesto la complejidad de la crisis de seguridad en el pa\u00eds.<\/p>\n\n\n\n<p>\u00bfQu\u00e9 hacer? \u00bfPor d\u00f3nde comenzar? La inseguridad en M\u00e9xico pareciera una hidra de mil cabezas, haciendo alusi\u00f3n a ese famoso ser mitol\u00f3gico con m\u00faltiples cabezas que, al ser cortadas, volv\u00edan a crecer en mayor n\u00famero.<\/p>\n\n\n\n<p>En diferentes foros la misma presidenta ha referido una ruta como respuesta, la cual se centra, grosso modo en que todos los gobernadores participen a diario en sus Gabinetes de Seguridad para dise\u00f1ar y supervisar estrategias conjuntas contra el crimen. Lo que implica una permanente coordinaci\u00f3n con las fuerzas federales y las fiscal\u00edas estatales, respetando su autonom\u00eda y dejando a un lado divisiones pol\u00edticas.<\/p>\n\n\n\n<p>Otro punto clave es invertir en las causas sociales de la violencia. Para ello, el Gobierno de M\u00e9xico destinar\u00e1 durante este 2025 m\u00e1s de 800 mil millones de pesos a Programas para el Bienestar y a la Estrategia de Construcci\u00f3n de la Paz, que incluye brigadas para apoyar directamente a las familias m\u00e1s vulnerables y la creaci\u00f3n de \u201cSenderos de Paz\u201d para iluminar zonas peligrosas y fomentar actividades culturales.<\/p>\n\n\n\n<p>Por \u00faltimo, Sheinbaum subraya la necesidad de fortalecer a las polic\u00edas estatales y municipales, aumentando sus sueldos, mejorando su capacitaci\u00f3n y apoy\u00e1ndolas con tecnolog\u00eda e inteligencia. Tambi\u00e9n destaca que la reforma al Art\u00edculo 21 de la Constituci\u00f3n permitir\u00e1 a la Secretar\u00eda de Seguridad y Protecci\u00f3n Ciudadana trabajar con m\u00e1s herramientas legales para reducir la impunidad y llevar a los responsables ante la justicia.<\/p>\n\n\n\n<p>\u00bfSer\u00e1 esto suficiente? No, pero la misma estrategia amerita un voto de confianza, por en\u00e9sima vez, ante una sociedad que se encuentra dentro de las m\u00e1s desconfiadas del mundo.<\/p>\n\n\n\n<p>Esperemos, por el bien de todo M\u00e9xico que la estrategia implementada no se reduzca a aprehensiones y a golpes de efecto que poco o nada influyan en la cotidianeidad de todos los mexicanos, esos que construyen pa\u00eds desde el trabajo diario, diligente y honrado.<\/p>\n\n\n\n<p>En \u00faltima instancia, la pregunta que subyace es si estas medidas ser\u00e1n suficientes para enfrentar eficazmente a la \u201chidra de mil cabezas\u201d que representa la violencia en M\u00e9xico. El verdadero \u00e9xito no solo depender\u00e1 de la capacidad de las autoridades para ejecutar operativos puntuales, sino de su perseverancia en construir instituciones s\u00f3lidas, implementar pol\u00edticas sociales integrales y fomentar una cultura de legalidad que involucre a todos los sectores de la sociedad.<\/p>\n\n\n\n<p>Sin resultados palpables en la vida diaria de los ciudadanos y sin una verdadera colaboraci\u00f3n entre los niveles de gobierno, la esperanza de lograr un pa\u00eds en paz corre el riesgo de quedar relegada al \u00e1mbito de las buenas intenciones. Por ello, es imprescindible que la estrategia de seguridad se acompa\u00f1e de voluntad pol\u00edtica, seguimiento riguroso y evaluaci\u00f3n constante para adaptarse a las nuevas din\u00e1micas del crimen organizado. Solo as\u00ed se podr\u00e1 transformar un panorama de desesperanza en un horizonte de reconstrucci\u00f3n y justicia.<\/p>\n\n\n\n<p><\/p>\n","protected":false},"excerpt":{"rendered":"<p>Por Jos\u00e9 Ojeda Bustamante @ojedapepe Esta semana, miles de vecinos de Culiac\u00e1n, Sinaloa se manifestaron contra la violencia en la [&hellip;]<\/p>\n","protected":false},"author":1,"featured_media":91226,"comment_status":"open","ping_status":"open","sticky":false,"template":"","format":"standard","meta":{"site-sidebar-layout":"default","site-content-layout":"","ast-site-content-layout":"default","site-content-style":"default","site-sidebar-style":"default","ast-global-header-display":"","ast-banner-title-visibility":"","ast-main-header-display":"","ast-hfb-above-header-display":"","ast-hfb-below-header-display":"","ast-hfb-mobile-header-display":"","site-post-title":"","ast-breadcrumbs-content":"","ast-featured-img":"","footer-sml-layout":"","theme-transparent-header-meta":"","adv-header-id-meta":"","stick-header-meta":"","header-above-stick-meta":"","header-main-stick-meta":"","header-below-stick-meta":"","astra-migrate-meta-layouts":"default","ast-page-background-enabled":"default","ast-page-background-meta":{"desktop":{"background-color":"var(--ast-global-color-4)","background-image":"","background-repeat":"repeat","background-position":"center center","background-size":"auto","background-attachment":"scroll","background-type":"","background-media":"","overlay-type":"","overlay-color":"","overlay-opacity":"","overlay-gradient":""},"tablet":{"background-color":"","background-image":"","background-repeat":"repeat","background-position":"center center","background-size":"auto","background-attachment":"scroll","background-type":"","background-media":"","overlay-type":"","overlay-color":"","overlay-opacity":"","overlay-gradient":""},"mobile":{"background-color":"","background-image":"","background-repeat":"repeat","background-position":"center center","background-size":"auto","background-attachment":"scroll","background-type":"","background-media":"","overlay-type":"","overlay-color":"","overlay-opacity":"","overlay-gradient":""}},"ast-content-background-meta":{"desktop":{"background-color":"var(--ast-global-color-5)","background-image":"","background-repeat":"repeat","background-position":"center center","background-size":"auto","background-attachment":"scroll","background-type":"","background-media":"","overlay-type":"","overlay-color":"","overlay-opacity":"","overlay-gradient":""},"tablet":{"background-color":"var(--ast-global-color-5)","background-image":"","background-repeat":"repeat","background-position":"center center","background-size":"auto","background-attachment":"scroll","background-type":"","background-media":"","overlay-type":"","overlay-color":"","overlay-opacity":"","overlay-gradient":""},"mobile":{"background-color":"var(--ast-global-color-5)","background-image":"","background-repeat":"repeat","background-position":"center center","background-size":"auto","background-attachment":"scroll","background-type":"","background-media":"","overlay-type":"","overlay-color":"","overlay-opacity":"","overlay-gradient":""}},"footnotes":""},"categories":[1991,8],"tags":[35343,29275,35342,2424],"class_list":["post-93665","post","type-post","status-publish","format-standard","has-post-thumbnail","hentry","category-en-las-antipodas","category-noticias","tag-gobiernbo-de-sinaloa","tag-ruben-rocha","tag-violencia-en-culiacan","tag-violencia-en-mexico"],"_links":{"self":[{"href":"https:\/\/losperiodistas.com.mx\/portal\/wp-json\/wp\/v2\/posts\/93665","targetHints":{"allow":["GET"]}}],"collection":[{"href":"https:\/\/losperiodistas.com.mx\/portal\/wp-json\/wp\/v2\/posts"}],"about":[{"href":"https:\/\/losperiodistas.com.mx\/portal\/wp-json\/wp\/v2\/types\/post"}],"author":[{"embeddable":true,"href":"https:\/\/losperiodistas.com.mx\/portal\/wp-json\/wp\/v2\/users\/1"}],"replies":[{"embeddable":true,"href":"https:\/\/losperiodistas.com.mx\/portal\/wp-json\/wp\/v2\/comments?post=93665"}],"version-history":[{"count":1,"href":"https:\/\/losperiodistas.com.mx\/portal\/wp-json\/wp\/v2\/posts\/93665\/revisions"}],"predecessor-version":[{"id":93666,"href":"https:\/\/losperiodistas.com.mx\/portal\/wp-json\/wp\/v2\/posts\/93665\/revisions\/93666"}],"wp:featuredmedia":[{"embeddable":true,"href":"https:\/\/losperiodistas.com.mx\/portal\/wp-json\/wp\/v2\/media\/91226"}],"wp:attachment":[{"href":"https:\/\/losperiodistas.com.mx\/portal\/wp-json\/wp\/v2\/media?parent=93665"}],"wp:term":[{"taxonomy":"category","embeddable":true,"href":"https:\/\/losperiodistas.com.mx\/portal\/wp-json\/wp\/v2\/categories?post=93665"},{"taxonomy":"post_tag","embeddable":true,"href":"https:\/\/losperiodistas.com.mx\/portal\/wp-json\/wp\/v2\/tags?post=93665"}],"curies":[{"name":"wp","href":"https:\/\/api.w.org\/{rel}","templated":true}]}}