{"id":93662,"date":"2025-01-28T10:23:54","date_gmt":"2025-01-28T16:23:54","guid":{"rendered":"https:\/\/losperiodistas.com.mx\/portal\/?p=93662"},"modified":"2025-01-28T10:23:56","modified_gmt":"2025-01-28T16:23:56","slug":"michel-feher-filosofo-hay-que-ser-wokista-un-wokista-desencadenado-ideas","status":"publish","type":"post","link":"https:\/\/losperiodistas.com.mx\/portal\/michel-feher-filosofo-hay-que-ser-wokista-un-wokista-desencadenado-ideas\/","title":{"rendered":"Michel Feher, fil\u00f3sofo: \u201c\u00a1Hay que ser \u2018wokista\u2019!, \u00a1Un wokista\u2019 desencadenado!\u201d | Ideas"},"content":{"rendered":"\n<h2 class=\"wp-block-heading\">El pensador belga, experto en movimientos ultras, alerta: la democracia tiene un futuro incierto, y m\u00e1s si en lugar de resistir nos rendimos por adelantado, como han hecho los tecnomagnates con Trump<\/h2>\n\n\n\n<figure class=\"wp-block-image size-large\"><img fetchpriority=\"high\" decoding=\"async\" width=\"1024\" height=\"767\" src=\"https:\/\/losperiodistas.com.mx\/portal\/wp-content\/uploads\/2025\/01\/pais-1024x767.jpeg\" alt=\"\" class=\"wp-image-93663\" srcset=\"https:\/\/losperiodistas.com.mx\/portal\/wp-content\/uploads\/2025\/01\/pais-1024x767.jpeg 1024w, https:\/\/losperiodistas.com.mx\/portal\/wp-content\/uploads\/2025\/01\/pais-300x225.jpeg 300w, https:\/\/losperiodistas.com.mx\/portal\/wp-content\/uploads\/2025\/01\/pais-768x575.jpeg 768w, https:\/\/losperiodistas.com.mx\/portal\/wp-content\/uploads\/2025\/01\/pais.jpeg 1200w\" sizes=\"(max-width: 1024px) 100vw, 1024px\" \/><figcaption class=\"wp-element-caption\">El filosofo belga Michel Feher fotografiado en la plaza Edmond Michelet de Paris este mi\u00e9rcoles. Samuel Aranda<\/figcaption><\/figure>\n\n\n\n<p class=\"has-vivid-red-color has-text-color has-link-color has-medium-font-size wp-elements-75cf3eda7d8bd2923af9502e41a8e305\"><strong>DANIEL VERD\u00da \/ Ideas<\/strong><\/p>\n\n\n\n<p>Medio mundo sigue alucinado por la puesta en escena y el&nbsp;<a href=\"https:\/\/elpais.com\/internacional\/2025-01-20\/trump-proclama-el-inicio-de-una-edad-de-oro-y-de-una-marea-de-cambio-en-estados-unidos.html\">inquietante contenido<\/a>&nbsp;de la toma de posesi\u00f3n del nuevo presidente de EE UU, Donald Trump. Desde Par\u00eds se observa con atenci\u00f3n lo que sucede y lo que puede ocurrir en Francia si la inestabilidad avanza y el Rea\u00adgrupamiento Nacional (RN) de Marine Le Pen logra alcanzar la presidencia de la Rep\u00fablica. Nada es casualidad ni circunstancial, cree el fil\u00f3sofo belga Michel Feher (Bruselas, 1956), referente en el pensamiento pol\u00edtico franc\u00e9s y experto en movimientos ultras, adem\u00e1s de profesor en la \u00c9cole Normale Sup\u00e9rieure de Par\u00eds y cofundador de Cette France-l\u00e0, una asociaci\u00f3n que estudia la inmigraci\u00f3n francesa.<\/p>\n\n\n\n<p>Su \u00faltima obra,<em>&nbsp;Producteurs et parasites<\/em>&nbsp;(productores y par\u00e1sitos, sin edici\u00f3n en espa\u00f1ol), est\u00e1 dedicada a la compleja naturaleza de la ultraderecha francesa. Quien vota a un fascista es un fascista, resume. El martes 28 de enero estar\u00e1 en el Centro Condeduque de Madrid para participar en&nbsp;<a href=\"https:\/\/www.condeduquemadrid.es\/actividades\/la-respuesta-es-dinero-cual-era-la-pregunta\">una charla sobre el capitalismo financiero<\/a>, un asunto que analiz\u00f3 en su libro&nbsp;<a href=\"https:\/\/traficantes.net\/libros\/el-tiempo-de-los-investidos\"><em>El tiempo de los investidos<\/em><\/a>.M\u00e1s informaci\u00f3n<\/p>\n\n\n\n<p><a href=\"https:\/\/elpais.com\/ideas\/2024-11-03\/es-trump-un-fascista.html#?rel=mas_sumario\">\u00bfEs Trump un fascista?<\/a><\/p>\n\n\n\n<p><strong>Pregunta.<\/strong>&nbsp;\u00bfQu\u00e9 le pareci\u00f3 la toma de posesi\u00f3n de Trump y su puesta en escena?<\/p>\n\n\n\n<p><strong>Respuesta.<\/strong>&nbsp;La puesta en escena es lo de menos, es lo que anuncia. Y en eso hay dudas: hasta d\u00f3nde llegar\u00e1, c\u00f3mo gestionar\u00e1 las contradicciones entre promesas\u2026 Pero algo es seguro, la potencia m\u00e1s grande del mundo tiene un r\u00e9gimen que podemos llamar neofascista.<\/p>\n\n\n\n<p><strong>P.&nbsp;<\/strong>\u00bfTal cual?<\/p>\n\n\n\n<p><strong>R.<\/strong>&nbsp;S\u00ed. Ya s\u00e9 que no hay&nbsp;<em>camisas negras<\/em>&nbsp;o que el \u00fanico que hace el saludo nazi es Elon Musk, aunque sea una suerte de&nbsp;<a href=\"https:\/\/elpais.com\/sociedad\/2025-01-23\/quiso-hacer-elon-musk-el-saludo-nazi-no-lo-podremos-saber-nunca-porque-no-estamos-en-su-cabeza.html\">nazismo asp\u00e9rger<\/a>. Hay muchas cosas del nazismo o el fascismo de los a\u00f1os treinta que no est\u00e1n ah\u00ed. Pero es un r\u00e9gimen de extrema derecha con una voluntad transformadora decisiva, desde el punto de vista nacional e internacional. Y hay que tom\u00e1rselo en serio. Me preocupa el estado de negaci\u00f3n de gente que se dice opuesta a Trump. Algunos dicen que es teatro, que no cumplir\u00e1 sus promesas, que no habr\u00e1 tanta diferencia. Y lo dicen porque da miedo. Y porque saben que cuando est\u00e1s ante algo parecido al fascismo, la \u00fanica manera de resistir es ser valiente, pero en un r\u00e9gimen de este tipo es muy peligroso, porque arriesgan su vida o su libertad. Es m\u00e1s f\u00e1cil decir que es teatro.<\/p>\n\n\n\n<p><strong>P.<\/strong>&nbsp;Una gran parte del pa\u00eds no piensa as\u00ed. \u00bfHay esperanza?<\/p>\n\n\n\n<p><strong>R.<\/strong>&nbsp;No. Asistimos a una capitulaci\u00f3n preventiva que toma muchas formas. Hemos visto c\u00f3mo todos esos&nbsp;<a href=\"https:\/\/elpais.com\/internacional\/2025-01-20\/el-dia-en-que-la-oligarquia-tecnologica-tomo-posesion-con-donald-trump.html\">millonarios de la tecnolog\u00eda<\/a>&nbsp;a los que tom\u00e1bamos por dem\u00f3cratas se pusieron de rodillas y hac\u00edan reverencias a Trump. Tambi\u00e9n vemos a muchos centristas que aseguran que podr\u00e1n calmarlo, llegar a acuerdos\u2026 Pero son todav\u00eda peores los que dicen que hay que concentrarse en que muchas cosas seguir\u00e1n igual.<\/p>\n\n\n\n<p><strong>P.<\/strong>&nbsp;\u00bfNadie resistir\u00e1?<\/p>\n\n\n\n<p><strong>R.<\/strong>&nbsp;El problema es la comodidad material de esos centristas. No tienen nada que temer de Trump. Son blancos, y si no lo son, son ricos. Est\u00e1n protegidos. Solo deben temer pagar menos impuestos, as\u00ed que todo bien. Para la izquierda el problema de confort intelectual: les cost\u00f3 mucho tiempo construir una cr\u00edtica bien hecha del liberalismo, y cuando ya tienes las claves para criticar al enemigo, no tienes ganas de volver a cuestionarlo todo. Detr\u00e1s de todo esto solo est\u00e1 el miedo, y eso les hace laxos ante el neofascismo.<\/p>\n\n\n\n<blockquote class=\"wp-block-quote is-layout-flow wp-block-quote-is-layout-flow\">\n<p class=\"has-medium-font-size\"><strong>\u201cAlgo es seguro: la potencia m\u00e1s grande del mundo tiene un r\u00e9gimen que podemos llamar neofascista\u201d<\/strong><\/p>\n<\/blockquote>\n\n\n\n<p><strong>P.<\/strong>&nbsp;\u00bfEse cuadro cr\u00edtico ya no sirve?<\/p>\n\n\n\n<p><strong>R.&nbsp;<\/strong>Es err\u00f3neo pensar que el neofascismo es una revuelta contra la&nbsp;<a href=\"https:\/\/elpais.com\/economia\/negocios\/2024-05-25\/el-modelo-neoliberal-se-somete-a-revision-asi-se-esta-cocinando-un-nuevo-orden-economico-mundial.html\">globalizaci\u00f3n neoliberal<\/a>, que es populismo. Gente que se siente traicionada por promesas de prosperidad y por eso se rebela. Su c\u00f3lera es buena, dice la teor\u00eda, solo hay que cambiar el objeto de la c\u00f3lera. Pero no hay reg\u00edmenes fascistas que aparezcan sin el deseo de fascismo en la poblaci\u00f3n. Y ese deseo se llama resentimiento.<\/p>\n\n\n\n<p><strong>P.<\/strong>&nbsp;\u00bfDe qu\u00e9 est\u00e1 hecho ese resentimiento?<\/p>\n\n\n\n<p><strong>R.<\/strong>&nbsp;De pensar que hay gente disfrutando de lo que les pertenece. Hay que apartar a esos par\u00e1sitos, piensan, que les roban lo que es suyo, a ellos que trabajan duro.<\/p>\n\n\n\n<p><strong>P.<\/strong>&nbsp;Uno de esos cambios lo vimos en la tribuna vip de la toma de posesi\u00f3n de Trump.<\/p>\n\n\n\n<p><strong>R.<\/strong>&nbsp;Joe Biden no suele decir cosas muy inteligentes, pero antes de dimitir llam\u00f3 a esos empresarios tecnol\u00f3gicos \u201coligarqu\u00eda\u201d. Efectivamente, es un r\u00e9gimen fundado sobre la oligarqu\u00eda. Es decir, sobre el clientelismo. Hay un poder ejecutivo fuerte concentrado en el presidente, y luego una serie de vasallos que competir\u00e1n por sus favores.<\/p>\n\n\n\n<p><strong>P.<\/strong>&nbsp;\u00bfLa democracia est\u00e1 en peligro?<\/p>\n\n\n\n<p><strong>R.<\/strong>&nbsp;La democracia est\u00e1 muy enferma, especialmente en EE UU, donde fue clave una sentencia del Tribunal Supremo de 2010 que permit\u00eda a los millonarios, en nombre de la libertad de expresi\u00f3n,&nbsp;<a href=\"https:\/\/elpais.com\/internacional\/2010\/01\/22\/actualidad\/1264114805_850215.html\">financiar las campa\u00f1as electorales<\/a>. A partir de esa sentencia, los oligarcas decidieron financiar al Partido Republicano y convertirlo en un trampol\u00edn. Y eso explica la derrota de Kamala Harris.<\/p>\n\n\n\n<p><strong>P.<\/strong>&nbsp;\u00bfPor qu\u00e9?<\/p>\n\n\n\n<p><strong>R.<\/strong>&nbsp;La gente no se hizo trumpista de golpe, no gan\u00f3 mucho entre una elecci\u00f3n y otra. Pero los dem\u00f3cratas perdieron ocho millones de votos. Y fue as\u00ed porque el Partido Dem\u00f3crata es el partido de sus donantes, y la gente que lo financia no quiere pol\u00edticas sociales disruptivas. Su campa\u00f1a no habl\u00f3 de la crisis de vivienda, de la crisis de sanidad, de la deuda de los estudiantes, de las desi\u00adgualdades\u2026 Y no hablemos de la pol\u00edtica monstruosa en Gaza. Con una campa\u00f1a as\u00ed no puedes ganar.<\/p>\n\n\n\n<blockquote class=\"wp-block-quote is-layout-flow wp-block-quote-is-layout-flow\">\n<p class=\"has-medium-font-size\"><strong>\u201cEl Partido Dem\u00f3crata es el partido de sus donantes, que no quieren pol\u00edticas sociales disruptivas\u201d<\/strong><\/p>\n<\/blockquote>\n\n\n\n<p><strong>P.&nbsp;<\/strong>\u00bfLa extrema derecha europea puede convertirse en el tonto \u00fatil de ese sistema?<\/p>\n\n\n\n<p><strong>R.<\/strong>&nbsp;No s\u00e9 si son tontos, pero s\u00ed muy \u00fatiles. La idea es crear vasallos, un r\u00e9gimen de clientes. Y la cuesti\u00f3n es ver qui\u00e9n ser\u00e1 el mejor cliente. Por eso se han hecho&nbsp;<a href=\"https:\/\/elpais.com\/internacional\/2025-01-08\/el-triangulo-entre-meloni-musk-y-trump-agita-la-politica-italiana.html\">ofertas a Italia de sat\u00e9lites<\/a>, u otras que ha habido en Alemania\u2026 Invertiremos en vuestro pa\u00eds y seguir\u00e9is el dictado americano. Lo interesante de la capitulaci\u00f3n preventiva a la que asistimos es que gente como Emmanuel Macron o Ursula von der Leyen ya han dicho que colaborar\u00e1n, que tendr\u00e1n buenas relaciones. Pero Trump no les necesita. Prefiere a la extrema derecha. Eso deja una oportunidad: permite que la izquierda haga de Europa un lugar de resistencia.<\/p>\n\n\n\n<p><strong>P.<\/strong>&nbsp;La pol\u00edtica son ciclos. \u00bfNo ser\u00eda mejor olvidar cordones sanitarios y que la ultraderecha llegue al poder en los lugares en que no lo ha hecho para que se vaya cuanto antes?<\/p>\n\n\n\n<p><strong>R.<\/strong>&nbsp;En absoluto. La gente que vota al RN en Francia no lo hace por error, sino porque ama lo que le dice. El 60% los estadounidenses no piensan que&nbsp;<a href=\"https:\/\/elpais.com\/us\/2024-08-15\/la-edad-y-la-ideologia-marcan-la-percepcion-de-los-estadounidenses-sobre-mexico-el-60-tienen-una-opinion-negativa.html\">la pol\u00edtica migratoria de Trump<\/a>&nbsp;est\u00e9 mal. Esa idea de que llegar\u00e1n al poder y luego se ver\u00e1 que son incompetentes no funciona.<\/p>\n\n\n\n<p><strong>P.&nbsp;<\/strong>El RN tiene 11 millones de votos. \u00bfHay 11 millones de fascistas en Francia?<\/p>\n\n\n\n<p><strong>R.<\/strong>&nbsp;Pues s\u00ed. Somos lo que hacemos. No quiere decir que lo fueran siempre. Uno no nace fascista, se convierte en ello, como dec\u00eda Simone de Beauvoir. Y tal y como se llega a serlo, se puede dejar de serlo. Pero hay que ganarles antes que convencerles.<\/p>\n\n\n\n<p><strong>P.&nbsp;<\/strong>Muchos intelectuales franceses de la vieja izquierda se han pasado a la derecha.<\/p>\n\n\n\n<p><strong>R.<\/strong>&nbsp;Hoy es m\u00e1s dif\u00edcil ser de izquierdas que hace 40 a\u00f1os, cuando bastaba decir que estabas del lado de los obreros y no de los patrones. Nada de feminismo, nada de igualdad sexual, ni de reconocer el racismo estructural o la urgencia clim\u00e1tica. Hoy hay que ser todo eso, s\u00ed. \u00a1Hay que ser&nbsp;<em>wokista<\/em>! Un&nbsp;<em>wokista<\/em>&nbsp;desencadenado. Ser de izquierdas es ser al\u00e9rgico a las desigualdades estructurales.<\/p>\n\n\n\n<p><strong>P.<\/strong>&nbsp;Algunos acusan a ese \u201c<em>wokismo<\/em>&nbsp;desencadenado\u201d de ese \u00e9xodo a la derecha.<\/p>\n\n\n\n<p><strong>R.<\/strong>&nbsp;Es una manera de justificarse, de mantener privilegios. Pensar que los deseos de igualdad de los otros te roban algo responde exactamente a la noci\u00f3n de resentimiento, o sea, a la extrema derecha. La izquierda ser\u00e1<em>&nbsp;woke<\/em>&nbsp;o no ser\u00e1.<\/p>\n\n\n\n<p>Fuente: <a href=\"https:\/\/elpais.com\/ideas\/2025-01-25\/michel-feher-filosofo-hay-que-ser-wokista-un-wokista-desencadenado.html\">https:\/\/elpais.com\/ideas\/2025-01-25\/michel-feher-filosofo-hay-que-ser-wokista-un-wokista-desencadenado.html<\/a><\/p>\n\n\n\n<p><\/p>\n","protected":false},"excerpt":{"rendered":"<p>El pensador belga, experto en movimientos ultras, alerta: la democracia tiene un futuro incierto, y m\u00e1s si en lugar de [&hellip;]<\/p>\n","protected":false},"author":1,"featured_media":93663,"comment_status":"open","ping_status":"open","sticky":false,"template":"","format":"standard","meta":{"site-sidebar-layout":"default","site-content-layout":"","ast-site-content-layout":"default","site-content-style":"default","site-sidebar-style":"default","ast-global-header-display":"","ast-banner-title-visibility":"","ast-main-header-display":"","ast-hfb-above-header-display":"","ast-hfb-below-header-display":"","ast-hfb-mobile-header-display":"","site-post-title":"","ast-breadcrumbs-content":"","ast-featured-img":"","footer-sml-layout":"","theme-transparent-header-meta":"","adv-header-id-meta":"","stick-header-meta":"","header-above-stick-meta":"","header-main-stick-meta":"","header-below-stick-meta":"","astra-migrate-meta-layouts":"default","ast-page-background-enabled":"default","ast-page-background-meta":{"desktop":{"background-color":"var(--ast-global-color-4)","background-image":"","background-repeat":"repeat","background-position":"center center","background-size":"auto","background-attachment":"scroll","background-type":"","background-media":"","overlay-type":"","overlay-color":"","overlay-opacity":"","overlay-gradient":""},"tablet":{"background-color":"","background-image":"","background-repeat":"repeat","background-position":"center center","background-size":"auto","background-attachment":"scroll","background-type":"","background-media":"","overlay-type":"","overlay-color":"","overlay-opacity":"","overlay-gradient":""},"mobile":{"background-color":"","background-image":"","background-repeat":"repeat","background-position":"center center","background-size":"auto","background-attachment":"scroll","background-type":"","background-media":"","overlay-type":"","overlay-color":"","overlay-opacity":"","overlay-gradient":""}},"ast-content-background-meta":{"desktop":{"background-color":"var(--ast-global-color-5)","background-image":"","background-repeat":"repeat","background-position":"center center","background-size":"auto","background-attachment":"scroll","background-type":"","background-media":"","overlay-type":"","overlay-color":"","overlay-opacity":"","overlay-gradient":""},"tablet":{"background-color":"var(--ast-global-color-5)","background-image":"","background-repeat":"repeat","background-position":"center center","background-size":"auto","background-attachment":"scroll","background-type":"","background-media":"","overlay-type":"","overlay-color":"","overlay-opacity":"","overlay-gradient":""},"mobile":{"background-color":"var(--ast-global-color-5)","background-image":"","background-repeat":"repeat","background-position":"center center","background-size":"auto","background-attachment":"scroll","background-type":"","background-media":"","overlay-type":"","overlay-color":"","overlay-opacity":"","overlay-gradient":""}},"footnotes":""},"categories":[8],"tags":[35339,35338,35341,35340,7728],"class_list":["post-93662","post","type-post","status-publish","format-standard","has-post-thumbnail","hentry","category-noticias","tag-hay-que-ser-wokista","tag-michel-feher","tag-politica-mifratoria-de-trump","tag-regimen-neofascista","tag-resentimiento"],"_links":{"self":[{"href":"https:\/\/losperiodistas.com.mx\/portal\/wp-json\/wp\/v2\/posts\/93662","targetHints":{"allow":["GET"]}}],"collection":[{"href":"https:\/\/losperiodistas.com.mx\/portal\/wp-json\/wp\/v2\/posts"}],"about":[{"href":"https:\/\/losperiodistas.com.mx\/portal\/wp-json\/wp\/v2\/types\/post"}],"author":[{"embeddable":true,"href":"https:\/\/losperiodistas.com.mx\/portal\/wp-json\/wp\/v2\/users\/1"}],"replies":[{"embeddable":true,"href":"https:\/\/losperiodistas.com.mx\/portal\/wp-json\/wp\/v2\/comments?post=93662"}],"version-history":[{"count":1,"href":"https:\/\/losperiodistas.com.mx\/portal\/wp-json\/wp\/v2\/posts\/93662\/revisions"}],"predecessor-version":[{"id":93664,"href":"https:\/\/losperiodistas.com.mx\/portal\/wp-json\/wp\/v2\/posts\/93662\/revisions\/93664"}],"wp:featuredmedia":[{"embeddable":true,"href":"https:\/\/losperiodistas.com.mx\/portal\/wp-json\/wp\/v2\/media\/93663"}],"wp:attachment":[{"href":"https:\/\/losperiodistas.com.mx\/portal\/wp-json\/wp\/v2\/media?parent=93662"}],"wp:term":[{"taxonomy":"category","embeddable":true,"href":"https:\/\/losperiodistas.com.mx\/portal\/wp-json\/wp\/v2\/categories?post=93662"},{"taxonomy":"post_tag","embeddable":true,"href":"https:\/\/losperiodistas.com.mx\/portal\/wp-json\/wp\/v2\/tags?post=93662"}],"curies":[{"name":"wp","href":"https:\/\/api.w.org\/{rel}","templated":true}]}}