{"id":93659,"date":"2025-01-28T09:09:02","date_gmt":"2025-01-28T15:09:02","guid":{"rendered":"https:\/\/losperiodistas.com.mx\/portal\/?p=93659"},"modified":"2025-01-28T09:09:04","modified_gmt":"2025-01-28T15:09:04","slug":"albert-barbouth-judio-sefardi-que-sobrevivio-al-holocausto-perdonar-mataron-a-1-100-000-bebes-abc","status":"publish","type":"post","link":"https:\/\/losperiodistas.com.mx\/portal\/albert-barbouth-judio-sefardi-que-sobrevivio-al-holocausto-perdonar-mataron-a-1-100-000-bebes-abc\/","title":{"rendered":"Albert Barbouth, jud\u00edo sefard\u00ed que sobrevivi\u00f3 al Holocausto: \u00ab\u00bfPerdonar? Mataron a 1.100.000 beb\u00e9s\u00bb | ABC"},"content":{"rendered":"\n<h2 class=\"wp-block-heading\">Jud\u00edo sefard\u00ed, pas\u00f3 dos a\u00f1os oculto, pero fue cazado y deportado al campo de Drancy<\/h2>\n\n\n\n<figure class=\"wp-block-image size-large\"><img fetchpriority=\"high\" decoding=\"async\" width=\"1024\" height=\"575\" src=\"https:\/\/losperiodistas.com.mx\/portal\/wp-content\/uploads\/2025\/01\/Captura-de-pantalla-2025-01-28-a-las-9.04.30\u202fa.m-1024x575.png\" alt=\"\" class=\"wp-image-93660\" srcset=\"https:\/\/losperiodistas.com.mx\/portal\/wp-content\/uploads\/2025\/01\/Captura-de-pantalla-2025-01-28-a-las-9.04.30\u202fa.m-1024x575.png 1024w, https:\/\/losperiodistas.com.mx\/portal\/wp-content\/uploads\/2025\/01\/Captura-de-pantalla-2025-01-28-a-las-9.04.30\u202fa.m-300x168.png 300w, https:\/\/losperiodistas.com.mx\/portal\/wp-content\/uploads\/2025\/01\/Captura-de-pantalla-2025-01-28-a-las-9.04.30\u202fa.m-768x431.png 768w, https:\/\/losperiodistas.com.mx\/portal\/wp-content\/uploads\/2025\/01\/Captura-de-pantalla-2025-01-28-a-las-9.04.30\u202fa.m.png 1522w\" sizes=\"(max-width: 1024px) 100vw, 1024px\" \/><figcaption class=\"wp-element-caption\">Albert Barbouth, durante la entrevista\u00a0JOS\u00c9 RAM\u00d3N LADRA<\/figcaption><\/figure>\n\n\n\n<p><a href=\"https:\/\/players.brightcove.net\/55814260001\/Bki6qnWf_default\/index.html?videoId=6367847990112\">Albert Barbouth, jud\u00edo sefard\u00ed que sobrevivi\u00f3 al Holocausto \u00ab\u00bfPerdonar Mataron a 1.100_1<\/a> en <a href=\"http:\/\/www.abc.es\/\/multimedia\/videos\">Videos<\/a><\/p>\n\n\n\n<p class=\"has-vivid-red-color has-text-color has-link-color has-medium-font-size wp-elements-f830df66c90b53354bc35f58f7dcafa8\"><strong>Manuel P.Villatoro \/ ABC<\/strong><\/p>\n\n\n\n<p>Han sido m\u00e1s de treinta minutos de emociones y alguna que otra parada para coger aire. Normal; la tensi\u00f3n por el recuerdo es potente y estrangula a pesar de que los campos de concentraci\u00f3n quedaron atr\u00e1s<a href=\"https:\/\/www.abc.es\/historia\/vio-traumatizo-siempre-testimonio-primer-soldado-entro-20250127041423-nt.html\">&nbsp;hace 80 a\u00f1os.<\/a>&nbsp;Sin embargo, el rostro de&nbsp;<strong>Albert Barbouth,<\/strong>&nbsp;jud\u00edo sefard\u00ed de 91 a\u00f1os y superviviente del Holocausto, se torna serio cuando toca, y la pregunta obliga.<\/p>\n\n\n\n<p><em>\u2013\u00bfCree que se puede perdonar?<\/em><\/p>\n\n\n\n<p><em>\u2013No, no es posible. Fueron 1.100.000 beb\u00e9s muertos&#8230; Los mataron. \u00a11.100.000! \u00bfQui\u00e9n puede perdonar eso?<\/em><\/p>\n\n\n\n<p>\u00c9l podr\u00eda haber sido uno de ellos. Este simp\u00e1tico anciano que mira al infinito a trav\u00e9s de unas gafas de pasta negras podr\u00eda haber engrosado las listas de ni\u00f1os asesinados que custodian instituciones como el&nbsp;<a href=\"https:\/\/www.ushmm.org\/\">United States Holocaust Memorial Museum<\/a>. Pero, lo que es la vida, su nacionalidad le salv\u00f3. Tras haber sido \u00abcazado\u00bb y deportado al&nbsp;<strong>campo de concentraci\u00f3n de Drancy<\/strong>, a un suspiro de Par\u00eds, Albert y su familia fueron repatriados a la neutral Turqu\u00eda. Un golpe de suerte que, dice, no hace buenos a los verdugos. Aunque, antes de continuar, matiza unas palabras que sabe duras: \u00abLas nuevas generaciones no son responsables de lo que hicieron sus padres. Se lo he dicho a j\u00f3venes alemanes. No lo son\u00bb.Noticia Relacionada<\/p>\n\n\n\n<figure class=\"wp-block-image\"><a href=\"https:\/\/www.abc.es\/historia\/historiador-espanol-destruye-topicos-holocausto-peor-creemos-20250127174205-nt.html#vca=modulo-rel-uno&amp;vso=abc&amp;vmc=noticias-rel&amp;vli=historia\"><img decoding=\"async\" src=\"https:\/\/s2.abcstatics.com\/abc\/www\/multimedia\/historia\/2025\/01\/27\/auschwitz-U48873857157vjJ-366x256@diario_abc.jpg\" alt=\"La m\u00e1quina del exterminio \u00abfue peor de lo que creemos\u00bb\"\/><\/a><\/figure>\n\n\n\n<h3 class=\"wp-block-heading\"><a href=\"https:\/\/www.abc.es\/historia\/historiador-espanol-destruye-topicos-holocausto-peor-creemos-20250127174205-nt.html#vca=modulo-rel-uno&amp;vso=abc&amp;vmc=noticias-rel&amp;vli=historia\">La m\u00e1quina del exterminio \u00abfue peor de lo que creemos\u00bb<\/a><\/h3>\n\n\n\n<p>Manuel P. Villatoro<\/p>\n\n\n\n<p>El catedr\u00e1tico de estudios de genocidio Xabier Irujo derriba mitos<\/p>\n\n\n\n<p>Albert es un tipo cercano que sonr\u00ede mucho, y no es un decir: mientras tomamos asiento en el coraz\u00f3n del&nbsp;<strong>Centro Sefarad de Madrid<\/strong>, pide que le llamemos por su nombre de pila. Es un superviviente en muchos sentidos. Y para muestra, su jornada de este lunes: tras un viaje de locura desde Francia, ha acudido de buena ma\u00f1ana al Senado para celebrar el&nbsp;<a href=\"https:\/\/www.abc.es\/espana\/secretario-estado-memoria-democratica-pide-reflexion-aulas-20250127154814-vi.html\">Acto de Estado en Memoria de las V\u00edctimas del Holocausto<\/a>. Luego le toc\u00f3 una larga rueda de entrevistas. Es la dura responsabilidad que supone ser uno de los \u00faltimos testigos vivos de la barbarie nazi. \u00ab\u00bfEl antisemitismo? Estaba durmiendo, pero ahora se levanta de nuevo. Para las nuevas generaciones es dif\u00edcil de comprender, por eso sigo hablando con j\u00f3venes\u00bb, a\u00f1ade.<\/p>\n\n\n\n<p>Se tilda de \u00abviejo\u00bb, pero narra los pormenores de su vida con la viveza de un chaval. \u00abMi mujer dice que hablo mucho\u00bb, bromea. No le hemos podido preguntar por ella, no sabemos si vive a\u00fan, pero parece un crimen cortar sus palabras. El bueno de Albert se ha preparado un resumen de su familia que se remonta hasta la \u00e9poca de los&nbsp;<a href=\"https:\/\/www.abc.es\/historia\/reyes-catolicos-dinastia-sello-sangre-futuro-conquistar-20230219165455-nt.html\">Reyes Cat\u00f3licos<\/a>: \u00abMis ascendientes eran de esos jud\u00edos espa\u00f1oles que fueron expulsados de la pen\u00ednsula. Se fueron a Turqu\u00eda\u00bb. De ah\u00ed conserva el idioma, un espa\u00f1ol \u00abde hace quinientos a\u00f1os\u00bb.<\/p>\n\n\n\n<h3 class=\"wp-block-heading\">Camino a Francia<\/h3>\n\n\n\n<p>Fue desde Turqu\u00eda, \u00abentre 1920 y 1922\u00bb, cuando su padre se march\u00f3 a Francia; y sin saber una palabra del idioma. \u00abEncontr\u00f3 trabajo. Le daban cajas de bombones y le dec\u00edan lo que deb\u00eda gritar para venderlos\u00bb, a\u00f1ade.<\/p>\n\n\n\n<p>Albert naci\u00f3 en junio de 1933 con promesas de una vida feliz, pero lleg\u00f3 la&nbsp;<a href=\"https:\/\/www.abc.es\/historia\/abci-gibraltar-nazis-enf-202107262056_reportaje.html\">invasi\u00f3n nazi.<\/a>&nbsp;\u00abComo no era ni turco ni galo, mi padre se enrol\u00f3 en la Legi\u00f3n Extranjera y se fue a la guerra\u00bb. La emoci\u00f3n le hace parar para coger impulso: \u00abRegres\u00f3 en 1941, pero dos meses despu\u00e9s se muri\u00f3 y mi madre se qued\u00f3 con tres hijos\u00bb.<\/p>\n\n\n\n<p>En la Francia ocupada, dice, vivi\u00f3 con inocencia infantil los decretos del&nbsp;<a href=\"https:\/\/www.abc.es\/historia\/abci-labor-porsche-para-crear-tanques-mas-letales-hitler-segunda-guerra-mundial-201910090119_noticia.html\">Tercer Reich<\/a>&nbsp;contra los jud\u00edos: \u00abCuando mi madre me cosi\u00f3 la estrella amarilla yo estaba contento. Era una decoraci\u00f3n muy bonita\u00bb. Pero aquella ilusi\u00f3n qued\u00f3 hecha mil trozos al d\u00eda siguiente. \u00abEn la escuela&#8230; Ya no tuve m\u00e1s amigos&#8230; Ninguno quer\u00eda jugar conmigo. Me llamaban sucio jud\u00edo y perro jud\u00edo\u00bb, completa. Y se detiene de nuevo, emocionado; los presentes le damos tiempo, tambi\u00e9n necesitamos coger aire. \u00abAl volver entr\u00e9 en casa y le dije: &#8216;No quiero ir m\u00e1s a la escuela&#8217;\u00bb, finaliza.<\/p>\n\n\n\n<p>Quiz\u00e1 por ello no le impact\u00f3 que su madre le enviara a la comuna de La Celle-sur-Loire, en Borgo\u00f1a, para protegerle. Estuvo oculto con una familia dos a\u00f1os. \u00abTen\u00edamos mucho de comer y de beber. Cuando no hab\u00eda carne mataban un cerdo, y, cuando este se acababa, mataban otro\u00bb, evoca. Fueron buenos d\u00edas, a pesar de todo, hasta marzo de 1944. Aquel mes de infausto recuerdo los nazis le detuvieron y le deportaron al campo de Drancy. \u00abDesde all\u00ed part\u00edan los trenes para&nbsp;<a href=\"https:\/\/www.abc.es\/internacional\/aniversario-liberacion-auschwitz-directo-asistentes-presencia-reyes-20250127153920-di.html\">Auschwitz<\/a>&#8230;\u00bb. No necesita a\u00f1adir nada m\u00e1s.Noticias relacionadas<\/p>\n\n\n\n<ul class=\"wp-block-list\">\n<li><a href=\"https:\/\/www.abc.es\/internacional\/pedro-rodriguez-resulta-peligroso-olvidar-lecciones-auschwitz-20250128185023-nt.html#vca=modulo-rel-dos&amp;vso=abc&amp;vmc=noticias-rel&amp;vli=historia\"><\/a><a href=\"https:\/\/www.abc.es\/internacional\/pedro-rodriguez-resulta-peligroso-olvidar-lecciones-auschwitz-20250128185023-nt.html#vca=modulo-rel-dos&amp;vso=abc&amp;vmc=noticias-rel&amp;vli=historia\">\u00bfPor qu\u00e9 resulta tan peligroso olvidar las lecciones de Auschwitz?<\/a>Pedro Rodr\u00edguez<\/li>\n\n\n\n<li><a href=\"https:\/\/www.abc.es\/espana\/casa-real\/reyes-refuerzan-compromiso-genocidio-auschwitz-20250127183122-nt.html#vca=modulo-rel-dos&amp;vso=abc&amp;vmc=noticias-rel&amp;vli=historia\"><\/a><a href=\"https:\/\/www.abc.es\/espana\/casa-real\/reyes-refuerzan-compromiso-genocidio-auschwitz-20250127183122-nt.html#vca=modulo-rel-dos&amp;vso=abc&amp;vmc=noticias-rel&amp;vli=historia\">Los Reyes refuerzan su compromiso contra el genocidio en Auschwitz<\/a>Angie Calero<\/li>\n<\/ul>\n\n\n\n<p>Pocos recuerdos le quedan de aquel infierno. Se sent\u00eda solo y perdido, olvidado del mundo. Pero, lo que son las cosas, all\u00ed volvi\u00f3 a toparse con su madre. Y, contra todo pron\u00f3stico, el pasaporte les salv\u00f3 la vida: \u00abEstuvimos en el campo hasta el 12 de abril. Nos metieron en un tren. \u00c9ramos 166. Era un tren normal, no de deportados. Viajamos por Alemania, Austria, Checoslovaquia, Bulgaria&#8230; Fueron nueve d\u00edas hasta llegar a Estambul\u00bb.<\/p>\n\n\n\n<p>Albert no tiene mal recuerdo de aquello: \u00abVivimos bien\u00bb. A partir de entonces, cada miembro de la familia tom\u00f3 su propio camino. El suyo cambi\u00f3 cuando supo de las&nbsp;<a href=\"https:\/\/www.abc.es\/historia\/vergonzoso-orgullo-nazis-tras-inventar-camaras-gas-20241028134729-nt.html\">c\u00e1maras de gas<\/a>. Desde ese momento se dedic\u00f3 a recuperar la memoria de las v\u00edctimas y a contar en colegios la mec\u00e1nica del exterminio. Aunque, admite, con algo de verg\u00fcenza. \u00ab\u00bfQu\u00e9 pod\u00eda contar yo en comparaci\u00f3n?\u00bb. Por suerte, hoy est\u00e1 encantado de hablar.<\/p>\n\n\n\n<p>Fuente: <a href=\"https:\/\/www.abc.es\/historia\/albert-barbouth-judio-sefardi-sobrevivio-holocausto-perdonar-20250128200443-nt.html#\">https:\/\/www.abc.es\/historia\/albert-barbouth-judio-sefardi-sobrevivio-holocausto-perdonar-20250128200443-nt.html#<\/a><\/p>\n","protected":false},"excerpt":{"rendered":"<p>Jud\u00edo sefard\u00ed, pas\u00f3 dos a\u00f1os oculto, pero fue cazado y deportado al campo de Drancy Albert Barbouth, jud\u00edo sefard\u00ed que [&hellip;]<\/p>\n","protected":false},"author":1,"featured_media":93660,"comment_status":"open","ping_status":"open","sticky":false,"template":"","format":"standard","meta":{"site-sidebar-layout":"default","site-content-layout":"","ast-site-content-layout":"default","site-content-style":"default","site-sidebar-style":"default","ast-global-header-display":"","ast-banner-title-visibility":"","ast-main-header-display":"","ast-hfb-above-header-display":"","ast-hfb-below-header-display":"","ast-hfb-mobile-header-display":"","site-post-title":"","ast-breadcrumbs-content":"","ast-featured-img":"","footer-sml-layout":"","theme-transparent-header-meta":"","adv-header-id-meta":"","stick-header-meta":"","header-above-stick-meta":"","header-main-stick-meta":"","header-below-stick-meta":"","astra-migrate-meta-layouts":"default","ast-page-background-enabled":"default","ast-page-background-meta":{"desktop":{"background-color":"var(--ast-global-color-4)","background-image":"","background-repeat":"repeat","background-position":"center center","background-size":"auto","background-attachment":"scroll","background-type":"","background-media":"","overlay-type":"","overlay-color":"","overlay-opacity":"","overlay-gradient":""},"tablet":{"background-color":"","background-image":"","background-repeat":"repeat","background-position":"center center","background-size":"auto","background-attachment":"scroll","background-type":"","background-media":"","overlay-type":"","overlay-color":"","overlay-opacity":"","overlay-gradient":""},"mobile":{"background-color":"","background-image":"","background-repeat":"repeat","background-position":"center center","background-size":"auto","background-attachment":"scroll","background-type":"","background-media":"","overlay-type":"","overlay-color":"","overlay-opacity":"","overlay-gradient":""}},"ast-content-background-meta":{"desktop":{"background-color":"var(--ast-global-color-5)","background-image":"","background-repeat":"repeat","background-position":"center center","background-size":"auto","background-attachment":"scroll","background-type":"","background-media":"","overlay-type":"","overlay-color":"","overlay-opacity":"","overlay-gradient":""},"tablet":{"background-color":"var(--ast-global-color-5)","background-image":"","background-repeat":"repeat","background-position":"center center","background-size":"auto","background-attachment":"scroll","background-type":"","background-media":"","overlay-type":"","overlay-color":"","overlay-opacity":"","overlay-gradient":""},"mobile":{"background-color":"var(--ast-global-color-5)","background-image":"","background-repeat":"repeat","background-position":"center center","background-size":"auto","background-attachment":"scroll","background-type":"","background-media":"","overlay-type":"","overlay-color":"","overlay-opacity":"","overlay-gradient":""}},"footnotes":""},"categories":[8],"tags":[35336,35334,35337,3971,35335],"class_list":["post-93659","post","type-post","status-publish","format-standard","has-post-thumbnail","hentry","category-noticias","tag-1-100-000-bebes-muertos","tag-albert-barbouth","tag-campo-de-drancy","tag-holocausto","tag-perdonar"],"_links":{"self":[{"href":"https:\/\/losperiodistas.com.mx\/portal\/wp-json\/wp\/v2\/posts\/93659","targetHints":{"allow":["GET"]}}],"collection":[{"href":"https:\/\/losperiodistas.com.mx\/portal\/wp-json\/wp\/v2\/posts"}],"about":[{"href":"https:\/\/losperiodistas.com.mx\/portal\/wp-json\/wp\/v2\/types\/post"}],"author":[{"embeddable":true,"href":"https:\/\/losperiodistas.com.mx\/portal\/wp-json\/wp\/v2\/users\/1"}],"replies":[{"embeddable":true,"href":"https:\/\/losperiodistas.com.mx\/portal\/wp-json\/wp\/v2\/comments?post=93659"}],"version-history":[{"count":1,"href":"https:\/\/losperiodistas.com.mx\/portal\/wp-json\/wp\/v2\/posts\/93659\/revisions"}],"predecessor-version":[{"id":93661,"href":"https:\/\/losperiodistas.com.mx\/portal\/wp-json\/wp\/v2\/posts\/93659\/revisions\/93661"}],"wp:featuredmedia":[{"embeddable":true,"href":"https:\/\/losperiodistas.com.mx\/portal\/wp-json\/wp\/v2\/media\/93660"}],"wp:attachment":[{"href":"https:\/\/losperiodistas.com.mx\/portal\/wp-json\/wp\/v2\/media?parent=93659"}],"wp:term":[{"taxonomy":"category","embeddable":true,"href":"https:\/\/losperiodistas.com.mx\/portal\/wp-json\/wp\/v2\/categories?post=93659"},{"taxonomy":"post_tag","embeddable":true,"href":"https:\/\/losperiodistas.com.mx\/portal\/wp-json\/wp\/v2\/tags?post=93659"}],"curies":[{"name":"wp","href":"https:\/\/api.w.org\/{rel}","templated":true}]}}