{"id":93656,"date":"2025-01-28T08:27:28","date_gmt":"2025-01-28T14:27:28","guid":{"rendered":"https:\/\/losperiodistas.com.mx\/portal\/?p=93656"},"modified":"2025-01-28T08:27:30","modified_gmt":"2025-01-28T14:27:30","slug":"opinion-crisis-en-california-10-millones-de-migrantes","status":"publish","type":"post","link":"https:\/\/losperiodistas.com.mx\/portal\/opinion-crisis-en-california-10-millones-de-migrantes\/","title":{"rendered":"Opini\u00f3n | Crisis en California: 10 millones de migrantes"},"content":{"rendered":"\n<p style=\"font-size:29px;text-decoration:underline\">SIN L\u00cdMITES<\/p>\n\n\n\n<p class=\"has-medium-font-size\">*Curso de Emprendedores en el ITP; Antorcha denuncia agresi\u00f3n; Camarillo en la COPARMEX<\/p>\n\n\n\n<figure class=\"wp-block-image size-full\"><img fetchpriority=\"high\" decoding=\"async\" width=\"520\" height=\"300\" src=\"https:\/\/losperiodistas.com.mx\/portal\/wp-content\/uploads\/2025\/01\/REUNION-EN-EL-ITP.jpg\" alt=\"\" class=\"wp-image-93657\" srcset=\"https:\/\/losperiodistas.com.mx\/portal\/wp-content\/uploads\/2025\/01\/REUNION-EN-EL-ITP.jpg 520w, https:\/\/losperiodistas.com.mx\/portal\/wp-content\/uploads\/2025\/01\/REUNION-EN-EL-ITP-300x173.jpg 300w\" sizes=\"(max-width: 520px) 100vw, 520px\" \/><\/figure>\n\n\n\n<p class=\"has-vivid-red-color has-text-color has-link-color wp-elements-450fe4d6fbd4d763baafc10fbd4a0849\" style=\"font-size:26px\"><strong><em>Por Ra\u00fal Torres Salmer\u00f3n<\/em><\/strong><\/p>\n\n\n\n<p>La decisi\u00f3n de Donald Trump para deportar a miles de migrantes en Estados Unidos y los incendios en California tienen en crisis al influyente y rico estado. Los datos que lo explican son los siguientes:<\/p>\n\n\n\n<p>-Los inmigrantes constituyen un porcentaje significativo de los trabajadores de California necesarios para reconstruir los vecindarios. Se estima que el 41% de los trabajadores de la construcci\u00f3n en California son inmigrantes, declaran en la Asociaci\u00f3n Nacional de Constructores de Viviendas.<\/p>\n\n\n\n<p>-Los expertos dicen que esa cifra es mucho mayor en la construcci\u00f3n residencial, que en gran parte no est\u00e1 sindicalizada y no est\u00e1 tan regulada como los grandes proyectos de capital. Los salarios son m\u00e1s bajos y muchos trabajadores no tienen el estatus legal para estar en los Estados Unidos.<\/p>\n\n\n\n<p>-La amenaza est\u00e1 sacudiendo a la industria de la construcci\u00f3n, que ya tiene escasez de mano de obra. Los incendios forestales que arrasaron 12 mil estructuras tan solo en Pacific Palisades y Altadena.<\/p>\n\n\n\n<p>-California tiene m\u00e1s inmigrantes que cualquier otro estado. Es el hogar de 10.6 millones de inmigrantes, el 22 por ciento de la poblaci\u00f3n nacida en el extranjero a nivel nacional.<\/p>\n\n\n\n<p>-Casi la mitad, el 45 por ciento de los ni\u00f1os de California tienen al menos un padre inmigrante. Un tercio de los adultos en edad laboral, entre 25 y 54 a\u00f1os, nacieron en el extranjero.<\/p>\n\n\n\n<p>-La poblaci\u00f3n inmigrante de California aument\u00f3 s\u00f3lo un 5 por ciento, alrededor de 500 mil, entre 2010 y 2023. La ca\u00edda de la inmigraci\u00f3n internacional ha contribuido a la desaceleraci\u00f3n del crecimiento general de la poblaci\u00f3n de California en las \u00faltimas d\u00e9cadas.<\/p>\n\n\n\n<p>-La gran mayor\u00eda de los inmigrantes en California son residentes documentados. M\u00e1s de la mitad, el 55 por ciento de los inmigrantes eran ciudadanos estadounidenses naturalizados en 2023.<\/p>\n\n\n\n<p>Seg\u00fan el Pew Research Center y el diario norteamericano Los Angeles Times, en 2022, el 83 por ciento de los inmigrantes eran ciudadanos o ten\u00edan alg\u00fan otro estatus de residencia legal. La poblaci\u00f3n inmigrante de California se concentra en las \u00e1reas metropolitanas costeras. En 2023, los residentes nacidos en el extranjero representaban al menos un tercio de la poblaci\u00f3n en los condados de Santa Clara, San Mateo, Alameda, San Francisco y Los \u00c1ngeles.<\/p>\n\n\n\n<p>-Mientras tanto, en la mayor\u00eda de los condados del extremo norte y de Sierra Nevada, los residentes nacidos en el extranjero representan una proporci\u00f3n muy peque\u00f1a de la poblaci\u00f3n. Casi la mitad de los inmigrantes son de Am\u00e9rica Latina, pero una proporci\u00f3n mayor de los reci\u00e9n llegados provienen de Asia.<\/p>\n\n\n\n<p>-La gran mayor\u00eda de los inmigrantes de California nacieron en Am\u00e9rica Latina, un 49 por ciento y en Asia el 41 por ciento. Los principales pa\u00edses de origen son M\u00e9xico con 3 millones 800 mil; Filipinas con 821 mil; China con 795 mil; India con 574 mil y Vietnam con 525 mil.<\/p>\n\n\n\n<p>-La mayor\u00eda de los inmigrantes de California hablan al menos algo de ingl\u00e9s. Dos tercios de los inmigrantes en California dicen hablar ingl\u00e9s muy bien o bien, el 23 por ciento habla ingl\u00e9s, pero no bien y el 11 por ciento no habla ingl\u00e9s.<\/p>\n\n\n\n<p>Con los datos anteriores es de pron\u00f3stico reservado lo que suceder\u00e1 en el Estado Dorado de la Uni\u00f3n Americana.<\/p>\n\n\n\n<p>CURSO DEL TECNOL\u00d3GICO<\/p>\n\n\n\n<p>El Tecnol\u00f3gico Nacional de M\u00e9xico (TecNM) dio inicio al Curso-Taller para la Formaci\u00f3n de Instructores de la versi\u00f3n actualizada del Modelo Talento Emprendedor (MTE), Fase 2, realizado en el Instituto Tecnol\u00f3gico de Puebla (ITP), que fue inaugurado por Andrea Yadira Z\u00e1rate Fuentes, Secretaria de Extensi\u00f3n y Vinculaci\u00f3n del TecNM y cont\u00f3 con la anfitrion\u00eda de Yeyetzin Sandoval Gonz\u00e1lez, Directora del ITP.<\/p>\n\n\n\n<p>Este curso est\u00e1 dirigido a docentes de los Institutos Tecnol\u00f3gicos de Puebla, Veracruz, Guerrero, Tlaxcala, Morelos y Oaxaca, quienes tienen la misi\u00f3n de formar a los estudiantes de sus instituciones en el MTE, con el objetivo de fortalecer el Ecosistema de Emprendimiento e Innovaci\u00f3n del TecNM.<\/p>\n\n\n\n<p>Z\u00e1rate Fuentes destac\u00f3 la importancia de este modelo para la innovaci\u00f3n y la creatividad en la formaci\u00f3n de los estudiantes, mencionando proyectos clave como la inclusi\u00f3n del TecNM en el proyecto presidencial de electromovilidad con el auto Olinia, en el que participa el Instituto Tecnol\u00f3gico de Puebla.<\/p>\n\n\n\n<p>DENUNCIA ANTORCHA AGRESI\u00d3N<\/p>\n\n\n\n<p>Un herido en estado cr\u00edtico y tres m\u00e1s en condiciones graves, fue el saldo de un ataque perpetrado por 40 integrantes de la Uni\u00f3n Popular de Vendedores Ambulantes (UPVA) 28 de Octubre, quienes a bordo de unidades de la Ruta 10 atacaron en el derrotero de la Ruta 100 de Amozoc afiliada al Movimiento Antorchista, misma a la que meses antes ya han atacado con tiroteos contra sus unidades.<\/p>\n\n\n\n<p>\u201cEste es un aviso, v\u00e1yanse y dejen trabajar a la ruta S\u00faper Express de Oriente\u201d fue el mensaje que los porros dejaron y armados con palos y cadenas, la ma\u00f1ana del lunes tras golpear a los choferes y a la checadora, vandalizando tambi\u00e9n las unidades.<\/p>\n\n\n\n<p>Vinicio Carrera, representante legal de la ruta 100, denunci\u00f3 a Ra\u00fal Pineda Raygoza, como autor intelectual del ataque, ya que es due\u00f1o de la ruta S\u00faper Express de Oriente. Los quejosos hicieron un llamado respetuoso al Gobernador Alejandro Armenta, para que las autoridades intervengan.<\/p>\n\n\n\n<p>Juan Manuel Hern\u00e1ndez Garc\u00eda es la v\u00edctima m\u00e1s grave mientras que los otros agredidos fueron Ismael Gonz\u00e1lez P\u00e9rez, Mario Reyes y Karina V\u00e1zquez P\u00e9rez.<\/p>\n\n\n\n<p>Ovidio Celis C\u00f3rdova, l\u00edder de los transportistas del Movimiento Antorchista, pidi\u00f3 a las autoridades para que pongan un alto y solucionen este problema, que paren las agresiones de la 28 contra nuestros transportistas.<\/p>\n\n\n\n<p>Lluvia S\u00e1nchez Hern\u00e1ndez, l\u00edder de los transportistas en la zona sur de Puebla Capital, manifest\u00f3 que ya se han hecho las denuncias correspondientes y que est\u00e1n a la espera de saber el estado de salud de los lesionados para hacer la denuncia ante la justicia por esta agresi\u00f3n.<\/p>\n\n\n\n<p>CAMARILLO EN LA COPARMEX<\/p>\n\n\n\n<p>El senador de la Rep\u00fablica pri\u00edsta, N\u00e9stor Camarillo Medina, se reuni\u00f3 con Juan de Dios Barba, Presidente de la Comisi\u00f3n Nacional de Competitividad y Mejora Regulatoria; Roberto Ramos, Vicepresidente de la Comisi\u00f3n Nacional de Emprendimiento, as\u00ed como con agremiados de la Confederaci\u00f3n Patronal de la Rep\u00fablica Mexicana (COPARMEX), para establecer acciones y proyectos en conjunto con la C\u00e1mara Alta.<\/p>\n\n\n\n<p>Camarillo Medina resalt\u00f3 la importancia de que el Estado genere las condiciones para el pleno desarrollo de las actividades econ\u00f3micas que impactan en el empleo y la prosperidad del pa\u00eds y destac\u00f3 que los senadores buscar\u00e1n abrir canales de di\u00e1logo con la administraci\u00f3n de Donald Trump en el marco del futuro decreto que impone aranceles del 25 por ciento a las importaciones mexicanas, situaci\u00f3n que perjudica la econom\u00eda del pa\u00eds.<\/p>\n\n\n\n<p>En fin, como dice una poes\u00eda an\u00f3nima titulada Si t\u00fa Supieras:<\/p>\n\n\n\n<p>Si t\u00fa supieras lo dif\u00edcil que es caminar<\/p>\n\n\n\n<p>por este sendero, estar lejos de mi patria<\/p>\n\n\n\n<p>y de mi gente amada, no me perseguir\u00edas,<\/p>\n\n\n\n<p>me abrazar\u00edas y en mi llanto me acompa\u00f1ar\u00edas.<\/p>\n\n\n\n<p>raultorress@hotmail.com<\/p>\n\n\n\n<p><\/p>\n","protected":false},"excerpt":{"rendered":"<p>SIN L\u00cdMITES *Curso de Emprendedores en el ITP; Antorcha denuncia agresi\u00f3n; Camarillo en la COPARMEX Por Ra\u00fal Torres Salmer\u00f3n La [&hellip;]<\/p>\n","protected":false},"author":1,"featured_media":93657,"comment_status":"open","ping_status":"open","sticky":false,"template":"","format":"standard","meta":{"site-sidebar-layout":"default","site-content-layout":"","ast-site-content-layout":"default","site-content-style":"default","site-sidebar-style":"default","ast-global-header-display":"","ast-banner-title-visibility":"","ast-main-header-display":"","ast-hfb-above-header-display":"","ast-hfb-below-header-display":"","ast-hfb-mobile-header-display":"","site-post-title":"","ast-breadcrumbs-content":"","ast-featured-img":"","footer-sml-layout":"","theme-transparent-header-meta":"","adv-header-id-meta":"","stick-header-meta":"","header-above-stick-meta":"","header-main-stick-meta":"","header-below-stick-meta":"","astra-migrate-meta-layouts":"default","ast-page-background-enabled":"default","ast-page-background-meta":{"desktop":{"background-color":"var(--ast-global-color-4)","background-image":"","background-repeat":"repeat","background-position":"center center","background-size":"auto","background-attachment":"scroll","background-type":"","background-media":"","overlay-type":"","overlay-color":"","overlay-opacity":"","overlay-gradient":""},"tablet":{"background-color":"","background-image":"","background-repeat":"repeat","background-position":"center center","background-size":"auto","background-attachment":"scroll","background-type":"","background-media":"","overlay-type":"","overlay-color":"","overlay-opacity":"","overlay-gradient":""},"mobile":{"background-color":"","background-image":"","background-repeat":"repeat","background-position":"center center","background-size":"auto","background-attachment":"scroll","background-type":"","background-media":"","overlay-type":"","overlay-color":"","overlay-opacity":"","overlay-gradient":""}},"ast-content-background-meta":{"desktop":{"background-color":"var(--ast-global-color-5)","background-image":"","background-repeat":"repeat","background-position":"center center","background-size":"auto","background-attachment":"scroll","background-type":"","background-media":"","overlay-type":"","overlay-color":"","overlay-opacity":"","overlay-gradient":""},"tablet":{"background-color":"var(--ast-global-color-5)","background-image":"","background-repeat":"repeat","background-position":"center center","background-size":"auto","background-attachment":"scroll","background-type":"","background-media":"","overlay-type":"","overlay-color":"","overlay-opacity":"","overlay-gradient":""},"mobile":{"background-color":"var(--ast-global-color-5)","background-image":"","background-repeat":"repeat","background-position":"center center","background-size":"auto","background-attachment":"scroll","background-type":"","background-media":"","overlay-type":"","overlay-color":"","overlay-opacity":"","overlay-gradient":""}},"footnotes":""},"categories":[8,19],"tags":[35332,35333,33112],"class_list":["post-93656","post","type-post","status-publish","format-standard","has-post-thumbnail","hentry","category-noticias","category-sin-limites-2","tag-itp","tag-los-angeles-migrantes","tag-nestor-camarillo-2"],"_links":{"self":[{"href":"https:\/\/losperiodistas.com.mx\/portal\/wp-json\/wp\/v2\/posts\/93656","targetHints":{"allow":["GET"]}}],"collection":[{"href":"https:\/\/losperiodistas.com.mx\/portal\/wp-json\/wp\/v2\/posts"}],"about":[{"href":"https:\/\/losperiodistas.com.mx\/portal\/wp-json\/wp\/v2\/types\/post"}],"author":[{"embeddable":true,"href":"https:\/\/losperiodistas.com.mx\/portal\/wp-json\/wp\/v2\/users\/1"}],"replies":[{"embeddable":true,"href":"https:\/\/losperiodistas.com.mx\/portal\/wp-json\/wp\/v2\/comments?post=93656"}],"version-history":[{"count":1,"href":"https:\/\/losperiodistas.com.mx\/portal\/wp-json\/wp\/v2\/posts\/93656\/revisions"}],"predecessor-version":[{"id":93658,"href":"https:\/\/losperiodistas.com.mx\/portal\/wp-json\/wp\/v2\/posts\/93656\/revisions\/93658"}],"wp:featuredmedia":[{"embeddable":true,"href":"https:\/\/losperiodistas.com.mx\/portal\/wp-json\/wp\/v2\/media\/93657"}],"wp:attachment":[{"href":"https:\/\/losperiodistas.com.mx\/portal\/wp-json\/wp\/v2\/media?parent=93656"}],"wp:term":[{"taxonomy":"category","embeddable":true,"href":"https:\/\/losperiodistas.com.mx\/portal\/wp-json\/wp\/v2\/categories?post=93656"},{"taxonomy":"post_tag","embeddable":true,"href":"https:\/\/losperiodistas.com.mx\/portal\/wp-json\/wp\/v2\/tags?post=93656"}],"curies":[{"name":"wp","href":"https:\/\/api.w.org\/{rel}","templated":true}]}}