{"id":93642,"date":"2025-01-28T06:58:44","date_gmt":"2025-01-28T12:58:44","guid":{"rendered":"https:\/\/losperiodistas.com.mx\/portal\/?p=93642"},"modified":"2025-01-28T06:58:46","modified_gmt":"2025-01-28T12:58:46","slug":"las-mucamas-de-dios-tres-mexicanas-narran-como-fueron-sometidas-a-explotacion-laboral-por-el-opus-dei-animal-politico","status":"publish","type":"post","link":"https:\/\/losperiodistas.com.mx\/portal\/las-mucamas-de-dios-tres-mexicanas-narran-como-fueron-sometidas-a-explotacion-laboral-por-el-opus-dei-animal-politico\/","title":{"rendered":"Las mucamas de Dios: tres mexicanas narran c\u00f3mo fueron sometidas a explotaci\u00f3n laboral por el Opus Dei | Animal Pol\u00edtico"},"content":{"rendered":"\n<p class=\"has-pale-cyan-blue-background-color has-background has-medium-font-size\">Las captaron cuando eran adolescentes en pueblos rurales con la promesa de una educaci\u00f3n en hoteler\u00eda, pero terminaron sirviendo a la \u00e9lite de la \u201cObra de Dios\u201d. Estos son los primeros testimonios en M\u00e9xico.<\/p>\n\n\n\n<figure class=\"wp-block-image size-large\"><img fetchpriority=\"high\" decoding=\"async\" width=\"1024\" height=\"683\" src=\"https:\/\/losperiodistas.com.mx\/portal\/wp-content\/uploads\/2025\/01\/Opus-dei-mexico-mujeres-explotacion-laboral-testimonios-4-1024x683.jpeg\" alt=\"\" class=\"wp-image-93643\" srcset=\"https:\/\/losperiodistas.com.mx\/portal\/wp-content\/uploads\/2025\/01\/Opus-dei-mexico-mujeres-explotacion-laboral-testimonios-4-1024x683.jpeg 1024w, https:\/\/losperiodistas.com.mx\/portal\/wp-content\/uploads\/2025\/01\/Opus-dei-mexico-mujeres-explotacion-laboral-testimonios-4-300x200.jpeg 300w, https:\/\/losperiodistas.com.mx\/portal\/wp-content\/uploads\/2025\/01\/Opus-dei-mexico-mujeres-explotacion-laboral-testimonios-4-768x512.jpeg 768w, https:\/\/losperiodistas.com.mx\/portal\/wp-content\/uploads\/2025\/01\/Opus-dei-mexico-mujeres-explotacion-laboral-testimonios-4.jpeg 1200w\" sizes=\"(max-width: 1024px) 100vw, 1024px\" \/><figcaption class=\"wp-element-caption\">Tres mujeres mexicanas denuncian la explotaci\u00f3n a manos del Opus Dei. Ilustraci\u00f3n: Andrea Paredes @driu.paredes<\/figcaption><\/figure>\n\n\n\n<p class=\"has-vivid-red-color has-text-color has-link-color has-medium-font-size wp-elements-41dcfb8fbcc7ce77e028726e88c19a53\"><strong>Por:\u00a0Paula Bistagnino y Gloria Pi\u00f1a \/ Animal Pol\u00edtico<\/strong><\/p>\n\n\n\n<p><strong>Teresita<\/strong>\u00a0ten\u00eda 15 a\u00f1os cuando ingres\u00f3 al\u00a0<strong>Instituto Tecnol\u00f3gico Yalbi<\/strong>\u00a0en el estado de Tlaxcala. Era 1993, su hermana ya estaba dentro y ella acept\u00f3 seguir sus pasos en b\u00fasqueda de oportunidades para continuar sus estudios.\u00a0<strong>Mercedes<\/strong>\u00a0tambi\u00e9n ten\u00eda 15 cuando entr\u00f3 en la\u00a0<strong>escuela Montefalco<\/strong>, en Morelos, pensando que podr\u00eda estudiar el bachillerato. La invit\u00f3 una vecina y ella acept\u00f3 porque, aunque so\u00f1aba ser contadora, le quedaba cerca de su familia a diferencia de otras opciones acad\u00e9micas. A\u00a0<strong>Ofelia<\/strong>, que era trabajadora dom\u00e9stica, su patrona la llev\u00f3 a un centro de formaci\u00f3n profesional en Ciudad de M\u00e9xico\u00a0cuando ten\u00eda 19 a\u00f1os. Las tres terminaron\u00a0<strong>viviendo en casas del<\/strong><a href=\"https:\/\/www.animalpolitico.com\/analisis\/autores\/lo-que-quiso-decir\/fin-a-los-privilegios-del-opus-dei\" target=\"_blank\" rel=\"noreferrer noopener\">\u00a0Opus Dei<\/a><strong>, trabajando sin descanso y sin pago<\/strong>\u00a0<strong>como servicio dom\u00e9stico<\/strong>\u00a0de los miembros de \u00e9lite de la organizaci\u00f3n m\u00e1s secreta de la\u00a0<strong>Iglesia Cat\u00f3lica<\/strong>.<a href=\"https:\/\/www.seedtag.com\/?utm_source=seedtag_publisher&amp;utm_medium=seedtag_tag&amp;utm_campaign=tag\" target=\"_blank\" rel=\"noreferrer noopener\"><\/a><\/p>\n\n\n\n<p><strong>Teresita, Mercedes y Ofelia<\/strong>&nbsp;son las tres primeras mexicanas que&nbsp;<strong>denuncian la<\/strong>&nbsp;<strong>explotaci\u00f3n de mujeres pobres a manos de la \u201cObra de Dios\u201d<\/strong>. A ellas las formaron para dar servicio dom\u00e9stico profesional y despu\u00e9s limpiaron y cocinaron durante a\u00f1os en sus residencias cerradas como \u201c<strong>numerarias auxiliares<\/strong>\u201d -as\u00ed se las llama internamente-. Adem\u00e1s, les hicieron comprometerse a una vida de castidad, pobreza y obediencia con la promesa de que as\u00ed podr\u00edan \u201csantificarse ante Dios\u201d.<\/p>\n\n\n\n<p>Estas primeras&nbsp;<strong>denuncias en M\u00e9xico<\/strong>&nbsp;resultan iguales a los hechos que en&nbsp;<strong>Argentina<\/strong>&nbsp;se investigan como&nbsp;<a href=\"https:\/\/www.animalpolitico.com\/2018\/03\/monjas-explotacion-religiosas-clero-masculino\" target=\"_blank\" rel=\"noreferrer noopener\">trata de personas para explotaci\u00f3n laboral<\/a>: la justicia formaliz\u00f3 una acusaci\u00f3n tras demostrar que durante al menos 40 a\u00f1os existi\u00f3 un&nbsp;<strong>sistema de<\/strong>&nbsp;<strong>reclutamiento de mujeres<\/strong>&nbsp;<strong>de escasos recursos<\/strong>&nbsp;para educarlas y convertirlas en \u201csirvientas profesionales\u201d y hacerlas trabajar sin recibir ninguna remuneraci\u00f3n.&nbsp;<\/p>\n\n\n\n<p>Para&nbsp;<strong>Teresita<\/strong>&nbsp;esa fue su vida durante 15 a\u00f1os, para&nbsp;<strong>Ofelia<\/strong>&nbsp;fueron 25 y para&nbsp;<strong>Mercedes<\/strong>&nbsp;fueron 30. Todas vivieron en distintas ciudades y&nbsp;<strong>residencias del<\/strong>&nbsp;<strong>Opus Dei<\/strong>&nbsp;en la Rep\u00fablica Mexicana.<\/p>\n\n\n\n<p>Lee |&nbsp;<a href=\"https:\/\/www.animalpolitico.com\/2018\/03\/monjas-explotacion-religiosas-clero-masculino\" target=\"_blank\" rel=\"noreferrer noopener\">La explotaci\u00f3n de religiosas al servicio del clero masculino en la Iglesia Cat\u00f3lica<\/a><\/p>\n\n\n\n<p>Este reportaje muestra que en M\u00e9xico existen, al menos, seis&nbsp;<strong>escuelas de internado para ni\u00f1as a partir de los 14 a\u00f1os de la Prelatura del Opus Dei<\/strong>, que comenzaron a funcionar en el pa\u00eds a finales de los a\u00f1os 50s.&nbsp;<\/p>\n\n\n\n<figure class=\"wp-block-image\" id=\"attachment_1494950\"><img decoding=\"async\" src=\"https:\/\/ap-cdn.sfo3.cdn.digitaloceanspaces.com\/uploads\/2025\/01\/Opus-dei-mexico-mujeres-explotacion-laboral-testimonios-2.webp\" alt=\"Opus-dei-mexico-mujeres-explotacion-laboral testimonios\" class=\"wp-image-1494950\"\/><figcaption class=\"wp-element-caption\">Ilustraci\u00f3n: Andrea Paredes @driu.paredes<\/figcaption><\/figure>\n\n\n\n<p>El&nbsp;<a href=\"https:\/\/www.colegiomontefalco.edu.mx\/\" target=\"_blank\" rel=\"noreferrer noopener\">Colegio Montefalco<\/a>, en el estado de&nbsp;<strong>Morelos<\/strong>, se inaugur\u00f3 dentro de la primera hacienda que la&nbsp;<strong>organizaci\u00f3n cat\u00f3lica de origen espa\u00f1ol<\/strong>&nbsp;consigui\u00f3 para su obra. Posteriormente, se multiplicaron las llamadas \u201c<strong>escuelas de hoteler\u00eda<\/strong>\u201d en distintas ciudades del pa\u00eds, con distintas modalidades. Las principales son, adem\u00e1s de Montefalco, el&nbsp;<a href=\"https:\/\/opusdei.org\/es-mx\/article\/yaxkin-es-mi-segunda-familia\/\" target=\"_blank\" rel=\"noreferrer noopener\">Centro de Formaci\u00f3n Profesional Yaxkin<\/a>; el&nbsp;<a href=\"https:\/\/opusdei.org\/es-mx\/article\/50-anos-transformando-el-mundo-en-un-hogar-jaltepec-50-aniversario\/\" target=\"_blank\" rel=\"noreferrer noopener\">Centro Educativo Jaltepec&nbsp;<\/a>en Jalisco; el&nbsp;<a href=\"https:\/\/opusdei.org\/es-co\/article\/obras-corporativas\/\" target=\"_blank\" rel=\"noreferrer noopener\">Instituto Cultural Toshi<\/a>, en Ciudad de M\u00e9xico -actualmente llamado&nbsp;<strong>Ondare<\/strong>-, el Instituto Yalbi en Tlaxcala y&nbsp;<a href=\"https:\/\/opusdei.org\/es-mx\/article\/el-pinar-motor-de-cambio-en-coahuila\/\" target=\"_blank\" rel=\"noreferrer noopener\">El Pinar<\/a>, en Coahuila.<\/p>\n\n\n\n<p>Adem\u00e1s, existen centros de formaci\u00f3n en labores en una decena de ciudades donde es com\u00fan que las&nbsp;<strong>mujeres de la Obra<\/strong>&nbsp;<strong>env\u00eden a sus \u201ccriadas\u201d<\/strong>&nbsp;y donde tambi\u00e9n se han captado a jovencitas. De acuerdo con la acad\u00e9mica e investigadora de la UNAM,&nbsp;<strong>Virginia \u00c1vila Garc\u00eda<\/strong>, quien hizo un extenso trabajo de investigaci\u00f3n sobre el papel de las&nbsp;<strong>mujeres en el<\/strong>&nbsp;<strong>Opus Dei<\/strong>&nbsp;<strong>en M\u00e9xico<\/strong>, la instituci\u00f3n ha establecido otras&nbsp;<strong>unidades de formaci\u00f3n en hospitalidad y hoteler\u00eda exclusivas para mujeres<\/strong>, como: el Centro Escolar Yaocalli y Centro Escolar el Paseo en la Ciudad de M\u00e9xico, al igual que Alhucema y&nbsp;<a href=\"https:\/\/www.facebook.com\/watch\/?v=366696177317732\" target=\"_blank\" rel=\"noreferrer noopener\">Escuela Oxtopulco<\/a>, que fue cerrada en 2019.&nbsp; La Escuela Palmares, exclusiva para mujeres en Guadalajara, y la Escuela T\u00e9cnica Jazlim, forman parte de las iniciativas de&nbsp;<strong>obras sociales de miembros del Opus Dei<\/strong>.<\/p>\n\n\n\n<p>Respecto a las primeras<strong>&nbsp;denuncias p\u00fablicas de exnumerarias auxiliares en M\u00e9xico<\/strong>, las autoras solicitaron informaci\u00f3n y una postura oficial a la&nbsp;<strong>Oficina de Comunicaci\u00f3n del<\/strong>&nbsp;<strong>Opus Dei<\/strong>&nbsp;en el pa\u00eds, que niega la existencia de&nbsp;<strong>condiciones de explotaci\u00f3n<\/strong>, pero reconoce la existencia de distintas iniciativas educativas que \u201ccon el prop\u00f3sito de fomentar el desarrollo de las personas en diversos contextos y realidades del pa\u00eds, algunas se enfocaron, en sus inicios, en comunidades rurales\u201d y \u201cofrecieron pr\u00e1cticas profesionales en el&nbsp;<strong>\u00e1mbito de la hospitalidad<\/strong>\u201d. Algo similar respondi\u00f3 en Argentina, donde neg\u00f3 \u201ccateg\u00f3ricamente\u201d los&nbsp;<strong>relatos de 43 mujeres denunciantes<\/strong>, a pesar de que la justicia federal de ese pa\u00eds present\u00f3 una acusaci\u00f3n formal que da cuenta de que los hechos ocurrieron.&nbsp;<\/p>\n\n\n\n<p>Te puede interesar |&nbsp;<a href=\"https:\/\/www.animalpolitico.com\/analisis\/autores\/lo-que-quiso-decir\/fin-a-los-privilegios-del-opus-dei\" target=\"_blank\" rel=\"noreferrer noopener\">Fin a los privilegios del Opus Dei<\/a><\/p>\n\n\n\n<h2 class=\"wp-block-heading\">Captaci\u00f3n religiosa: \u201cLa escuela no era lo que promet\u00edan\u201d<\/h2>\n\n\n\n<p><strong>Teresita<\/strong>&nbsp;<strong>Avelar<\/strong>&nbsp;ahora tiene 47 a\u00f1os, pero recuerda muy bien su decisi\u00f3n de los 15 de entrar como internada en el&nbsp;<strong>Instituto Yalbi (Apan)<\/strong>, cerca de la casa de su padres en Calpulalpan,&nbsp;<strong>Tlaxcala<\/strong>, donde adem\u00e1s ya hab\u00eda ingresado su hermana mayor. \u201cLa escuela ten\u00eda fama de tener buena educaci\u00f3n, adem\u00e1s de interesantes convenios con empresas para hacer, supuestamente, pr\u00e1cticas profesionales en hoteles distinguidos\u201d, dice la mujer, que confiesa que cuando decidi\u00f3 ir fue porque le parec\u00eda una buena oportunidad.<\/p>\n\n\n\n<p>Pero una vez adentro, muy pronto se dio cuenta de que&nbsp;<strong>la escuela no era lo que promet\u00eda<\/strong>: \u201cEn vez de tener las clases normales, nos ense\u00f1aban t\u00e9cnicas de lavado, planchado, t\u00e9cnicas de costura, panader\u00eda, reposter\u00eda, as\u00ed como recursos para llevar la administraci\u00f3n de un hogar\u201d. Adem\u00e1s, como en teor\u00eda no pagaban la cuota completa, les dec\u00edan que ten\u00edan que trabajar para cubrir el resto. \u201cNos dec\u00edan que era una pr\u00e1ctica, pero nos exig\u00edan perfecci\u00f3n en todo y ten\u00edamos que trabajar bajo presi\u00f3n todo el tiempo, era una preparaci\u00f3n a lo que, supuestamente, nos \u00edbamos a dedicar\u201d.&nbsp;<\/p>\n\n\n\n<p>Fue en el medio de las clases y el trabajo, ya cargado adem\u00e1s de rutinas religiosas que inclu\u00edan oraci\u00f3n diaria y confesi\u00f3n semanal rigurosa, que le dijeron que Dios ve\u00eda en ella \u201cvocaci\u00f3n para ser&nbsp;<strong>numeraria auxiliar<\/strong>\u201d, una&nbsp;<strong>categor\u00eda que es la m\u00e1s baja de la organizaci\u00f3n<\/strong>&nbsp;y que se dedica \u00fanica y espec\u00edficamente a mantener los \u201ccentros\u201d, que es como se llaman las residencias donde conviven los miembros c\u00e9libes del&nbsp;<strong>Opus Dei<\/strong>&nbsp;-numerarios y numerarias-, separados por g\u00e9nero.&nbsp;<strong>Teresita<\/strong>&nbsp;dice que ella no cre\u00eda tener esa vocaci\u00f3n, pero se sinti\u00f3 atra\u00edda por lo que le ofrec\u00edan.<\/p>\n\n\n\n<figure class=\"wp-block-image\" id=\"attachment_1494955\"><img decoding=\"async\" src=\"https:\/\/ap-cdn.sfo3.cdn.digitaloceanspaces.com\/uploads\/2025\/01\/Opus-dei-mexico-mujeres-explotacion-laboral-testimonios-Teresita.webp\" alt=\"Opus-dei-mexico-mujeres-explotacion-laboral testimonios Teresita\" class=\"wp-image-1494955\"\/><figcaption class=\"wp-element-caption\">Teresita Avelar.&nbsp;Ilustraci\u00f3n: Andrea Paredes @driu.paredes<\/figcaption><\/figure>\n\n\n\n<p>Una vez que acept\u00f3, y la aceptaron, su vida cambi\u00f3: una de las primeras cosas fue que empez\u00f3 a tener una&nbsp;<strong>rutina mucho m\u00e1s estricta de vida religiosa<\/strong>&nbsp;que inclu\u00eda vigilancia espiritual, usar elementos de&nbsp;<strong>autoflagelaci\u00f3n<\/strong>&nbsp;y trabajar m\u00e1s duro. Adem\u00e1s fue enviada a una formaci\u00f3n doctrinal exigente, tras la cual le asignaron atender casas de retiro donde miembros de la Obra y estudiantes de la&nbsp;<strong>Universidad Panamericana<\/strong>&nbsp;participaban de actividades espirituales.&nbsp;<\/p>\n\n\n\n<p>Lee tambi\u00e9n |&nbsp;<a href=\"https:\/\/animalpolitico.com\/sociedad\/desigualdad-mujeres-trabajo-cuidados-oxfam-informe\" target=\"_blank\" rel=\"noreferrer noopener\">Unos cuantos acumulan billones, mientras mujeres que hacen trabajo de cuidados son explotadas: Oxfam<\/a><\/p>\n\n\n\n<p>\u201c<strong>El sueldo era contado, pero de cuentito: no recib\u00edamos nada<\/strong>. Ni siquiera nos dec\u00edan un monto espec\u00edfico\u201d, afirma y asegura que la excusa de la instituci\u00f3n era que con el sueldo por su trabajo pagaban su estancia en las&nbsp;<strong>casas de la Obra<\/strong>.<\/p>\n\n\n\n<p>La rutina diaria de&nbsp;<strong>Teresita<\/strong>&nbsp;y del resto de las&nbsp;<strong>auxiliares<\/strong>&nbsp;era siempre igual: antes de las 6 de la ma\u00f1ana sonaba el despertador y no era hasta las 10 de la noche que iban a dormir. Las tareas las asignaban las directoras (numerarias) y el trabajo inclu\u00eda la<strong>&nbsp;atenci\u00f3n integral de las casas<\/strong>: limpieza diaria, cocina de cuatro comidas, lavander\u00eda, tintorer\u00eda, costura, porter\u00eda, etc. Entre unas y otras tareas hac\u00edan&nbsp;<strong>ejercicios espirituales y oraci\u00f3n<\/strong>, incluso mientras trabajaban, para reducir al m\u00ednimo el di\u00e1logo. No ten\u00edan permitido escuchar m\u00fasica o ver la tele, sino que s\u00f3lo pod\u00edan hacerlo durante el fin de semana o con autorizaci\u00f3n de las numerarias encargadas de supervisar su trabajo.&nbsp;<\/p>\n\n\n\n<p>\u201cDemasiado rezar, demasiado obedecer, demasiada sumisi\u00f3n, mucha ingenuidad, eso no me gustaba\u201d, describe&nbsp;<strong>Teresita<\/strong>, que explica en qu\u00e9 consist\u00edan los \u201ccastigos corporales\u201d que se les exig\u00eda: uso de una liga met\u00e1lica con puntas (cilicio) ajustada a la pierna durante dos horas diarias mientras trabajaban, dormir sobre una tabla o en el suelo,&nbsp; ducharse con agua fr\u00eda al menos una vez a la semana y autolatigarse con una soga de varias puntas anudadas (disciplina) \u201cpara evitar las pasiones carnales\u201d y cumplir su compromiso de&nbsp;<strong>castidad obligatoria por ser miembro del Opus Dei<\/strong>.&nbsp; \u201cLos castigos personales deb\u00edan ser discretos, nadie se tiene que dar cuenta\u201d. Al usar el cilicio deb\u00edan hacerlo en lugares que no fueran notorios como las piernas. \u201cA m\u00ed la disciplina nunca me gust\u00f3 usarla, no le encontr\u00e9 un sentido. Me shockeaba psicolg\u00f3ciamente tener que<strong>&nbsp;latigarme sola<\/strong>, eso me pon\u00eda mal y no lo hac\u00eda, pero no hacerlo me met\u00eda en un conflicto de fidelidad, porque as\u00ed lo manejan\u201d.<\/p>\n\n\n\n<p>Se alej\u00f3 de su familia desde que ingres\u00f3 a la escuela y estuvo incomunicada tambi\u00e9n durante su estancia laboral; s\u00f3lo pod\u00eda salir un d\u00eda a la semana a la comunidad para hacer acciones de \u201cproselitismo\u201d: \u201cDeb\u00edamos alistarnos en cursos para conocer a otras j\u00f3venes e invitarlas a ir al&nbsp;<strong>Opus Dei<\/strong>&nbsp;y a formar parte de las escuelas\u201d.<\/p>\n\n\n\n<p>Tras m\u00e1s de&nbsp;<strong>10 a\u00f1os de labores dom\u00e9sticas<\/strong>, la falta de descanso, las imposiciones de disciplina y no tener decisi\u00f3n sobre su vida comenzaron a agotarla. Empez\u00f3 a cuestionarse si deb\u00eda pasar toda su vida en aquel lugar. \u201cVe\u00eda gente mayor que, a\u00fan con su edad y enfermedades, no dejaban de trabajar. El trabajo de las&nbsp;<strong>numerarias auxiliares<\/strong>&nbsp;es muy pesado, f\u00edsico siempre. Vi tantos ejemplos que yo no quise llegar a envejecer ah\u00ed de esa manera\u201d. Sin embargo, le llev\u00f3 varios a\u00f1os m\u00e1s conseguir irse: sent\u00eda miedo y culpa de fallarle a Dios.<\/p>\n\n\n\n<p>\u201cLo que el&nbsp;<strong>Opus Dei<\/strong>&nbsp;ense\u00f1a es que se puede alcanzar la santidad a trav\u00e9s del trabajo. Entonces, si abandonas el trabajo abandonas tu santidad\u201d. Dej\u00f3 el&nbsp;<strong>Opus Dei<\/strong>&nbsp;en 2007, despu\u00e9s de huir del&nbsp;<strong>centro Frontera<\/strong>&nbsp;-as\u00ed llamado por la calle sobre la que se ubicaba-, en la colonia San \u00c1ngel, en Ciudad de M\u00e9xico. Hab\u00eda pasado 14 a\u00f1os dentro. Nunca cobr\u00f3 por su trabajo ni estuvo feliz, dice. \u201cMe cost\u00f3 muchos a\u00f1os animarme a hablar de esto. Reci\u00e9n despu\u00e9s de muchos a\u00f1os de vivir en la Argentina, hoy puedo dar testimonio\u201d.<\/p>\n\n\n\n<h2 class=\"wp-block-heading\">Servidumbre y encierro: \u201cMe explotaron por 30 a\u00f1os, incluso cuando enferm\u00e9\u201d<\/h2>\n\n\n\n<p>A&nbsp;<strong>Mercedes Teteltitla el Opus Dei<\/strong>&nbsp;no logr\u00f3 arrebatarle su fe. Desde que sali\u00f3, hace 12 a\u00f1os, el centro de su vida lo ocupa su tarea como catequista de ni\u00f1os en su natal Morelos. La acompa\u00f1a a diario el dolor constante de la&nbsp;<strong>fibromialgia<\/strong>&nbsp;que padece, que comenz\u00f3 cuando apenas pasaba los 30 a\u00f1os pero ya ten\u00eda la mitad de su vida trabajando sin descanso ni atenci\u00f3n m\u00e9dica en&nbsp;<strong>residencias del<\/strong>&nbsp;<strong>Opus Dei<\/strong>&nbsp;en distintas ciudades de M\u00e9xico. Fue esa enfermedad la que la hizo salir: \u201cYo ya no les serv\u00eda m\u00e1s\u201d, dice. Sali\u00f3 sin dinero ni cobertura m\u00e9dica. Sin nada. Ten\u00eda 46 a\u00f1os.<\/p>\n\n\n\n<p>Era una adolescente que so\u00f1aba con convertirse en contadora cuando una amiga le insisti\u00f3 en que se inscribiera en el&nbsp;<strong>Colegio Montefalco<\/strong>. Mercedes ya hab\u00eda conseguido un cupo en una escuela en Cuernavaca, pero quedaba m\u00e1s lejos de su casa y de su familia.&nbsp;<\/p>\n\n\n\n<p>\u201cElla me dijo que ya estaba estudiando en&nbsp;<strong>Montefalco<\/strong>&nbsp;para ser educadora y estaba a punto de salir, en el \u00faltimo a\u00f1o. Me dijo \u2018vamos est\u00e1 muy bonita la escuela, est\u00e1 cerca de tu casa, as\u00ed no te alejas de tus pap\u00e1s y nos vamos a seguir viendo\u2019. As\u00ed fue como yo conoc\u00ed el&nbsp;<strong>Opus Dei<\/strong>,\u201d, recuerda&nbsp;<strong>Mercedes<\/strong>.&nbsp;<\/p>\n\n\n\n<figure class=\"wp-block-image\" id=\"attachment_1494953\"><img decoding=\"async\" src=\"https:\/\/ap-cdn.sfo3.cdn.digitaloceanspaces.com\/uploads\/2025\/01\/Opus-dei-mexico-mujeres-explotacion-laboral-testimonios-mercedes.webp\" alt=\"Opus-dei-mexico-mujeres-explotacion-laboral testimonios mercedes\" class=\"wp-image-1494953\"\/><figcaption class=\"wp-element-caption\">Mercedes Teteltitla.&nbsp;Ilustraci\u00f3n: Andrea Paredes @driu.paredes<\/figcaption><\/figure>\n\n\n\n<p>Al poco tiempo de su ingreso, las instructoras de Montefalco le comunicaron a Mercedes que ten\u00eda \u201cvocaci\u00f3n\u201d para formar parte del&nbsp;<strong>Opus Dei<\/strong>&nbsp;como&nbsp;<strong>numeraria auxiliar<\/strong>. As\u00ed podr\u00eda \u201csantificarse sirviendo a Dios\u201d.&nbsp; Ten\u00eda 17 a\u00f1os. \u201cR\u00e1pidamente me dieron clases como de hoteler\u00eda: c\u00f3mo hacer una cama, c\u00f3mo fregar pisos, c\u00f3mo lavar todos los trastes, vajillas, el cuidado y mantenimiento de distintas prendas y tipos de telas, tapices, etc\u201d, comenta la mujer que ahora tiene 60 a\u00f1os.<\/p>\n\n\n\n<p>Lee m\u00e1s |&nbsp;<a href=\"https:\/\/animalpolitico.com\/analisis\/organizaciones\/colaboraccion\/derechos-laborales-perspectiva-genero\" target=\"_blank\" rel=\"noreferrer noopener\">Mirar los derechos laborales con una perspectiva de g\u00e9nero<\/a><\/p>\n\n\n\n<p>Tambi\u00e9n le dieron clases de cocina y pronto la encomendaron al \u00e1rea de alimentos, principalmente en reposter\u00eda y panader\u00eda de&nbsp;<a href=\"https:\/\/haciendas.online\/haciendas?id=2&amp;option=com_solidres&amp;task=reservationasset.checkavailability&amp;Itemid=437&amp;0dbf25be71005beec1b1c539fd5a3843=1#srt_3\" target=\"_blank\" rel=\"noreferrer noopener\">una de las casas de retiros y convivencias del Opus Dei en la Hacienda Montefalco, Casa Grande<\/a>. \u201cEs una casona a la que van personas a recibir formaci\u00f3n o \u2018curso anual\u2019 -equivalente a las vacaciones- de&nbsp;<strong>miembros de la Obra, varones y mujeres<\/strong>\u201d, cuenta. Y recuerda que iban grupos de unas 50 personas, nunca mujeres y varones mezclados, a quienes se daba servicio 24 horas: limpieza de habitaciones, ba\u00f1os y \u00e1reas comunes, lavander\u00eda de las cosas de la casa y de la ropa personal, servicio de cuatro comidas de categor\u00eda y todo elaborado all\u00ed. Al mismo tiempo que trabajaba, a&nbsp;<strong>Mercedes<\/strong>&nbsp;le encomendaron instruir en labores de limpieza a las j\u00f3venes nuevas.&nbsp;<\/p>\n\n\n\n<p>Mercedes era muy buena en su tarea y trabajaba sin descanso. Tanto que a los 5 a\u00f1os de entrar en la Obra, la enviaron de&nbsp;<strong>Montefalco<\/strong>&nbsp;como encargada de la cocina de la&nbsp;<strong>Comisi\u00f3n Regional<\/strong>, donde habita el&nbsp;<strong>Consiliario<\/strong>, que es la m\u00e1xima autoridad del&nbsp;<strong>Opus Dei en M\u00e9xico<\/strong>&nbsp;y la m\u00e1s importante de Latinoam\u00e9rica.<\/p>\n\n\n\n<p>Al igual que Teresita,&nbsp;<strong>Mercedes<\/strong>&nbsp;tambi\u00e9n se alej\u00f3 de su familia una vez que ingres\u00f3 al&nbsp;<strong>Opus Dei<\/strong>. Su primer reencuentro con su familia fue 10 a\u00f1os despu\u00e9s de \u201c<strong>pitar<\/strong>\u201d en la Obra: as\u00ed se dice al acto de pedir la admisi\u00f3n a trav\u00e9s de una carta manuscrita que se env\u00eda al prelado, la autoridad m\u00e1xima del&nbsp;<strong>Opus Dei<\/strong>, que reside en Roma. \u201cUna vez que entras, te dicen que tu familia ya no es tu madre, tu padre y tus hermanos, sino&nbsp;<strong>la Obra<\/strong>\u201d, afirma&nbsp;<strong>Mercedes<\/strong>, a quien incluso le prohibieron salir para atender a sus padres enfermos.&nbsp;<\/p>\n\n\n\n<p>\u201cA mi me enga\u00f1aron y me sacaron la oportunidad de estudiar y mi sue\u00f1o de ir a la Universidad\u201d, dice la mujer, que s\u00f3lo pudo concluir hasta el primer a\u00f1o de bachillerato, a trav\u00e9s de gu\u00edas y ex\u00e1menes que hac\u00eda en el internado, pero no a trav\u00e9s de clases regulares. No pod\u00eda por falta de tiempo, porque toda la presi\u00f3n estaba en el trabajo, en capacitar a otras j\u00f3venes y seguir rutinas diarias de disciplina religiosas: misa, oraci\u00f3n, lecturas, meditaciones, confesi\u00f3n, etc. \u201cNo ten\u00eda tiempo ni de respirar. Ya no pod\u00eda estudiar, s\u00f3lo estaba dedicada a los&nbsp;<strong>trabajos del hogar en la Obra<\/strong>\u201d, dice.<\/p>\n\n\n\n<p>Tanto trabajo ni siquiera le dio la posibilidad de ayudar a sus padres, porque jam\u00e1s le pagaron por ninguna de sus tareas. \u201cNunca jam\u00e1s vi ning\u00fan cheque, ni sobre con dinero, ni sab\u00eda cu\u00e1nto ganaba aunque nos dec\u00edan que las personas que atend\u00edamos pagaban todos los servicios\u201d. Lo que les dec\u00edan, cuenta Mercedes, es que todo el dinero por su labor pasaba a \u201cla caja\u201d para pagar sus estancias y aprendizaje en las escuelas.<\/p>\n\n\n\n<p>Con m\u00e1s de 20 a\u00f1os de servicios, la salud de&nbsp;<strong>Mercedes<\/strong>&nbsp;comenz\u00f3 a tener complicaciones. Se sent\u00eda agotada, le dol\u00edan los huesos, ten\u00eda dificultad para subir escaleras, empez\u00f3 a perder el apetito y dej\u00f3 de dormir. Su malestar f\u00edsico se increment\u00f3 al grado de no poder cumplir de manera completa con su trabajo de auxiliar, lo cual empeor\u00f3 con sentimiento de culpa y depresi\u00f3n, incluso pens\u00f3 en quitarse la vida.&nbsp;<\/p>\n\n\n\n<p>\u201cYo todos los d\u00edas ped\u00eda: Dios m\u00edo yo me quiero morir, yo ya no quiero vivir aqu\u00ed y as\u00ed. Si yo no puedo trabajar, qu\u00e9 hago aqu\u00ed\u201d, cuenta&nbsp;<strong>Mercedes<\/strong>, a quien pese a que le dieron atenci\u00f3n m\u00e9dica no pod\u00eda cumplir con el reposo recomendado por la exigencia de sus superioras. \u201cSufr\u00eda tanto los dolores que ped\u00ed que al menos no me hicieran subir escaleras, pero en cambio la directora me exigi\u00f3 limpiar el tercer piso de la residencia\u201d. La raz\u00f3n: el sufrimiento es una ofrenda a Dios.<\/p>\n\n\n\n<p>Pese a que inici\u00f3 con malestares f\u00edsicos cuando cumpli\u00f3 30 a\u00f1os, no fue hasta a\u00f1os despu\u00e9s que le diagnosticaron&nbsp;<strong>fibromialgia<\/strong>, una enfermedad cr\u00f3nica y degenerativa que afecta los m\u00fasculos. Si bien su causa se desconoce, hay estudios que la relacionan con el estr\u00e9s y el trabajo f\u00edsico extremo.&nbsp;<\/p>\n\n\n\n<p>En el&nbsp;<strong>Opus Dei<\/strong>&nbsp;no se hicieron responsables de su estado f\u00edsico y le recomendaron dejar la Obra. \u201cAqu\u00ed no puedes estar sin hacer nada\u201d, le dijeron.&nbsp;<strong>Sali\u00f3 en 2010 sin un centavo<\/strong>.<\/p>\n\n\n\n<h2 class=\"wp-block-heading\">\u201cYo sal\u00ed del Opus Dei y me alej\u00e9 de Dios: me preguntaba c\u00f3mo es que si exist\u00eda permit\u00eda que nos hicieran esto\u201d<\/h2>\n\n\n\n<p>A&nbsp;<strong>Ofelia Almaz\u00e1n<\/strong>&nbsp;todav\u00eda se le quiebra la voz al hablar sobre los m\u00e1s de 25 a\u00f1os que estuvo trabajando encerrada en distintas propiedades del&nbsp;<strong>Opus Dei<\/strong>: tres a\u00f1os estuvo en Morelos, cinco en Monterrey y 17 en un s\u00f3lo centro de la Ciudad de M\u00e9xico, entre otros.&nbsp;<\/p>\n\n\n\n<p>En su caso, no era menor cuando ingres\u00f3. Fue a trav\u00e9s de una mujer para la que hac\u00eda trabajo dom\u00e9stico, quien era<strong>&nbsp;supernumeraria de la Obra<\/strong>, la categor\u00eda de miembros de clases medias y altas que forman familia.<\/p>\n\n\n\n<p>Su empleadora la llev\u00f3 al&nbsp;<strong>centro Zirahu\u00e9n<\/strong>, en Ciudad de M\u00e9xico. All\u00ed, en dos meses, la convencieron de que ten\u00eda \u201cvocaci\u00f3n\u201d para santificarse en el&nbsp;<strong>Opus Dei<\/strong>. \u201cA m\u00ed me hicieron muy r\u00e1pido el lavado de cerebro y entr\u00e9 sin saber casi nada de lo que iba a ser mi vida\u201d.&nbsp;<\/p>\n\n\n\n<p>Ten\u00eda muy poco tiempo dentro cuando supo que su voz no ten\u00eda ning\u00fan lugar ah\u00ed: estaba en \u201cel planchero\u201d trabajando y propuso una t\u00e9cnica para hacer la tarea. De inmediato, una superiora la hizo callar y le dijo: \u201cAqu\u00ed se viene a obedecer, no a mandar\u201d.<\/p>\n\n\n\n<p>La rutina de trabajo fue muy exigente desde el primer d\u00eda. Adem\u00e1s, apenas lleg\u00f3 la mandaron a hacer el \u201ccentro de estudios\u201d, que son dos a\u00f1os de formaci\u00f3n intensiva en la&nbsp;<strong>doctrina del Opus Dei<\/strong>&nbsp;-es obligatorio para todos los miembros c\u00e9libes, que el contenido depende de la categor\u00eda-. Desde all\u00ed la enviaron al&nbsp;<strong>internado de Toshi<\/strong>&nbsp;para instruir a las ni\u00f1as que llevaban desde los pueblos de los alrededores. Las&nbsp;<strong>numerarias<\/strong>&nbsp;-superioras- las iban a buscar, relata&nbsp;<strong>Ofelia<\/strong>&nbsp;sobre la manera en que las reclutaban. Y agradece no haber hecho caso nunca al deber de llevar nuevas \u201cvocaciones\u201d: \u201cTe dec\u00edan que si no llevabas gente no hac\u00edas apostolado, no serv\u00edas a la Obra\u2026 Gracias a Dios yo nunca llev\u00e9 a nadie, porque les promet\u00edan algo que no era\u201d.&nbsp;<\/p>\n\n\n\n<figure class=\"wp-block-image\" id=\"attachment_1494954\"><img decoding=\"async\" src=\"https:\/\/ap-cdn.sfo3.cdn.digitaloceanspaces.com\/uploads\/2025\/01\/Opus-dei-mexico-mujeres-explotacion-laboral-testimonios-Ofelia.webp\" alt=\"Opus-dei-mexico-mujeres-explotacion-laboral testimonios Ofelia\" class=\"wp-image-1494954\"\/><figcaption class=\"wp-element-caption\">Ofelia Almaz\u00e1n.&nbsp;Ilustraci\u00f3n: Andrea Paredes @driu.paredes<\/figcaption><\/figure>\n\n\n\n<p>Para&nbsp;<strong>Ofelia<\/strong>, el enga\u00f1o principal era que dec\u00edan que se viv\u00eda como en una familia \u201cnumerosa y pobre\u201d, pero eso no era cierto. \u201cSiempre hab\u00eda un trato diferencial con nosotras, en el trato y en c\u00f3mo viv\u00edamos, mientras las&nbsp;<strong>numerarias y numerarios y sacerdotes viv\u00edan con lujos<\/strong>\u201d. Para las&nbsp;<strong>auxiliares<\/strong>&nbsp;no era igual la casa ni las s\u00e1banas ni la ropa ni la comida ni la vida diaria. Tampoco las llevaban a control m\u00e9dico, s\u00f3lo cuando ten\u00edan alguna enfermedad fuera de lo com\u00fan o un accidente.&nbsp;<\/p>\n\n\n\n<p>\u201c<strong>Yo s\u00ed siento que me explotaron<\/strong>, en especial en los 17 a\u00f1os que viv\u00ed en Ciudad de M\u00e9xico: empez\u00e1bamos muy temprano, como a las 6 de la ma\u00f1ana. Y hasta las 9 de la noche yo a veces segu\u00eda planchando porque ten\u00eda que entregar la ropa. \u00c9ramos como unas como unas 25 auxiliares ah\u00ed\u201d.<\/p>\n\n\n\n<p>Adem\u00e1s de planchar y lavar, Ofelia limpi\u00f3 y atendi\u00f3 residencias de hombres. Mucho tiempo fue cocinera y tambi\u00e9n \u201ddoncella\u201d, que son las auxiliares que pasan a servir la mesa. \u201cNo pod\u00edamos tener ning\u00fan contacto con los numerarios, nunca. Todo era por el telefonillo, pero cuando eras doncella ten\u00edas muchas reglas para evitar el contacto. Ellos tambi\u00e9n: cuando pas\u00e1bamos no levantaban la vista. El \u00fanico que nos llegaba a ver era el sacerdote\u201d.<\/p>\n\n\n\n<p>En los m\u00e1s de 25 a\u00f1os en los que estuvo dentro del&nbsp;<strong>Opus Dei<\/strong>&nbsp;trabaj\u00f3 sin descanso. Tanto que una vez su familia viaj\u00f3 a verla a la residencia en la que trabajaba,apenas llegaron la directora del lugar los ech\u00f3: \u201cSe van a tener que ir porque \u2018Ofe\u2019 tiene mucho trabajo ac\u00e1\u2019, les dijo. \u201cMi familia se fue muy sentida y desde esa vez nunca volvi\u00f3 a visitarme. Mi mam\u00e1 estaba muy enojada con que yo estuviera ah\u00ed\u201d.<\/p>\n\n\n\n<p>Adem\u00e1s de limitar las visitas, tampoco la dejaban ir a ver a sus padres: \u201cHice caso, pero cuando mi madre estaba grave me fui a la fuerza a verla y no s\u00e9 c\u00f3mo, pero llegaron hasta ah\u00ed a buscarme. Yo no me quise ir, pero otra vez vinieron y al final me llevaron. Te dicen que el<strong>&nbsp;Opus Dei<\/strong>&nbsp;es tu familia y que no debes abandonarla por nada\u201d.<\/p>\n\n\n\n<p>Al repasar su vida,&nbsp;<strong>Ofelia<\/strong>&nbsp;dice que nunca se sinti\u00f3 realmente contenta dentro de la instituci\u00f3n. Sin embargo, no se iba por miedo: \u201cMe dec\u00edan que traicionaba a Dios y que mi familia se ir\u00eda al infierno. Adem\u00e1s, te dicen que qu\u00e9 vas a hacer afuera, que la vida es dif\u00edcil para una mujer sola\u201d.<\/p>\n\n\n\n<p>Eso la llev\u00f3 a quedarse hasta que no pudo m\u00e1s. \u201cCuando ya llevaba muchos a\u00f1os, me deprim\u00ed. Estuve cada vez peor y llegu\u00e9 al extremo de que no quer\u00eda vivir m\u00e1s. Porque aunque viv\u00eda con mucha gente, me sent\u00eda muy sola y no me sent\u00eda cuidada ni querida por la Obra\u201d. Eso la llev\u00f3 a tomarse un c\u00f3ctel de pastillas. \u201cAl d\u00eda siguiente me despert\u00e9 con los brazos amarrados. No era exactamente un psiqui\u00e1trico. Me dejaron ah\u00ed dos meses y las numerarias me iban a ver cada 8 d\u00edas. Mi familia no sab\u00eda nada de lo que me hab\u00eda pasado y nunca lo supo\u201d.<\/p>\n\n\n\n<p>Una vez afuera, empez\u00f3 una consulta con un psiquiatra y, como no era de la Obra, siempre entraba con ella a la sesi\u00f3n una numeraria que escuchaba. As\u00ed fue hasta que un d\u00eda el m\u00e9dico pidi\u00f3 que lo dejaran a solas con Ofelia y le dijo: \u201cT\u00fa te tienes que ir del&nbsp;<strong>Opus Dei<\/strong>, porque si no van a acabar contigo\u201d.&nbsp; Sali\u00f3 de all\u00ed decidida a irse pero no fue inmediato. \u201cEl d\u00eda final fue porque una de las numerarias me dio una bofetada y yo dije ya est\u00e1. Y sal\u00ed y me fui a vivir con una hermana durante un a\u00f1o, y despu\u00e9s con un hermano otro a\u00f1o. Hasta que despu\u00e9s pude irme sola\u201d.&nbsp;<\/p>\n\n\n\n<p>A diferencia de&nbsp;<strong>Mercedes<\/strong>, que conserva su fe,&nbsp;<strong>Ofelia<\/strong>&nbsp;dice que sali\u00f3 muy enojada de la Obra. \u201cCuando sal\u00ed ya no&nbsp;cre\u00eda en Dios, porque me preguntaba c\u00f3mo pod\u00eda ser que si Dios existe a nosotras nos hac\u00edan eso. Yo sal\u00ed muy sentida de la Obra, porque lo se viv\u00eda ah\u00ed adentro era una mentira total\u201d.&nbsp;<\/p>\n\n\n\n<p>En los ocho a\u00f1os que lleva fuera consigui\u00f3 pagar su casa con su trabajo en servicio dom\u00e9stico. Ahora es empleada dom\u00e9stica de lunes a s\u00e1bados y vuelve a su casa s\u00f3lo los fines de semana.&nbsp;<\/p>\n\n\n\n<h2 class=\"wp-block-heading\">La respuesta del Opus Dei: \u201cSiempre (hemos) respetado la normativa jur\u00eddica en materia laboral\u201d<\/h2>\n\n\n\n<p>La&nbsp;<strong>respuesta oficial del<\/strong>&nbsp;<strong>Opus Dei<\/strong>&nbsp;a&nbsp;<em>Animal Pol\u00edtico<\/em>&nbsp;se\u00f1ala que \u201cactualmente hay&nbsp;<strong>450 numerarias auxiliares en M\u00e9xico<\/strong>, todas ellas mexicanas, y que \u201cen los \u00faltimos a\u00f1os, aproximadamente un 4 % de las<strong>&nbsp;numerarias auxiliares<\/strong>&nbsp;han preferido seguir otro camino\u201d. Sin embargo, seg\u00fan las denunciantes, ser\u00edan muchas m\u00e1s las que han salido, en la mayor\u00eda de los casos a escondidas o escapando.<\/p>\n\n\n\n<p>Respecto de la tarea de estas&nbsp;<strong>mujeres<\/strong>, dice la instituci\u00f3n que su&nbsp;<strong>trabajo \u201ces remunerado con un sueldo acorde al mercado<\/strong>. Cada numeraria auxiliar recibe un ingreso del que dispone libremente para cubrir sus gastos personales y de manutenci\u00f3n\u201d, aunque no aclara c\u00f3mo fue en el pasado. Agrega que \u201cdesde hace varios a\u00f1os se han ido registrando todas al&nbsp;<strong>IMSS<\/strong>. Actualmente pr\u00e1cticamente todas est\u00e1n dadas de alta\u201d y que \u201cdesde&nbsp;<strong>2014<\/strong>, cuentan con un seguro de gastos m\u00e9dicos mayores con cobertura amplia\u201d. Tampoco describe qu\u00e9 ocurr\u00eda antes de ese a\u00f1o.&nbsp;<\/p>\n\n\n\n<p>Por \u00faltimo, aclaran que \u201cel&nbsp;<strong>Opus Dei<\/strong>&nbsp;siempre ha respetado la normativa jur\u00eddica en&nbsp;<strong>materia laboral<\/strong>. En m\u00e1s de 40 a\u00f1os no se ha registrado ninguna reclamaci\u00f3n judicial de tipo laboral en nuestro pa\u00eds ni tenemos noticia de alguna denuncia ni ante las autoridades civiles ni ante la Prelatura\u201d.<\/p>\n\n\n\n<figure class=\"wp-block-image\" id=\"attachment_1494951\"><img decoding=\"async\" src=\"https:\/\/ap-cdn.sfo3.cdn.digitaloceanspaces.com\/uploads\/2025\/01\/Opus-dei-mexico-mujeres-explotacion-laboral-testimonios.webp\" alt=\"Opus-dei-mexico-mujeres-explotacion-laboral testimonios\" class=\"wp-image-1494951\"\/><figcaption class=\"wp-element-caption\">Ilustraci\u00f3n: Andrea Paredes @driu.paredes<\/figcaption><\/figure>\n\n\n\n<p>A punto de cumplir su primer centenario, que celebrar\u00e1n en 2028, el<strong>&nbsp;Opus Dei<\/strong>&nbsp;tiene en M\u00e9xico su territorio m\u00e1s vasto fuera de Espa\u00f1a desde mediados del siglo pasado. As\u00ed lo relata en su p\u00e1gina web, donde cuenta que \u201ca&nbsp;partir de 1949, el novedoso mensaje del&nbsp;<strong>Opus Dei<\/strong>&nbsp;prende en todo tipo de ambientes en M\u00e9xico, pa\u00eds que tiene la primogenitura en Am\u00e9rica\u201d y resalta la figura del arquitecto y&nbsp;<strong>sacerdote Pedro Casciaro<\/strong>&nbsp;como el primer enviado a estas tierras de&nbsp;<strong>Jos\u00e9 Mar\u00eda Escriv\u00e1 de Balaguer, el cura espa\u00f1ol fundador de la \u201cObra de Dios\u201d<\/strong>.<\/p>\n\n\n\n<p>El 18 de febrero de 1949 abri\u00f3 el primer \u201ccentro\u201d del&nbsp;<strong>Opus Dei<\/strong>&nbsp;en la Ciudad de M\u00e9xico, en un departamento de la calle Londres y un mes despu\u00e9s el arzobispo Luis Mar\u00eda Mart\u00ednez celebr\u00f3 all\u00ed la primera misa. \u201cBajo la protecci\u00f3n de la Virgen de Guadalupe (\u2026) pronto la labor apost\u00f3lica se extiende a Culiac\u00e1n, Monterrey y Guadalajara\u201d, relata la instituci\u00f3n.<\/p>\n\n\n\n<figure class=\"wp-block-embed is-type-video is-provider-youtube wp-block-embed-youtube wp-embed-aspect-16-9 wp-has-aspect-ratio\"><div class=\"wp-block-embed__wrapper\">\n<iframe title=\"El Prelado del Opus Dei en M\u00e9xico | Villa Guadalupe y Aguascalientes\" width=\"500\" height=\"281\" src=\"https:\/\/www.youtube.com\/embed\/ki1W5KdV5nE?feature=oembed\" frameborder=\"0\" allow=\"accelerometer; autoplay; clipboard-write; encrypted-media; gyroscope; picture-in-picture; web-share\" referrerpolicy=\"strict-origin-when-cross-origin\" allowfullscreen><\/iframe>\n<\/div><\/figure>\n\n\n\n<p>El&nbsp;<strong>Opus Dei<\/strong>&nbsp;hab\u00eda nacido en 1928, pero el primer aval oficial lo obtuvo en la d\u00e9cada del 40 en Espa\u00f1a y lleg\u00f3 a M\u00e9xico y a toda Am\u00e9rica Latina mucho antes de su constituci\u00f3n jur\u00eddica como&nbsp;<strong>prelatura personal<\/strong>, que le otorg\u00f3 Juan Pablo II en 1982. Esta figura, \u00fanica en la&nbsp;<strong>Iglesia Cat\u00f3lica<\/strong>, es una estructura jer\u00e1rquica y piramidal que funciona con autonom\u00eda de las di\u00f3cesis y los obispados, y responde a sus propias autoridades en Roma. Por encima del&nbsp;<strong>prelado del Opus Dei s\u00f3lo est\u00e1 el papa<\/strong>.<\/p>\n\n\n\n<p>Seg\u00fan declara el&nbsp;<strong>Opus Dei,<\/strong>&nbsp;su presencia alcanza 68 pa\u00edses, entre los que suma unos 90,000 miembros y casi un 10 % de ellos est\u00e1n en M\u00e9xico. Esta cifra se sostiene desde hace dos d\u00e9cadas, aunque hoy se estima que son muchos menos.&nbsp;<\/p>\n\n\n\n<p>Con una estructura jer\u00e1rquica, el&nbsp;<strong>Opus Dei<\/strong>&nbsp;es una pir\u00e1mide que tiene en la cumbre a religiosos -curas- que apenas representan el 2 % del total de los miembros. El otro 98 % son laicos. Si bien todos son considerados iguales en su santidad y compromiso, hay distintas formas de pertenecer. Luego de los sacerdotes est\u00e1n los&nbsp;<strong>numerarios<\/strong>, que son los miembros c\u00e9libes que viven con compromisos de castidad, pobreza y obediencia en&nbsp;<strong>residencias de la Obra<\/strong>. Los&nbsp;<strong>numerarios son hombres profesionales<\/strong>&nbsp;o en camino a serlo que trabajan en su profesi\u00f3n -en el \u00e1mbito privado o p\u00fablico-, pero&nbsp;<strong>entregan sus ingresos a la instituci\u00f3n y conviven en casas propia de la Obra<\/strong>. Otra categor\u00eda es la de&nbsp;<strong>agregados<\/strong>, que tambi\u00e9n hacen compromisos de castidad, pobreza y obediencia, pero pueden vivir en sus casas. Luego est\u00e1n los&nbsp;<strong>supernumerarios<\/strong>, que pueden formar familia y tienen el mandato de que sean numerosas. Representan el 70 % de los miembros y su aporte es con dinero, bienes, trabajo y v\u00ednculos.<\/p>\n\n\n\n<p>La misma estructura se replica en la rama femenina, a la que adem\u00e1s se agrega la de las&nbsp;<strong>numerarias auxiliares, que son las que llevan adelante el servicio dom\u00e9stico de los centros<\/strong>, las residencias, las casas de retiro y las administraciones. Esa vocaci\u00f3n no puede cambiar: no hay posibilidad de que una numeraria auxiliar se convierta en numeraria, por lo que toda su vida se desarrolla en tareas de cocina, limpieza, atenci\u00f3n y mantenimiento.<\/p>\n\n\n\n<figure class=\"wp-block-image\" id=\"attachment_1494949\"><img decoding=\"async\" src=\"https:\/\/ap-cdn.sfo3.cdn.digitaloceanspaces.com\/uploads\/2025\/01\/Opus-dei-mexico-mujeres-explotacion-laboral-testimonios-3.webp\" alt=\"Opus-dei-mexico-mujeres-explotacion-laboral testimonios\" class=\"wp-image-1494949\"\/><figcaption class=\"wp-element-caption\">Ilustraci\u00f3n: Andrea Paredes @driu.paredes<\/figcaption><\/figure>\n\n\n\n<h2 class=\"wp-block-heading\">Un sistema igual al que en Argentina ya se investiga como trata<\/h2>\n\n\n\n<p>En septiembre de 2021,&nbsp;<strong>43 mujeres exnumerarias auxiliares<\/strong>&nbsp;denunciaron ante el Tribunal para la Doctrina de la Fe del Vaticano que hab\u00edan sido&nbsp;<strong>v\u00edctimas de trata<\/strong>&nbsp;y reducci\u00f3n a la servidumbre en la Argentina. Entre ellas, hab\u00eda tambi\u00e9n mujeres reclutadas en Paraguay y Bolivia que hab\u00edan sido llevadas con el mismo fin a Buenos Aires. La representaci\u00f3n relat\u00f3 c\u00f3mo las&nbsp;<strong>mujeres hab\u00edan sido captadas siendo ni\u00f1as y adolescentes en lugares pobres y rurales<\/strong>, luego alejadas de sus familias y manipuladas espiritualmente para comprometerse a una vida de trabajo y compromiso religioso.<\/p>\n\n\n\n<p>Sin respuesta formal del&nbsp;<strong>Vaticano<\/strong>, las&nbsp;<strong>denuncias p\u00fablicas de las mujeres<\/strong>&nbsp;fueron tomadas por la Procuradur\u00eda contra la&nbsp;<strong>Trata de Personas para Explotaci\u00f3n de la Argentina<\/strong>&nbsp;(PROTEX), que en septiembre de 2022 inici\u00f3 una investigaci\u00f3n secreta y elev\u00f3 una denuncia a la justicia federal que culmin\u00f3 en septiembre de 2024&nbsp;<a href=\"https:\/\/www.fiscales.gob.ar\/trata\/pidieron-la-indagatoria-de-cuatro-sacerdotes-del-opus-dei-acusados-de-trata-de-personas-y-reduccion-a-la-servidumbre\/\" target=\"_blank\" rel=\"noreferrer noopener\">con una acusaci\u00f3n contra las m\u00e1ximas autoridades del Opus Dei en la regi\u00f3n R\u00edo de la Plata y un pedido de indagatoria<\/a>&nbsp;que deber\u00eda concretarse en los pr\u00f3ximos meses.<\/p>\n\n\n\n<p>\u201cEste proceso judicial es muy importante ya que es la primera vez que se investiga seriamente al&nbsp;<strong>Opus Dei<\/strong>&nbsp;y se imputa penalmente a sus m\u00e1ximas autoridades\u201d, dijo a&nbsp;<em>Animal Pol\u00edtico<\/em>&nbsp;el abogado Sebasti\u00e1n Sal, defensor de las&nbsp;<strong>43 mujeres<\/strong>&nbsp;y querellante en la causa.&nbsp;<\/p>\n\n\n\n<p>PROTEX y la Fiscal\u00eda describieron la existencia de un&nbsp;<strong>sistema de captaci\u00f3n enga\u00f1oso<\/strong>, planificado y deliberado, dirigido a proveer a los miembros varones de un servicio dom\u00e9stico equiparable al de una servidumbre, ya que no contemplaba ning\u00fan pago por la tarea ni derechos laborales b\u00e1sicos. La acusaci\u00f3n describe el&nbsp;<strong><em>modus operandi<\/em><\/strong><strong>&nbsp;del Opus Dei para someter a las mujeres<\/strong>&nbsp;como un plan de varias etapas: captaci\u00f3n de ni\u00f1as y adolescentes de entre 12 y 16 a\u00f1os mediante una selecci\u00f3n enga\u00f1osa, que \u201cconsist\u00eda en presentar una propuesta falsa relacionada con la posibilidad de continuar y completar sus estudios primarios y secundarios, as\u00ed como recibir formaci\u00f3n profesional para obtener oportunidades laborales, todo ello en un contexto de ense\u00f1anza religiosa\u201d.<\/p>\n\n\n\n<p>Adem\u00e1s de la din\u00e1mica de&nbsp;<strong>ingreso al<\/strong>&nbsp;<strong>Opus Dei<\/strong>, la investigaci\u00f3n enumera y describe la situaci\u00f3n de las v\u00edctimas dentro de los \u201ccentros\u201d de la organizaci\u00f3n, las pr\u00e1cticas de manipulaci\u00f3n psicol\u00f3gica, el sistema de creencias, el \u201ccontrol disciplinario mediante elementos de castigo\u201d y una serie de \u201cnormas de vida\u201d que deb\u00edan llevar las&nbsp;<strong>mujeres<\/strong>&nbsp;y que implicaban un sistema de charlas, confesiones y oraciones, adem\u00e1s de la obligaci\u00f3n de la castidad, el aislamiento de los v\u00ednculos familiares, la restricci\u00f3n de sus comunicaciones y cualquier contacto con el mundo exterior, el<strong>&nbsp;control psicol\u00f3gico y condicionamiento conductual<\/strong>, como tambi\u00e9n el control de la salud f\u00edsica y mental mediante visitas m\u00e9dicas supervisadas y suministro de pastillas psiqui\u00e1tricas.&nbsp;<\/p>\n\n\n\n<p>Tras la difusi\u00f3n de la acusaci\u00f3n formal en Argentina,&nbsp;<a href=\"https:\/\/opusdei.org\/es-ar\/article\/el-opus-dei-niega-categoricamente-la-acusacion-de-trata-de-persona-y-considera-necesaria-la-investigacion-judicial-para-esclarecer-definitivamente-la-situacion\/\" target=\"_blank\" rel=\"noreferrer noopener\">a trav\u00e9s de un comunicado el Opus Dei neg\u00f3 \u201ccateg\u00f3ricamente\u201d los hechos investigados<\/a>&nbsp;y explic\u00f3 que las mujeres \u201dlibremente eligieron una vocaci\u00f3n espiritual dentro de la&nbsp;<strong>Iglesia Cat\u00f3lica<\/strong>&nbsp;como numerarias auxiliares\u201d, es decir,<strong>&nbsp;mujeres del Opus Dei<\/strong>&nbsp;que, \u201ccomo todos los dem\u00e1s miembros, aspiran a amar a Dios y a los dem\u00e1s y lo demuestran a trav\u00e9s de su trabajo y de su vida cotidiana, dedic\u00e1ndose al cuidado de las personas y las casas, dentro de un ambiente familiar que el&nbsp;<strong>Opus Dei<\/strong>&nbsp;pretende proporcionar\u201d. Adem\u00e1s, aseguraron que recib\u00edan un salario, algo que las denunciantes desmienten por completo.<\/p>\n\n\n\n<p>A partir del impacto internacional de esta noticia, que es la primera acusaci\u00f3n formal contra una instituci\u00f3n de la&nbsp;<strong>iglesia cat\u00f3lica<\/strong>&nbsp;por&nbsp;<strong>trata de mujeres para servidumbre<\/strong>, en al menos 20 de los&nbsp;<strong>68 pa\u00edses en los que funciona el Opus Dei<\/strong>&nbsp;empezaron a aparecer testimonios muy similares a los de Argentina que dan cuenta de que este sistema de captaci\u00f3n y&nbsp;<strong>explotaci\u00f3n de mujeres<\/strong>&nbsp;se replic\u00f3 en todas las latitudes de manera pr\u00e1cticamente exacta. Estos primeros testimonios en M\u00e9xico lo confirman.<\/p>\n\n\n\n<p>Fuente: <a href=\"https:\/\/www.animalpolitico.com\/sociedad\/opus-dei-mexico-mujeres-explotacion-laboral\">https:\/\/www.animalpolitico.com\/sociedad\/opus-dei-mexico-mujeres-explotacion-laboral<\/a><\/p>\n","protected":false},"excerpt":{"rendered":"<p>Las captaron cuando eran adolescentes en pueblos rurales con la promesa de una educaci\u00f3n en hoteler\u00eda, pero terminaron sirviendo a [&hellip;]<\/p>\n","protected":false},"author":1,"featured_media":93643,"comment_status":"open","ping_status":"open","sticky":false,"template":"","format":"standard","meta":{"site-sidebar-layout":"default","site-content-layout":"","ast-site-content-layout":"default","site-content-style":"default","site-sidebar-style":"default","ast-global-header-display":"","ast-banner-title-visibility":"","ast-main-header-display":"","ast-hfb-above-header-display":"","ast-hfb-below-header-display":"","ast-hfb-mobile-header-display":"","site-post-title":"","ast-breadcrumbs-content":"","ast-featured-img":"","footer-sml-layout":"","theme-transparent-header-meta":"","adv-header-id-meta":"","stick-header-meta":"","header-above-stick-meta":"","header-main-stick-meta":"","header-below-stick-meta":"","astra-migrate-meta-layouts":"default","ast-page-background-enabled":"default","ast-page-background-meta":{"desktop":{"background-color":"var(--ast-global-color-4)","background-image":"","background-repeat":"repeat","background-position":"center center","background-size":"auto","background-attachment":"scroll","background-type":"","background-media":"","overlay-type":"","overlay-color":"","overlay-opacity":"","overlay-gradient":""},"tablet":{"background-color":"","background-image":"","background-repeat":"repeat","background-position":"center center","background-size":"auto","background-attachment":"scroll","background-type":"","background-media":"","overlay-type":"","overlay-color":"","overlay-opacity":"","overlay-gradient":""},"mobile":{"background-color":"","background-image":"","background-repeat":"repeat","background-position":"center center","background-size":"auto","background-attachment":"scroll","background-type":"","background-media":"","overlay-type":"","overlay-color":"","overlay-opacity":"","overlay-gradient":""}},"ast-content-background-meta":{"desktop":{"background-color":"var(--ast-global-color-5)","background-image":"","background-repeat":"repeat","background-position":"center center","background-size":"auto","background-attachment":"scroll","background-type":"","background-media":"","overlay-type":"","overlay-color":"","overlay-opacity":"","overlay-gradient":""},"tablet":{"background-color":"var(--ast-global-color-5)","background-image":"","background-repeat":"repeat","background-position":"center center","background-size":"auto","background-attachment":"scroll","background-type":"","background-media":"","overlay-type":"","overlay-color":"","overlay-opacity":"","overlay-gradient":""},"mobile":{"background-color":"var(--ast-global-color-5)","background-image":"","background-repeat":"repeat","background-position":"center center","background-size":"auto","background-attachment":"scroll","background-type":"","background-media":"","overlay-type":"","overlay-color":"","overlay-opacity":"","overlay-gradient":""}},"footnotes":""},"categories":[8],"tags":[16039,35325,11784],"class_list":["post-93642","post","type-post","status-publish","format-standard","has-post-thumbnail","hentry","category-noticias","tag-explotacion-laboral","tag-mexicanas-explotadas-por-opus-dei","tag-opus-dei"],"_links":{"self":[{"href":"https:\/\/losperiodistas.com.mx\/portal\/wp-json\/wp\/v2\/posts\/93642","targetHints":{"allow":["GET"]}}],"collection":[{"href":"https:\/\/losperiodistas.com.mx\/portal\/wp-json\/wp\/v2\/posts"}],"about":[{"href":"https:\/\/losperiodistas.com.mx\/portal\/wp-json\/wp\/v2\/types\/post"}],"author":[{"embeddable":true,"href":"https:\/\/losperiodistas.com.mx\/portal\/wp-json\/wp\/v2\/users\/1"}],"replies":[{"embeddable":true,"href":"https:\/\/losperiodistas.com.mx\/portal\/wp-json\/wp\/v2\/comments?post=93642"}],"version-history":[{"count":1,"href":"https:\/\/losperiodistas.com.mx\/portal\/wp-json\/wp\/v2\/posts\/93642\/revisions"}],"predecessor-version":[{"id":93644,"href":"https:\/\/losperiodistas.com.mx\/portal\/wp-json\/wp\/v2\/posts\/93642\/revisions\/93644"}],"wp:featuredmedia":[{"embeddable":true,"href":"https:\/\/losperiodistas.com.mx\/portal\/wp-json\/wp\/v2\/media\/93643"}],"wp:attachment":[{"href":"https:\/\/losperiodistas.com.mx\/portal\/wp-json\/wp\/v2\/media?parent=93642"}],"wp:term":[{"taxonomy":"category","embeddable":true,"href":"https:\/\/losperiodistas.com.mx\/portal\/wp-json\/wp\/v2\/categories?post=93642"},{"taxonomy":"post_tag","embeddable":true,"href":"https:\/\/losperiodistas.com.mx\/portal\/wp-json\/wp\/v2\/tags?post=93642"}],"curies":[{"name":"wp","href":"https:\/\/api.w.org\/{rel}","templated":true}]}}