{"id":93577,"date":"2025-01-26T09:34:37","date_gmt":"2025-01-26T15:34:37","guid":{"rendered":"https:\/\/losperiodistas.com.mx\/portal\/?p=93577"},"modified":"2025-01-26T09:34:39","modified_gmt":"2025-01-26T15:34:39","slug":"meta-invertira-este-ano-hasta-65-000-millones-de-dolares-en-inteligencia-artificial-efe","status":"publish","type":"post","link":"https:\/\/losperiodistas.com.mx\/portal\/meta-invertira-este-ano-hasta-65-000-millones-de-dolares-en-inteligencia-artificial-efe\/","title":{"rendered":"Meta invertir\u00e1 este a\u00f1o hasta 65.000 millones de d\u00f3lares en inteligencia artificial | EFE"},"content":{"rendered":"\n<figure class=\"wp-block-image size-full\"><img fetchpriority=\"high\" decoding=\"async\" width=\"900\" height=\"600\" src=\"https:\/\/losperiodistas.com.mx\/portal\/wp-content\/uploads\/2025\/01\/Mark-Zuckerberg.webp\" alt=\"\" class=\"wp-image-93578\" srcset=\"https:\/\/losperiodistas.com.mx\/portal\/wp-content\/uploads\/2025\/01\/Mark-Zuckerberg.webp 900w, https:\/\/losperiodistas.com.mx\/portal\/wp-content\/uploads\/2025\/01\/Mark-Zuckerberg-300x200.webp 300w, https:\/\/losperiodistas.com.mx\/portal\/wp-content\/uploads\/2025\/01\/Mark-Zuckerberg-768x512.webp 768w\" sizes=\"(max-width: 900px) 100vw, 900px\" \/><figcaption class=\"wp-element-caption\">El director ejecutivo de Meta, Mark Zuckerberg (c), en la investidura del presidente de EE.UU., Donald Trump. EFE\/EPA\/Shawn Thew\/Pool<\/figcaption><\/figure>\n\n\n\n<p class=\"has-vivid-red-color has-text-color has-link-color has-medium-font-size wp-elements-23db7e95974579b190d8bc7ea9a6cef6\"><strong>Agencia EFE<\/strong><\/p>\n\n\n\n<p>Nueva York (EFE).- El director ejecutivo de Meta, Mark Zuckerberg, inform\u00f3 este viernes que su compa\u00f1\u00eda tiene previsto invertir entre 60.000 y 65.000 millones de d\u00f3lares este a\u00f1o para desarrollar sus servicios de inteligencia artificial (IA) y para construir un centro de datos de gran tama\u00f1o.<\/p>\n\n\n\n<p>El empresario indic\u00f3 en una publicaci\u00f3n de Facebook que Meta est\u00e1 trabajando ya en una instalaci\u00f3n de gesti\u00f3n y an\u00e1lisis de datos \u00abtan grande (f\u00edsicamente) que cubrir\u00eda una parte significativa de Manhattan\u00bb.<\/p>\n\n\n\n<p>Adem\u00e1s, incidi\u00f3 en que la empresa pretende incorporar un gigavatio de computaci\u00f3n a sus centros y terminar el a\u00f1o con m\u00e1s de 1,3 millones de unidades de procesamiento gr\u00e1fico (GPUs), un tipo de chip muy \u00fatil en los sistemas de IA por su gran potencia de c\u00e1lculo.<\/p>\n\n\n\n<p>\u00abEste ser\u00e1 un a\u00f1o decisivo para la IA. En 2025, espero que Meta AI sea el principal asistente de m\u00e1s de 1.000 millones de personas y que Llama 4 (herramienta para incorporar la IA en otras plataformas) se convierta en el principal modelo de vanguardia\u00bb, expres\u00f3.<\/p>\n\n\n\n<figure class=\"wp-block-image\"><img decoding=\"async\" src=\"https:\/\/i0.wp.com\/efe.com\/wp-content\/uploads\/2025\/01\/Meta-inteligencia-artificial.jpg?resize=900%2C640&amp;ssl=1\" alt=\"\" class=\"wp-image-1624900\"\/><figcaption class=\"wp-element-caption\">Un autom\u00f3vil pasa junto al logotipo de Meta, en una fotograf\u00eda de archivo. EFE\/EPA\/John G. Mabanglo<\/figcaption><\/figure>\n\n\n\n<h2 class=\"wp-block-heading\" id=\"h-meta-piensa-aumentar-sus-equipos-de-inteligencia-artificial\">Meta piensa aumentar sus equipos de inteligencia artificial<\/h2>\n\n\n\n<p>Seg\u00fan el empresario, Meta tiene previsto aumentar sus equipos de inteligencia artificial y disponer \u00abdel capital necesario para seguir invirtiendo en los pr\u00f3ximos a\u00f1os\u00bb.<\/p>\n\n\n\n<p>\u00abSe trata de un esfuerzo ingente que en los pr\u00f3ximos a\u00f1os impulsar\u00e1 nuestros productos y negocios principales, desbloquear\u00e1 innovaciones hist\u00f3ricas y ampliar\u00e1 el liderazgo tecnol\u00f3gico estadounidense\u00bb, subray\u00f3.<\/p>\n\n\n\n<figure class=\"wp-block-image\"><img decoding=\"async\" src=\"https:\/\/i0.wp.com\/efe.com\/wp-content\/uploads\/2025\/01\/wall.jpg?resize=900%2C600&amp;ssl=1\" alt=\"\" class=\"wp-image-1624919\"\/><figcaption class=\"wp-element-caption\">Vista del edificio de la Bolsa de Valores de Nueva York, en una fotograf\u00eda de archivo. EFE\/ Angel Colmenares<\/figcaption><\/figure>\n\n\n\n<p>Tras el anuncio, las acciones de Meta en Wall Street sub\u00edan un 1 %.<\/p>\n\n\n\n<p>La noticia tiene lugar apenas unos d\u00edas despu\u00e9s de que el nuevo presidente de EE.UU., Donald Trump, anunciara el proyecto \u2018Stargate\u2019, por el que las empresas OpenAI, Oracle y SoftBank destinar\u00e1n en los pr\u00f3ximos cuatro a\u00f1os 500.000 millones de d\u00f3lares para construir hasta veinte nuevos centros de datos para apoyar proyectos de IA.<\/p>\n\n\n\n<p>Fuente: <a href=\"https:\/\/efe.com\/ciencia-y-tecnologia\/2025-01-24\/meta-inversion-inteligencia-artificial\/\">https:\/\/efe.com\/ciencia-y-tecnologia\/2025-01-24\/meta-inversion-inteligencia-artificial\/<\/a><\/p>\n\n\n\n<p><\/p>\n","protected":false},"excerpt":{"rendered":"<p>Agencia EFE Nueva York (EFE).- El director ejecutivo de Meta, Mark Zuckerberg, inform\u00f3 este viernes que su compa\u00f1\u00eda tiene previsto [&hellip;]<\/p>\n","protected":false},"author":1,"featured_media":93578,"comment_status":"open","ping_status":"open","sticky":false,"template":"","format":"standard","meta":{"site-sidebar-layout":"default","site-content-layout":"","ast-site-content-layout":"default","site-content-style":"default","site-sidebar-style":"default","ast-global-header-display":"","ast-banner-title-visibility":"","ast-main-header-display":"","ast-hfb-above-header-display":"","ast-hfb-below-header-display":"","ast-hfb-mobile-header-display":"","site-post-title":"","ast-breadcrumbs-content":"","ast-featured-img":"","footer-sml-layout":"","theme-transparent-header-meta":"","adv-header-id-meta":"","stick-header-meta":"","header-above-stick-meta":"","header-main-stick-meta":"","header-below-stick-meta":"","astra-migrate-meta-layouts":"default","ast-page-background-enabled":"default","ast-page-background-meta":{"desktop":{"background-color":"var(--ast-global-color-4)","background-image":"","background-repeat":"repeat","background-position":"center center","background-size":"auto","background-attachment":"scroll","background-type":"","background-media":"","overlay-type":"","overlay-color":"","overlay-opacity":"","overlay-gradient":""},"tablet":{"background-color":"","background-image":"","background-repeat":"repeat","background-position":"center center","background-size":"auto","background-attachment":"scroll","background-type":"","background-media":"","overlay-type":"","overlay-color":"","overlay-opacity":"","overlay-gradient":""},"mobile":{"background-color":"","background-image":"","background-repeat":"repeat","background-position":"center center","background-size":"auto","background-attachment":"scroll","background-type":"","background-media":"","overlay-type":"","overlay-color":"","overlay-opacity":"","overlay-gradient":""}},"ast-content-background-meta":{"desktop":{"background-color":"var(--ast-global-color-5)","background-image":"","background-repeat":"repeat","background-position":"center center","background-size":"auto","background-attachment":"scroll","background-type":"","background-media":"","overlay-type":"","overlay-color":"","overlay-opacity":"","overlay-gradient":""},"tablet":{"background-color":"var(--ast-global-color-5)","background-image":"","background-repeat":"repeat","background-position":"center center","background-size":"auto","background-attachment":"scroll","background-type":"","background-media":"","overlay-type":"","overlay-color":"","overlay-opacity":"","overlay-gradient":""},"mobile":{"background-color":"var(--ast-global-color-5)","background-image":"","background-repeat":"repeat","background-position":"center center","background-size":"auto","background-attachment":"scroll","background-type":"","background-media":"","overlay-type":"","overlay-color":"","overlay-opacity":"","overlay-gradient":""}},"footnotes":""},"categories":[8],"tags":[76,35263,35262],"class_list":["post-93577","post","type-post","status-publish","format-standard","has-post-thumbnail","hentry","category-noticias","tag-mark-zuckerberg","tag-meta-65-mil-mdd-para-ia","tag-meta-ia"],"_links":{"self":[{"href":"https:\/\/losperiodistas.com.mx\/portal\/wp-json\/wp\/v2\/posts\/93577","targetHints":{"allow":["GET"]}}],"collection":[{"href":"https:\/\/losperiodistas.com.mx\/portal\/wp-json\/wp\/v2\/posts"}],"about":[{"href":"https:\/\/losperiodistas.com.mx\/portal\/wp-json\/wp\/v2\/types\/post"}],"author":[{"embeddable":true,"href":"https:\/\/losperiodistas.com.mx\/portal\/wp-json\/wp\/v2\/users\/1"}],"replies":[{"embeddable":true,"href":"https:\/\/losperiodistas.com.mx\/portal\/wp-json\/wp\/v2\/comments?post=93577"}],"version-history":[{"count":1,"href":"https:\/\/losperiodistas.com.mx\/portal\/wp-json\/wp\/v2\/posts\/93577\/revisions"}],"predecessor-version":[{"id":93579,"href":"https:\/\/losperiodistas.com.mx\/portal\/wp-json\/wp\/v2\/posts\/93577\/revisions\/93579"}],"wp:featuredmedia":[{"embeddable":true,"href":"https:\/\/losperiodistas.com.mx\/portal\/wp-json\/wp\/v2\/media\/93578"}],"wp:attachment":[{"href":"https:\/\/losperiodistas.com.mx\/portal\/wp-json\/wp\/v2\/media?parent=93577"}],"wp:term":[{"taxonomy":"category","embeddable":true,"href":"https:\/\/losperiodistas.com.mx\/portal\/wp-json\/wp\/v2\/categories?post=93577"},{"taxonomy":"post_tag","embeddable":true,"href":"https:\/\/losperiodistas.com.mx\/portal\/wp-json\/wp\/v2\/tags?post=93577"}],"curies":[{"name":"wp","href":"https:\/\/api.w.org\/{rel}","templated":true}]}}