{"id":93565,"date":"2025-01-26T07:58:10","date_gmt":"2025-01-26T13:58:10","guid":{"rendered":"https:\/\/losperiodistas.com.mx\/portal\/?p=93565"},"modified":"2025-01-26T07:58:11","modified_gmt":"2025-01-26T13:58:11","slug":"con-casas-violeta-gobierno-del-estado-acercara-justicia-a-mujeres-victimas-de-violencia","status":"publish","type":"post","link":"https:\/\/losperiodistas.com.mx\/portal\/con-casas-violeta-gobierno-del-estado-acercara-justicia-a-mujeres-victimas-de-violencia\/","title":{"rendered":"Con Casas Violeta, Gobierno del Estado acercar\u00e1 justicia a mujeres v\u00edctimas de violencia"},"content":{"rendered":"\n<p class=\"has-medium-font-size\"><em>-El gobernador Alejandro Armenta reiter\u00f3 que durante los primeros 100 d\u00edas de su administraci\u00f3n ser\u00e1n instaladas 15 Casas en diferentes regiones de la entidad.<\/em><\/p>\n\n\n\n<p class=\"has-medium-font-size\"><em>-La primera ser\u00e1 abierta en el municipio de Acatl\u00e1n de Osorio.<\/em><\/p>\n\n\n\n<figure class=\"wp-block-image size-full\"><img fetchpriority=\"high\" decoding=\"async\" width=\"600\" height=\"450\" src=\"https:\/\/losperiodistas.com.mx\/portal\/wp-content\/uploads\/2025\/01\/1afb6773544c4e31614140c2916904b8_L.jpg\" alt=\"\" class=\"wp-image-93566\" srcset=\"https:\/\/losperiodistas.com.mx\/portal\/wp-content\/uploads\/2025\/01\/1afb6773544c4e31614140c2916904b8_L.jpg 600w, https:\/\/losperiodistas.com.mx\/portal\/wp-content\/uploads\/2025\/01\/1afb6773544c4e31614140c2916904b8_L-300x225.jpg 300w\" sizes=\"(max-width: 600px) 100vw, 600px\" \/><figcaption class=\"wp-element-caption\">Gobierno de Puebla<\/figcaption><\/figure>\n\n\n\n<p><\/p>\n\n\n\n<p class=\"has-vivid-red-color has-text-color has-link-color has-medium-font-size wp-elements-6fb932cedf388346955b6bb1e01ef4e1\"><strong>COMUNICADO<\/strong><\/p>\n\n\n\n<p><strong>CIUDAD DE PUEBLA, Pue.-<\/strong>&nbsp;\u201cLo que queremos es que la mujer sea protegida, acompa\u00f1ada frente a un acto de violencia. Por ello, las Casas Violeta ser\u00e1n recintos de cuidado para las mujeres, no queremos que los feminicidios sigan en aumento\u201d, afirm\u00f3 el gobernador Alejandro Armenta al reiterar que el inter\u00e9s de su administraci\u00f3n es que ninguna mujer quede ajena a la protecci\u00f3n de la justicia y de la seguridad.<\/p>\n\n\n\n<p>En coordinaci\u00f3n con el Sistema Estatal DIF y la Secretar\u00eda de Gobernaci\u00f3n, la Fiscal\u00eda General del Estado garantizar\u00e1 el derecho a la justicia a mujeres, ni\u00f1as y a todas aquellas personas que requieran de atenci\u00f3n en caso de ser violentadas o violentados.<\/p>\n\n\n\n<p>El mandatario estatal explic\u00f3 que las Casas Violeta ser\u00e1n espacios para reforzar la protecci\u00f3n y el acceso a la justicia para las mujeres, especialmente en aquellas comunidades ind\u00edgenas y marginadas, sin importar su condici\u00f3n social o \u00e9tnica, \u201ctodo ello con el firme compromiso de garantizar que nunca m\u00e1s una mujer sea violentada ni se vea privada del derecho a la justicia\u201d<\/p>\n\n\n\n<p>Las 15 Casas Violeta que se instalar\u00e1n en los primeros 100 d\u00edas de gobierno de Alejandro Armenta, ofrecer\u00e1n un servicio integral a las mujeres v\u00edctimas de violencia, brindando asesor\u00eda legal, atenci\u00f3n psicol\u00f3gica y m\u00e9dica, adem\u00e1s de contar con un \u00e1rea l\u00fadica con c\u00e1mara Gesell, patio de juegos y espacios dedicados al empoderamiento y la estancia transitoria. Tambi\u00e9n ofrecer\u00e1n atenci\u00f3n por parte de Ministerios P\u00fablicos y peritos.<\/p>\n\n\n\n<p><\/p>\n","protected":false},"excerpt":{"rendered":"<p>-El gobernador Alejandro Armenta reiter\u00f3 que durante los primeros 100 d\u00edas de su administraci\u00f3n ser\u00e1n instaladas 15 Casas en diferentes [&hellip;]<\/p>\n","protected":false},"author":1,"featured_media":93566,"comment_status":"open","ping_status":"open","sticky":false,"template":"","format":"standard","meta":{"site-sidebar-layout":"default","site-content-layout":"","ast-site-content-layout":"default","site-content-style":"default","site-sidebar-style":"default","ast-global-header-display":"","ast-banner-title-visibility":"","ast-main-header-display":"","ast-hfb-above-header-display":"","ast-hfb-below-header-display":"","ast-hfb-mobile-header-display":"","site-post-title":"","ast-breadcrumbs-content":"","ast-featured-img":"","footer-sml-layout":"","theme-transparent-header-meta":"","adv-header-id-meta":"","stick-header-meta":"","header-above-stick-meta":"","header-main-stick-meta":"","header-below-stick-meta":"","astra-migrate-meta-layouts":"default","ast-page-background-enabled":"default","ast-page-background-meta":{"desktop":{"background-color":"var(--ast-global-color-4)","background-image":"","background-repeat":"repeat","background-position":"center center","background-size":"auto","background-attachment":"scroll","background-type":"","background-media":"","overlay-type":"","overlay-color":"","overlay-opacity":"","overlay-gradient":""},"tablet":{"background-color":"","background-image":"","background-repeat":"repeat","background-position":"center center","background-size":"auto","background-attachment":"scroll","background-type":"","background-media":"","overlay-type":"","overlay-color":"","overlay-opacity":"","overlay-gradient":""},"mobile":{"background-color":"","background-image":"","background-repeat":"repeat","background-position":"center center","background-size":"auto","background-attachment":"scroll","background-type":"","background-media":"","overlay-type":"","overlay-color":"","overlay-opacity":"","overlay-gradient":""}},"ast-content-background-meta":{"desktop":{"background-color":"var(--ast-global-color-5)","background-image":"","background-repeat":"repeat","background-position":"center center","background-size":"auto","background-attachment":"scroll","background-type":"","background-media":"","overlay-type":"","overlay-color":"","overlay-opacity":"","overlay-gradient":""},"tablet":{"background-color":"var(--ast-global-color-5)","background-image":"","background-repeat":"repeat","background-position":"center center","background-size":"auto","background-attachment":"scroll","background-type":"","background-media":"","overlay-type":"","overlay-color":"","overlay-opacity":"","overlay-gradient":""},"mobile":{"background-color":"var(--ast-global-color-5)","background-image":"","background-repeat":"repeat","background-position":"center center","background-size":"auto","background-attachment":"scroll","background-type":"","background-media":"","overlay-type":"","overlay-color":"","overlay-opacity":"","overlay-gradient":""}},"footnotes":""},"categories":[8],"tags":[34311,2147,35250,35251],"class_list":["post-93565","post","type-post","status-publish","format-standard","has-post-thumbnail","hentry","category-noticias","tag-poramorapuebla-pensarengrande","tag-alejandro-armenta-mier","tag-casas-violeta-en-puebla","tag-justicia-a-mujeres"],"_links":{"self":[{"href":"https:\/\/losperiodistas.com.mx\/portal\/wp-json\/wp\/v2\/posts\/93565","targetHints":{"allow":["GET"]}}],"collection":[{"href":"https:\/\/losperiodistas.com.mx\/portal\/wp-json\/wp\/v2\/posts"}],"about":[{"href":"https:\/\/losperiodistas.com.mx\/portal\/wp-json\/wp\/v2\/types\/post"}],"author":[{"embeddable":true,"href":"https:\/\/losperiodistas.com.mx\/portal\/wp-json\/wp\/v2\/users\/1"}],"replies":[{"embeddable":true,"href":"https:\/\/losperiodistas.com.mx\/portal\/wp-json\/wp\/v2\/comments?post=93565"}],"version-history":[{"count":1,"href":"https:\/\/losperiodistas.com.mx\/portal\/wp-json\/wp\/v2\/posts\/93565\/revisions"}],"predecessor-version":[{"id":93567,"href":"https:\/\/losperiodistas.com.mx\/portal\/wp-json\/wp\/v2\/posts\/93565\/revisions\/93567"}],"wp:featuredmedia":[{"embeddable":true,"href":"https:\/\/losperiodistas.com.mx\/portal\/wp-json\/wp\/v2\/media\/93566"}],"wp:attachment":[{"href":"https:\/\/losperiodistas.com.mx\/portal\/wp-json\/wp\/v2\/media?parent=93565"}],"wp:term":[{"taxonomy":"category","embeddable":true,"href":"https:\/\/losperiodistas.com.mx\/portal\/wp-json\/wp\/v2\/categories?post=93565"},{"taxonomy":"post_tag","embeddable":true,"href":"https:\/\/losperiodistas.com.mx\/portal\/wp-json\/wp\/v2\/tags?post=93565"}],"curies":[{"name":"wp","href":"https:\/\/api.w.org\/{rel}","templated":true}]}}