{"id":93562,"date":"2025-01-26T07:15:35","date_gmt":"2025-01-26T13:15:35","guid":{"rendered":"https:\/\/losperiodistas.com.mx\/portal\/?p=93562"},"modified":"2025-01-26T07:15:37","modified_gmt":"2025-01-26T13:15:37","slug":"trump-restablece-prohibicion-de-financiar-abortos-internacionales-segun-la-politica-de-ciudad-de-mexico-aci","status":"publish","type":"post","link":"https:\/\/losperiodistas.com.mx\/portal\/trump-restablece-prohibicion-de-financiar-abortos-internacionales-segun-la-politica-de-ciudad-de-mexico-aci\/","title":{"rendered":"Trump restablece prohibici\u00f3n de financiar abortos internacionales, seg\u00fan la \u201cPol\u00edtica de Ciudad de M\u00e9xico\u201d | ACI"},"content":{"rendered":"\n<figure class=\"wp-block-image size-full\"><img fetchpriority=\"high\" decoding=\"async\" width=\"672\" height=\"448\" src=\"https:\/\/losperiodistas.com.mx\/portal\/wp-content\/uploads\/2025\/01\/trump-casa-blanca.webp\" alt=\"\" class=\"wp-image-93563\" srcset=\"https:\/\/losperiodistas.com.mx\/portal\/wp-content\/uploads\/2025\/01\/trump-casa-blanca.webp 672w, https:\/\/losperiodistas.com.mx\/portal\/wp-content\/uploads\/2025\/01\/trump-casa-blanca-300x200.webp 300w\" sizes=\"(max-width: 672px) 100vw, 672px\" \/><figcaption class=\"wp-element-caption\">El presidente Donald Trump firma \u00f3rdenes ejecutivas en la Oficina Oval de la Casa Blanca. | Cr\u00e9dito: La Casa Blanca<\/figcaption><\/figure>\n\n\n\n<p class=\"has-vivid-red-color has-text-color has-link-color has-medium-font-size wp-elements-861d58886805e2d096899a772b63509b\"><strong>Por\u00a0<a href=\"https:\/\/www.aciprensa.com\/autor\/81\/daniel-payne\">Daniel Payne<\/a> \/ ACI Prensa<\/strong><\/p>\n\n\n\n<p><\/p>\n\n\n\n<p>El presidente de Estados Unidos, Donald Trump, ha restablecido la \u201cPol\u00edtica de Ciudad de M\u00e9xico\u201d, una prohibici\u00f3n de larga data a la financiaci\u00f3n gubernamental de organizaciones extranjeras que proporcionan y promueven abortos.<\/p>\n\n\n\n<p>El presidente\u00a0<a href=\"https:\/\/www.whitehouse.gov\/presidential-actions\/2025\/01\/memorandum-for-the-secretary-of-state-the-secretary-of-defense-the-secretary-of-health-and-human-services-the-administrator-of-the-united-states-for-international-development\/#:~:text=I%20hereby%20revoke%20the%20Presidential,and%20Abroad)%2C%20and%20reinstate%20the\">emiti\u00f3 el viernes una orden ejecutiva<\/a>\u00a0revocando la directriz de 2021 del expresidente Joe Biden, que hab\u00eda eliminado esta pol\u00edtica de d\u00e9cadas de antig\u00fcedad.<\/p>\n\n\n\n<p>La norma fue implementada por primera vez por el presidente Ronald Reagan en 1985 y desde entonces todos los presidentes dem\u00f3cratas la han derogado y todos los republicanos la han vuelto a implementar. Trump hab\u00eda ampliado la norma en su primer mandato para incluir varias nuevas iniciativas de salud del gobierno.<\/p>\n\n\n\n<p>La norma proh\u00edbe la financiaci\u00f3n con fondos de los contribuyentes a organizaciones no gubernamentales extranjeras que promuevan o realicen abortos como m\u00e9todo de planificaci\u00f3n familiar. Los gobiernos extranjeros y algunos grupos internacionales est\u00e1n exentos de la norma.<\/p>\n\n\n\n<p>La medida fue anunciada por primera vez por Estados Unidos en 1984, en la segunda Conferencia Internacional sobre Poblaci\u00f3n en la Ciudad de M\u00e9xico, lo que dio origen a su popular nombre desde hace mucho tiempo.<\/p>\n\n\n\n<p>La orden llega en medio de una serie de \u00f3rdenes ejecutivas emitidas por Trump durante su primera semana en el cargo. El presidente ha dado directivas sobre pol\u00edticas que incluyen el clima, la pena de muerte, la inmigraci\u00f3n y el transgenerismo, algunas de las cuales&nbsp;<a href=\"https:\/\/www.catholicnewsagency.com\/news\/261717\/us-bishops-criticize-trump-s-executive-orders-on-climate-death-penalty-immigration\">han sido criticadas por los obispos estadounidenses.<\/a><\/p>\n\n\n\n<h4 class=\"wp-block-heading\"><\/h4>\n\n\n\n<p>La orden del viernes recibi\u00f3 elogios de los defensores de la vida. \u201c\u00a1GRAN decisi\u00f3n del presidente Trump al restablecer la Pol\u00edtica de Ciudad de M\u00e9xico, que garantiza que los contribuyentes estadounidenses NO financien el asesinato de beb\u00e9s en el extranjero!\u201d,&nbsp;<a href=\"https:\/\/x.com\/LilaGraceRose\/status\/1882953477015707931\">escribi\u00f3 la fundadora de Live Action, Lila Rose, en X<\/a>, el viernes por la noche.&nbsp;<\/p>\n\n\n\n<p>\u201cLa vida est\u00e1 ganando en Estados Unidos\u201d,&nbsp;<a href=\"https:\/\/x.com\/Mike_Pence\/status\/1883000426599002123\">escribi\u00f3 Mike Pence<\/a>, exvicepresidente de Trump, tambi\u00e9n en X.<\/p>\n\n\n\n<p>Antes de la orden del viernes, el representante de Nueva Jersey, Chris Smith, dijo a CNA \u2014agencia de noticias en ingl\u00e9s de EWTN News\u2014 que esperaba que la norma restablecida permitiera al Congreso realizar una revisi\u00f3n completa de los programas internacionales que reciben fondos federales.<\/p>\n\n\n\n<p>\u201cTenemos grandes esperanzas y expectativas\u201d, dijo a CNA. \u201cEs necesario que se haga una revisi\u00f3n integral de estos programas. Debemos preguntarnos: \u00bfQu\u00e9 est\u00e1n haciendo con el dinero?\u201d, a\u00f1adi\u00f3.<\/p>\n\n\n\n<p>Smith, que asumi\u00f3 el cargo en 1981, dijo que fue uno de los primeros defensores de la Pol\u00edtica de Ciudad de M\u00e9xico cuando el presidente Ronald Reagan la implement\u00f3 por primera vez. Sostuvo la necesidad de una supervisi\u00f3n estricta del dinero federal que fluye hacia grupos internacionales, y se\u00f1al\u00f3 el reciente esc\u00e1ndalo en el que fondos del Plan de Emergencia del Presidente para el Alivio del SIDA se utilizaron&nbsp;<a href=\"https:\/\/www.catholicnewsagency.com\/news\/261661\/aids-relief-program-in-jeopardy-after-federal-funds-used-for-abortions\">para proporcionar abortos en Mozambique.<\/a><\/p>\n\n\n\n<p>Smith dijo que esos abortos son \u201cabsolutamente la punta del iceberg\u201d, y predijo que \u201ceste a\u00f1o habr\u00e1 una gran lucha\u201d por parte de los defensores de la vida que buscan prohibir la financiaci\u00f3n internacional con fondos federales de los abortos.<\/p>\n\n\n\n<p>La medida no estuvo exenta de cr\u00edticas. La senadora dem\u00f3crata de Washington, Patty Murray, afirm\u00f3&nbsp;<a href=\"https:\/\/www.murray.senate.gov\/senator-murray-statement-on-trump-reinstating-expanded-global-gag-rule-targeting-reproductive-health-care\/\">en una declaraci\u00f3n el viernes por la noche<\/a>&nbsp;que la Pol\u00edtica de Ciudad de M\u00e9xico era una \u201cpol\u00edtica peligrosa\u201d que restringe \u201clos servicios de salud reproductiva que salvan vidas\u201d.&nbsp;<\/p>\n\n\n\n<p>Al predecir m\u00e1s medidas provida por parte de la administraci\u00f3n Trump, Murray prometi\u00f3 que los dem\u00f3cratas \u201ccontraatacar\u00e1n de todas las formas posibles\u201d.<\/p>\n\n\n\n<p>El viernes,&nbsp;<a href=\"https:\/\/www.whitehouse.gov\/presidential-actions\/2025\/01\/enforcing-the-hyde-amendment\/\">con una orden distinta<\/a>, Trump revoc\u00f3 lo que asegur\u00f3 eran directivas de la administraci\u00f3n Biden que hab\u00edan violado la Enmienda Hyde de larga data, que proh\u00edbe ampliamente que se utilicen fondos federales para pagar abortos en Estados Unidos.&nbsp;<\/p>\n\n\n\n<p>Esa enmienda entr\u00f3 en vigor por primera vez en 1980, pero la administraci\u00f3n Biden \u201chizo caso omiso de esta pol\u00edtica establecida y de sentido com\u00fan al incorporar la financiaci\u00f3n forzada de los abortos electivos por parte de los contribuyentes en una amplia variedad de programas federales\u201d, dijo Trump.<\/p>\n\n\n\n<p><br><em>Traducido y adaptado por el equipo de ACI Prensa. Publicado originalmente en&nbsp;<\/em><a href=\"https:\/\/www.catholicnewsagency.com\/news\/261809\/trump-reinstates-mexico-city-policy-ban-on-funding-international-abortions\"><em>CNA<\/em><\/a><em>.<\/em><\/p>\n\n\n\n<p>Fuente: <a href=\"https:\/\/www.aciprensa.com\/noticias\/110261\/aborto-donald-trump-restablece-la-politica-de-ciudad-de-mexico\">https:\/\/www.aciprensa.com\/noticias\/110261\/aborto-donald-trump-restablece-la-politica-de-ciudad-de-mexico<\/a><\/p>\n","protected":false},"excerpt":{"rendered":"<p>Por\u00a0Daniel Payne \/ ACI Prensa El presidente de Estados Unidos, Donald Trump, ha restablecido la \u201cPol\u00edtica de Ciudad de M\u00e9xico\u201d, [&hellip;]<\/p>\n","protected":false},"author":1,"featured_media":93563,"comment_status":"open","ping_status":"open","sticky":false,"template":"","format":"standard","meta":{"site-sidebar-layout":"default","site-content-layout":"","ast-site-content-layout":"default","site-content-style":"default","site-sidebar-style":"default","ast-global-header-display":"","ast-banner-title-visibility":"","ast-main-header-display":"","ast-hfb-above-header-display":"","ast-hfb-below-header-display":"","ast-hfb-mobile-header-display":"","site-post-title":"","ast-breadcrumbs-content":"","ast-featured-img":"","footer-sml-layout":"","theme-transparent-header-meta":"","adv-header-id-meta":"","stick-header-meta":"","header-above-stick-meta":"","header-main-stick-meta":"","header-below-stick-meta":"","astra-migrate-meta-layouts":"default","ast-page-background-enabled":"default","ast-page-background-meta":{"desktop":{"background-color":"var(--ast-global-color-4)","background-image":"","background-repeat":"repeat","background-position":"center center","background-size":"auto","background-attachment":"scroll","background-type":"","background-media":"","overlay-type":"","overlay-color":"","overlay-opacity":"","overlay-gradient":""},"tablet":{"background-color":"","background-image":"","background-repeat":"repeat","background-position":"center center","background-size":"auto","background-attachment":"scroll","background-type":"","background-media":"","overlay-type":"","overlay-color":"","overlay-opacity":"","overlay-gradient":""},"mobile":{"background-color":"","background-image":"","background-repeat":"repeat","background-position":"center center","background-size":"auto","background-attachment":"scroll","background-type":"","background-media":"","overlay-type":"","overlay-color":"","overlay-opacity":"","overlay-gradient":""}},"ast-content-background-meta":{"desktop":{"background-color":"var(--ast-global-color-5)","background-image":"","background-repeat":"repeat","background-position":"center center","background-size":"auto","background-attachment":"scroll","background-type":"","background-media":"","overlay-type":"","overlay-color":"","overlay-opacity":"","overlay-gradient":""},"tablet":{"background-color":"var(--ast-global-color-5)","background-image":"","background-repeat":"repeat","background-position":"center center","background-size":"auto","background-attachment":"scroll","background-type":"","background-media":"","overlay-type":"","overlay-color":"","overlay-opacity":"","overlay-gradient":""},"mobile":{"background-color":"var(--ast-global-color-5)","background-image":"","background-repeat":"repeat","background-position":"center center","background-size":"auto","background-attachment":"scroll","background-type":"","background-media":"","overlay-type":"","overlay-color":"","overlay-opacity":"","overlay-gradient":""}},"footnotes":""},"categories":[8],"tags":[35248,35249,35247],"class_list":["post-93562","post","type-post","status-publish","format-standard","has-post-thumbnail","hentry","category-noticias","tag-financiacion-ee-uu-al-aborto","tag-live-action","tag-politica-de-ciudad-de-mexico"],"_links":{"self":[{"href":"https:\/\/losperiodistas.com.mx\/portal\/wp-json\/wp\/v2\/posts\/93562","targetHints":{"allow":["GET"]}}],"collection":[{"href":"https:\/\/losperiodistas.com.mx\/portal\/wp-json\/wp\/v2\/posts"}],"about":[{"href":"https:\/\/losperiodistas.com.mx\/portal\/wp-json\/wp\/v2\/types\/post"}],"author":[{"embeddable":true,"href":"https:\/\/losperiodistas.com.mx\/portal\/wp-json\/wp\/v2\/users\/1"}],"replies":[{"embeddable":true,"href":"https:\/\/losperiodistas.com.mx\/portal\/wp-json\/wp\/v2\/comments?post=93562"}],"version-history":[{"count":1,"href":"https:\/\/losperiodistas.com.mx\/portal\/wp-json\/wp\/v2\/posts\/93562\/revisions"}],"predecessor-version":[{"id":93564,"href":"https:\/\/losperiodistas.com.mx\/portal\/wp-json\/wp\/v2\/posts\/93562\/revisions\/93564"}],"wp:featuredmedia":[{"embeddable":true,"href":"https:\/\/losperiodistas.com.mx\/portal\/wp-json\/wp\/v2\/media\/93563"}],"wp:attachment":[{"href":"https:\/\/losperiodistas.com.mx\/portal\/wp-json\/wp\/v2\/media?parent=93562"}],"wp:term":[{"taxonomy":"category","embeddable":true,"href":"https:\/\/losperiodistas.com.mx\/portal\/wp-json\/wp\/v2\/categories?post=93562"},{"taxonomy":"post_tag","embeddable":true,"href":"https:\/\/losperiodistas.com.mx\/portal\/wp-json\/wp\/v2\/tags?post=93562"}],"curies":[{"name":"wp","href":"https:\/\/api.w.org\/{rel}","templated":true}]}}