{"id":93559,"date":"2025-01-26T07:02:41","date_gmt":"2025-01-26T13:02:41","guid":{"rendered":"https:\/\/losperiodistas.com.mx\/portal\/?p=93559"},"modified":"2025-01-26T07:02:43","modified_gmt":"2025-01-26T13:02:43","slug":"miles-de-indigenas-marchan-en-la-frontera-sur-de-mexico-ante-la-inseguridad-y-la-violencia-efe","status":"publish","type":"post","link":"https:\/\/losperiodistas.com.mx\/portal\/miles-de-indigenas-marchan-en-la-frontera-sur-de-mexico-ante-la-inseguridad-y-la-violencia-efe\/","title":{"rendered":"Miles de ind\u00edgenas marchan en la frontera sur de M\u00e9xico ante la inseguridad y la violencia | EFE"},"content":{"rendered":"\n<figure class=\"wp-block-image size-full\"><img fetchpriority=\"high\" decoding=\"async\" width=\"900\" height=\"600\" src=\"https:\/\/losperiodistas.com.mx\/portal\/wp-content\/uploads\/2025\/01\/OBJ_20250125T223324S0006I_1_299_1_15_3_1.webp\" alt=\"\" class=\"wp-image-93560\" srcset=\"https:\/\/losperiodistas.com.mx\/portal\/wp-content\/uploads\/2025\/01\/OBJ_20250125T223324S0006I_1_299_1_15_3_1.webp 900w, https:\/\/losperiodistas.com.mx\/portal\/wp-content\/uploads\/2025\/01\/OBJ_20250125T223324S0006I_1_299_1_15_3_1-300x200.webp 300w, https:\/\/losperiodistas.com.mx\/portal\/wp-content\/uploads\/2025\/01\/OBJ_20250125T223324S0006I_1_299_1_15_3_1-768x512.webp 768w\" sizes=\"(max-width: 900px) 100vw, 900px\" \/><figcaption class=\"wp-element-caption\">Ind\u00edgenas sostienen carteles durante una marcha en rechazo a la violencia este s\u00e1bado, en San Cristobal de las Casas estado de Chiapas (M\u00e9xico). EFE\/ Carlos L\u00f3pez<\/figcaption><\/figure>\n\n\n\n<p class=\"has-vivid-red-color has-text-color has-link-color has-medium-font-size wp-elements-23db7e95974579b190d8bc7ea9a6cef6\"><strong>Agencia EFE<\/strong><\/p>\n\n\n\n<p>San Crist\u00f3bal de las Casas (M\u00e9xico) (EFE).- Unos 7.000 mil ind\u00edgenas, junto a organizaciones civiles y religiosas realizaron este s\u00e1bado una marcha en San Crist\u00f3bal de Las Casas, en Chiapas, frontera sur de M\u00e9xico, para exigir justicia ante la crisis de inseguridad y violencia que afecta al estado y al pa\u00eds en general.<\/p>\n\n\n\n<p>\u201cQue el derecho a una vida digna se cumpla con justicia y libertad, ante tanta marginaci\u00f3n, injusticia e impunidad que acontece en nuestro estado de Chiapas, dar una verdadera atenci\u00f3n al pueblo que sufre y no se haga una simulaci\u00f3n de estar resolviendo los problemas\u201d, dijo Petra L\u00f3pez, vocera de la organizaci\u00f3n Pueblo Creyente.<\/p>\n\n\n\n<p>Los manifestantes rechazaron la versi\u00f3n institucional de que los problemas en el estado sean \u201cde car\u00e1cter social\u201d.<\/p>\n\n\n\n<p>La manifestaci\u00f3n, convocada por la organizaci\u00f3n cat\u00f3lica Pueblo Creyente y la Di\u00f3cesis de San Crist\u00f3bal, en compa\u00f1\u00eda de organizaciones defensoras de los derechos humanos ind\u00edgenas y ambientalistas parti\u00f3 del poniente y sur de la ciudad rumbo a la catedral, donde se llev\u00f3 a cabo una jornada de oraci\u00f3n.<\/p>\n\n\n\n<h2 class=\"wp-block-heading\" id=\"h-indigenas-se-manifiestan-exigiendo-fin-del-crimen\">Ind\u00edgenas se manifiestan exigiendo fin del crimen<\/h2>\n\n\n\n<p>la marcha la conformaron ind\u00edgenas de la etnia, tojolabal, tzotzil, tzeltal, zoque, mam, chuc, chol, cachique, quienes al llamado de los tambores y caracoles avanzaron de forma pac\u00edfica por las calles de la ciudad.<\/p>\n\n\n\n<p>Los manifestantes, en su mayor\u00eda hombres y mujeres, portaban banderines blancos, morados, rojos, naranja, amarillos y con la imagen de la virgen Mar\u00eda adem\u00e1s de pancartas con las leyendas \u201cRechazo Total a la Ley de Seguridad Interior\u201d, \u201cPedimos paz y justicia para el sacerdote Marcelo\u201d, \u201d Un solo coraz\u00f3n por la paz\u201d, entre otras.<\/p>\n\n\n\n<figure class=\"wp-block-image\"><img decoding=\"async\" src=\"https:\/\/i0.wp.com\/efe.com\/wp-content\/uploads\/2025\/01\/OBJ_20250125T223317S0013I_1_299_1_15_3_1.jpg?resize=900%2C600&amp;ssl=1\" alt=\"M\u00e9xico ind\u00edgenas\" class=\"wp-image-1626416\"\/><figcaption class=\"wp-element-caption\">Ind\u00edgenas con carteles durante una marcha en rechazo a la violencia este s\u00e1bado, en San Cristobal de las Casas estado de Chiapas (M\u00e9xico). EFE\/ Carlos L\u00f3pez<\/figcaption><\/figure>\n\n\n\n<p>Enviaron una exigencia de justicia, desarme y desarticulaci\u00f3n del crimen organizado, as\u00ed como verdad y castigo a quienes cometen asesinatos, y pidieron al gobierno de M\u00e9xico, encabezado por Claudia Sheinbaum, para que defina su postura: \u201cEst\u00e1s con el pueblo o est\u00e1s con el crimen\u201d, cuestionaron.<\/p>\n\n\n\n<figure class=\"wp-block-embed is-type-wp-embed is-provider-efe-noticias wp-block-embed-efe-noticias\"><div class=\"wp-block-embed__wrapper\">\n<blockquote class=\"wp-embedded-content\" data-secret=\"doLecfgnK0\"><a href=\"https:\/\/efe.com\/mundo\/2025-01-19\/mexico-asesinatos\/\">M\u00e9xico registr\u00f3 30.057 asesinatos durante 2024, un alza del 1,2 % respecto a 2023<\/a><\/blockquote><iframe class=\"wp-embedded-content\" sandbox=\"allow-scripts\" security=\"restricted\" style=\"position: absolute; visibility: hidden;\" title=\"\u00abM\u00e9xico registr\u00f3 30.057 asesinatos durante 2024, un alza del 1,2 % respecto a 2023\u00bb \u2014 EFE Noticias\" src=\"https:\/\/efe.com\/mundo\/2025-01-19\/mexico-asesinatos\/embed\/#?secret=6mDbJkgzSa#?secret=doLecfgnK0\" data-secret=\"doLecfgnK0\" width=\"500\" height=\"282\" frameborder=\"0\" marginwidth=\"0\" marginheight=\"0\" scrolling=\"no\"><\/iframe>\n<\/div><\/figure>\n\n\n\n<h2 class=\"wp-block-heading\" id=\"h-piden-fin-a-la-violencia\">Piden fin a la violencia<\/h2>\n\n\n\n<p>La marcha termin\u00f3 con la lectura de un comunicado en el que los manifestantes pidieron el esclarecimiento de los hechos violentos, el reconocimiento p\u00fablico por parte del Estado de las v\u00edctimas de desplazamiento forzado por la violencia criminal, y que el asesinato del padre Marcelo P\u00e9rez, ocurrido el 20 de octubre de 2024, no quede impune.<\/p>\n\n\n\n<p>El obispo auxiliar, Luis Manuel L\u00f3pez Alfaro, se\u00f1al\u00f3 que el gobierno de Chiapas est\u00e1 demostrando diversas acciones y se percibe cierta calma, sin embargo, dijo, \u201cpedimos que vaya a la ra\u00edz, vemos que va actuando, y la ra\u00edz es la que hay que ver c\u00f3mo arrancarla\u201d.<\/p>\n\n\n\n<p>En su participaci\u00f3n el Nuncio Apost\u00f3lico en M\u00e9xico, Monse\u00f1or Joseph Spiteri, enfatiz\u00f3 que para \u201cla reconstrucci\u00f3n de la paz falta la voluntad de cada una de las personas desde su realidad. Desde su posici\u00f3n, las autoridades civiles, los ciudadanos, l\u00edderes religiosos, cada uno tiene que poner su grano de arena para reconstruir la paz\u201d.<\/p>\n\n\n\n<figure class=\"wp-block-image\"><img decoding=\"async\" src=\"https:\/\/i0.wp.com\/efe.com\/wp-content\/uploads\/2025\/01\/OBJ_20250125T223309S0008I_1_299_1_15_3_1.jpg?resize=900%2C600&amp;ssl=1\" alt=\"\" class=\"wp-image-1626413\"\/><figcaption class=\"wp-element-caption\">Ind\u00edgenas en una actividad durante una marcha en rechazo a la violencia este s\u00e1bado, en San Cristobal de las Casas estado de Chiapas (M\u00e9xico). EFE\/ Carlos L\u00f3pez<\/figcaption><\/figure>\n\n\n\n<p>La marcha se da en un contexto de violencia donde persisten los asesinatos y desapariciones en el estado, adem\u00e1s de la incursi\u00f3n de grupos criminales en varios municipios.<\/p>\n\n\n\n<p>De acuerdo con organizaciones, cerca de 20.000 personas han sido desplazadas de unos 30 municipios ind\u00edgenas de Chiapas debido a la violencia por grupos armados que buscan controlar estos territorios.<\/p>\n\n\n\n<p>Activistas, organizaciones y comunidades han se\u00f1alado el clima de \u201cguerra civil\u201d que se vive en el estado por los conflictos armados, presencia de grupos del crimen organizado y c\u00e1rteles del narcotr\u00e1fico, lo que ha desencadenado homicidios, desapariciones y desplazamientos forzados, en particular en comunidades ind\u00edgenas y afines al Ej\u00e9rcito Zapatista de Liberaci\u00f3n Nacional (EZLN).<\/p>\n\n\n\n<p>Fuente: <a href=\"https:\/\/efe.com\/mundo\/2025-01-26\/indigenas-mexico-marcha-violencia-inseguridad\/\">https:\/\/efe.com\/mundo\/2025-01-26\/indigenas-mexico-marcha-violencia-inseguridad\/<\/a><\/p>\n","protected":false},"excerpt":{"rendered":"<p>Agencia EFE San Crist\u00f3bal de las Casas (M\u00e9xico) (EFE).- Unos 7.000 mil ind\u00edgenas, junto a organizaciones civiles y religiosas realizaron [&hellip;]<\/p>\n","protected":false},"author":1,"featured_media":93560,"comment_status":"open","ping_status":"open","sticky":false,"template":"","format":"standard","meta":{"site-sidebar-layout":"default","site-content-layout":"","ast-site-content-layout":"default","site-content-style":"default","site-sidebar-style":"default","ast-global-header-display":"","ast-banner-title-visibility":"","ast-main-header-display":"","ast-hfb-above-header-display":"","ast-hfb-below-header-display":"","ast-hfb-mobile-header-display":"","site-post-title":"","ast-breadcrumbs-content":"","ast-featured-img":"","footer-sml-layout":"","theme-transparent-header-meta":"","adv-header-id-meta":"","stick-header-meta":"","header-above-stick-meta":"","header-main-stick-meta":"","header-below-stick-meta":"","astra-migrate-meta-layouts":"default","ast-page-background-enabled":"default","ast-page-background-meta":{"desktop":{"background-color":"var(--ast-global-color-4)","background-image":"","background-repeat":"repeat","background-position":"center center","background-size":"auto","background-attachment":"scroll","background-type":"","background-media":"","overlay-type":"","overlay-color":"","overlay-opacity":"","overlay-gradient":""},"tablet":{"background-color":"","background-image":"","background-repeat":"repeat","background-position":"center center","background-size":"auto","background-attachment":"scroll","background-type":"","background-media":"","overlay-type":"","overlay-color":"","overlay-opacity":"","overlay-gradient":""},"mobile":{"background-color":"","background-image":"","background-repeat":"repeat","background-position":"center center","background-size":"auto","background-attachment":"scroll","background-type":"","background-media":"","overlay-type":"","overlay-color":"","overlay-opacity":"","overlay-gradient":""}},"ast-content-background-meta":{"desktop":{"background-color":"var(--ast-global-color-5)","background-image":"","background-repeat":"repeat","background-position":"center center","background-size":"auto","background-attachment":"scroll","background-type":"","background-media":"","overlay-type":"","overlay-color":"","overlay-opacity":"","overlay-gradient":""},"tablet":{"background-color":"var(--ast-global-color-5)","background-image":"","background-repeat":"repeat","background-position":"center center","background-size":"auto","background-attachment":"scroll","background-type":"","background-media":"","overlay-type":"","overlay-color":"","overlay-opacity":"","overlay-gradient":""},"mobile":{"background-color":"var(--ast-global-color-5)","background-image":"","background-repeat":"repeat","background-position":"center center","background-size":"auto","background-attachment":"scroll","background-type":"","background-media":"","overlay-type":"","overlay-color":"","overlay-opacity":"","overlay-gradient":""}},"footnotes":""},"categories":[8],"tags":[35244,35246,35245,10779],"class_list":["post-93559","post","type-post","status-publish","format-standard","has-post-thumbnail","hentry","category-noticias","tag-inseguridad-y-violencia","tag-pueblo-creyente","tag-sacerdote-marcelo-perez","tag-san-cristobal-de-las-casas"],"_links":{"self":[{"href":"https:\/\/losperiodistas.com.mx\/portal\/wp-json\/wp\/v2\/posts\/93559","targetHints":{"allow":["GET"]}}],"collection":[{"href":"https:\/\/losperiodistas.com.mx\/portal\/wp-json\/wp\/v2\/posts"}],"about":[{"href":"https:\/\/losperiodistas.com.mx\/portal\/wp-json\/wp\/v2\/types\/post"}],"author":[{"embeddable":true,"href":"https:\/\/losperiodistas.com.mx\/portal\/wp-json\/wp\/v2\/users\/1"}],"replies":[{"embeddable":true,"href":"https:\/\/losperiodistas.com.mx\/portal\/wp-json\/wp\/v2\/comments?post=93559"}],"version-history":[{"count":1,"href":"https:\/\/losperiodistas.com.mx\/portal\/wp-json\/wp\/v2\/posts\/93559\/revisions"}],"predecessor-version":[{"id":93561,"href":"https:\/\/losperiodistas.com.mx\/portal\/wp-json\/wp\/v2\/posts\/93559\/revisions\/93561"}],"wp:featuredmedia":[{"embeddable":true,"href":"https:\/\/losperiodistas.com.mx\/portal\/wp-json\/wp\/v2\/media\/93560"}],"wp:attachment":[{"href":"https:\/\/losperiodistas.com.mx\/portal\/wp-json\/wp\/v2\/media?parent=93559"}],"wp:term":[{"taxonomy":"category","embeddable":true,"href":"https:\/\/losperiodistas.com.mx\/portal\/wp-json\/wp\/v2\/categories?post=93559"},{"taxonomy":"post_tag","embeddable":true,"href":"https:\/\/losperiodistas.com.mx\/portal\/wp-json\/wp\/v2\/tags?post=93559"}],"curies":[{"name":"wp","href":"https:\/\/api.w.org\/{rel}","templated":true}]}}