{"id":93556,"date":"2025-01-26T06:39:52","date_gmt":"2025-01-26T12:39:52","guid":{"rendered":"https:\/\/losperiodistas.com.mx\/portal\/?p=93556"},"modified":"2025-01-26T06:39:54","modified_gmt":"2025-01-26T12:39:54","slug":"elon-musk-critica-en-un-acto-del-partido-de-ultraderecha-aleman-afd-el-multiculturalismo-que-lo-diluye-todo-el-espanol","status":"publish","type":"post","link":"https:\/\/losperiodistas.com.mx\/portal\/elon-musk-critica-en-un-acto-del-partido-de-ultraderecha-aleman-afd-el-multiculturalismo-que-lo-diluye-todo-el-espanol\/","title":{"rendered":"Elon Musk critica en un acto del partido de ultraderecha alem\u00e1n AfD el \u00abmulticulturalismo que lo diluye todo\u00bb | El Espa\u00f1ol"},"content":{"rendered":"\n<h2 class=\"wp-block-heading\">El magnate suscit\u00f3 cr\u00edticas en la investidura de Trump por hacer un saludo parecido al de los nazis y apoya p\u00fablicamente a Alternativa para Alemania.<\/h2>\n\n\n\n<figure class=\"wp-block-image size-large\"><img fetchpriority=\"high\" decoding=\"async\" width=\"1024\" height=\"576\" src=\"https:\/\/losperiodistas.com.mx\/portal\/wp-content\/uploads\/2025\/01\/919418086_252611482_1706x960-1024x576.webp\" alt=\"\" class=\"wp-image-93557\" srcset=\"https:\/\/losperiodistas.com.mx\/portal\/wp-content\/uploads\/2025\/01\/919418086_252611482_1706x960-1024x576.webp 1024w, https:\/\/losperiodistas.com.mx\/portal\/wp-content\/uploads\/2025\/01\/919418086_252611482_1706x960-300x169.webp 300w, https:\/\/losperiodistas.com.mx\/portal\/wp-content\/uploads\/2025\/01\/919418086_252611482_1706x960-768x432.webp 768w, https:\/\/losperiodistas.com.mx\/portal\/wp-content\/uploads\/2025\/01\/919418086_252611482_1706x960-1536x864.webp 1536w, https:\/\/losperiodistas.com.mx\/portal\/wp-content\/uploads\/2025\/01\/919418086_252611482_1706x960.webp 1706w\" sizes=\"(max-width: 1024px) 100vw, 1024px\" \/><figcaption class=\"wp-element-caption\">Elon Musk durante su participaci\u00f3n virtual en un acto de AfD.\u00a0Reuters<\/figcaption><\/figure>\n\n\n\n<p class=\"has-vivid-red-color has-text-color has-link-color has-medium-font-size wp-elements-05ee246b9595c56c287803aea06173ba\"><strong>C.G.\/ \/ Agencias \/ El Espa\u00f1ol<\/strong><\/p>\n\n\n\n<p><\/p>\n\n\n\n<p id=\"paragraph_1\"><a href=\"https:\/\/www.elespanol.com\/mundo\/america\/eeuu\/20250122\/surgen-primeras-grietas-alianza-musk-trump-dueno-tesla-cuestiona-plan-inversion-privada-ia\/918408735_0.html?utm_cmp_rs=linksinline\"><strong>Elon Musk<\/strong><\/a>&nbsp;hizo una inesperada aparici\u00f3n este s\u00e1bado durante un evento de campa\u00f1a electoral del partido alem\u00e1n&nbsp;<strong>Alternativa para Alemania<\/strong>&nbsp;(AfD, por sus siglas en alem\u00e1n) en Halle, al este del pa\u00eds, donde expres\u00f3 p\u00fablicamente su apoyo a la formaci\u00f3n de ultraderecha por segunda vez en dos semanas.<\/p>\n\n\n\n<p id=\"paragraph_2\">Dirigi\u00e9ndose a un auditorio de 4.500 personas junto a la l\u00edder del partido,&nbsp;<strong>Alice Weidel<\/strong>, Musk intervino mediante una videollamada en directo para hablar sobre la preservaci\u00f3n de la cultura alemana y la protecci\u00f3n del pueblo alem\u00e1n.<\/p>\n\n\n\n<p id=\"paragraph_3\">\u00abEs bueno sentirse orgulloso de la cultura alemana, de los valores alemanes, y&nbsp;<strong>no perder eso en una especie de multiculturalismo que lo diluya todo\u00bb<\/strong>, declar\u00f3 Musk.<\/p>\n\n\n\n<figure class=\"wp-block-image\"><img decoding=\"async\" src=\"https:\/\/s1.elespanol.com\/2025\/01\/21\/mundo\/america\/eeuu\/918168187_252477258_320x180.jpg\" alt=\"\"\/><\/figure>\n\n\n\n<p><a href=\"https:\/\/www.elespanol.com\/mundo\/america\/eeuu\/20250121\/polemico-saludo-elon-musk-no-beso-melania-momentos-destacados-investidura-trump\/918158183_0.html?utm_cmp_rs=relatednewsinline\">Del pol\u00e9mico saludo de Elon Musk al &#8216;no beso&#8217; de Melania: los momentos m\u00e1s destacados de la investidura de Trump<\/a><\/p>\n\n\n\n<p id=\"paragraph_4\">La semana pasada, el magnate estadounidense caus\u00f3 pol\u00e9mica tras realizar un gesto que en redes sociales se compar\u00f3 con un&nbsp;<strong>saludo nazi<\/strong>&nbsp;durante las celebraciones de investidura del presidente de Estados Unidos,&nbsp;<strong>Donald Trump<\/strong>.<\/p>\n\n\n\n<p id=\"paragraph_5\">El s\u00e1bado, Musk afirm\u00f3 que \u00ablos ni\u00f1os no deber\u00edan cargar con la culpa de los pecados de sus padres, y mucho menos de sus bisabuelos\u00bb, en aparente referencia al pasado nazi de Alemania. \u00abHay demasiado enfoque en la culpa del pasado, y necesitamos avanzar\u00bb, a\u00f1adi\u00f3.<\/p>\n\n\n\n<figure class=\"wp-block-image\"><img decoding=\"async\" src=\"https:\/\/s1.elespanol.com\/2025\/01\/10\/mundo\/europa\/915418520_252224668_320x180.jpg\" alt=\"\"\/><\/figure>\n\n\n\n<p><a href=\"https:\/\/www.elespanol.com\/mundo\/europa\/20250110\/musk-blanquea-pide-voto-ultraderecha-alemana-charla-lider-retransmitida\/915408472_0.html?utm_cmp_rs=relatednewsinline\">Musk blanquea y pide el voto para la ultraderecha alemana en una charla con su l\u00edder retransmitida en X<\/a><\/p>\n\n\n\n<p id=\"paragraph_6\">Musk, quien critic\u00f3 lo que considera una supresi\u00f3n de la libertad de expresi\u00f3n bajo el gobierno alem\u00e1n, ha atacado en otras ocasiones al canciller&nbsp;<strong>Olaf Scholz<\/strong>&nbsp;en su plataforma X (antes conocida como Twitter). Por su parte, Scholz declar\u00f3 el martes que no apoya la libertad de expresi\u00f3n cuando se utiliza para promover opiniones de extrema derecha.<\/p>\n\n\n\n<p id=\"paragraph_7\">Musk mostr\u00f3 su respaldo a la AfD e inst\u00f3 a votar por el partido de ultraderecha: \u00abEstoy muy emocionado por la AfD, creo que sois realmente la mejor esperanza para Alemania&#8230; Luchad por un gran futuro para el pa\u00eds\u00bb, dijo a los asistentes.<\/p>\n\n\n\n<p id=\"paragraph_8\">Alice Weidel le agradeci\u00f3 el apoyo, elogi\u00f3 a los republicanos estadounidenses por \u00abhacer Am\u00e9rica grande de nuevo\u00bb y pidi\u00f3 a sus seguidores que hicieran lo mismo con Alemania.<\/p>\n\n\n\n<p id=\"paragraph_9\">A principios de este mes, Musk entrevist\u00f3 a Weidel en X, lo que gener\u00f3 preocupaciones sobre una posible injerencia en las elecciones.<\/p>\n\n\n\n<p id=\"paragraph_10\">Pese al clima invernal, miles de activistas antifascistas se movilizaron el s\u00e1bado en diferentes ciudades del pa\u00eds. En Berl\u00edn, unas 100.000 personas se congregaron en torno a la Puerta de Brandeburgo, mientras que hasta 20.000 manifestantes, incluidos j\u00f3venes y mayores portando coloridos paraguas, se reunieron en Colonia.<\/p>\n\n\n\n<p>Fuente: <a href=\"https:\/\/www.elespanol.com\/mundo\/europa\/20250126\/elon-musk-critica-acto-partido-ultraderecha-aleman-afd-multiculturalismo-diluye\/919408055_0.html\">https:\/\/www.elespanol.com\/mundo\/europa\/20250126\/elon-musk-critica-acto-partido-ultraderecha-aleman-afd-multiculturalismo-diluye\/919408055_0.html<\/a><\/p>\n\n\n\n<p><\/p>\n","protected":false},"excerpt":{"rendered":"<p>El magnate suscit\u00f3 cr\u00edticas en la investidura de Trump por hacer un saludo parecido al de los nazis y apoya [&hellip;]<\/p>\n","protected":false},"author":1,"featured_media":93557,"comment_status":"open","ping_status":"open","sticky":false,"template":"","format":"standard","meta":{"site-sidebar-layout":"default","site-content-layout":"","ast-site-content-layout":"default","site-content-style":"default","site-sidebar-style":"default","ast-global-header-display":"","ast-banner-title-visibility":"","ast-main-header-display":"","ast-hfb-above-header-display":"","ast-hfb-below-header-display":"","ast-hfb-mobile-header-display":"","site-post-title":"","ast-breadcrumbs-content":"","ast-featured-img":"","footer-sml-layout":"","theme-transparent-header-meta":"","adv-header-id-meta":"","stick-header-meta":"","header-above-stick-meta":"","header-main-stick-meta":"","header-below-stick-meta":"","astra-migrate-meta-layouts":"default","ast-page-background-enabled":"default","ast-page-background-meta":{"desktop":{"background-color":"var(--ast-global-color-4)","background-image":"","background-repeat":"repeat","background-position":"center center","background-size":"auto","background-attachment":"scroll","background-type":"","background-media":"","overlay-type":"","overlay-color":"","overlay-opacity":"","overlay-gradient":""},"tablet":{"background-color":"","background-image":"","background-repeat":"repeat","background-position":"center center","background-size":"auto","background-attachment":"scroll","background-type":"","background-media":"","overlay-type":"","overlay-color":"","overlay-opacity":"","overlay-gradient":""},"mobile":{"background-color":"","background-image":"","background-repeat":"repeat","background-position":"center center","background-size":"auto","background-attachment":"scroll","background-type":"","background-media":"","overlay-type":"","overlay-color":"","overlay-opacity":"","overlay-gradient":""}},"ast-content-background-meta":{"desktop":{"background-color":"var(--ast-global-color-5)","background-image":"","background-repeat":"repeat","background-position":"center center","background-size":"auto","background-attachment":"scroll","background-type":"","background-media":"","overlay-type":"","overlay-color":"","overlay-opacity":"","overlay-gradient":""},"tablet":{"background-color":"var(--ast-global-color-5)","background-image":"","background-repeat":"repeat","background-position":"center center","background-size":"auto","background-attachment":"scroll","background-type":"","background-media":"","overlay-type":"","overlay-color":"","overlay-opacity":"","overlay-gradient":""},"mobile":{"background-color":"var(--ast-global-color-5)","background-image":"","background-repeat":"repeat","background-position":"center center","background-size":"auto","background-attachment":"scroll","background-type":"","background-media":"","overlay-type":"","overlay-color":"","overlay-opacity":"","overlay-gradient":""}},"footnotes":""},"categories":[8],"tags":[35242,35241,35243,2757,14167,35240],"class_list":["post-93556","post","type-post","status-publish","format-standard","has-post-thumbnail","hentry","category-noticias","tag-afd","tag-alternativa-para-alemania","tag-el-multiculturalismo-lo-diluye-todo","tag-elon-musk","tag-ultraderecha-alemana","tag-utraderecha"],"_links":{"self":[{"href":"https:\/\/losperiodistas.com.mx\/portal\/wp-json\/wp\/v2\/posts\/93556","targetHints":{"allow":["GET"]}}],"collection":[{"href":"https:\/\/losperiodistas.com.mx\/portal\/wp-json\/wp\/v2\/posts"}],"about":[{"href":"https:\/\/losperiodistas.com.mx\/portal\/wp-json\/wp\/v2\/types\/post"}],"author":[{"embeddable":true,"href":"https:\/\/losperiodistas.com.mx\/portal\/wp-json\/wp\/v2\/users\/1"}],"replies":[{"embeddable":true,"href":"https:\/\/losperiodistas.com.mx\/portal\/wp-json\/wp\/v2\/comments?post=93556"}],"version-history":[{"count":1,"href":"https:\/\/losperiodistas.com.mx\/portal\/wp-json\/wp\/v2\/posts\/93556\/revisions"}],"predecessor-version":[{"id":93558,"href":"https:\/\/losperiodistas.com.mx\/portal\/wp-json\/wp\/v2\/posts\/93556\/revisions\/93558"}],"wp:featuredmedia":[{"embeddable":true,"href":"https:\/\/losperiodistas.com.mx\/portal\/wp-json\/wp\/v2\/media\/93557"}],"wp:attachment":[{"href":"https:\/\/losperiodistas.com.mx\/portal\/wp-json\/wp\/v2\/media?parent=93556"}],"wp:term":[{"taxonomy":"category","embeddable":true,"href":"https:\/\/losperiodistas.com.mx\/portal\/wp-json\/wp\/v2\/categories?post=93556"},{"taxonomy":"post_tag","embeddable":true,"href":"https:\/\/losperiodistas.com.mx\/portal\/wp-json\/wp\/v2\/tags?post=93556"}],"curies":[{"name":"wp","href":"https:\/\/api.w.org\/{rel}","templated":true}]}}