{"id":93537,"date":"2025-01-25T11:50:10","date_gmt":"2025-01-25T17:50:10","guid":{"rendered":"https:\/\/losperiodistas.com.mx\/portal\/?p=93537"},"modified":"2025-01-25T12:30:24","modified_gmt":"2025-01-25T18:30:24","slug":"experimentar-los-rituales-de-la-fiesta-de-la-primavera-xinhua","status":"publish","type":"post","link":"https:\/\/losperiodistas.com.mx\/portal\/experimentar-los-rituales-de-la-fiesta-de-la-primavera-xinhua\/","title":{"rendered":"Experimentar los rituales de la Fiesta de la Primavera | Xinhua"},"content":{"rendered":"\n<figure class=\"wp-block-image size-large\"><img fetchpriority=\"high\" decoding=\"async\" width=\"1024\" height=\"522\" src=\"https:\/\/losperiodistas.com.mx\/portal\/wp-content\/uploads\/2025\/01\/Captura-de-pantalla-2025-01-25-a-las-11.25.54\u202fa.m-1024x522.png\" alt=\"\" class=\"wp-image-93539\" srcset=\"https:\/\/losperiodistas.com.mx\/portal\/wp-content\/uploads\/2025\/01\/Captura-de-pantalla-2025-01-25-a-las-11.25.54\u202fa.m-1024x522.png 1024w, https:\/\/losperiodistas.com.mx\/portal\/wp-content\/uploads\/2025\/01\/Captura-de-pantalla-2025-01-25-a-las-11.25.54\u202fa.m-300x153.png 300w, https:\/\/losperiodistas.com.mx\/portal\/wp-content\/uploads\/2025\/01\/Captura-de-pantalla-2025-01-25-a-las-11.25.54\u202fa.m-768x392.png 768w, https:\/\/losperiodistas.com.mx\/portal\/wp-content\/uploads\/2025\/01\/Captura-de-pantalla-2025-01-25-a-las-11.25.54\u202fa.m.png 1478w\" sizes=\"(max-width: 1024px) 100vw, 1024px\" \/><figcaption class=\"wp-element-caption\"><a href=\"http:\/\/: https:\/\/spanish.news.cn\/20250125\/9e73b24f6013423c99ed0c0c282339d3\/c.html\">VIDEO<\/a> <\/figcaption><\/figure>\n\n\n\n<p><\/p>\n\n\n\n<p class=\"has-vivid-red-color has-text-color has-link-color has-medium-font-size wp-elements-1bea0bbccb6585c4254ea847d080c3e6\"><strong>Redacci\u00f3n Agencia Xinhua<\/strong><\/p>\n\n\n\n<p>El A\u00f1o de la Serpiente est\u00e1 a la vuelta de la esquina. Esta Fiesta de la Primavera marca la primera celebraci\u00f3n desde que se inscribi\u00f3 en la lista del Patrimonio Cultural Inmaterial de la Humanidad de la Unesco, llamando la atenci\u00f3n mundial sobre su encanto \u00fanico.<\/p>\n\n\n\n<p>Desde decorar las casas con coplas de primavera y linternas rojas, hasta la danza del drag\u00f3n y los banquetes familiares, las tradiciones siguen uniendo a diferentes generaciones.<\/p>\n\n\n\n<p>Sigue a la reportera internacional de Xinhua, Maria, en un viaje para descubrir la magia y el esp\u00edritu de la Fiesta de la Primavera. \u00a1Disfrutemos del ambiente festivo juntos!<\/p>\n\n\n\n<p>Fuente: <a href=\"https:\/\/spanish.news.cn\/20250125\/9e73b24f6013423c99ed0c0c282339d3\/c.html\">https:\/\/spanish.news.cn\/20250125\/9e73b24f6013423c99ed0c0c282339d3\/c.html<\/a><\/p>\n\n\n\n<p><\/p>\n","protected":false},"excerpt":{"rendered":"<p>Redacci\u00f3n Agencia Xinhua El A\u00f1o de la Serpiente est\u00e1 a la vuelta de la esquina. Esta Fiesta de la Primavera [&hellip;]<\/p>\n","protected":false},"author":1,"featured_media":93539,"comment_status":"open","ping_status":"open","sticky":false,"template":"","format":"standard","meta":{"site-sidebar-layout":"default","site-content-layout":"","ast-site-content-layout":"default","site-content-style":"default","site-sidebar-style":"default","ast-global-header-display":"","ast-banner-title-visibility":"","ast-main-header-display":"","ast-hfb-above-header-display":"","ast-hfb-below-header-display":"","ast-hfb-mobile-header-display":"","site-post-title":"","ast-breadcrumbs-content":"","ast-featured-img":"","footer-sml-layout":"","theme-transparent-header-meta":"","adv-header-id-meta":"","stick-header-meta":"","header-above-stick-meta":"","header-main-stick-meta":"","header-below-stick-meta":"","astra-migrate-meta-layouts":"default","ast-page-background-enabled":"default","ast-page-background-meta":{"desktop":{"background-color":"var(--ast-global-color-4)","background-image":"","background-repeat":"repeat","background-position":"center center","background-size":"auto","background-attachment":"scroll","background-type":"","background-media":"","overlay-type":"","overlay-color":"","overlay-opacity":"","overlay-gradient":""},"tablet":{"background-color":"","background-image":"","background-repeat":"repeat","background-position":"center center","background-size":"auto","background-attachment":"scroll","background-type":"","background-media":"","overlay-type":"","overlay-color":"","overlay-opacity":"","overlay-gradient":""},"mobile":{"background-color":"","background-image":"","background-repeat":"repeat","background-position":"center center","background-size":"auto","background-attachment":"scroll","background-type":"","background-media":"","overlay-type":"","overlay-color":"","overlay-opacity":"","overlay-gradient":""}},"ast-content-background-meta":{"desktop":{"background-color":"var(--ast-global-color-5)","background-image":"","background-repeat":"repeat","background-position":"center center","background-size":"auto","background-attachment":"scroll","background-type":"","background-media":"","overlay-type":"","overlay-color":"","overlay-opacity":"","overlay-gradient":""},"tablet":{"background-color":"var(--ast-global-color-5)","background-image":"","background-repeat":"repeat","background-position":"center center","background-size":"auto","background-attachment":"scroll","background-type":"","background-media":"","overlay-type":"","overlay-color":"","overlay-opacity":"","overlay-gradient":""},"mobile":{"background-color":"var(--ast-global-color-5)","background-image":"","background-repeat":"repeat","background-position":"center center","background-size":"auto","background-attachment":"scroll","background-type":"","background-media":"","overlay-type":"","overlay-color":"","overlay-opacity":"","overlay-gradient":""}},"footnotes":""},"categories":[8],"tags":[35226,35225,35224],"class_list":["post-93537","post","type-post","status-publish","format-standard","has-post-thumbnail","hentry","category-noticias","tag-ano-de-la-serpiente","tag-festival-primavera-china","tag-xinhua"],"_links":{"self":[{"href":"https:\/\/losperiodistas.com.mx\/portal\/wp-json\/wp\/v2\/posts\/93537","targetHints":{"allow":["GET"]}}],"collection":[{"href":"https:\/\/losperiodistas.com.mx\/portal\/wp-json\/wp\/v2\/posts"}],"about":[{"href":"https:\/\/losperiodistas.com.mx\/portal\/wp-json\/wp\/v2\/types\/post"}],"author":[{"embeddable":true,"href":"https:\/\/losperiodistas.com.mx\/portal\/wp-json\/wp\/v2\/users\/1"}],"replies":[{"embeddable":true,"href":"https:\/\/losperiodistas.com.mx\/portal\/wp-json\/wp\/v2\/comments?post=93537"}],"version-history":[{"count":1,"href":"https:\/\/losperiodistas.com.mx\/portal\/wp-json\/wp\/v2\/posts\/93537\/revisions"}],"predecessor-version":[{"id":93540,"href":"https:\/\/losperiodistas.com.mx\/portal\/wp-json\/wp\/v2\/posts\/93537\/revisions\/93540"}],"wp:featuredmedia":[{"embeddable":true,"href":"https:\/\/losperiodistas.com.mx\/portal\/wp-json\/wp\/v2\/media\/93539"}],"wp:attachment":[{"href":"https:\/\/losperiodistas.com.mx\/portal\/wp-json\/wp\/v2\/media?parent=93537"}],"wp:term":[{"taxonomy":"category","embeddable":true,"href":"https:\/\/losperiodistas.com.mx\/portal\/wp-json\/wp\/v2\/categories?post=93537"},{"taxonomy":"post_tag","embeddable":true,"href":"https:\/\/losperiodistas.com.mx\/portal\/wp-json\/wp\/v2\/tags?post=93537"}],"curies":[{"name":"wp","href":"https:\/\/api.w.org\/{rel}","templated":true}]}}