{"id":93444,"date":"2025-01-23T08:21:55","date_gmt":"2025-01-23T14:21:55","guid":{"rendered":"https:\/\/losperiodistas.com.mx\/portal\/?p=93444"},"modified":"2025-01-23T08:21:57","modified_gmt":"2025-01-23T14:21:57","slug":"davos-el-papa-la-ia-al-servicio-del-desarrollo-nunca-violar-la-dignidad-humana-vatican-news","status":"publish","type":"post","link":"https:\/\/losperiodistas.com.mx\/portal\/davos-el-papa-la-ia-al-servicio-del-desarrollo-nunca-violar-la-dignidad-humana-vatican-news\/","title":{"rendered":"Davos, el Papa: La IA al servicio del desarrollo, nunca violar la dignidad humana | Vatican News"},"content":{"rendered":"\n<p class=\"has-luminous-vivid-amber-background-color has-background has-medium-font-size\"><strong>Mensaje de Francisco al Foro Econ\u00f3mico Mundial previsto del 20 al 24 de enero: \u00abLos desarrollos tecnol\u00f3gicos que no mejoran la vida de todos, sino que crean o aumentan las desigualdades y los conflictos, no pueden definirse como verdadero progreso\u00bb.<\/strong><\/p>\n\n\n\n<p><\/p>\n\n\n\n<figure class=\"wp-block-image size-full\"><img fetchpriority=\"high\" decoding=\"async\" width=\"1500\" height=\"844\" src=\"https:\/\/losperiodistas.com.mx\/portal\/wp-content\/uploads\/2025\/01\/cq5dam.thumbnail.cropped.1500.844.jpeg\" alt=\"\" class=\"wp-image-93446\" srcset=\"https:\/\/losperiodistas.com.mx\/portal\/wp-content\/uploads\/2025\/01\/cq5dam.thumbnail.cropped.1500.844.jpeg 1500w, https:\/\/losperiodistas.com.mx\/portal\/wp-content\/uploads\/2025\/01\/cq5dam.thumbnail.cropped.1500.844-300x169.jpeg 300w, https:\/\/losperiodistas.com.mx\/portal\/wp-content\/uploads\/2025\/01\/cq5dam.thumbnail.cropped.1500.844-1024x576.jpeg 1024w, https:\/\/losperiodistas.com.mx\/portal\/wp-content\/uploads\/2025\/01\/cq5dam.thumbnail.cropped.1500.844-768x432.jpeg 768w\" sizes=\"(max-width: 1500px) 100vw, 1500px\" \/><figcaption class=\"wp-element-caption\">Encuentro anual del Foro Econ\u00f3mico Mundial 2025\u00a0 (ANSA)<\/figcaption><\/figure>\n\n\n\n<p><\/p>\n\n\n\n<p class=\"has-vivid-red-color has-text-color has-link-color has-medium-font-size wp-elements-6beae3f7af5fd2283c98f3c229183b80\"><strong>Salvatore Cernuzio \/ Vatican News<\/strong><\/p>\n\n\n\n<p>La inteligencia artificial, s\u00ed, es una herramienta con mil potencialidades, pero debe ponerse \u00abal servicio de un desarrollo m\u00e1s sano, m\u00e1s humano, m\u00e1s social y m\u00e1s integral\u00bb, de lo contrario, como todos los desarrollos tecnol\u00f3gicos, si \u00abno mejoran la vida de todos\u00bb sino que \u00abcrean o aumentan las desigualdades y los conflictos\u00bb, no puede definirse como \u00abverdadero progreso\u00bb. Vuelve a alertar contra los riesgos y peligros de la IA, el Papa Francisco, en su mensaje enviado al Foro Econ\u00f3mico Mundial de Davos, el evento anual que re\u00fane en la localidad suiza a tres mil delegados del mundo pol\u00edtico y financiero. \u00abColaboraci\u00f3n para la era inteligente\u00bb es el tema de la edici\u00f3n de 2025, que se celebra del 20 al 24 de enero. Una \u00abbuena oportunidad\u00bb, seg\u00fan el Papa, para reflexionar sobre el valor de la IA que, \u00abconcebida para imitar la inteligencia humana que la dise\u00f1\u00f3\u00bb, plantea precisamente por ello \u00abun conjunto \u00fanico de preguntas y desaf\u00edos\u00bb.<\/p>\n\n\n\n<h2 class=\"wp-block-heading\">La IA y la \u00abcrisis de la verdad\u00bb<\/h2>\n\n\n\n<p>En particular, el Papa Francisco -que ya hab\u00eda abordado el tema en su largo discurso en el G7 de Puglia en junio de 2024 y en su Mensaje para la 58\u00aa Jornada Mundial de las Comunicaciones Sociales- comparti\u00f3 con los presentes en Davos su preocupaci\u00f3n por el impacto de la IA \u00aben el papel de la humanidad en el mundo\u00bb, teniendo en cuenta la habilidad, la velocidad y la creatividad con la que esta tecnolog\u00eda ha sido \u00abentrenada\u00bb para generar \u00abnuevos artefactos\u00bb.<\/p>\n\n\n\n<p>Los resultados que la IA es capaz de lograr son casi indistinguibles de los de los humanos, lo que plantea interrogantes sobre su efecto en la creciente crisis de la verdad en el foro p\u00fablico<\/p>\n\n\n\n<h2 class=\"wp-block-heading\">La IA elige, los humanos deciden<\/h2>\n\n\n\n<p>El hecho de que esta tecnolog\u00eda est\u00e9 dise\u00f1ada \u00abpara aprender y tomar ciertas decisiones de forma aut\u00f3noma, adapt\u00e1ndose a nuevas situaciones y dando respuestas no previstas por sus programadores\u00bb plantea, se\u00f1ala el Papa, \u00abimportantes cuestiones\u00bb sobre \u00abla responsabilidad \u00e9tica, la seguridad humana y las implicaciones m\u00e1s amplias de estos avances para la sociedad\u00bb. Francisco distingue entre la IA, una \u00abextraordinaria tecnolog\u00eda de imitaci\u00f3n de la inteligencia humana\u00bb que hace \u00abuna elecci\u00f3n t\u00e9cnica entre varias posibilidades y se basa en criterios bien definidos o en inferencias estad\u00edsticas\u00bb y el ser humano que, dice, \u00abno s\u00f3lo elige, sino que en su coraz\u00f3n es capaz de decidir\u00bb.<\/p>\n\n\n\n<h2 class=\"wp-block-heading\">Instrumento para una mayor justicia y fraternidad<\/h2>\n\n\n\n<p>De hecho, prosigue, el propio uso de la palabra \u00abinteligencia\u00bb en relaci\u00f3n con la IA \u00abes inapropiado\u00bb, ya que la IA no es una forma artificial de inteligencia humana, sino m\u00e1s bien un producto de ella\u00bb que debe utilizarse \u201ccorrectamente\u201d.<\/p>\n\n\n\n<p>Como cualquier otra actividad humana y cualquier desarrollo tecnol\u00f3gico, la IA debe ordenarse a la persona humana y formar parte de los esfuerzos para lograr \u00abuna mayor justicia, una mayor fraternidad y un orden m\u00e1s humano de las relaciones sociales\u00bb, que son \u00abm\u00e1s valiosos que los avances en el campo t\u00e9cnico\u00bb.<\/p>\n\n\n\n<h2 class=\"wp-block-heading\">La brecha que no es progreso<\/h2>\n\n\n\n<p>El Papa tambi\u00e9n advierte del \u00abpeligro\u00bb de que la IA se utilice para promover el \u00abparadigma tecnocr\u00e1tico\u00bb, para el que \u00abtodos los problemas del mundo pueden resolverse s\u00f3lo con medios tecnol\u00f3gicos\u00bb. En este paradigma, se\u00f1ala Francisco, \u00abla dignidad humana y la fraternidad est\u00e1n a menudo subordinadas a la b\u00fasqueda de la eficiencia, como si la realidad, la bondad y la verdad emanaran intr\u00ednsecamente del poder tecnol\u00f3gico y econ\u00f3mico\u00bb.<\/p>\n\n\n\n<p>La dignidad humana nunca debe ser violada en favor de la eficiencia. Los avances tecnol\u00f3gicos que no mejoran la vida de todos, sino que crean o aumentan la desigualdad y el conflicto, no pueden llamarse verdadero progreso. Por lo tanto, la IA debe ponerse al servicio de un desarrollo m\u00e1s sano, m\u00e1s humano, m\u00e1s social y m\u00e1s integral.<\/p>\n\n\n\n<h2 class=\"wp-block-heading\">Estudiar el impacto de la IA a lo largo del tiempo<\/h2>\n\n\n\n<p>Para el Papa, por tanto, el progreso inducido por la IA \u00abexige redescubrir la importancia de la comunidad y renovar el compromiso de cuidar la casa com\u00fan\u00bb. El llamamiento a los gobiernos y a las empresas es que \u00abact\u00faen con la debida diligencia y vigilancia\u00bb para gestionar las complejidades de la IA a medida que su aplicaci\u00f3n e impacto social se hacen m\u00e1s evidentes en todas las esferas sociales y c\u00edvicas con el paso del tiempo.<\/p>\n\n\n\n<p>Deben evaluar cr\u00edticamente las aplicaciones individuales de la IA en contextos particulares para determinar si su uso promueve la dignidad humana, la vocaci\u00f3n de la persona humana y el bien com\u00fan.<\/p>\n\n\n\n<p>Fuente: <a href=\"https:\/\/www.vaticannews.va\/es\/papa\/news\/2025-01\/davos-papa-ia-servicio-desarrollo-dignidad-humana.html\">https:\/\/www.vaticannews.va\/es\/papa\/news\/2025-01\/davos-papa-ia-servicio-desarrollo-dignidad-humana.html<\/a><\/p>\n\n\n\n<p><\/p>\n","protected":false},"excerpt":{"rendered":"<p>Mensaje de Francisco al Foro Econ\u00f3mico Mundial previsto del 20 al 24 de enero: \u00abLos desarrollos tecnol\u00f3gicos que no mejoran [&hellip;]<\/p>\n","protected":false},"author":1,"featured_media":93445,"comment_status":"open","ping_status":"open","sticky":false,"template":"","format":"standard","meta":{"site-sidebar-layout":"default","site-content-layout":"","ast-site-content-layout":"default","site-content-style":"default","site-sidebar-style":"default","ast-global-header-display":"","ast-banner-title-visibility":"","ast-main-header-display":"","ast-hfb-above-header-display":"","ast-hfb-below-header-display":"","ast-hfb-mobile-header-display":"","site-post-title":"","ast-breadcrumbs-content":"","ast-featured-img":"","footer-sml-layout":"","theme-transparent-header-meta":"","adv-header-id-meta":"","stick-header-meta":"","header-above-stick-meta":"","header-main-stick-meta":"","header-below-stick-meta":"","astra-migrate-meta-layouts":"default","ast-page-background-enabled":"default","ast-page-background-meta":{"desktop":{"background-color":"var(--ast-global-color-4)","background-image":"","background-repeat":"repeat","background-position":"center center","background-size":"auto","background-attachment":"scroll","background-type":"","background-media":"","overlay-type":"","overlay-color":"","overlay-opacity":"","overlay-gradient":""},"tablet":{"background-color":"","background-image":"","background-repeat":"repeat","background-position":"center center","background-size":"auto","background-attachment":"scroll","background-type":"","background-media":"","overlay-type":"","overlay-color":"","overlay-opacity":"","overlay-gradient":""},"mobile":{"background-color":"","background-image":"","background-repeat":"repeat","background-position":"center center","background-size":"auto","background-attachment":"scroll","background-type":"","background-media":"","overlay-type":"","overlay-color":"","overlay-opacity":"","overlay-gradient":""}},"ast-content-background-meta":{"desktop":{"background-color":"var(--ast-global-color-5)","background-image":"","background-repeat":"repeat","background-position":"center center","background-size":"auto","background-attachment":"scroll","background-type":"","background-media":"","overlay-type":"","overlay-color":"","overlay-opacity":"","overlay-gradient":""},"tablet":{"background-color":"var(--ast-global-color-5)","background-image":"","background-repeat":"repeat","background-position":"center center","background-size":"auto","background-attachment":"scroll","background-type":"","background-media":"","overlay-type":"","overlay-color":"","overlay-opacity":"","overlay-gradient":""},"mobile":{"background-color":"var(--ast-global-color-5)","background-image":"","background-repeat":"repeat","background-position":"center center","background-size":"auto","background-attachment":"scroll","background-type":"","background-media":"","overlay-type":"","overlay-color":"","overlay-opacity":"","overlay-gradient":""}},"footnotes":""},"categories":[8],"tags":[190,15744,35151,35152,35153],"class_list":["post-93444","post","type-post","status-publish","format-standard","has-post-thumbnail","hentry","category-noticias","tag-bien-comun","tag-dignidad-humana","tag-ia-al-servicio-del-desarrollo","tag-papa-francisco-mensaje-davos","tag-verdadero-progreso"],"_links":{"self":[{"href":"https:\/\/losperiodistas.com.mx\/portal\/wp-json\/wp\/v2\/posts\/93444","targetHints":{"allow":["GET"]}}],"collection":[{"href":"https:\/\/losperiodistas.com.mx\/portal\/wp-json\/wp\/v2\/posts"}],"about":[{"href":"https:\/\/losperiodistas.com.mx\/portal\/wp-json\/wp\/v2\/types\/post"}],"author":[{"embeddable":true,"href":"https:\/\/losperiodistas.com.mx\/portal\/wp-json\/wp\/v2\/users\/1"}],"replies":[{"embeddable":true,"href":"https:\/\/losperiodistas.com.mx\/portal\/wp-json\/wp\/v2\/comments?post=93444"}],"version-history":[{"count":1,"href":"https:\/\/losperiodistas.com.mx\/portal\/wp-json\/wp\/v2\/posts\/93444\/revisions"}],"predecessor-version":[{"id":93447,"href":"https:\/\/losperiodistas.com.mx\/portal\/wp-json\/wp\/v2\/posts\/93444\/revisions\/93447"}],"wp:featuredmedia":[{"embeddable":true,"href":"https:\/\/losperiodistas.com.mx\/portal\/wp-json\/wp\/v2\/media\/93445"}],"wp:attachment":[{"href":"https:\/\/losperiodistas.com.mx\/portal\/wp-json\/wp\/v2\/media?parent=93444"}],"wp:term":[{"taxonomy":"category","embeddable":true,"href":"https:\/\/losperiodistas.com.mx\/portal\/wp-json\/wp\/v2\/categories?post=93444"},{"taxonomy":"post_tag","embeddable":true,"href":"https:\/\/losperiodistas.com.mx\/portal\/wp-json\/wp\/v2\/tags?post=93444"}],"curies":[{"name":"wp","href":"https:\/\/api.w.org\/{rel}","templated":true}]}}