{"id":93429,"date":"2025-01-23T07:13:17","date_gmt":"2025-01-23T13:13:17","guid":{"rendered":"https:\/\/losperiodistas.com.mx\/portal\/?p=93429"},"modified":"2025-01-23T07:13:19","modified_gmt":"2025-01-23T13:13:19","slug":"trump-debe-actuar-con-mexico-no-contra-mexico-lech-walesa-el-financiero","status":"publish","type":"post","link":"https:\/\/losperiodistas.com.mx\/portal\/trump-debe-actuar-con-mexico-no-contra-mexico-lech-walesa-el-financiero\/","title":{"rendered":"\u2018Trump debe actuar con M\u00e9xico, no contra M\u00e9xico\u2019: Lech Walesa | El Financiero"},"content":{"rendered":"\n<h2 class=\"wp-block-heading\">\u201cEuropa ha ense\u00f1ado lo correcto. Am\u00e9rica del Norte debe abrir sus fronteras\u201d, dice el expresidente polaco Lech Walesa a El Financiero.<\/h2>\n\n\n\n<figure class=\"wp-block-image size-large\"><img fetchpriority=\"high\" decoding=\"async\" width=\"1024\" height=\"576\" src=\"https:\/\/losperiodistas.com.mx\/portal\/wp-content\/uploads\/2025\/01\/wallesa--1024x576.jpeg\" alt=\"\" class=\"wp-image-93430\" srcset=\"https:\/\/losperiodistas.com.mx\/portal\/wp-content\/uploads\/2025\/01\/wallesa--1024x576.jpeg 1024w, https:\/\/losperiodistas.com.mx\/portal\/wp-content\/uploads\/2025\/01\/wallesa--300x169.jpeg 300w, https:\/\/losperiodistas.com.mx\/portal\/wp-content\/uploads\/2025\/01\/wallesa--768x432.jpeg 768w, https:\/\/losperiodistas.com.mx\/portal\/wp-content\/uploads\/2025\/01\/wallesa--1536x864.jpeg 1536w, https:\/\/losperiodistas.com.mx\/portal\/wp-content\/uploads\/2025\/01\/wallesa-.jpeg 1600w\" sizes=\"(max-width: 1024px) 100vw, 1024px\" \/><figcaption class=\"wp-element-caption\">(De izquierda a derecha) En la imagen el periodista Pablo Hiriart y el expresidente polaco, Lech Walesa.<\/figcaption><\/figure>\n\n\n\n<p class=\"has-vivid-red-color has-text-color has-link-color has-medium-font-size wp-elements-a07ca3186b927cbafd6bb036c4991cd8\"><strong>Pablo Hiriart \/ El Financiero<\/strong><\/p>\n\n\n\n<p>GDANSK, Polonia.- En su oficina del segundo piso de los hist\u00f3ricos astilleros Lenin de esta ciudad a orillas del mar B\u00e1ltico, Lech Walesa dice a<a href=\"https:\/\/www.elfinanciero.com.mx\/nacional\/2025\/01\/23\/trump-debe-actuar-con-mexico-no-contra-mexico-lech-walesa\/\">&nbsp;EL&nbsp;<em>FINANCIERO<\/em><\/a>&nbsp;que&nbsp;<a href=\"https:\/\/www.elfinanciero.com.mx\/opinion\/manuel-sanchez-gonzalez\/2025\/01\/22\/los-planes-economicos-del-presidente-trump\/\">Donald Trump<\/a>se equivoca en su alejamiento de M\u00e9xico, pues \u201cel camino es acercarse m\u00e1s, crear espacios globales, no la imposici\u00f3n\u201d.<\/p>\n\n\n\n<p>\u201c<strong>Trump debe actuar con M\u00e9xico, no contra M\u00e9xico<\/strong>\u201d, dice.<\/p>\n\n\n\n<p>El \u00fanico sobreviviente de los l\u00edderes que echaron abajo la cortina de hierro, el primero en doblar al poder sovi\u00e9tico y con movilizaciones pac\u00edficas tirar la ficha que derrumb\u00f3 el domin\u00f3 comunista en el mundo, se\u00f1ala que el&nbsp;<a href=\"https:\/\/www.elfinanciero.com.mx\/mercados\/2024\/11\/07\/triunfo-de-donald-trump-por-que-la-depreciacion-del-peso-no-es-una-mala-noticia\/\">triunfo de Trump<\/a>y lo que sucede en otros lugares del mundo&nbsp;<strong>son resultado de la p\u00e9rdida de credibilidad de la democracia<\/strong>.<\/p>\n\n\n\n<p>\u201cPero el problema no es Estados Unidos, M\u00e9xico o Trump, sino mundial.&nbsp;<strong>Hay un cambio de era y el que logre entender los nuevos tiempos va a ganar<\/strong>\u201d, dice el electricista polaco, premio Nobel de la Paz y primer presidente electo democr\u00e1ticamente tras la ca\u00edda del r\u00e9gimen comunista con mando central en Mosc\u00fa.<\/p>\n\n\n\n<p>Este edificio es ahora el&nbsp;<strong>Museo de Solidaridad<\/strong>, al que llegu\u00e9 preguntando d\u00f3nde estaba Lech Walesa. \u201cSus oficinas est\u00e1n aqu\u00ed, en el segundo piso\u201d, me informa uno de los guardias del enorme edificio que muestra las reliquias de una batalla pac\u00edfica de diez a\u00f1os para derrumbar la tiran\u00eda.<\/p>\n\n\n\n<p>Una asistente del fundador del sindicato Solidaridad abre la puerta y responde, con cortes\u00eda, que Walesa tiene una agenda ocupada que no le permite recibir visitas de improviso, sin acordar una cita previamente.<\/p>\n\n\n\n<p>\u201cNo soy una visita, soy periodista de EL FINANCIERO, de M\u00e9xico, y s\u00f3lo quiero hacer una pregunta al se\u00f1or Walesa, por favor\u201d, le dije y junt\u00e9 las palmas de las manos con mi mejor sonrisa. Dio media vuelta y regres\u00f3 en menos de tres minutos, con el asistente de seguridad que chec\u00f3 el bolso de Ewa, mi gu\u00eda, le ense\u00f1\u00e9 la credencial del peri\u00f3dico y me pasaron a la sala de juntas.<\/p>\n\n\n\n<p>Casi de inmediato se abri\u00f3 otra puerta y en un dos por tres tuve sentado junto a m\u00ed a un gigante del siglo XX.<\/p>\n\n\n\n<p>\u201cUna pregunta\u201d, me reiteraron.<\/p>\n\n\n\n<p>-Usted luch\u00f3 por la libertad y gan\u00f3. \u00bfSe imagin\u00f3 que as\u00ed era la libertad, vali\u00f3 la pena?<\/p>\n\n\n\n<p>-S\u00ed claro, vali\u00f3 la pena. Pero me di cuenta que esta generaci\u00f3n enfrentar\u00eda una \u00e9poca muy compleja por el desarrollo de la tecnolog\u00eda. La civilizaci\u00f3n puede desaparecer y si no nos ponemos de acuerdo, si no nos entendemos, podemos regresar a la \u00e9poca de Ad\u00e1n y Eva.<\/p>\n\n\n\n<p>-Si usted ahora tuviera 25 a\u00f1os, \u00bfpor qu\u00e9 luchar\u00eda?<\/p>\n\n\n\n<p>-Si ahora tuviera 25 a\u00f1os har\u00eda lo mismo. Luchar\u00eda de manera pac\u00edfica por el entendimiento, porque estamos en una \u00e9poca donde las se\u00f1ales del pasado han desaparecido y a\u00fan no se ponen las nuevas.<\/p>\n\n\n\n<p>Walesa cambia de tema en algunas preguntas \u2013o tal vez eso me parece, por las dificultades de la traducci\u00f3n\u2013, y le pido que explique eso de las se\u00f1ales.<\/p>\n\n\n\n<p>\u201cImag\u00ednese \u2013dice\u2013 que ten\u00edamos un reglamento de tr\u00e1nsito y que de pronto desaparece. Que quitan todas las se\u00f1ales de las carreteras y de las calles, y a\u00fan no se ponen otras.&nbsp;<strong>Las se\u00f1ales que tuvimos en el siglo XX ya no est\u00e1n<\/strong>. Ah\u00ed es donde tenemos que acordar y convencernos, para las nuevas se\u00f1ales que hay que poner. Entendernos, sin imponer c\u00f3mo va a ser esta \u00e9poca que a\u00fan no nace, pero la otra ya muri\u00f3.<\/p>\n\n\n\n<p>La imposici\u00f3n de nuevas reglas \u201ces una dictadura\u201d, subraya Walesa.<\/p>\n\n\n\n<p>-\u00bfEst\u00e1 en riesgo la libertad?, pienso en Rusia y China -pregunto.<\/p>\n\n\n\n<p>-S\u00ed, claro que&nbsp;<strong>Rusia y China son un peligro para la libertad en el mundo<\/strong>.<\/p>\n\n\n\n<p>La asistente le hace una se\u00f1a a Ewa que era s\u00f3lo una pregunta, y me levanto para despedirme. Con una sonrisa bajo el ahora canoso y recortado bigote, ahora es Walesa el que quiere saber:<\/p>\n\n\n\n<p>-\u00bfYa lo asust\u00e9? \u00bfSe le acabaron las preguntas?<\/p>\n\n\n\n<p>Sigo con Estados Unidos, M\u00e9xico, Trump, Ucrania, Putin, la democracia\u2026<\/p>\n\n\n\n<p><strong>Trump va por el camino equivocado en la relaci\u00f3n con M\u00e9xico<\/strong>, dice. \u201cUn muro para separarse de M\u00e9xico.&nbsp;<strong>Hacer fronteras (murallas) no es el camino correcto<\/strong>, sino lo contrario. Despu\u00e9s de dos guerras mundiales y la<strong>&nbsp;dictadura del comunismo hasta 1989<\/strong>, aqu\u00ed aprendimos y creamos un continente con una sola moneda, libertad para trabajar y vivir en cualquier pa\u00eds\u201d.<\/p>\n\n\n\n<p>Para el mundo ese es el camino, sostiene.<\/p>\n\n\n\n<p>-\u00bfC\u00f3mo? -pregunto.<\/p>\n\n\n\n<p>-S\u00ed,&nbsp;<strong>Europa ha ense\u00f1ado lo correcto<\/strong>. Am\u00e9rica del Norte debe abrir sus fronteras en lugar de cerrarlas.<\/p>\n\n\n\n<p>\u201cAm\u00e9rica del Norte, del Sur. Todos los continentes\u201d, dice y vuelve una y otra vez a un punto: \u201cHay que pasar de los pa\u00edses-Estado a los continentes globales\u201d.<\/p>\n\n\n\n<p>-\u00bfC\u00f3mo ve la salud de la democracia en el mundo?<\/p>\n\n\n\n<p>-Hay que reconstruirla, mejorarla. Lo que tenemos son caricaturas de democracia.<\/p>\n\n\n\n<p>Insisto sobre el triunfo de Donald Trump. Lech Walesa contesta que es porque \u201c<strong>la gente perdi\u00f3 la fe en la democracia<\/strong>. Vea Francia, Alemania, Estados Unidos\u2026\u201d.<\/p>\n\n\n\n<p>Piensa un momento, y contin\u00faa: \u201cNo estoy de acuerdo con el siglo XXI, en el que nadie le cree a nadie. El mundo est\u00e1 dividido. Miro a las organizaciones cristianas y no veo creyentes\u201d.<\/p>\n\n\n\n<p>Fuente: <a href=\"https:\/\/www.elfinanciero.com.mx\/nacional\/2025\/01\/23\/trump-debe-actuar-con-mexico-no-contra-mexico-lech-walesa\/\">https:\/\/www.elfinanciero.com.mx\/nacional\/2025\/01\/23\/trump-debe-actuar-con-mexico-no-contra-mexico-lech-walesa\/<\/a><\/p>\n\n\n\n<p><\/p>\n","protected":false},"excerpt":{"rendered":"<p>\u201cEuropa ha ense\u00f1ado lo correcto. Am\u00e9rica del Norte debe abrir sus fronteras\u201d, dice el expresidente polaco Lech Walesa a El [&hellip;]<\/p>\n","protected":false},"author":1,"featured_media":93430,"comment_status":"open","ping_status":"open","sticky":false,"template":"","format":"standard","meta":{"site-sidebar-layout":"default","site-content-layout":"","ast-site-content-layout":"default","site-content-style":"default","site-sidebar-style":"default","ast-global-header-display":"","ast-banner-title-visibility":"","ast-main-header-display":"","ast-hfb-above-header-display":"","ast-hfb-below-header-display":"","ast-hfb-mobile-header-display":"","site-post-title":"","ast-breadcrumbs-content":"","ast-featured-img":"","footer-sml-layout":"","theme-transparent-header-meta":"","adv-header-id-meta":"","stick-header-meta":"","header-above-stick-meta":"","header-main-stick-meta":"","header-below-stick-meta":"","astra-migrate-meta-layouts":"default","ast-page-background-enabled":"default","ast-page-background-meta":{"desktop":{"background-color":"var(--ast-global-color-4)","background-image":"","background-repeat":"repeat","background-position":"center center","background-size":"auto","background-attachment":"scroll","background-type":"","background-media":"","overlay-type":"","overlay-color":"","overlay-opacity":"","overlay-gradient":""},"tablet":{"background-color":"","background-image":"","background-repeat":"repeat","background-position":"center center","background-size":"auto","background-attachment":"scroll","background-type":"","background-media":"","overlay-type":"","overlay-color":"","overlay-opacity":"","overlay-gradient":""},"mobile":{"background-color":"","background-image":"","background-repeat":"repeat","background-position":"center center","background-size":"auto","background-attachment":"scroll","background-type":"","background-media":"","overlay-type":"","overlay-color":"","overlay-opacity":"","overlay-gradient":""}},"ast-content-background-meta":{"desktop":{"background-color":"var(--ast-global-color-5)","background-image":"","background-repeat":"repeat","background-position":"center center","background-size":"auto","background-attachment":"scroll","background-type":"","background-media":"","overlay-type":"","overlay-color":"","overlay-opacity":"","overlay-gradient":""},"tablet":{"background-color":"var(--ast-global-color-5)","background-image":"","background-repeat":"repeat","background-position":"center center","background-size":"auto","background-attachment":"scroll","background-type":"","background-media":"","overlay-type":"","overlay-color":"","overlay-opacity":"","overlay-gradient":""},"mobile":{"background-color":"var(--ast-global-color-5)","background-image":"","background-repeat":"repeat","background-position":"center center","background-size":"auto","background-attachment":"scroll","background-type":"","background-media":"","overlay-type":"","overlay-color":"","overlay-opacity":"","overlay-gradient":""}},"footnotes":""},"categories":[8],"tags":[29484,35149,35147,35148,35146,35145],"class_list":["post-93429","post","type-post","status-publish","format-standard","has-post-thumbnail","hentry","category-noticias","tag-lech-walesa","tag-no-a-los-muros","tag-riesgo-libertad","tag-rusia-y-cina-son-peligro","tag-trump-contra-mexico","tag-trump-y-mexico"],"_links":{"self":[{"href":"https:\/\/losperiodistas.com.mx\/portal\/wp-json\/wp\/v2\/posts\/93429","targetHints":{"allow":["GET"]}}],"collection":[{"href":"https:\/\/losperiodistas.com.mx\/portal\/wp-json\/wp\/v2\/posts"}],"about":[{"href":"https:\/\/losperiodistas.com.mx\/portal\/wp-json\/wp\/v2\/types\/post"}],"author":[{"embeddable":true,"href":"https:\/\/losperiodistas.com.mx\/portal\/wp-json\/wp\/v2\/users\/1"}],"replies":[{"embeddable":true,"href":"https:\/\/losperiodistas.com.mx\/portal\/wp-json\/wp\/v2\/comments?post=93429"}],"version-history":[{"count":1,"href":"https:\/\/losperiodistas.com.mx\/portal\/wp-json\/wp\/v2\/posts\/93429\/revisions"}],"predecessor-version":[{"id":93431,"href":"https:\/\/losperiodistas.com.mx\/portal\/wp-json\/wp\/v2\/posts\/93429\/revisions\/93431"}],"wp:featuredmedia":[{"embeddable":true,"href":"https:\/\/losperiodistas.com.mx\/portal\/wp-json\/wp\/v2\/media\/93430"}],"wp:attachment":[{"href":"https:\/\/losperiodistas.com.mx\/portal\/wp-json\/wp\/v2\/media?parent=93429"}],"wp:term":[{"taxonomy":"category","embeddable":true,"href":"https:\/\/losperiodistas.com.mx\/portal\/wp-json\/wp\/v2\/categories?post=93429"},{"taxonomy":"post_tag","embeddable":true,"href":"https:\/\/losperiodistas.com.mx\/portal\/wp-json\/wp\/v2\/tags?post=93429"}],"curies":[{"name":"wp","href":"https:\/\/api.w.org\/{rel}","templated":true}]}}