{"id":93415,"date":"2025-01-23T06:40:19","date_gmt":"2025-01-23T12:40:19","guid":{"rendered":"https:\/\/losperiodistas.com.mx\/portal\/?p=93415"},"modified":"2025-01-23T06:40:21","modified_gmt":"2025-01-23T12:40:21","slug":"ee-uu-inicia-el-despliegue-de-1-500-militares-en-la-frontera-con-mexico-efe","status":"publish","type":"post","link":"https:\/\/losperiodistas.com.mx\/portal\/ee-uu-inicia-el-despliegue-de-1-500-militares-en-la-frontera-con-mexico-efe\/","title":{"rendered":"EE.UU. inicia el despliegue de 1.500 militares en la frontera con M\u00e9xico | EFE"},"content":{"rendered":"\n<figure class=\"wp-block-image size-full\"><img fetchpriority=\"high\" decoding=\"async\" width=\"900\" height=\"599\" src=\"https:\/\/losperiodistas.com.mx\/portal\/wp-content\/uploads\/2025\/01\/Trump-tropas1.webp\" alt=\"\" class=\"wp-image-93420\" srcset=\"https:\/\/losperiodistas.com.mx\/portal\/wp-content\/uploads\/2025\/01\/Trump-tropas1.webp 900w, https:\/\/losperiodistas.com.mx\/portal\/wp-content\/uploads\/2025\/01\/Trump-tropas1-300x200.webp 300w, https:\/\/losperiodistas.com.mx\/portal\/wp-content\/uploads\/2025\/01\/Trump-tropas1-768x511.webp 768w\" sizes=\"(max-width: 900px) 100vw, 900px\" \/><figcaption class=\"wp-element-caption\">Vista de tropas de la Guardia Nacional en un punto de la frontera de Estados Unidos con M\u00e9xico, en una fotograf\u00eda de archivo. EFE\/Caroline Brehman<\/figcaption><\/figure>\n\n\n\n<p><\/p>\n\n\n\n<p class=\"has-vivid-red-color has-text-color has-link-color has-medium-font-size wp-elements-c493a3ee8a54b3fa08c631211cbe76b4\"><strong>Redacci\u00f3n Agencia EFE<\/strong><\/p>\n\n\n\n<p>Washington (EFE).- El Gobierno de Estados Unidos inici\u00f3 este mi\u00e9rcoles el despliegue de unos 1.500 militares en la frontera con M\u00e9xico, dando as\u00ed el primer paso para cumplir la promesa del presidente, Donald Trump, de \u00abcerrar\u00bb el paso de migrantes y reforzar la seguridad fronteriza.<\/p>\n\n\n\n<p>La portavoz de la Casa Blanca, Karoline Leavitt, explic\u00f3 este mi\u00e9rcoles en declaraciones a los periodistas que el mandatario firm\u00f3 la orden ejecutiva para ese despliegue el lunes y el Pent\u00e1gono confirm\u00f3 despu\u00e9s que se ha movilizado ya para darle cumplimiento.<\/p>\n\n\n\n<p>El secretario de Defensa en funciones, Robert Salesses, apunt\u00f3 este mi\u00e9rcoles que ha autorizado tres acciones que empezar\u00e1n hoy mismo. En primer lugar el env\u00edo de esas tropas y de helic\u00f3pteros y su respectivo personal, as\u00ed como de analistas de inteligencia que ayuden en las labores de detecci\u00f3n y control.<\/p>\n\n\n\n<p>Seg\u00fan sus cifras, esto representa un aumento del 60 % en el n\u00famero de fuerzas activas sobre el terreno desde que Trump asumi\u00f3 el cargo el lunes.<\/p>\n\n\n\n<p>El Pent\u00e1gono proporcionar\u00e1 tambi\u00e9n transporte a\u00e9reo militar para apoyar los vuelos de deportaci\u00f3n de m\u00e1s de 5.000 \u00abextranjeros ilegales\u00bb desde San Diego, en California, y El Paso, Texas, detenidos por Aduanas y Protecci\u00f3n Fronteriza.<\/p>\n\n\n\n<p>El Departamento de Seguridad Nacional (DHS), seg\u00fan su comunicado, se encargar\u00e1 de hacer cumplir la ley y el de Estado \u00abobtendr\u00e1 las autorizaciones diplom\u00e1ticas necesarias y notificar\u00e1 al pa\u00eds anfitri\u00f3n\u00bb.<\/p>\n\n\n\n<figure class=\"wp-block-image\"><img decoding=\"async\" src=\"https:\/\/i0.wp.com\/efe.com\/wp-content\/uploads\/2025\/01\/Trump-tropas2.jpg?resize=900%2C600&amp;ssl=1\" alt=\"Vista de tropas de la Guardia Nacional en un punto de la frontera de Estados Unidos con M\u00e9xico, en una fotograf\u00eda de archivo. EFE\/Adam Davis\" class=\"wp-image-1619486\"\/><figcaption class=\"wp-element-caption\">Vista de tropas de la Guardia Nacional en un punto de la frontera de Estados Unidos con M\u00e9xico, en una fotograf\u00eda de archivo. EFE\/Adam Davis<\/figcaption><\/figure>\n\n\n\n<p>El Pent\u00e1gono a\u00f1adi\u00f3 que \u00abcomenzar\u00e1 a ayudar en la construcci\u00f3n de barreras f\u00edsicas temporales y permanentes para agregar seguridad y reducir los cruces fronterizos ilegales y el tr\u00e1fico il\u00edcito\u00bb.<\/p>\n\n\n\n<p>\u00abEsto es solo el principio\u00bb, recalc\u00f3 el secretario de Defensa en su nota.<\/p>\n\n\n\n<p>Leavitt destac\u00f3 a su vez que estas medidas son algo \u00abpor lo que Trump hizo campa\u00f1a\u00bb.<\/p>\n\n\n\n<p>\u00abEl pueblo estadounidense estaba esperando un momento como este, en el que el Departamento de Defensa tome en serio la seguridad nacional. Es una prioridad n\u00famero uno para el pueblo estadounidense y el presidente ya ha cumplido\u00bb, afirm\u00f3.<\/p>\n\n\n\n<p>Los 1.500 efectivos se sumar\u00e1n a los 2.200 militares en activo y los 4.500 reservistas de la Guardia Nacional de Texas que ya est\u00e1n desplegados en la frontera.<\/p>\n\n\n\n<p>Seg\u00fan explic\u00f3 la CNN, las nuevas tropas desempe\u00f1ar\u00e1n funciones similares a las de los efectivos ya presentes, enfocadas en apoyar a la Oficina de Aduanas y Protecci\u00f3n Fronteriza (CBP, en ingl\u00e9s) con labores log\u00edsticas y administrativas, como el mantenimiento de veh\u00edculos y la entrada de datos.<\/p>\n\n\n\n<p>Durante su primer mandato (2017-2021), Trump orden\u00f3 el env\u00edo de 5.200 efectivos a la frontera con M\u00e9xico.<\/p>\n\n\n\n<h2 class=\"wp-block-heading\" id=\"h-trump-aun-puede-elevar-las-tareas-de-las-tropas-en-la-frontera-con-mexico\">Trump a\u00fan puede elevar las tareas de las tropas en la frontera con M\u00e9xico<\/h2>\n\n\n\n<p>Este lunes, horas despu\u00e9s de asumir nuevamente la Presidencia, firm\u00f3 una orden ejecutiva que instruye al Pent\u00e1gono a movilizar las tropas necesarias para lograr un \u00abcontrol operativo completo de&nbsp;<a href=\"https:\/\/efe.com\/mundo\/2025-01-20\/trump-cierre-frontera-mexico-orden-ejecutiva\/\">la frontera sur de Estados Unidos<\/a>\u00ab.<\/p>\n\n\n\n<p>La orden tambi\u00e9n establece que&nbsp;<a href=\"https:\/\/efe.com\/mundo\/2025-01-21\/trump-emergencia\/\">Trump evaluar\u00e1<\/a>&nbsp;en los pr\u00f3ximos 90 d\u00edas la posibilidad de invocar la Ley de Insurrecci\u00f3n de 1807, lo que permitir\u00eda que los militares asuman funciones de aplicaci\u00f3n de la ley dentro del pa\u00eds, en un rol m\u00e1s cercano al que actualmente desempe\u00f1an las fuerzas de seguridad.<\/p>\n\n\n\n<figure class=\"wp-block-image\"><img decoding=\"async\" src=\"https:\/\/i0.wp.com\/efe.com\/wp-content\/uploads\/2025\/01\/Trump-tropas3.jpg?resize=900%2C599&amp;ssl=1\" alt=\"Vista de agentes de la Patrulla Fronteriza de EE.UU. que vigilan el paso de migrantes en la frontera con M\u00e9xico, en una fotograf\u00eda de archivo. EFE\/Allison Dinner\" class=\"wp-image-1619489\"\/><figcaption class=\"wp-element-caption\">Vista de agentes de la Patrulla Fronteriza de EE.UU. que vigilan el paso de migrantes en la frontera con M\u00e9xico, en una fotograf\u00eda de archivo. EFE\/Allison Dinner<\/figcaption><\/figure>\n\n\n\n<p>Actualmente, los efectivos desplegados en la frontera no tienen autorizaci\u00f3n para realizar tareas policiales, como arrestar migrantes o incautar drogas. En Estados Unidos, leyes como la Posse Comitatus de 1878 proh\u00edben a las fuerzas armadas actuar como polic\u00eda en territorio nacional.<\/p>\n\n\n\n<p>Fuente: <a href=\"https:\/\/efe.com\/mundo\/2025-01-23\/trump-tropas-frontera-mexico\/\">https:\/\/efe.com\/mundo\/2025-01-23\/trump-tropas-frontera-mexico\/<\/a><\/p>\n","protected":false},"excerpt":{"rendered":"<p>Redacci\u00f3n Agencia EFE Washington (EFE).- El Gobierno de Estados Unidos inici\u00f3 este mi\u00e9rcoles el despliegue de unos 1.500 militares en [&hellip;]<\/p>\n","protected":false},"author":1,"featured_media":93420,"comment_status":"open","ping_status":"open","sticky":false,"template":"","format":"standard","meta":{"site-sidebar-layout":"default","site-content-layout":"","ast-site-content-layout":"default","site-content-style":"default","site-sidebar-style":"default","ast-global-header-display":"","ast-banner-title-visibility":"","ast-main-header-display":"","ast-hfb-above-header-display":"","ast-hfb-below-header-display":"","ast-hfb-mobile-header-display":"","site-post-title":"","ast-breadcrumbs-content":"","ast-featured-img":"","footer-sml-layout":"","theme-transparent-header-meta":"","adv-header-id-meta":"","stick-header-meta":"","header-above-stick-meta":"","header-main-stick-meta":"","header-below-stick-meta":"","astra-migrate-meta-layouts":"default","ast-page-background-enabled":"default","ast-page-background-meta":{"desktop":{"background-color":"var(--ast-global-color-4)","background-image":"","background-repeat":"repeat","background-position":"center center","background-size":"auto","background-attachment":"scroll","background-type":"","background-media":"","overlay-type":"","overlay-color":"","overlay-opacity":"","overlay-gradient":""},"tablet":{"background-color":"","background-image":"","background-repeat":"repeat","background-position":"center center","background-size":"auto","background-attachment":"scroll","background-type":"","background-media":"","overlay-type":"","overlay-color":"","overlay-opacity":"","overlay-gradient":""},"mobile":{"background-color":"","background-image":"","background-repeat":"repeat","background-position":"center center","background-size":"auto","background-attachment":"scroll","background-type":"","background-media":"","overlay-type":"","overlay-color":"","overlay-opacity":"","overlay-gradient":""}},"ast-content-background-meta":{"desktop":{"background-color":"var(--ast-global-color-5)","background-image":"","background-repeat":"repeat","background-position":"center center","background-size":"auto","background-attachment":"scroll","background-type":"","background-media":"","overlay-type":"","overlay-color":"","overlay-opacity":"","overlay-gradient":""},"tablet":{"background-color":"var(--ast-global-color-5)","background-image":"","background-repeat":"repeat","background-position":"center center","background-size":"auto","background-attachment":"scroll","background-type":"","background-media":"","overlay-type":"","overlay-color":"","overlay-opacity":"","overlay-gradient":""},"mobile":{"background-color":"var(--ast-global-color-5)","background-image":"","background-repeat":"repeat","background-position":"center center","background-size":"auto","background-attachment":"scroll","background-type":"","background-media":"","overlay-type":"","overlay-color":"","overlay-opacity":"","overlay-gradient":""}},"footnotes":""},"categories":[8],"tags":[35136,35138,35137],"class_list":["post-93415","post","type-post","status-publish","format-standard","has-post-thumbnail","hentry","category-noticias","tag-frontera-ee-uu-con-mexico","tag-migracion-estados-unidos","tag-trump-despliega-militares"],"_links":{"self":[{"href":"https:\/\/losperiodistas.com.mx\/portal\/wp-json\/wp\/v2\/posts\/93415","targetHints":{"allow":["GET"]}}],"collection":[{"href":"https:\/\/losperiodistas.com.mx\/portal\/wp-json\/wp\/v2\/posts"}],"about":[{"href":"https:\/\/losperiodistas.com.mx\/portal\/wp-json\/wp\/v2\/types\/post"}],"author":[{"embeddable":true,"href":"https:\/\/losperiodistas.com.mx\/portal\/wp-json\/wp\/v2\/users\/1"}],"replies":[{"embeddable":true,"href":"https:\/\/losperiodistas.com.mx\/portal\/wp-json\/wp\/v2\/comments?post=93415"}],"version-history":[{"count":1,"href":"https:\/\/losperiodistas.com.mx\/portal\/wp-json\/wp\/v2\/posts\/93415\/revisions"}],"predecessor-version":[{"id":93421,"href":"https:\/\/losperiodistas.com.mx\/portal\/wp-json\/wp\/v2\/posts\/93415\/revisions\/93421"}],"wp:featuredmedia":[{"embeddable":true,"href":"https:\/\/losperiodistas.com.mx\/portal\/wp-json\/wp\/v2\/media\/93420"}],"wp:attachment":[{"href":"https:\/\/losperiodistas.com.mx\/portal\/wp-json\/wp\/v2\/media?parent=93415"}],"wp:term":[{"taxonomy":"category","embeddable":true,"href":"https:\/\/losperiodistas.com.mx\/portal\/wp-json\/wp\/v2\/categories?post=93415"},{"taxonomy":"post_tag","embeddable":true,"href":"https:\/\/losperiodistas.com.mx\/portal\/wp-json\/wp\/v2\/tags?post=93415"}],"curies":[{"name":"wp","href":"https:\/\/api.w.org\/{rel}","templated":true}]}}