{"id":93163,"date":"2025-01-17T08:46:15","date_gmt":"2025-01-17T14:46:15","guid":{"rendered":"https:\/\/losperiodistas.com.mx\/portal\/?p=93163"},"modified":"2025-01-17T08:46:17","modified_gmt":"2025-01-17T14:46:17","slug":"centro-de-salud-mental-en-mexico-enfrenta-violencia-extrema-contra-migrantes-reuters","status":"publish","type":"post","link":"https:\/\/losperiodistas.com.mx\/portal\/centro-de-salud-mental-en-mexico-enfrenta-violencia-extrema-contra-migrantes-reuters\/","title":{"rendered":"Centro de salud mental en M\u00e9xico enfrenta violencia extrema contra migrantes\u00a0| Reuters"},"content":{"rendered":"\n<p class=\"has-medium-font-size\">Centro de atenci\u00f3n ofrece apoyo ante traumas a migrantes que enfrentan violencia extrema.<br>El aumento de la violencia est\u00e1 vinculado a la presencia de m\u00e1s mujeres y ni\u00f1os en las rutas migratorias.<br>La atenci\u00f3n a distancia tiene como objetivo continuar el tratamiento despu\u00e9s de que los migrantes se vayan<\/p>\n\n\n\n<figure class=\"wp-block-image size-full\"><img fetchpriority=\"high\" decoding=\"async\" width=\"1000\" height=\"666\" src=\"https:\/\/losperiodistas.com.mx\/portal\/wp-content\/uploads\/2025\/01\/migrante.jpg\" alt=\"\" class=\"wp-image-93164\" srcset=\"https:\/\/losperiodistas.com.mx\/portal\/wp-content\/uploads\/2025\/01\/migrante.jpg 1000w, https:\/\/losperiodistas.com.mx\/portal\/wp-content\/uploads\/2025\/01\/migrante-300x200.jpg 300w, https:\/\/losperiodistas.com.mx\/portal\/wp-content\/uploads\/2025\/01\/migrante-768x511.jpg 768w\" sizes=\"(max-width: 1000px) 100vw, 1000px\" \/><figcaption class=\"wp-element-caption\">Una mujer venezolana, que denuncia haber sido violada por un grupo de hombres tras cruzar el Tap\u00f3n del Dari\u00e9n, se cubre el rostro con flores de cempas\u00fachil mientras posa para una fotograf\u00eda en un Centro de Atenci\u00f3n Integral (CAI) de M\u00e9dicos Sin Fronteras, que ofrece evaluaci\u00f3n psicol\u00f3gica y atenci\u00f3n a migrantes | Reuters<\/figcaption><\/figure>\n\n\n\n<p class=\"has-vivid-red-color has-text-color has-link-color has-medium-font-size wp-elements-ebbcaa47c18ee9218d10f36e1dfa7c62\"><strong>Por\u00a0<a href=\"https:\/\/www.reuters.com\/authors\/cassandra-garrison\/\">Cassandra Garrison\u00a0<\/a>y\u00a0<a href=\"https:\/\/www.reuters.com\/authors\/bernat-parera\/\">Bernat Parera<\/a> \/ REUTERS<\/strong><\/p>\n\n\n\n<p>CIUDAD DE M\u00c9XICO, 17 ene (Reuters) &#8211; Despu\u00e9s de cinco d\u00edas de caminar por la selva que divide a Colombia y Panam\u00e1, la madre venezolana de unos 30 a\u00f1os cre\u00eda que su familia hab\u00eda superado la peor parte de su peligroso viaje.<\/p>\n\n\n\n<p>Hab\u00edan sido advertidos de los ladrones y hab\u00edan o\u00eddo hablar de otros migrantes que se resbalaban y ca\u00edan a lo largo de esta peligrosa ruta, algunos de los cuales no pudieron continuar y fueron abandonados a su suerte en la selva monta\u00f1osa. Su esposo y su hija peque\u00f1a estaban a su lado mientras viajaban con un grupo que caminaba hacia un grupo de botes que marcan el final del peligroso cruce del Dari\u00e9n.<\/p>\n\n\n\n<p>De repente, unos 15 hombres armados aparecieron en la selva paname\u00f1a, las rodearon y separaron a las mujeres del resto del grupo. Les ordenaron que se quitaran la ropa y luego los hombres se turnaron para violarlas, dijo.<\/p>\n\n\n\n<p>Al principio se defendi\u00f3, pero cuando la golpearon, se dio por vencida.<\/p>\n\n\n\n<p>\u00abCuando lleg\u00f3 el segundo, simplemente&#8230; (dej\u00e9 mi cuerpo). Sent\u00ed que ser\u00eda mejor disociarme\u00bb, dijo, haciendo una pausa para respirar profundamente.<\/p>\n\n\n\n<p>La madre, que pidi\u00f3 el anonimato, es una de las m\u00e1s de 700 v\u00edctimas de violencia extrema que pasan por el Centro de Atenci\u00f3n Integral (CAI) de M\u00e9dicos Sin Fronteras en Ciudad de M\u00e9xico y cuentan su historia.<\/p>\n\n\n\n<p>Uno de los pocos centros de su tipo, el centro ofrece evaluaci\u00f3n psicol\u00f3gica y atenci\u00f3n a migrantes que han sufrido actos de violencia impensables en sus pa\u00edses de origen o mientras viajaban, incluyendo violaciones, secuestros y torturas.<\/p>\n\n\n\n<p>Los m\u00e9dicos pueden encontrarse con migrantes que necesitan este apoyo en otras partes de las rutas de M\u00e9xico y trasladarlos a la capital, donde el personal se esfuerza por atender a los pacientes que necesitan tratamiento desesperadamente.<\/p>\n\n\n\n<p>\u00abEstos efectos en muchos casos son de por vida\u00bb, dijo Ram\u00f3n M\u00e1rquez, coordinador del CAI.<\/p>\n\n\n\n<p>\u201cMuchas veces estas personas no tienen un plazo de seis meses para iniciar un plan terap\u00e9utico completo. Estamos recibiendo casos en los que la persona tiene intenci\u00f3n de trasladarse muy r\u00e1pido a un punto fronterizo o ha conseguido su cita de asilo en Estados Unidos\u201d, a\u00f1adi\u00f3 M\u00e1rquez. \u201cTenemos que tratar de estabilizarlos lo m\u00e1ximo posible\u201d.<\/p>\n\n\n\n<h2 class=\"wp-block-heading\">TRATAMIENTO NECESARIO<\/h2>\n\n\n\n<p>CAI brinda atenci\u00f3n m\u00e9dica primaria para tratar las heridas f\u00edsicas de la violencia y trabaja con hospitales especializados en traumatismos, movilidad y problemas neurol\u00f3gicos. Los familiares tambi\u00e9n suelen estar incluidos en los planes de tratamiento, especialmente los ni\u00f1os que han sufrido el trauma de presenciar violencia extrema.<\/p>\n\n\n\n<p>Hay pocos datos sobre la violencia contra los inmigrantes ya que los cr\u00edmenes rara vez se denuncian, pero los m\u00e9dicos dicen que han visto un aumento en los \u00faltimos a\u00f1os de v\u00edctimas que sufren lo que describen como \u00abviolencia extrema\u00bb, incluyendo violaci\u00f3n, secuestro violento y violencia f\u00edsica brutal.<\/p>\n\n\n\n<p>El centro ayuda a los pacientes con alojamiento, comidas, documentos de inmigraci\u00f3n y mecanismos de seguridad y protecci\u00f3n, sabiendo que ser\u00e1 dif\u00edcil para ellos concentrarse en la terapia si no se satisfacen estas necesidades.<\/p>\n\n\n\n<p>El centro est\u00e1 tratando de desarrollar atenci\u00f3n remota e h\u00edbrida para permitir que los pacientes contin\u00faen el tratamiento incluso despu\u00e9s de partir para prepararse para cruzar la frontera o buscar trabajo.<\/p>\n\n\n\n<p>Algunos analistas y defensores temen que las pol\u00edticas migratorias m\u00e1s duras bajo una nueva presidencia de Trump podr\u00edan exacerbar la situaci\u00f3n, incluso si el n\u00famero total de personas que realizan el viaje disminuye.<\/p>\n\n\n\n<p>Los migrantes que pasan m\u00e1s tiempo en M\u00e9xico mientras intentan llegar a Estados Unidos est\u00e1n\u00a0<a href=\"https:\/\/www.reuters.com\/world\/americas\/scared-stay-mexico-afraid-trumps-policies-some-migrants-look-return-home-2024-12-03\/\">expuestos a la violencia<\/a>\u00a0en partes del pa\u00eds dominadas por el crimen organizado.<\/p>\n\n\n\n<p>Un hombre trans de Venezuela que recibe tratamiento psicol\u00f3gico en el CAI a\u00fan tiene dolor en la pierna por haber pasado dos d\u00edas atado de pies y manos en una obra en construcci\u00f3n en la ciudad de Monterrey, al norte del pa\u00eds. Despu\u00e9s de responder a un anuncio en internet sobre trabajo en un restaurante, fue secuestrado por personas con las que cre\u00eda encontrarse para el trabajo.<\/p>\n\n\n\n<p>\u201cUn hombre muy tranquilo me dijo: \u2018Mira, no te vamos a dejar por muerto\u2026 Solo nos vamos a llevar unas cosas\u2019. Lo que yo pens\u00e9 es que me iban a quitar mis \u00f3rganos\u201d, relat\u00f3, pidiendo el anonimato por temor a represalias. Logr\u00f3 escapar y corri\u00f3 hasta encontrar un taxi.<\/p>\n\n\n\n<p>\u00abMi intenci\u00f3n era trabajar, no que me mataran\u00bb, dijo.<\/p>\n\n\n\n<h2 class=\"wp-block-heading\">SENTIRSE &#8216;IMPOTENIBLE&#8217;<\/h2>\n\n\n\n<p>La coalici\u00f3n mexicana de grupos de derechos humanos REDODEM dijo que la intensidad de la violencia contra los migrantes ha empeorado en los \u00faltimos a\u00f1os.<\/p>\n\n\n\n<p>\u201cEste tipo de situaciones de violencia nos tienen bastante preocupados porque se han incrementado mucho\u201d, dijo Sara L\u00f3pez, jefa de datos de REDODEM. \u201cMuchas personas est\u00e1n entrando (a los albergues) con signos visibles de violencia en sus cuerpos, particularmente en las caras, brazos, cuellos. Es muy impactante\u201d.<\/p>\n\n\n\n<p>El aumento de casos est\u00e1 relacionado con la presencia de m\u00e1s mujeres y ni\u00f1os a lo largo de las rutas migratorias, ya que a menudo son m\u00e1s vulnerables a la violencia extrema, especialmente si viajan solos, seg\u00fan M\u00e1rquez.<\/p>\n\n\n\n<p>Los datos de Aduanas y Protecci\u00f3n Fronteriza de Estados Unidos\u00a0<a href=\"https:\/\/www.cbp.gov\/newsroom\/stats\/southwest-land-border-encounters-by-component\" target=\"_blank\" rel=\"noreferrer noopener\">muestran que, <\/a>que los encuentros con migrantes que viajan dentro de una unidad familiar en la frontera sur en el a\u00f1o fiscal 2024 aumentaron un 73% en comparaci\u00f3n con el a\u00f1o anterior.<\/p>\n\n\n\n<p>\u201cEsto nos pone en una situaci\u00f3n nueva y compleja donde muchas veces la propia madre es la paciente, pero al mismo tiempo es la cuidadora y es quien debe proveer alimento, recursos econ\u00f3micos y un espacio seguro\u201d, dijo M\u00e1rquez.<\/p>\n\n\n\n<p>La madre venezolana que sufri\u00f3 violencia sexual en el Tap\u00f3n del Dari\u00e9n a\u00fan intenta controlar sus ataques de p\u00e1nico.<\/p>\n\n\n\n<p>\u00abDurante mucho tiempo intent\u00e9 convencerme de que esto no me estaba pasando a m\u00ed\u00bb, dijo.Dijo que no sabe si alguna vez podr\u00e1 tener una conversaci\u00f3n con su esposo sobre el incidente, a pesar de que ambos saben lo que sucedi\u00f3 ese d\u00eda. \u00abS\u00e9 que se sinti\u00f3 impotente\u00bb.<\/p>\n\n\n\n<p>Informaci\u00f3n de Cassandra Garrison y Bernat Parera;<\/p>\n\n\n\n<p>Fuente: <a href=\"https:\/\/www.reuters.com\/world\/americas\/mexico-mental-health-center-grapples-with-extreme-violence-against-migrants-2025-01-17\/\">https:\/\/www.reuters.com\/world\/americas\/mexico-mental-health-center-grapples-with-extreme-violence-against-migrants-2025-01-17\/<\/a><\/p>\n","protected":false},"excerpt":{"rendered":"<p>Centro de atenci\u00f3n ofrece apoyo ante traumas a migrantes que enfrentan violencia extrema.El aumento de la violencia est\u00e1 vinculado a [&hellip;]<\/p>\n","protected":false},"author":1,"featured_media":93164,"comment_status":"open","ping_status":"open","sticky":false,"template":"","format":"standard","meta":{"site-sidebar-layout":"default","site-content-layout":"","ast-site-content-layout":"default","site-content-style":"default","site-sidebar-style":"default","ast-global-header-display":"","ast-banner-title-visibility":"","ast-main-header-display":"","ast-hfb-above-header-display":"","ast-hfb-below-header-display":"","ast-hfb-mobile-header-display":"","site-post-title":"","ast-breadcrumbs-content":"","ast-featured-img":"","footer-sml-layout":"","theme-transparent-header-meta":"","adv-header-id-meta":"","stick-header-meta":"","header-above-stick-meta":"","header-main-stick-meta":"","header-below-stick-meta":"","astra-migrate-meta-layouts":"default","ast-page-background-enabled":"default","ast-page-background-meta":{"desktop":{"background-color":"var(--ast-global-color-4)","background-image":"","background-repeat":"repeat","background-position":"center center","background-size":"auto","background-attachment":"scroll","background-type":"","background-media":"","overlay-type":"","overlay-color":"","overlay-opacity":"","overlay-gradient":""},"tablet":{"background-color":"","background-image":"","background-repeat":"repeat","background-position":"center center","background-size":"auto","background-attachment":"scroll","background-type":"","background-media":"","overlay-type":"","overlay-color":"","overlay-opacity":"","overlay-gradient":""},"mobile":{"background-color":"","background-image":"","background-repeat":"repeat","background-position":"center center","background-size":"auto","background-attachment":"scroll","background-type":"","background-media":"","overlay-type":"","overlay-color":"","overlay-opacity":"","overlay-gradient":""}},"ast-content-background-meta":{"desktop":{"background-color":"var(--ast-global-color-5)","background-image":"","background-repeat":"repeat","background-position":"center center","background-size":"auto","background-attachment":"scroll","background-type":"","background-media":"","overlay-type":"","overlay-color":"","overlay-opacity":"","overlay-gradient":""},"tablet":{"background-color":"var(--ast-global-color-5)","background-image":"","background-repeat":"repeat","background-position":"center center","background-size":"auto","background-attachment":"scroll","background-type":"","background-media":"","overlay-type":"","overlay-color":"","overlay-opacity":"","overlay-gradient":""},"mobile":{"background-color":"var(--ast-global-color-5)","background-image":"","background-repeat":"repeat","background-position":"center center","background-size":"auto","background-attachment":"scroll","background-type":"","background-media":"","overlay-type":"","overlay-color":"","overlay-opacity":"","overlay-gradient":""}},"footnotes":""},"categories":[8],"tags":[34955,34954,34956,34957,34958],"class_list":["post-93163","post","type-post","status-publish","format-standard","has-post-thumbnail","hentry","category-noticias","tag-cai","tag-centro-de-atencion-integral","tag-darien","tag-medico-sin-fronteras","tag-violencia-a-migrantes"],"_links":{"self":[{"href":"https:\/\/losperiodistas.com.mx\/portal\/wp-json\/wp\/v2\/posts\/93163","targetHints":{"allow":["GET"]}}],"collection":[{"href":"https:\/\/losperiodistas.com.mx\/portal\/wp-json\/wp\/v2\/posts"}],"about":[{"href":"https:\/\/losperiodistas.com.mx\/portal\/wp-json\/wp\/v2\/types\/post"}],"author":[{"embeddable":true,"href":"https:\/\/losperiodistas.com.mx\/portal\/wp-json\/wp\/v2\/users\/1"}],"replies":[{"embeddable":true,"href":"https:\/\/losperiodistas.com.mx\/portal\/wp-json\/wp\/v2\/comments?post=93163"}],"version-history":[{"count":1,"href":"https:\/\/losperiodistas.com.mx\/portal\/wp-json\/wp\/v2\/posts\/93163\/revisions"}],"predecessor-version":[{"id":93165,"href":"https:\/\/losperiodistas.com.mx\/portal\/wp-json\/wp\/v2\/posts\/93163\/revisions\/93165"}],"wp:featuredmedia":[{"embeddable":true,"href":"https:\/\/losperiodistas.com.mx\/portal\/wp-json\/wp\/v2\/media\/93164"}],"wp:attachment":[{"href":"https:\/\/losperiodistas.com.mx\/portal\/wp-json\/wp\/v2\/media?parent=93163"}],"wp:term":[{"taxonomy":"category","embeddable":true,"href":"https:\/\/losperiodistas.com.mx\/portal\/wp-json\/wp\/v2\/categories?post=93163"},{"taxonomy":"post_tag","embeddable":true,"href":"https:\/\/losperiodistas.com.mx\/portal\/wp-json\/wp\/v2\/tags?post=93163"}],"curies":[{"name":"wp","href":"https:\/\/api.w.org\/{rel}","templated":true}]}}