{"id":93160,"date":"2025-01-17T08:16:17","date_gmt":"2025-01-17T14:16:17","guid":{"rendered":"https:\/\/losperiodistas.com.mx\/portal\/?p=93160"},"modified":"2025-01-17T08:16:19","modified_gmt":"2025-01-17T14:16:19","slug":"trump-dispuesto-a-eludir-al-congreso-en-cuestiones-de-frontera-y-aranceles-wsj","status":"publish","type":"post","link":"https:\/\/losperiodistas.com.mx\/portal\/trump-dispuesto-a-eludir-al-congreso-en-cuestiones-de-frontera-y-aranceles-wsj\/","title":{"rendered":"Trump dispuesto a eludir al Congreso en cuestiones de frontera y aranceles | WSJ"},"content":{"rendered":"\n<h2 class=\"wp-block-heading\">Envalentonada por el apoyo de los votantes y las victorias legales anteriores, la nueva administraci\u00f3n pretende actuar con agresividad y ampliar los l\u00edmites de la autoridad presidencial, al tiempo que suaviza cierta ret\u00f3rica de campa\u00f1a<\/h2>\n\n\n\n<figure class=\"wp-block-image size-large\"><img fetchpriority=\"high\" decoding=\"async\" width=\"1024\" height=\"512\" src=\"https:\/\/losperiodistas.com.mx\/portal\/wp-content\/uploads\/2025\/01\/descarga-1024x512.avif\" alt=\"\" class=\"wp-image-93161\" srcset=\"https:\/\/losperiodistas.com.mx\/portal\/wp-content\/uploads\/2025\/01\/descarga-1024x512.avif 1024w, https:\/\/losperiodistas.com.mx\/portal\/wp-content\/uploads\/2025\/01\/descarga-300x150.avif 300w, https:\/\/losperiodistas.com.mx\/portal\/wp-content\/uploads\/2025\/01\/descarga-768x384.avif 768w, https:\/\/losperiodistas.com.mx\/portal\/wp-content\/uploads\/2025\/01\/descarga-1536x768.avif 1536w, https:\/\/losperiodistas.com.mx\/portal\/wp-content\/uploads\/2025\/01\/descarga-2048x1024.avif 2048w\" sizes=\"(max-width: 1024px) 100vw, 1024px\" \/><figcaption class=\"wp-element-caption\">El presidente electo Donald Trump se reuni\u00f3 con senadores republicanos este mes.\u00a0<br>AL DRAGO\/BLOOMBERG NEWS<\/figcaption><\/figure>\n\n\n\n<p><\/p>\n\n\n\n<p class=\"has-vivid-red-color has-text-color has-link-color has-medium-font-size wp-elements-6692690e2d61d6f92bc32d13e5353f92\"><strong>Por <a href=\"https:\/\/www.wsj.com\/news\/author\/tarini-parti\">Partido Tarini<\/a> \/ <a href=\"https:\/\/www.wsj.com\/news\/author\/brian-schwartz\">Brian Schwartz<\/a> \/ Gavin Bade \/ The Wall Street Journal<\/strong><\/p>\n\n\n\n<p><\/p>\n\n\n\n<p>WASHINGTON\u2014D\u00edas antes de su toma de posesi\u00f3n, el presidente electo&nbsp;<a href=\"https:\/\/www.wsj.com\/topics\/person\/donald-trump\">Donald Trump<\/a>&nbsp;dej\u00f3 en claro en una reuni\u00f3n privada de dos horas con los republicanos del Senado que no los esperar\u00eda para comenzar a implementar sus mayores prioridades pol\u00edticas:&nbsp;<a href=\"https:\/\/www.wsj.com\/politics\/policy\/the-five-biggest-roadblocks-to-trumps-immigration-agenda-5bf75c43?mod=article_inline\" target=\"_blank\" rel=\"noreferrer noopener\">revisar el sistema de inmigraci\u00f3n<\/a>&nbsp;y reformular dr\u00e1sticamente&nbsp;<a href=\"https:\/\/www.wsj.com\/economy\/trade\/trump-tariff-rates-china-world-trade-charts-3d6aee09?mod=article_inline\" target=\"_blank\" rel=\"noreferrer noopener\">la relaci\u00f3n del pa\u00eds con sus aliados y adversarios econ\u00f3micos<\/a>&nbsp;.<\/p>\n\n\n\n<p>Con la experiencia de gobernar y un mejor conocimiento de las palancas del poder, Trump ha elaborado&nbsp;<a href=\"https:\/\/www.wsj.com\/economy\/trade\/what-trumps-new-tariff-threats-mean-for-the-u-s-economy-f0e4e69a?mod=article_inline\" target=\"_blank\" rel=\"noreferrer noopener\">planes expansivos sobre aranceles<\/a>&nbsp;y restricciones fronterizas, las piezas centrales de su campa\u00f1a de 2024. Ya ha preparado alrededor de 100 \u00f3rdenes ejecutivas, dijo Trump a los legisladores en la reuni\u00f3n, y dijo que en ocasiones presionar\u00eda los l\u00edmites de su autoridad presidencial para actuar solo en esos temas, seg\u00fan las personas que asistieron.<\/p>\n\n\n\n<p>El \u00e9nfasis de Trump en las reformas migratorias y comerciales \u2014las estrellas del norte de su visi\u00f3n del mundo de \u201cEstados Unidos primero\u201d\u2014 lo catapult\u00f3 a la presidencia en 2016 e impuls\u00f3 su hist\u00f3rico regreso a la Casa Blanca en las \u00faltimas elecciones. Sostuvo su ferviente base de seguidores durante los \u00faltimos cuatro a\u00f1os despu\u00e9s de que fuera derrotado por el presidente Biden en 2020 y amonestado por muchos en su partido por su papel en el ataque del 6 de enero de 2021 al Capitolio de Estados Unidos.&nbsp;&nbsp;<\/p>\n\n\n\n<p>Ahora, al regresar al poder, Trump apuesta a que puede impulsar su agenda nacionalista de comercio e inmigraci\u00f3n hasta convertirla en una pol\u00edtica que consolide su legado, impulsada por un mandato electoral m\u00e1s decisivo que el que tuvo la \u00faltima vez. En su primer gobierno, Trump, que era nuevo en pol\u00edtica y en el gobierno, enfrent\u00f3 resistencia del ala del establishment del Partido Republicano dentro y fuera de la Casa Blanca. Sus propios asesores lograron bloquear algunas de sus propuestas, y el presidente fue m\u00e1s cauteloso en cuanto a los riesgos legales.&nbsp;<\/p>\n\n\n\n<p>Trump ha presentado los aranceles (y los ingresos que espera que generen) como la soluci\u00f3n a una serie de problemas, entre ellos la creaci\u00f3n de m\u00e1s empleos en el sector manufacturero, la reducci\u00f3n de la deuda nacional, la subvenci\u00f3n del cuidado infantil e incluso el fin de las guerras. Trump public\u00f3 el martes en Truth Social que crear\u00e1 un \u201cservicio de ingresos externos\u201d que recaudar\u00e1 \u201caranceles, obligaciones y todos los ingresos que provengan de fuentes extranjeras\u201d. Esas tareas est\u00e1n actualmente a cargo de la Oficina de Aduanas y Protecci\u00f3n Fronteriza de Estados Unidos. Trump no ha explicado c\u00f3mo un servicio de ingresos externos har\u00eda las cosas de manera diferente.<\/p>\n\n\n\n<p>Al mismo tiempo,&nbsp;<a href=\"https:\/\/www.wsj.com\/politics\/policy\/trump-amps-up-rhetoric-to-keep-immigration-at-center-of-election-37ce53da?mod=article_inline\" target=\"_blank\" rel=\"noreferrer noopener\">culpa, no siempre con precisi\u00f3n<\/a>&nbsp;, a una frontera sur a menudo porosa como la causa de los problemas m\u00e1s insolubles del pa\u00eds, desde los altos precios de la vivienda hasta los ataques terroristas. M\u00e1s recientemente, Trump atribuy\u00f3 el ataque de Nueva Orleans a las pol\u00edticas de inmigraci\u00f3n del presidente Biden, a pesar de que el atacante era un&nbsp;<a href=\"https:\/\/www.wsj.com\/us-news\/the-descent-of-an-army-vet-turned-corporate-consultant-named-in-the-new-years-attack-66aa1e67?mod=article_inline\" target=\"_blank\" rel=\"noreferrer noopener\">ciudadano estadounidense nacido en Texas<\/a>&nbsp;.<\/p>\n\n\n\n<figure class=\"wp-block-image\"><img decoding=\"async\" src=\"https:\/\/images.wsj.net\/im-85663153?width=1260&amp;height=630\" alt=\"Contenedores en el puerto de Los \u00c1ngeles en 2022.\"\/><\/figure>\n\n\n\n<p>Contenedores en el puerto de Los \u00c1ngeles en 2022.&nbsp;Foto:&nbsp;etienne laurent\/EPA\/Shutterstock<\/p>\n\n\n\n<figure class=\"wp-block-image\"><img decoding=\"async\" src=\"https:\/\/images.wsj.net\/im-41376963?width=1260&amp;height=630\" alt=\"Los migrantes fueron detenidos por agentes de Aduanas y Protecci\u00f3n Fronteriza de Estados Unidos en Ruby, Arizona, este mes.  \"\/><\/figure>\n\n\n\n<p>Los agentes de Aduanas y Protecci\u00f3n Fronteriza de Estados Unidos detuvieron a migrantes en Ruby, Arizona, este mes.&nbsp;Foto:&nbsp;Brandon Bell\/Getty Images<\/p>\n\n\n\n<p>Hay poca superposici\u00f3n de pol\u00edticas entre c\u00f3mo se implementan las pol\u00edticas de inmigraci\u00f3n y las pol\u00edticas comerciales, pero en algunos casos Trump planea usarlas conjuntamente: por ejemplo, sus amenazas de aranceles a productos de China, M\u00e9xico y Canad\u00e1 son en parte para obligarlos a manejar los problemas en la frontera.<\/p>\n\n\n\n<p>El poder ejecutivo tiene una amplia autoridad en materia de control de la inmigraci\u00f3n, y con el tiempo el Congreso ha delegado m\u00e1s autoridad en materia de aranceles al presidente. Eso le da a Trump mucho margen para doblegar a sus enemigos y aliados globales por igual. Aun as\u00ed, las divisiones dentro de su c\u00edrculo \u00edntimo de asesores podr\u00edan obstaculizar sus propuestas m\u00e1s ambiciosas.<\/p>\n\n\n\n<p>\u201cMi objetivo no es imponer impuestos a la gente, mi objetivo es cambiar su comportamiento\u201d, dijo al grupo de senadores republicanos el 8 de enero cuando discutieron el uso de aranceles, seg\u00fan el senador&nbsp;Kevin Cramer&nbsp;(R., ND), quien estuvo presente.&nbsp;&nbsp;<\/p>\n\n\n\n<p>Entre sus primeras medidas, el presidente electo probablemente ponga fin a los programas legales destinados a los migrantes que solicitan asilo y que, de otro modo, habr\u00edan ingresado ilegalmente al pa\u00eds. Tambi\u00e9n se espera que revoque las protecciones contra la deportaci\u00f3n humanitaria, creadas por la administraci\u00f3n Biden, cuando expiren para posiblemente millones de migrantes, incluidos los de Hait\u00ed, Sud\u00e1n y otros pa\u00edses en crisis.&nbsp;<\/p>\n\n\n\n<p>Tambi\u00e9n est\u00e1 planeando desechar un memorando de pol\u00edtica que ordenaba a los funcionarios de Inmigraci\u00f3n y Control de Aduanas centrarse en arrestar a criminales graves y los disuad\u00eda de perseguir a inmigrantes que han vivido en Estados Unidos ilegalmente durante mucho tiempo y sin antecedentes penales.<\/p>\n\n\n\n<p>El presidente electo quiere avanzar r\u00e1pidamente en otras medidas relacionadas con la inmigraci\u00f3n y el comercio y no quiere contenerse por cuestiones legales, seg\u00fan personas familiarizadas con su forma de pensar. Trump cree que lo convencieron equivocadamente de no aceptar algunas propuestas durante su primer mandato y no quiere volver a cometer ese error, dijeron esas personas.<\/p>\n\n\n\n<p>Una portavoz de la transici\u00f3n de Trump no respondi\u00f3 a una solicitud de comentarios.<\/p>\n\n\n\n<h3 class=\"wp-block-heading\">Mandato en la frontera<\/h3>\n\n\n\n<p>Trump cree que cuenta con m\u00e1s apoyo p\u00fablico a sus planes de inmigraci\u00f3n que en su primer mandato, seg\u00fan personas cercanas a \u00e9l. Las encuestas previas a las elecciones mostraron que una abrumadora mayor\u00eda de votantes se opon\u00eda a la gesti\u00f3n de la frontera por parte de Biden.<\/p>\n\n\n\n<p>Los asesores de Trump, que han tenido experiencia en su primera administraci\u00f3n, a menudo tumultuosa, est\u00e1n desarrollando propuestas complejas para convertir en realidad sus promesas de campa\u00f1a. Sus colaboradores han propuesto, en ocasiones, leyes y procedimientos poco utilizados, como federalizar la Guardia Nacional, que suele estar bajo control estatal, y enviar tropas a la frontera, seg\u00fan una persona familiarizada con el asunto.&nbsp;<\/p>\n\n\n\n<p>El gobierno no ha federalizado a la Guardia desde 1992, cuando la utiliz\u00f3 para ayudar a sofocar disturbios en Los \u00c1ngeles despu\u00e9s de que un jurado absolviera a los oficiales de polic\u00eda en la paliza a Rodney King.<\/p>\n\n\n\n<p>El equipo de Trump sabe que las tropas de la Guardia Nacional no pueden ser utilizadas para realizar arrestos por inmigraci\u00f3n dentro del pa\u00eds, pero esperan que Trump pueda desplegar personal adicional en la frontera sur para ayudar con otras tareas, como el transporte y las tareas administrativas, dijo&nbsp;<a href=\"https:\/\/www.wsj.com\/politics\/elections\/tom-homan-trump-border-czar-ce7108e2?mod=article_inline\" target=\"_blank\" rel=\"noreferrer noopener\">el zar fronterizo de Trump, Tom Homan<\/a>&nbsp;. Si bien algunos estados ya han desplegado contingentes de la Guardia Nacional en la frontera, la administraci\u00f3n est\u00e1 planeando un despliegue federal mucho m\u00e1s grande que llevar\u00eda a cabo m\u00e1s operaciones.&nbsp;<\/p>\n\n\n\n<p>\u201cLo que creo que veremos ser\u00e1 muy diferente a lo que hicimos durante el primer mandato, y es que habr\u00e1 una voluntad de ser m\u00e1s agresivos\u201d, dijo Ken Cuccinelli, miembro del Center for Renewing America, un centro de estudios pro-Trump, que anteriormente se desempe\u00f1\u00f3 como subsecretario de Seguridad Nacional. \u201cY por agresivos, me refiero a poner tropas en la frontera, perseguir a los c\u00e1rteles, usar m\u00e1s herramientas disponibles\u201d.<\/p>\n\n\n\n<p>Trump, que durante la campa\u00f1a prometi\u00f3 la mayor campa\u00f1a de deportaciones de la historia de Estados Unidos, puede lanzar deportaciones sin ayuda del Congreso gracias al poder ejecutivo del Departamento de Seguridad Nacional, pero el alcance de sus esfuerzos depender\u00e1 de la cantidad de fondos que pueda conseguir.&nbsp;<\/p>\n\n\n\n<p>En las \u00faltimas semanas, Trump y Homan han dejado de hablar de deportaciones generalizadas y se han centrado en priorizar la deportaci\u00f3n de los migrantes que cruzaron la frontera ilegalmente y tienen antecedentes penales, as\u00ed como de aquellos que ya tienen \u00f3rdenes de deportaci\u00f3n dictadas por un juez. Si bien el plan es m\u00e1s limitado que el lenguaje de la campa\u00f1a de Trump, dicen, sigue siendo m\u00e1s amplio que la orientaci\u00f3n pol\u00edtica de la administraci\u00f3n Biden.&nbsp;&nbsp;<\/p>\n\n\n\n<p>El cambio de ret\u00f3rica&nbsp;<a href=\"https:\/\/www.wsj.com\/politics\/policy\/trump-immigration-deportation-promises-worried-allies-6b78418d?mod=article_inline\" target=\"_blank\" rel=\"noreferrer noopener\">ya ha enojado a algunos de los aliados del presidente<\/a>&nbsp;, quienes est\u00e1n instando a la pr\u00f3xima administraci\u00f3n a no limitar el plan.<\/p>\n\n\n\n<figure class=\"wp-block-image\"><img decoding=\"async\" src=\"https:\/\/images.wsj.net\/im-40269175?width=1260&amp;height=630\" alt=\"Trump con Tom Homan, quien ser\u00e1 su zar fronterizo en la nueva administraci\u00f3n, cuando dirigi\u00f3 el Servicio de Inmigraci\u00f3n y Control de Aduanas en 2018.\"\/><\/figure>\n\n\n\n<p>Trump con Tom Homan, quien ser\u00e1 su zar fronterizo en la nueva administraci\u00f3n, cuando dirig\u00eda el Servicio de Inmigraci\u00f3n y Control de Aduanas en 2018.&nbsp;Foto:&nbsp;leah millis\/Reuters<\/p>\n\n\n\n<figure class=\"wp-block-image\"><img decoding=\"async\" src=\"https:\/\/images.wsj.net\/im-18170632?width=1260&amp;height=630\" alt=\"Migrantes en El Paso, Texas, en 2023.\"\/><\/figure>\n\n\n\n<p>Migrantes en El Paso, Texas, en 2023.&nbsp;Foto:&nbsp;Jos\u00e9 Luis Gonz\u00e1lez\/Reuters<\/p>\n\n\n\n<p>Para desbloquear fondos y activos adicionales del Pent\u00e1gono para la frontera, se espera que Trump use la Ley de Emergencias Nacionales, aprobada en la d\u00e9cada de 1970. Trump tambi\u00e9n la us\u00f3 en su primera administraci\u00f3n para eludir al Congreso&nbsp;<a href=\"https:\/\/www.wsj.com\/articles\/trump-set-to-declare-national-emergency-at-border-sign-legislation-to-fund-government-11550241799?mod=article_inline\" target=\"_blank\" rel=\"noreferrer noopener\">y obtener fondos para barreras fronterizas adicionales<\/a>&nbsp;.<\/p>\n\n\n\n<p>Si bien los presidentes anteriores firmaron docenas de declaraciones de emergencia, incluidas aquellas relacionadas con los ataques terroristas y las sanciones del 11 de septiembre de 2001, ninguno utiliz\u00f3 la ley para iniciativas que el Congreso se neg\u00f3 a financiar.&nbsp;&nbsp;<\/p>\n\n\n\n<p>Trump regresar\u00e1 a Washington envalentonado por las victorias legales que logr\u00f3 durante su primer mandato, como la prohibici\u00f3n de viajar a Estados Unidos que imped\u00eda el ingreso de ciudadanos de varios pa\u00edses de mayor\u00eda musulmana, que finalmente fue confirmada por la Corte Suprema. Cuando Trump dej\u00f3 el cargo, la prohibici\u00f3n inclu\u00eda a una docena de pa\u00edses, entre ellos Nigeria, Kirguist\u00e1n e Ir\u00e1n, aunque Biden la elimin\u00f3 cuando asumi\u00f3 el cargo. Trump ha se\u00f1alado que restablecer\u00e1 la prohibici\u00f3n, y la nueva versi\u00f3n podr\u00eda incluir incluso a m\u00e1s pa\u00edses. Los asesores de Trump han estado debatiendo qu\u00e9 pa\u00edses incluir, seg\u00fan un funcionario de transici\u00f3n y otras personas familiarizadas con el plan.&nbsp;&nbsp;<\/p>\n\n\n\n<p>Durante su primer mandato, Trump propuso p\u00fablicamente varias veces restringir la ciudadan\u00eda autom\u00e1tica para cualquier persona nacida en Estados Unidos (un derecho descrito en la 14\u00aa Enmienda), pero sus asesores lo disuadieron, seg\u00fan personas familiarizadas con el asunto.<\/p>\n\n\n\n<p>Esta vez, el equipo de Trump planea seguir adelante, ansioso por presentar una demanda legal y lograr que los tribunales resuelvan el asunto. Los asesores de Trump planean argumentar que la ciudadan\u00eda por derecho de nacimiento es una interpretaci\u00f3n err\u00f3nea de la Enmienda 14. Muchos acad\u00e9micos constitucionales y grupos de derechos civiles han dicho que un cambio en la ciudadan\u00eda por derecho de nacimiento no se puede hacer mediante una acci\u00f3n ejecutiva y requerir\u00eda enmendar la Constituci\u00f3n, un proceso poco com\u00fan y dif\u00edcil.&nbsp;<\/p>\n\n\n\n<p>Tambi\u00e9n podr\u00eda enfrentar un escrutinio legal si sigue adelante con un plan para firmar una orden que restablezca el T\u00edtulo 42, una orden de emergencia de salud p\u00fablica que forma parte de una ley de 1944. Trump utiliz\u00f3 el T\u00edtulo 42 durante la pandemia para expulsar r\u00e1pidamente a los migrantes en la frontera sur sin darles la oportunidad de pedir asilo,&nbsp;<a href=\"https:\/\/www.wsj.com\/us-news\/asylum-claims-driving-migrant-crisis-ebdffcb6?mod=article_inline\" target=\"_blank\" rel=\"noreferrer noopener\">un factor clave que impulsa la crisis migratoria mundial<\/a>&nbsp;, con el argumento de que podr\u00edan traer Covid-19 a los EE. UU. Biden mantuvo la pol\u00edtica durante gran parte de su mandato. No est\u00e1 claro qu\u00e9 enfermedad infecciosa citar\u00eda esta administraci\u00f3n Trump para justificar un nuevo uso del T\u00edtulo 42.&nbsp;<\/p>\n\n\n\n<h3 class=\"wp-block-heading\">Bombardeo arancelario<\/h3>\n\n\n\n<p>Trump ha presentado durante mucho tiempo los aranceles como una panacea para una serie de problemas econ\u00f3micos, argumentando que pueden ayudar a reconstruir la industria manufacturera nacional y aumentar los ingresos de los trabajadores estadounidenses al encarecer los bienes extranjeros, al tiempo que se vengan de los socios comerciales que, seg\u00fan Trump, han \u00abenga\u00f1ado\u00bb a Estados Unidos durante d\u00e9cadas.&nbsp;<\/p>\n\n\n\n<p>El ex estratega jefe de la Casa Blanca de Trump,&nbsp;Steve Bannon&nbsp;, y el autor pro aranceles John Gardner desarrollaron la idea del \u201cservicio de ingresos externos\u201d y luego se la presentaron a uno de los asesores de Trump, seg\u00fan una persona familiarizada con el asunto.&nbsp;<\/p>\n\n\n\n<p>Trump tambi\u00e9n ha hablado en privado con Bannon sobre aranceles, y su asesor anterior ha instado firmemente al presidente electo a centrarse en activar alguna forma de aranceles generalizados sobre China y otros pa\u00edses, seg\u00fan otra persona familiarizada con el asunto.<\/p>\n\n\n\n<p>Los asesores de Trump, que tienen opiniones diferentes sobre la eficacia y el uso adecuado de los aranceles, han estado estudiando formas de acercarse a la promesa de campa\u00f1a de Trump de aplicar grav\u00e1menes universales y generalizados.<\/p>\n\n\n\n<p>Es probable que el presidente electo combine una variedad de medidas arancelarias para afectar a distintos pa\u00edses y productos. El impacto general y si se permitir\u00e1 a las empresas solicitar exenciones probablemente revelar\u00e1n si los proteccionistas o los asesores econ\u00f3micos m\u00e1s tradicionales del Partido Republicano tienen la sart\u00e9n por el mango en los primeros d\u00edas de su administraci\u00f3n.&nbsp;<\/p>\n\n\n\n<p><a href=\"https:\/\/www.wsj.com\/politics\/policy\/scott-bessent-trump-treasury-confirmation-hearing-e3a230b5?mod=article_inline\" target=\"_blank\" rel=\"noreferrer noopener\">El candidato a secretario del Tesoro, Scott Bessent, insinu\u00f3 el jueves<\/a>&nbsp;ese enfoque multifac\u00e9tico durante su audiencia de confirmaci\u00f3n en el Senado, al decir que bajo el gobierno de Trump, los aranceles se utilizar\u00edan con tres prop\u00f3sitos. Uno ser\u00eda abordar pr\u00e1cticas comerciales desleales, como los aranceles a China durante su primer mandato. Otro objetivo ser\u00eda aumentar los ingresos para el presupuesto federal, en particular con aranceles generalizados. Y un tercer uso ser\u00eda presionar a los pa\u00edses para que se atengan a las demandas de Trump, como las recientes amenazas arancelarias aplicadas a Canad\u00e1 y M\u00e9xico para abordar problemas en sus fronteras con Estados Unidos.&nbsp;<\/p>\n\n\n\n<p>Los miembros fuertemente proteccionistas de la administraci\u00f3n, como el subdirector de gabinete para pol\u00edticas,&nbsp;Stephen Miller&nbsp;, han abogado por un enfoque m\u00e1s agresivo y universal, que aplicar\u00eda aranceles a pr\u00e1cticamente todas las importaciones.<\/p>\n\n\n\n<p>Para lograrlo, Trump podr\u00eda potencialmente utilizar la Ley de Poderes Econ\u00f3micos de Emergencia Internacional, una ley de aproximadamente 50 a\u00f1os de antig\u00fcedad que le da al presidente amplia autoridad para imponer aranceles y sanciones econ\u00f3micas si declara una emergencia econ\u00f3mica, seg\u00fan personas con conocimiento de la planificaci\u00f3n.<\/p>\n\n\n\n<p>Los asesores econ\u00f3micos m\u00e1s tradicionales, como Bessent y&nbsp;Kevin Hassett&nbsp;, director del Consejo Econ\u00f3mico Nacional, est\u00e1n abogando a puertas cerradas por un enfoque m\u00e1s espec\u00edfico, ya sea eximiendo a ciertos sectores o aplicando aranceles gradualmente a lo largo del tiempo, seg\u00fan las personas. Esos asesores sostienen que el enfoque generalizado corre el riesgo de impulsar la inflaci\u00f3n y har\u00e1 poco por trasladar la fabricaci\u00f3n a Estados Unidos. Muchos bienes de consumo de menor costo probablemente seguir\u00edan siendo prohibitivamente caros de producir en el pa\u00eds.<\/p>\n\n\n\n<p><\/p>\n\n\n\n<figure class=\"wp-block-image\"><img decoding=\"async\" src=\"https:\/\/images.wsj.net\/im-42726913?width=1260&amp;height=630\" alt=\"Trump con Howard Lutnick, su elecci\u00f3n para secretario de Comercio, en diciembre.\"\/><\/figure>\n\n\n\n<p>Trump con Howard Lutnick, su candidato para secretario de Comercio, en diciembre.&nbsp;Foto:&nbsp;Andrew Harnik\/Getty Images<\/p>\n\n\n\n<figure class=\"wp-block-image\"><img decoding=\"async\" src=\"https:\/\/images.wsj.net\/im-29124479?width=1260&amp;height=630\" alt=\"Los trabajadores instalaron paneles solares en techos de Florida en 2018.\"\/><\/figure>\n\n\n\n<p>Los trabajadores instalaron paneles solares en los tejados de Florida en 2018.&nbsp;Foto:&nbsp;Joe Raedle\/Getty Images<\/p>\n\n\n\n<p>\u201cEs una lucha interna sobre el tama\u00f1o de los aranceles\u201d, dijo&nbsp;Stephen Moore&nbsp;, un veterano asesor externo de Trump. \u201cCreo que habr\u00e1 voces contrapuestas en materia de comercio, pero Trump ha dejado muy claro que quiere imponer aranceles, y la \u00fanica pregunta es si ser\u00e1n universales y generalizados o selectivos\u201d.<\/p>\n\n\n\n<p>Howard Lutnick, elegido por Trump para secretario de Comercio y que tambi\u00e9n servir\u00e1 como asesor clave en materia de comercio y aranceles, dijo durante la&nbsp;<a href=\"https:\/\/www.youtube.com\/watch?v=JpculCURb5Q\" target=\"_blank\" rel=\"noreferrer noopener\">campa\u00f1a<\/a>&nbsp;que ve\u00eda la implementaci\u00f3n de aranceles como una herramienta de negociaci\u00f3n y predijo que muchos de los grav\u00e1menes eventualmente desaparecer\u00e1n si tales acuerdos comerciales se completan con \u00e9xito.<\/p>\n\n\n\n<p>A pesar de su experiencia en Wall Street, Lutnick emergi\u00f3 recientemente como un halc\u00f3n comercial dentro de la naciente administraci\u00f3n, trabajando con el candidato a Representante Comercial de Estados Unidos, Jamieson Greer, para dise\u00f1ar opciones arancelarias para el presidente electo, seg\u00fan personas con conocimiento de las discusiones.&nbsp;<\/p>\n\n\n\n<p>Cramer, el senador de Dakota del Norte, dijo que Lutnick le dijo recientemente que los aranceles de Trump no son una amenaza vac\u00eda, una insinuaci\u00f3n que Cramer interpret\u00f3 como que Lutnick est\u00e1 totalmente de acuerdo en imponer aranceles.&nbsp;&nbsp;<\/p>\n\n\n\n<p>Lutnick ha dicho en privado a los republicanos del Senado que su cartera comercial, una vez sea confirmado, se centrar\u00e1 principalmente en China, seg\u00fan personas informadas sobre el asunto.<\/p>\n\n\n\n<p>El presidente electo ha reaccionado favorablemente a los recientes memorandos elaborados por sus asesores sobre la instauraci\u00f3n de aranceles a trav\u00e9s de la Ley de Poderes Econ\u00f3micos de Emergencia Internacional. Ning\u00fan presidente ha utilizado la ley para aplicar aranceles a los bienes importados, a pesar de las amenazas de Trump durante su primer mandato de usar la ley contra M\u00e9xico si no conten\u00eda la oleada de migrantes o si no obligaba a las empresas estadounidenses a evaluar alternativas en la cadena de suministro a China.&nbsp;<\/p>\n\n\n\n<p>Trump tambi\u00e9n ha reaccionado positivamente a una propuesta para utilizar ampliamente la Secci\u00f3n 232 de la Ley de Comercio de 1974, que permite que los aranceles aborden preocupaciones de seguridad nacional y se utiliz\u00f3 durante el primer mandato de Trump para imponer aranceles a las importaciones de acero y aluminio, seg\u00fan personas con conocimiento de las discusiones.&nbsp;<\/p>\n\n\n\n<p>Otras secciones de la ley de 1974 podr\u00edan permitir acciones para contrarrestar pr\u00e1cticas comerciales desleales de otras naciones (utilizadas contra las importaciones de China durante el primer mandato de Trump) o para proteger a las industrias estadounidenses perjudicadas por una afluencia repentina de importaciones extranjeras (utilizadas contra paneles solares y lavadoras importadas durante su primer mandato).<\/p>\n\n\n\n<p>El equipo de Trump tambi\u00e9n est\u00e1 considerando opciones m\u00e1s oscuras, como una disposici\u00f3n de una ley de la d\u00e9cada de 1930 que permite aranceles a las naciones que discriminan a las empresas estadounidenses, o una secci\u00f3n de la ley de 1974 que permite aranceles a las naciones con desequilibrios comerciales persistentes con Estados Unidos. Ninguna de esas opciones se ha utilizado en d\u00e9cadas.&nbsp;<\/p>\n\n\n\n<p>Las corporaciones no est\u00e1n esperando a ver qu\u00e9 sucede con Trump. El Instituto Americano del Petr\u00f3leo, que representa a una serie de compa\u00f1\u00edas de petr\u00f3leo y gas, se ha puesto en contacto con funcionarios de transici\u00f3n de Trump para pedirles que su industria obtenga una exenci\u00f3n si se implementan aranceles generalizados, seg\u00fan una persona informada sobre el asunto.&nbsp;<\/p>\n\n\n\n<p>La obsesi\u00f3n de Trump con el comercio se remonta a la d\u00e9cada de 1980, cuando expuso en anuncios de p\u00e1gina entera en los peri\u00f3dicos sus opiniones sobre el tema, que no han cambiado casi cuatro d\u00e9cadas despu\u00e9s. \u201cJap\u00f3n y otras naciones se han estado aprovechando de Estados Unidos\u201d durante a\u00f1os, escribi\u00f3 el promotor inmobiliario de Nueva York en la carta mecanografiada dirigida \u201cAl pueblo estadounidense\u201d, con su firma al pie.<\/p>\n\n\n\n<p>\u201cImpongamos impuestos a las naciones ricas, no a Estados Unidos. Terminemos con nuestros enormes d\u00e9ficits, reduzcamos nuestros impuestos\u2026\u201d, exig\u00edan los anuncios de septiembre de 1987. \u201cNo permitamos que se r\u00edan m\u00e1s de nuestro gran pa\u00eds\u201d.<\/p>\n\n\n\n<p>Michelle Hackman, Lindsay Wise, C. Ryan Barber y Nancy A. Youssef contribuyeron a este art\u00edculo.<\/p>\n\n\n\n<p>Escriba a Tarini Parti a&nbsp;<a href=\"mailto:tarini.parti@wsj.com\" target=\"_blank\" rel=\"noreferrer noopener\">tarini.parti@wsj.com<\/a>&nbsp;y a Brian Schwartz a&nbsp;<a href=\"mailto:brian.schwartz@wsj.com\" target=\"_blank\" rel=\"noreferrer noopener\">brian.schwartz@wsj.com<\/a><\/p>\n\n\n\n<p>Fuente: <a href=\"https:\/\/www.wsj.com\/politics\/policy\/trump-ready-to-bypass-congress-on-border-and-tariffs-a0c24feb?mod=hp_lead_pos7\">https:\/\/www.wsj.com\/politics\/policy\/trump-ready-to-bypass-congress-on-border-and-tariffs-a0c24feb?mod=hp_lead_pos7<\/a><\/p>\n","protected":false},"excerpt":{"rendered":"<p>Envalentonada por el apoyo de los votantes y las victorias legales anteriores, la nueva administraci\u00f3n pretende actuar con agresividad y [&hellip;]<\/p>\n","protected":false},"author":1,"featured_media":93161,"comment_status":"open","ping_status":"open","sticky":false,"template":"","format":"standard","meta":{"site-sidebar-layout":"default","site-content-layout":"","ast-site-content-layout":"default","site-content-style":"default","site-sidebar-style":"default","ast-global-header-display":"","ast-banner-title-visibility":"","ast-main-header-display":"","ast-hfb-above-header-display":"","ast-hfb-below-header-display":"","ast-hfb-mobile-header-display":"","site-post-title":"","ast-breadcrumbs-content":"","ast-featured-img":"","footer-sml-layout":"","theme-transparent-header-meta":"","adv-header-id-meta":"","stick-header-meta":"","header-above-stick-meta":"","header-main-stick-meta":"","header-below-stick-meta":"","astra-migrate-meta-layouts":"default","ast-page-background-enabled":"default","ast-page-background-meta":{"desktop":{"background-color":"var(--ast-global-color-4)","background-image":"","background-repeat":"repeat","background-position":"center center","background-size":"auto","background-attachment":"scroll","background-type":"","background-media":"","overlay-type":"","overlay-color":"","overlay-opacity":"","overlay-gradient":""},"tablet":{"background-color":"","background-image":"","background-repeat":"repeat","background-position":"center center","background-size":"auto","background-attachment":"scroll","background-type":"","background-media":"","overlay-type":"","overlay-color":"","overlay-opacity":"","overlay-gradient":""},"mobile":{"background-color":"","background-image":"","background-repeat":"repeat","background-position":"center center","background-size":"auto","background-attachment":"scroll","background-type":"","background-media":"","overlay-type":"","overlay-color":"","overlay-opacity":"","overlay-gradient":""}},"ast-content-background-meta":{"desktop":{"background-color":"var(--ast-global-color-5)","background-image":"","background-repeat":"repeat","background-position":"center center","background-size":"auto","background-attachment":"scroll","background-type":"","background-media":"","overlay-type":"","overlay-color":"","overlay-opacity":"","overlay-gradient":""},"tablet":{"background-color":"var(--ast-global-color-5)","background-image":"","background-repeat":"repeat","background-position":"center center","background-size":"auto","background-attachment":"scroll","background-type":"","background-media":"","overlay-type":"","overlay-color":"","overlay-opacity":"","overlay-gradient":""},"mobile":{"background-color":"var(--ast-global-color-5)","background-image":"","background-repeat":"repeat","background-position":"center center","background-size":"auto","background-attachment":"scroll","background-type":"","background-media":"","overlay-type":"","overlay-color":"","overlay-opacity":"","overlay-gradient":""}},"footnotes":""},"categories":[8],"tags":[34953,34952,34950,34948,5257,34951,34949],"class_list":["post-93160","post","type-post","status-publish","format-standard","has-post-thumbnail","hentry","category-noticias","tag-100-ordenes-ejecutivas-trump","tag-artanceles-trump","tag-autoridad-prsidencial-eeuu","tag-congreso-eeuu","tag-donald-trump","tag-planes-expansivos-trump","tag-politica-de-estados-unidos-primero"],"_links":{"self":[{"href":"https:\/\/losperiodistas.com.mx\/portal\/wp-json\/wp\/v2\/posts\/93160","targetHints":{"allow":["GET"]}}],"collection":[{"href":"https:\/\/losperiodistas.com.mx\/portal\/wp-json\/wp\/v2\/posts"}],"about":[{"href":"https:\/\/losperiodistas.com.mx\/portal\/wp-json\/wp\/v2\/types\/post"}],"author":[{"embeddable":true,"href":"https:\/\/losperiodistas.com.mx\/portal\/wp-json\/wp\/v2\/users\/1"}],"replies":[{"embeddable":true,"href":"https:\/\/losperiodistas.com.mx\/portal\/wp-json\/wp\/v2\/comments?post=93160"}],"version-history":[{"count":1,"href":"https:\/\/losperiodistas.com.mx\/portal\/wp-json\/wp\/v2\/posts\/93160\/revisions"}],"predecessor-version":[{"id":93162,"href":"https:\/\/losperiodistas.com.mx\/portal\/wp-json\/wp\/v2\/posts\/93160\/revisions\/93162"}],"wp:featuredmedia":[{"embeddable":true,"href":"https:\/\/losperiodistas.com.mx\/portal\/wp-json\/wp\/v2\/media\/93161"}],"wp:attachment":[{"href":"https:\/\/losperiodistas.com.mx\/portal\/wp-json\/wp\/v2\/media?parent=93160"}],"wp:term":[{"taxonomy":"category","embeddable":true,"href":"https:\/\/losperiodistas.com.mx\/portal\/wp-json\/wp\/v2\/categories?post=93160"},{"taxonomy":"post_tag","embeddable":true,"href":"https:\/\/losperiodistas.com.mx\/portal\/wp-json\/wp\/v2\/tags?post=93160"}],"curies":[{"name":"wp","href":"https:\/\/api.w.org\/{rel}","templated":true}]}}