{"id":93111,"date":"2025-01-16T08:16:38","date_gmt":"2025-01-16T14:16:38","guid":{"rendered":"https:\/\/losperiodistas.com.mx\/portal\/?p=93111"},"modified":"2025-01-16T08:16:40","modified_gmt":"2025-01-16T14:16:40","slug":"cardenal-arizmendi-el-crimen-organizado-gobierna-aqui-exaudi","status":"publish","type":"post","link":"https:\/\/losperiodistas.com.mx\/portal\/cardenal-arizmendi-el-crimen-organizado-gobierna-aqui-exaudi\/","title":{"rendered":"Cardenal Arizmendi: \u00bfEl Crimen Organizado Gobierna aqu\u00ed? | Exaudi"},"content":{"rendered":"\n<p class=\"has-medium-font-size\">Una realidad que desaf\u00eda a las autoridades y la sociedad<\/p>\n\n\n\n<figure class=\"wp-block-image size-large\"><img fetchpriority=\"high\" decoding=\"async\" width=\"1024\" height=\"683\" src=\"https:\/\/losperiodistas.com.mx\/portal\/wp-content\/uploads\/2025\/01\/pexels-lukas-trstensky-647538-5966347-2048x1365-1-1024x683.jpg\" alt=\"\" class=\"wp-image-93112\" srcset=\"https:\/\/losperiodistas.com.mx\/portal\/wp-content\/uploads\/2025\/01\/pexels-lukas-trstensky-647538-5966347-2048x1365-1-1024x683.jpg 1024w, https:\/\/losperiodistas.com.mx\/portal\/wp-content\/uploads\/2025\/01\/pexels-lukas-trstensky-647538-5966347-2048x1365-1-300x200.jpg 300w, https:\/\/losperiodistas.com.mx\/portal\/wp-content\/uploads\/2025\/01\/pexels-lukas-trstensky-647538-5966347-2048x1365-1-768x512.jpg 768w, https:\/\/losperiodistas.com.mx\/portal\/wp-content\/uploads\/2025\/01\/pexels-lukas-trstensky-647538-5966347-2048x1365-1-1536x1024.jpg 1536w, https:\/\/losperiodistas.com.mx\/portal\/wp-content\/uploads\/2025\/01\/pexels-lukas-trstensky-647538-5966347-2048x1365-1.jpg 2048w\" sizes=\"(max-width: 1024px) 100vw, 1024px\" \/><figcaption class=\"wp-element-caption\">Pexels<\/figcaption><\/figure>\n\n\n\n<p class=\"has-vivid-red-color has-text-color has-link-color has-medium-font-size wp-elements-eba9c95c662bca8ec7984edd54541a44\"><strong>Redacci\u00f3n Exaudi<\/strong><\/p>\n\n\n\n<p>El&nbsp;<a href=\"https:\/\/www.exaudi.org\/es\/author\/felipearizmendi\/\">cardenal Felipe Arizmendi<\/a>, obispo em\u00e9rito de San Crist\u00f3bal de Las Casas y responsable de la Doctrina de la Fe en la&nbsp;<a href=\"https:\/\/www.cem.org.mx\/\">Conferencia del Episcopado Mexicano (CEM)<\/a>, ofrece a los lectores de Exaudi su art\u00edculo semanal.<\/p>\n\n\n\n<figure class=\"wp-block-embed is-type-rich is-provider-spotify wp-block-embed-spotify wp-embed-aspect-21-9 wp-has-aspect-ratio\"><div class=\"wp-block-embed__wrapper\">\n<iframe title=\"Spotify Embed: \u00bfEl Crimen Organizado Gobierna aqu\u00ed?\" style=\"border-radius: 12px\" width=\"100%\" height=\"152\" frameborder=\"0\" allowfullscreen allow=\"autoplay; clipboard-write; encrypted-media; fullscreen; picture-in-picture\" loading=\"lazy\" src=\"https:\/\/open.spotify.com\/embed\/episode\/1zsKStKfVQSS1FuDQfj4Bs?si=YRPMnzFwQrOXSFgdN4d-nA&#038;utm_source=oembed\"><\/iframe>\n<\/div><\/figure>\n\n\n\n<h3 class=\"wp-block-heading\"><strong>HECHOS<\/strong><\/h3>\n\n\n\n<p>Es molesto que un extranjero afirme que, en nuestro pa\u00eds, gobierna el crimen organizado. Aunque nuestras autoridades sostengan lo contrario, hay hechos que confirman que eso es lo que est\u00e1 sucediendo en algunos lugares y sectores. Conozco, al respecto, datos de primera mano; ahora enumero algunos relacionados s\u00f3lo con la extorsi\u00f3n, que, en mi regi\u00f3n, es el mayor negocio, m\u00e1s que la producci\u00f3n, procesamiento o traslado de drogas.<\/p>\n\n\n\n<p>Los grupos de diferentes agrupaciones dedicadas a extorsionar imponen el precio de casi todo, desde la tortilla y el huevo, hasta los materiales de construcci\u00f3n. Esto encarece todo, y no hay quien lo pueda evitar y controlar. Los que m\u00e1s sufren son los pobres.<\/p>\n\n\n\n<p>Quienes se dedican a vender carne de res, de cerdo o borrego, por kilos, en tacos, en carnitas, en chicharrones, o en otras formas, deben comprar los animales a quienes esos l\u00edderes ordenan y al precio que imponen. Quienes tienen un establecimiento comercial, deben pagarles una cuota; de lo contrario, se exponen a todo tipo de represalias, como la quema de sus negocios y el asesinato de quienes se niegan. Esto lo vemos a cada rato y por todas partes.<\/p>\n\n\n\n<p>En mi pueblo, muchos ten\u00edan c\u00e1maras de vigilancia al exterior de sus casas. Ellos ordenaron quitarlas y as\u00ed se ha hecho; s\u00f3lo las mantienen al interior de sus domicilios. De esta forma, evitan que haya pruebas de lo que hacen y deshacen libremente por las calles.<\/p>\n\n\n\n<p>En la tala de montes, son ellos los que determinan los \u00e1rboles que deben tirarse y ellos son los que comercializan la madera, que pasa libremente por nuestras carreteras. Se ha hablado de esto con diferentes autoridades, pero no lo han podido evitar; la tala no se detiene. Les dan cualquier cantidad a los campesinos y ejidatarios, para taparles la boca.<\/p>\n\n\n\n<p>Autoridades locales, como delegados municipales, comisariados ejidales o presidentes de bienes comunales, deben colaborar con ellos para cobrar las cuotas que imponen a los agricultores, fruticultores y floricultores. Un campesino debe pagarles cada a\u00f1o un peso por metro cuadrado, y son las autoridades menores quienes llevan el registro, cobran la cuota y se las entregan a ellos. \u00a1Ay de aquel que no les obedezca! No son c\u00f3mplices, sino esclavos.<\/p>\n\n\n\n<p><\/p>\n\n\n\n<p>Es voz popular que, en las elecciones de julio pasado, ellos eran quienes autorizaban qui\u00e9nes pod\u00edan competir. Y una vez elegidos sus candidatos, les exigen una cuota millonaria mensual, u ocupar cargos estrat\u00e9gicos; tienen que&nbsp;<em>negociar&nbsp;<\/em>con ellos. Presidentes municipales, polic\u00edas locales y otras autoridades menores deben someterse a sus \u00f3rdenes. No son colaboradores ni c\u00f3mplices, sino oprimidos por quienes gobiernan la regi\u00f3n. A veces las autoridades judiciales detienen y encarcelan a algunos de estos funcionarios como si estuvieran implicados en esos cr\u00edmenes, pero la mayor\u00eda son inocentes. No detienen a las cabezas que est\u00e1n gobernando nuestras regiones, y todo mundo sabe qui\u00e9nes son y d\u00f3nde viven. Nadie se atreve a denunciarlos, por temor a represalias.<\/p>\n\n\n\n<p>Organizaciones de taxistas est\u00e1n bajo sus \u00f3rdenes. Les exigen hacer bloqueos de carreteras, para que no pasen el ej\u00e9rcito o las polic\u00edas que los persiguen. Si le piden a un taxista que lleve un paquete a un lugar o a una persona, no sabe el contenido; puede ser droga, dinero o un arma. Si lo detienen, a \u00e9l se le acusa y va a la c\u00e1rcel, sin considerar que es una v\u00edctima inocente. No detienen a los capos, sino a los que son obligados a hacer algo ilegal.<\/p>\n\n\n\n<p>Y como estos casos, hay tant\u00edsimos otros, que muchos de ustedes conocen y que nadie denunciamos judicialmente, no por ser colaboradores, sino por temor a las consecuencias. Cierto que parece haber un cambio en la estrategia federal para combatir estos cr\u00edmenes; cierto que se deben atacar las causas de esta violencia ofreciendo estudio, trabajo y apoyos sociales, pero a esos criminales eso no les interesa; lo que les importa es sacar la mayor cantidad de dinero que puedan. No les importan ni los buenos consejos, ni los abrazos, ni nuestras predicaciones y consejos. No le tienen mucho miedo a militares y polic\u00edas, porque a poca distancia de retenes polic\u00edacos o del ej\u00e9rcito, se pasean como por su casa. Les importa el poder pol\u00edtico, no para servir, sino para enriquecerse a costa del pueblo, que soporta sus extorsiones porque no le queda otra opci\u00f3n para subsistir.<\/p>\n\n\n\n<h3 class=\"wp-block-heading\"><strong>ILUMINACION<\/strong><\/h3>\n\n\n\n<p>El Papa Francisco dice sobre este imperio del dinero:&nbsp;<em>\u201c<\/em><em>Hemos creado nuevos \u00eddolos. La adoraci\u00f3n del antiguo becerro de oro (cf.&nbsp;Ex&nbsp;32,1-35) ha encontrado una versi\u00f3n nueva y despiadada en el fetichismo del dinero y en la dictadura de la econom\u00eda sin un rostro y sin un objetivo verdaderamente humano\u201d&nbsp;<\/em>(EG 55). \u201c<em>Se instaura una nueva tiran\u00eda invisible, a veces virtual, que impone, de forma unilateral e implacable, sus leyes y sus reglas. El af\u00e1n de poder y de tener no conoce l\u00edmites\u201d&nbsp;<\/em>(EG 56)<em>. \u201cTras esta actitud se esconde el rechazo de la \u00e9tica y el rechazo de Dios\u201d&nbsp;<\/em>(EG 57)<em>.<\/em><\/p>\n\n\n\n<h3 class=\"wp-block-heading\"><strong>ACCIONES<\/strong><\/h3>\n\n\n\n<p>Si te es posible, informa a las autoridades lo que estamos viviendo, para que conozcan mejor la realidad y no sigan diciendo que el pa\u00eds est\u00e1 muy bien; pero hazlo en forma confidencial y s\u00f3lo con quien tengas confianza de que no se van a enterar lo criminales, para no exponerte. Que los ni\u00f1os y j\u00f3venes sean educados en el respeto a los dem\u00e1s, en el trabajo honrado y en la solidaridad comunitaria. Y oremos al Se\u00f1or para que ilumine a nuestras autoridades y hagan algo m\u00e1s efectivo por la paz social.<\/p>\n\n\n\n<figure class=\"wp-block-embed is-type-video is-provider-youtube wp-block-embed-youtube wp-embed-aspect-16-9 wp-has-aspect-ratio\"><div class=\"wp-block-embed__wrapper\">\n<iframe title=\"Cardenal Arizmendi: \u00bfEl Crimen Organizado Gobierna aqu\u00ed?\" width=\"500\" height=\"281\" src=\"https:\/\/www.youtube.com\/embed\/rm4gbB7NKig?feature=oembed\" frameborder=\"0\" allow=\"accelerometer; autoplay; clipboard-write; encrypted-media; gyroscope; picture-in-picture; web-share\" referrerpolicy=\"strict-origin-when-cross-origin\" allowfullscreen><\/iframe>\n<\/div><\/figure>\n\n\n\n<figure class=\"wp-block-image\"><img decoding=\"async\" src=\"https:\/\/www.exaudi.org\/wp-content\/uploads\/2025\/01\/voces-2.jpg\" alt=\"\" class=\"wp-image-116895\"\/><\/figure>\n\n\n\n<p><\/p>\n\n\n\n<p>Fuente: <a href=\"https:\/\/www.exaudi.org\/es\/cardenal-arizmendi-el-crimen-organizado-gobierna-aqui\/\">https:\/\/www.exaudi.org\/es\/cardenal-arizmendi-el-crimen-organizado-gobierna-aqui\/<\/a><\/p>\n\n\n\n<p><\/p>\n","protected":false},"excerpt":{"rendered":"<p>Una realidad que desaf\u00eda a las autoridades y la sociedad Redacci\u00f3n Exaudi El&nbsp;cardenal Felipe Arizmendi, obispo em\u00e9rito de San Crist\u00f3bal [&hellip;]<\/p>\n","protected":false},"author":1,"featured_media":93114,"comment_status":"open","ping_status":"open","sticky":false,"template":"","format":"standard","meta":{"site-sidebar-layout":"default","site-content-layout":"","ast-site-content-layout":"default","site-content-style":"default","site-sidebar-style":"default","ast-global-header-display":"","ast-banner-title-visibility":"","ast-main-header-display":"","ast-hfb-above-header-display":"","ast-hfb-below-header-display":"","ast-hfb-mobile-header-display":"","site-post-title":"","ast-breadcrumbs-content":"","ast-featured-img":"","footer-sml-layout":"","theme-transparent-header-meta":"","adv-header-id-meta":"","stick-header-meta":"","header-above-stick-meta":"","header-main-stick-meta":"","header-below-stick-meta":"","astra-migrate-meta-layouts":"default","ast-page-background-enabled":"default","ast-page-background-meta":{"desktop":{"background-color":"var(--ast-global-color-4)","background-image":"","background-repeat":"repeat","background-position":"center center","background-size":"auto","background-attachment":"scroll","background-type":"","background-media":"","overlay-type":"","overlay-color":"","overlay-opacity":"","overlay-gradient":""},"tablet":{"background-color":"","background-image":"","background-repeat":"repeat","background-position":"center center","background-size":"auto","background-attachment":"scroll","background-type":"","background-media":"","overlay-type":"","overlay-color":"","overlay-opacity":"","overlay-gradient":""},"mobile":{"background-color":"","background-image":"","background-repeat":"repeat","background-position":"center center","background-size":"auto","background-attachment":"scroll","background-type":"","background-media":"","overlay-type":"","overlay-color":"","overlay-opacity":"","overlay-gradient":""}},"ast-content-background-meta":{"desktop":{"background-color":"var(--ast-global-color-5)","background-image":"","background-repeat":"repeat","background-position":"center center","background-size":"auto","background-attachment":"scroll","background-type":"","background-media":"","overlay-type":"","overlay-color":"","overlay-opacity":"","overlay-gradient":""},"tablet":{"background-color":"var(--ast-global-color-5)","background-image":"","background-repeat":"repeat","background-position":"center center","background-size":"auto","background-attachment":"scroll","background-type":"","background-media":"","overlay-type":"","overlay-color":"","overlay-opacity":"","overlay-gradient":""},"mobile":{"background-color":"var(--ast-global-color-5)","background-image":"","background-repeat":"repeat","background-position":"center center","background-size":"auto","background-attachment":"scroll","background-type":"","background-media":"","overlay-type":"","overlay-color":"","overlay-opacity":"","overlay-gradient":""}},"footnotes":""},"categories":[8],"tags":[34903,34288,938],"class_list":["post-93111","post","type-post","status-publish","format-standard","has-post-thumbnail","hentry","category-noticias","tag-aumenta-poder-crimen-organizado-en-mexico","tag-cardenal-felipe-arizmendi","tag-crimen-organizado-mexico"],"_links":{"self":[{"href":"https:\/\/losperiodistas.com.mx\/portal\/wp-json\/wp\/v2\/posts\/93111","targetHints":{"allow":["GET"]}}],"collection":[{"href":"https:\/\/losperiodistas.com.mx\/portal\/wp-json\/wp\/v2\/posts"}],"about":[{"href":"https:\/\/losperiodistas.com.mx\/portal\/wp-json\/wp\/v2\/types\/post"}],"author":[{"embeddable":true,"href":"https:\/\/losperiodistas.com.mx\/portal\/wp-json\/wp\/v2\/users\/1"}],"replies":[{"embeddable":true,"href":"https:\/\/losperiodistas.com.mx\/portal\/wp-json\/wp\/v2\/comments?post=93111"}],"version-history":[{"count":1,"href":"https:\/\/losperiodistas.com.mx\/portal\/wp-json\/wp\/v2\/posts\/93111\/revisions"}],"predecessor-version":[{"id":93115,"href":"https:\/\/losperiodistas.com.mx\/portal\/wp-json\/wp\/v2\/posts\/93111\/revisions\/93115"}],"wp:featuredmedia":[{"embeddable":true,"href":"https:\/\/losperiodistas.com.mx\/portal\/wp-json\/wp\/v2\/media\/93114"}],"wp:attachment":[{"href":"https:\/\/losperiodistas.com.mx\/portal\/wp-json\/wp\/v2\/media?parent=93111"}],"wp:term":[{"taxonomy":"category","embeddable":true,"href":"https:\/\/losperiodistas.com.mx\/portal\/wp-json\/wp\/v2\/categories?post=93111"},{"taxonomy":"post_tag","embeddable":true,"href":"https:\/\/losperiodistas.com.mx\/portal\/wp-json\/wp\/v2\/tags?post=93111"}],"curies":[{"name":"wp","href":"https:\/\/api.w.org\/{rel}","templated":true}]}}