{"id":92979,"date":"2025-01-12T05:12:57","date_gmt":"2025-01-12T11:12:57","guid":{"rendered":"https:\/\/losperiodistas.com.mx\/portal\/?p=92979"},"modified":"2025-01-12T05:12:59","modified_gmt":"2025-01-12T11:12:59","slug":"duelo-nacional-en-venezuela-el-dia-despues-de-la-usurpacion-de-maduro-el-mundo","status":"publish","type":"post","link":"https:\/\/losperiodistas.com.mx\/portal\/duelo-nacional-en-venezuela-el-dia-despues-de-la-usurpacion-de-maduro-el-mundo\/","title":{"rendered":"Duelo nacional en Venezuela el d\u00eda despu\u00e9s de la usurpaci\u00f3n de Maduro | El Mundo"},"content":{"rendered":"\n<p class=\"has-medium-font-size\">Las fuerzas militares y policiales se mantienen en las calles en tono amenazante, pero el pueblo ya est\u00e1 abatido tras el 10-E<\/p>\n\n\n\n<figure class=\"wp-block-image size-large\"><img fetchpriority=\"high\" decoding=\"async\" width=\"1024\" height=\"682\" src=\"https:\/\/losperiodistas.com.mx\/portal\/wp-content\/uploads\/2025\/01\/17366245056550-1024x682.webp\" alt=\"\" class=\"wp-image-92980\" srcset=\"https:\/\/losperiodistas.com.mx\/portal\/wp-content\/uploads\/2025\/01\/17366245056550-1024x682.webp 1024w, https:\/\/losperiodistas.com.mx\/portal\/wp-content\/uploads\/2025\/01\/17366245056550-300x200.webp 300w, https:\/\/losperiodistas.com.mx\/portal\/wp-content\/uploads\/2025\/01\/17366245056550-768x512.webp 768w, https:\/\/losperiodistas.com.mx\/portal\/wp-content\/uploads\/2025\/01\/17366245056550.webp 1220w\" sizes=\"(max-width: 1024px) 100vw, 1024px\" \/><figcaption class=\"wp-element-caption\">Detalle de la banda presidencial de Nicol\u00e1s Maduro, durante su investidura, este viernes.GETTY<\/figcaption><\/figure>\n\n\n\n<p class=\"has-vivid-red-color has-text-color has-link-color has-medium-font-size wp-elements-91e9b572f8fec0d048f448cefea74d16\"><strong>DANIEL LOZANO \/ Santo Domingo \/ El Mundo<\/strong><\/p>\n\n\n\n<p>El d\u00eda despu\u00e9s de\u00a0<a href=\"https:\/\/www.elmundo.es\/internacional\/2025\/01\/10\/678131eb21efa0f46f8b4587.html\" target=\"_blank\" rel=\"noreferrer noopener\">la coronaci\u00f3n fraudulenta de\u00a0<strong>Nicol\u00e1s Maduro<\/strong><\/a>, presidente\u00a0<em>de facto<\/em>\u00a0y del terror, los venezolanos de dentro y de fuera vivieron lo que en su tierra llaman \u00abrat\u00f3n\u00bb (resaca), pero de car\u00e1cter existencial. Algo parecido a un estado de desolaci\u00f3n, de duelo nacional, tras el golpe de Estado al mejor estilo revolucionario.<\/p>\n\n\n\n<p>Las fuerzas militares y policiales, incluidas las fuerzas especiales, se han mantenido en las calles este s\u00e1bado en tono amenazante. Las fronteras tambi\u00e9n siguen cerradas, pese a la timorata molestia colombiana; el espacio a\u00e9reo vigilado de forma estricta, tras la demostraci\u00f3n de m\u00fasculo guerrero con la activaci\u00f3n del sistema de misiles llevada a cabo este viernes; Internet, TikTok y Telegram bloqueados durante varias horas y los intelectuales org\u00e1nicos, aquellos que tanto gustaban a los dictadores Francisco Franco y Fidel Castro, empe\u00f1ados en desparramar sus discursos \u00abdemocr\u00e1ticos\u00bb en la pantomima chavista de los llamados congresos antifascistas.<\/p>\n\n\n\n<p><strong>\u00abHemos derrotado al estigma de la traici\u00f3n, no ha habido ni habr\u00e1 traici\u00f3n al pueblo\u00bb<\/strong>, se congratul\u00f3&nbsp;<a href=\"https:\/\/www.elmundo.es\/e\/ni\/nicolas-maduro.html\" target=\"_blank\" rel=\"noreferrer noopener\">Maduro<\/a>&nbsp;junto a los otros dictadores de Am\u00e9rica Latina. Los militares decidieron mantenerse al lado del poder y de la corrupci\u00f3n bolivariana y deso\u00edr las \u00f3rdenes de su verdadero comandante en jefe,&nbsp;<a href=\"https:\/\/www.elmundo.es\/internacional\/edmundo-gonzalez.html\" target=\"_blank\" rel=\"noreferrer noopener\"><strong>Edmundo Gonz\u00e1lez Urrutia<\/strong><\/a>, quien, si se hubiera respetado a la soberan\u00eda popular, ser\u00eda hoy el inquilino del Palacio de Miraflores. El tantas veces prometido aterrizaje en Caracas no se llev\u00f3 a cabo, imposible sin la connivencia de militares democr\u00e1ticos desde el interior de&nbsp;<a href=\"https:\/\/www.elmundo.es\/internacional\/venezuela.html\" target=\"_blank\" rel=\"noreferrer noopener\"><strong>Venezuela<\/strong><\/a>.<\/p>\n\n\n\n<p>Los mensajes de \u00e1nimo del pueblo abatido no surgieron con facilidad, pesaban tanto como Maduro y su mensaje \u00abindestructible\u00bb, como aquella salsa de Ray Barretto que tanto gusta al hijo de Ch\u00e1vez y que tantas veces baila con su torpeza habitual. \u00abHay decepci\u00f3n, derrotismo y resignaci\u00f3n, es como un duelo generalizado.&nbsp;<strong>El estado de \u00e1nimo nacional va a depender mucho de los pr\u00f3ximos anuncios de&nbsp;<\/strong><a href=\"https:\/\/www.elmundo.es\/internacional\/maria-corina-machado.html\" target=\"_blank\" rel=\"noreferrer noopener\"><strong>Mar\u00eda Corina Machado<\/strong><\/a><strong>.<\/strong>&nbsp;En mi opini\u00f3n, hay que avanzar a una articulaci\u00f3n mayor, con l\u00f3gica de resistencia clandestina\u00bb, explica a EL MUNDO Rafael Uzc\u00e1tegui, director del Laboratorio de Paz.<\/p>\n\n\n\n<p>Los \u00faltimos mensajes de la l\u00edder opositora y de Gonz\u00e1lez apenas pudieron anestesiar el sentimiento de luto que acompa\u00f1a a los venezolanos. Machado, quien sufri\u00f3 un secuestro expr\u00e9s, fue golpeada y su motorista herido de bala, dio un paso m\u00e1s all\u00e1 para anunciar que \u00abes hora de hacer lo que sea necesario para restituir la Constituci\u00f3n\u00bb.<\/p>\n\n\n\n<p>Desde el exterior, se multiplic\u00f3 el repudio contra la usurpaci\u00f3n del poder culminada por Maduro, pero los hubo frontales, como el ex presidente \u00c1lvaro Uribe, viejo enemigo del chavismo, quien inst\u00f3 a Edmundo Gonz\u00e1lez para que convoque a la comunidad internacional, \u00abespecialmente\u00bb a los pa\u00edses del sistema interamericano, \u00abpara que adelanten una intervenci\u00f3n humanitaria en Venezuela que permita la protecci\u00f3n de los derechos humanos y el restablecimiento del orden democr\u00e1tico\u00bb.<\/p>\n\n\n\n<p>Uribe tambi\u00e9n exigi\u00f3 a la Corte Penal Internacional (CPI), que procesa a Maduro, jerarcas y generales por cr\u00edmenes de lesa humanidad, que acelere la orden de arresto contra el&nbsp;<em>hijo de Ch\u00e1vez<\/em>&nbsp;y que se aumente la recompensa contra el dictador venezolano.&nbsp;<strong>Washington elev\u00f3 a 25 millones el precio de la cabeza del presidente&nbsp;<\/strong><em><strong>de facto<\/strong><\/em>, el mismo que ofreci\u00f3 contra Osama Bin Laden tras los atentados de las Torres Gemelas. Una recompensa que fue rechazada este s\u00e1bado por las Fuerzas Armadas venezolanas a trav\u00e9s de un comunicado.<\/p>\n\n\n\n<p class=\"has-cyan-bluish-gray-background-color has-background\">M\u00e1s en El Mundo<\/p>\n\n\n\n<p><a href=\"https:\/\/www.elmundo.es\/internacional\/2025\/01\/10\/678166bde85eceb00b8b4583-video.html\"><\/a><\/p>\n\n\n\n<figure class=\"wp-block-image alignleft\"><a href=\"https:\/\/www.elmundo.es\/internacional\/2025\/01\/10\/678166bde85eceb00b8b4583-video.html\"><img decoding=\"async\" src=\"https:\/\/content-thumbnail.cxpublic.com\/content\/dominantthumbnail\/7ba3442c8d6af0d7fd0115c19e3cb9894890e880.jpg?6781835b\" alt=\"Maduro, al escuchar un fuerte ruido durante su investidura: &quot;\u00bfHa llegado Edmundo? Estoy nervioso&quot;\"\/><\/a><\/figure>\n\n\n\n<p><a href=\"https:\/\/www.elmundo.es\/internacional\/2025\/01\/10\/678166bde85eceb00b8b4583-video.html\"><strong>Maduro, al escuchar un fuerte ruido durante su investidura: \u00ab\u00bfHa llegado Edmundo? Estoy nervioso\u00bb<\/strong><\/a><\/p>\n\n\n\n<p><\/p>\n\n\n\n<p><\/p>\n\n\n\n<p><a href=\"https:\/\/www.elmundo.es\/espana\/2025\/01\/11\/678241ed21efa0cb2a8b459e.html\"><\/a><\/p>\n\n\n\n<figure class=\"wp-block-image alignleft\"><a href=\"https:\/\/www.elmundo.es\/espana\/2025\/01\/11\/678241ed21efa0cb2a8b459e.html\"><img decoding=\"async\" src=\"https:\/\/phantom-elmundo.unidadeditorial.es\/23ca93c585478d50feb080b5c3e319b6\/crop\/0x0\/3072x2048\/resize\/250\/f\/jpg\/assets\/multimedia\/imagenes\/2025\/01\/11\/17365955389160.jpg\" alt=\"Los Reyes despiden emocionados en C\u00e1diz a la guardiamarina Borb\u00f3n y Ortiz, que zarpa en el buque escuela Elcano: &quot;Son muchos meses sin verla. Hay muchas madres llorando&quot;\"\/><\/a><\/figure>\n\n\n\n<p><\/p>\n\n\n\n<p><\/p>\n\n\n\n<p><a href=\"https:\/\/www.elmundo.es\/espana\/2025\/01\/11\/678241ed21efa0cb2a8b459e.html\"><strong>Los Reyes despiden emocionados en C\u00e1diz a la guardiamarina Borb\u00f3n y Ortiz, que zarpa en el buque escuela Elcano: \u00abSon muchos meses sin verla. Hay muchas madres llorando\u00bb<\/strong><\/a><\/p>\n\n\n\n<p>Machado, por su parte, ha agradecido este s\u00e1bado a Donald Trump su&nbsp;<strong>\u00abapoyo inquebrantable a la lucha de Venezuela\u00bb<\/strong>, a escasos d\u00edas de su toma de posesi\u00f3n.<\/p>\n\n\n\n<p>\u00abLa gente se siente muy golpeada por dos razones.&nbsp;<strong>Todo el mundo sab\u00eda que Maduro iba a tomar posesi\u00f3n, pero el hecho de verlo siempre golpea.<\/strong>&nbsp;Eso s\u00ed, dando sensaci\u00f3n de extrema debilidad, ni siquiera hubo balc\u00f3n del pueblo. Fue un acto forzado a sabiendas de que es en contra de la ley y de la voluntad popular. A Daniel Ortega [dictador de Nicaragua[ y a Mel Zelaya [marido de la presidenta hondure\u00f1a] los fueron a buscar con aviones venezolanos para que estuvieran presentes. Y el silencio de la calle, ni siquiera salieron los obligados. Absolutamente irregular pero un golpe para todos. Pero a la vez, Edmundo prometi\u00f3 que iba a estar en Venezuela y no fue as\u00ed.&nbsp;<strong>La gente esperaba que de alguna manera estuviera en Venezuela<\/strong>\u00ab, ahonda para EL MUNDO el analista pol\u00edtico Jes\u00fas Castellanos.<\/p>\n\n\n\n<p>Fuente: <a href=\"https:\/\/www.elmundo.es\/internacional\/2025\/01\/11\/6782c87efc6c834f2a8b459c.html\">https:\/\/www.elmundo.es\/internacional\/2025\/01\/11\/6782c87efc6c834f2a8b459c.html<\/a><\/p>\n","protected":false},"excerpt":{"rendered":"<p>Las fuerzas militares y policiales se mantienen en las calles en tono amenazante, pero el pueblo ya est\u00e1 abatido tras [&hellip;]<\/p>\n","protected":false},"author":1,"featured_media":92980,"comment_status":"open","ping_status":"open","sticky":false,"template":"","format":"standard","meta":{"site-sidebar-layout":"default","site-content-layout":"","ast-site-content-layout":"default","site-content-style":"default","site-sidebar-style":"default","ast-global-header-display":"","ast-banner-title-visibility":"","ast-main-header-display":"","ast-hfb-above-header-display":"","ast-hfb-below-header-display":"","ast-hfb-mobile-header-display":"","site-post-title":"","ast-breadcrumbs-content":"","ast-featured-img":"","footer-sml-layout":"","theme-transparent-header-meta":"","adv-header-id-meta":"","stick-header-meta":"","header-above-stick-meta":"","header-main-stick-meta":"","header-below-stick-meta":"","astra-migrate-meta-layouts":"default","ast-page-background-enabled":"default","ast-page-background-meta":{"desktop":{"background-color":"var(--ast-global-color-4)","background-image":"","background-repeat":"repeat","background-position":"center center","background-size":"auto","background-attachment":"scroll","background-type":"","background-media":"","overlay-type":"","overlay-color":"","overlay-opacity":"","overlay-gradient":""},"tablet":{"background-color":"","background-image":"","background-repeat":"repeat","background-position":"center center","background-size":"auto","background-attachment":"scroll","background-type":"","background-media":"","overlay-type":"","overlay-color":"","overlay-opacity":"","overlay-gradient":""},"mobile":{"background-color":"","background-image":"","background-repeat":"repeat","background-position":"center center","background-size":"auto","background-attachment":"scroll","background-type":"","background-media":"","overlay-type":"","overlay-color":"","overlay-opacity":"","overlay-gradient":""}},"ast-content-background-meta":{"desktop":{"background-color":"var(--ast-global-color-5)","background-image":"","background-repeat":"repeat","background-position":"center center","background-size":"auto","background-attachment":"scroll","background-type":"","background-media":"","overlay-type":"","overlay-color":"","overlay-opacity":"","overlay-gradient":""},"tablet":{"background-color":"var(--ast-global-color-5)","background-image":"","background-repeat":"repeat","background-position":"center center","background-size":"auto","background-attachment":"scroll","background-type":"","background-media":"","overlay-type":"","overlay-color":"","overlay-opacity":"","overlay-gradient":""},"mobile":{"background-color":"var(--ast-global-color-5)","background-image":"","background-repeat":"repeat","background-position":"center center","background-size":"auto","background-attachment":"scroll","background-type":"","background-media":"","overlay-type":"","overlay-color":"","overlay-opacity":"","overlay-gradient":""}},"footnotes":""},"categories":[8],"tags":[34811,34810,34812,28153],"class_list":["post-92979","post","type-post","status-publish","format-standard","has-post-thumbnail","hentry","category-noticias","tag-calles-con-policias-y","tag-duelo-en-venezuela","tag-ilitares","tag-maduro"],"_links":{"self":[{"href":"https:\/\/losperiodistas.com.mx\/portal\/wp-json\/wp\/v2\/posts\/92979","targetHints":{"allow":["GET"]}}],"collection":[{"href":"https:\/\/losperiodistas.com.mx\/portal\/wp-json\/wp\/v2\/posts"}],"about":[{"href":"https:\/\/losperiodistas.com.mx\/portal\/wp-json\/wp\/v2\/types\/post"}],"author":[{"embeddable":true,"href":"https:\/\/losperiodistas.com.mx\/portal\/wp-json\/wp\/v2\/users\/1"}],"replies":[{"embeddable":true,"href":"https:\/\/losperiodistas.com.mx\/portal\/wp-json\/wp\/v2\/comments?post=92979"}],"version-history":[{"count":1,"href":"https:\/\/losperiodistas.com.mx\/portal\/wp-json\/wp\/v2\/posts\/92979\/revisions"}],"predecessor-version":[{"id":92981,"href":"https:\/\/losperiodistas.com.mx\/portal\/wp-json\/wp\/v2\/posts\/92979\/revisions\/92981"}],"wp:featuredmedia":[{"embeddable":true,"href":"https:\/\/losperiodistas.com.mx\/portal\/wp-json\/wp\/v2\/media\/92980"}],"wp:attachment":[{"href":"https:\/\/losperiodistas.com.mx\/portal\/wp-json\/wp\/v2\/media?parent=92979"}],"wp:term":[{"taxonomy":"category","embeddable":true,"href":"https:\/\/losperiodistas.com.mx\/portal\/wp-json\/wp\/v2\/categories?post=92979"},{"taxonomy":"post_tag","embeddable":true,"href":"https:\/\/losperiodistas.com.mx\/portal\/wp-json\/wp\/v2\/tags?post=92979"}],"curies":[{"name":"wp","href":"https:\/\/api.w.org\/{rel}","templated":true}]}}