{"id":92976,"date":"2025-01-11T13:34:30","date_gmt":"2025-01-11T19:34:30","guid":{"rendered":"https:\/\/losperiodistas.com.mx\/portal\/?p=92976"},"modified":"2025-01-11T13:34:32","modified_gmt":"2025-01-11T19:34:32","slug":"sabias-que-la-biblia-habla-de-un-hombre-llamado-perez-aleteia","status":"publish","type":"post","link":"https:\/\/losperiodistas.com.mx\/portal\/sabias-que-la-biblia-habla-de-un-hombre-llamado-perez-aleteia\/","title":{"rendered":"\u00bfSab\u00edas que la Biblia habla de un hombre llamado P\u00e9rez? | Aleteia"},"content":{"rendered":"\n<p class=\"has-luminous-vivid-amber-background-color has-background has-medium-font-size\"><em><strong>P\u00e9rez era hijo de Jud\u00e1, el libro del G\u00e9nesis en la Biblia habla de su historia, pues se convirti\u00f3 en un eslab\u00f3n esencial de la genealog\u00eda de Jesucristo<\/strong><\/em><\/p>\n\n\n\n<figure class=\"wp-block-image size-full\"><img fetchpriority=\"high\" decoding=\"async\" width=\"620\" height=\"350\" src=\"https:\/\/losperiodistas.com.mx\/portal\/wp-content\/uploads\/2025\/01\/WEB3-Tamar_giving_birth_to_Pharez_and_Zarah_aided_by_a_midwife-PD.webp\" alt=\"\" class=\"wp-image-92977\" srcset=\"https:\/\/losperiodistas.com.mx\/portal\/wp-content\/uploads\/2025\/01\/WEB3-Tamar_giving_birth_to_Pharez_and_Zarah_aided_by_a_midwife-PD.webp 620w, https:\/\/losperiodistas.com.mx\/portal\/wp-content\/uploads\/2025\/01\/WEB3-Tamar_giving_birth_to_Pharez_and_Zarah_aided_by_a_midwife-PD-300x169.webp 300w\" sizes=\"(max-width: 620px) 100vw, 620px\" \/><figcaption class=\"wp-element-caption\">Wellcome Collection gallery | CC BY 4.0<\/figcaption><\/figure>\n\n\n\n<p class=\"has-vivid-red-color has-text-color has-link-color has-medium-font-size wp-elements-960bef7f9a1f80650f00e04566eca9e2\"><strong><a href=\"https:\/\/es.aleteia.org\/author\/philip-koloski\">Philip Kosloski<\/a><em>\u00a0<\/em> \/ Aleteia<\/strong><\/p>\n\n\n\n<p>Al repasar en la Biblia la genealog\u00eda de Jesucristo, encontrar\u00e1s el nombre de P\u00e9rez. Poco se sabe de \u00e9l, pero lo interesante es c\u00f3mo el Se\u00f1or lo eligi\u00f3 para transmitir la bendici\u00f3n del pacto.<\/p>\n\n\n\n<p>Aparece en el libro del G\u00e9nesis, y es hijo de Jud\u00e1 y Tamar, que enga\u00f1\u00f3 a Jud\u00e1 (el padre de su difunto marido) para mantener relaciones sexuales.<\/p>\n\n\n\n<blockquote class=\"wp-block-quote is-layout-flow wp-block-quote-is-layout-flow\">\n<p>\u00abCuando Jud\u00e1 la vio, pens\u00f3 que era una ramera, pues se hab\u00eda cubierto el rostro. As\u00ed que se acerc\u00f3 a ella al borde del camino y le dijo: &#8216;Ven, d\u00e9jame tener relaciones contigo&#8217;, pues no se daba cuenta de que era su nuera\u00bb.(<a href=\"https:\/\/www.vatican.va\/archive\/ESL0506\/__P13.HTM\" target=\"_blank\" rel=\"noreferrer noopener\">Gen 38, 15-16<\/a>)<\/p>\n<\/blockquote>\n\n\n\n<p>M\u00e1s tarde, Jud\u00e1 se dio cuenta del enga\u00f1o y estuvo a punto de castigar a Tamar. Sin embargo, se apiad\u00f3 de Tamar y acept\u00f3 a los hijos gemelos como suyos.<\/p>\n\n\n\n<h2 class=\"wp-block-heading\">El significado de P\u00e9rez<\/h2>\n\n\n\n<blockquote class=\"wp-block-quote is-layout-flow wp-block-quote-is-layout-flow\">\n<p>\u00abCuando lleg\u00f3 el momento del parto, hab\u00eda gemelos en su vientre. Mientras ella daba a luz, uno extendi\u00f3 la mano; y la comadrona tom\u00f3 y at\u00f3 un hilo carmes\u00ed en su mano, anotando: \u00abEste sali\u00f3 primero\u00bb. Pero al retirar la mano, sali\u00f3 su hermano; y ella dijo: \u00ab\u00a1Qu\u00e9 brecha te has abierto!\u00bb As\u00ed que lo llamaron P\u00e9rez [que en hebreo significa &#8216;estallar&#8217;].(<a href=\"https:\/\/www.vatican.va\/archive\/ESL0506\/__P13.HTM\" target=\"_blank\" rel=\"noreferrer noopener\">Gen 38, 27-29<\/a>)<\/p>\n<\/blockquote>\n\n\n\n<p>Es interesante ver que una situaci\u00f3n tan inusual forma parte de la genealog\u00eda de Jes\u00fas. P\u00e9rez se convirti\u00f3 en antepasado del rey David y, por tanto, del propio Jes\u00fas.<\/p>\n\n\n\n<p>Ciertamente no es \u00abperfecto\u00bb ni \u00abpuro\u00bb, pero nos recuerda la misericordia de Dios y c\u00f3mo todos tienen un papel que desempe\u00f1ar en la historia de la salvaci\u00f3n, incluso los que cometen errores.<\/p>\n\n\n\n<p>Dios puede poner nuestros errores al servicio de su plan divino, encontrando luz en la oscuridad.<\/p>\n\n\n\n<p>Fuente: <a href=\"https:\/\/es.aleteia.org\/2025\/01\/10\/sabias-que-la-biblia-habla-de-un-hombre-llamado-perez\">https:\/\/es.aleteia.org\/2025\/01\/10\/sabias-que-la-biblia-habla-de-un-hombre-llamado-perez<\/a><\/p>\n","protected":false},"excerpt":{"rendered":"<p>P\u00e9rez era hijo de Jud\u00e1, el libro del G\u00e9nesis en la Biblia habla de su historia, pues se convirti\u00f3 en [&hellip;]<\/p>\n","protected":false},"author":1,"featured_media":92977,"comment_status":"open","ping_status":"open","sticky":false,"template":"","format":"standard","meta":{"site-sidebar-layout":"default","site-content-layout":"","ast-site-content-layout":"default","site-content-style":"default","site-sidebar-style":"default","ast-global-header-display":"","ast-banner-title-visibility":"","ast-main-header-display":"","ast-hfb-above-header-display":"","ast-hfb-below-header-display":"","ast-hfb-mobile-header-display":"","site-post-title":"","ast-breadcrumbs-content":"","ast-featured-img":"","footer-sml-layout":"","theme-transparent-header-meta":"","adv-header-id-meta":"","stick-header-meta":"","header-above-stick-meta":"","header-main-stick-meta":"","header-below-stick-meta":"","astra-migrate-meta-layouts":"default","ast-page-background-enabled":"default","ast-page-background-meta":{"desktop":{"background-color":"var(--ast-global-color-4)","background-image":"","background-repeat":"repeat","background-position":"center center","background-size":"auto","background-attachment":"scroll","background-type":"","background-media":"","overlay-type":"","overlay-color":"","overlay-opacity":"","overlay-gradient":""},"tablet":{"background-color":"","background-image":"","background-repeat":"repeat","background-position":"center center","background-size":"auto","background-attachment":"scroll","background-type":"","background-media":"","overlay-type":"","overlay-color":"","overlay-opacity":"","overlay-gradient":""},"mobile":{"background-color":"","background-image":"","background-repeat":"repeat","background-position":"center center","background-size":"auto","background-attachment":"scroll","background-type":"","background-media":"","overlay-type":"","overlay-color":"","overlay-opacity":"","overlay-gradient":""}},"ast-content-background-meta":{"desktop":{"background-color":"var(--ast-global-color-5)","background-image":"","background-repeat":"repeat","background-position":"center center","background-size":"auto","background-attachment":"scroll","background-type":"","background-media":"","overlay-type":"","overlay-color":"","overlay-opacity":"","overlay-gradient":""},"tablet":{"background-color":"var(--ast-global-color-5)","background-image":"","background-repeat":"repeat","background-position":"center center","background-size":"auto","background-attachment":"scroll","background-type":"","background-media":"","overlay-type":"","overlay-color":"","overlay-opacity":"","overlay-gradient":""},"mobile":{"background-color":"var(--ast-global-color-5)","background-image":"","background-repeat":"repeat","background-position":"center center","background-size":"auto","background-attachment":"scroll","background-type":"","background-media":"","overlay-type":"","overlay-color":"","overlay-opacity":"","overlay-gradient":""}},"footnotes":""},"categories":[8],"tags":[34808,34807,34809],"class_list":["post-92976","post","type-post","status-publish","format-standard","has-post-thumbnail","hentry","category-noticias","tag-peres-o-estallar","tag-textos-biblicos","tag-textos-del-genesis"],"_links":{"self":[{"href":"https:\/\/losperiodistas.com.mx\/portal\/wp-json\/wp\/v2\/posts\/92976","targetHints":{"allow":["GET"]}}],"collection":[{"href":"https:\/\/losperiodistas.com.mx\/portal\/wp-json\/wp\/v2\/posts"}],"about":[{"href":"https:\/\/losperiodistas.com.mx\/portal\/wp-json\/wp\/v2\/types\/post"}],"author":[{"embeddable":true,"href":"https:\/\/losperiodistas.com.mx\/portal\/wp-json\/wp\/v2\/users\/1"}],"replies":[{"embeddable":true,"href":"https:\/\/losperiodistas.com.mx\/portal\/wp-json\/wp\/v2\/comments?post=92976"}],"version-history":[{"count":1,"href":"https:\/\/losperiodistas.com.mx\/portal\/wp-json\/wp\/v2\/posts\/92976\/revisions"}],"predecessor-version":[{"id":92978,"href":"https:\/\/losperiodistas.com.mx\/portal\/wp-json\/wp\/v2\/posts\/92976\/revisions\/92978"}],"wp:featuredmedia":[{"embeddable":true,"href":"https:\/\/losperiodistas.com.mx\/portal\/wp-json\/wp\/v2\/media\/92977"}],"wp:attachment":[{"href":"https:\/\/losperiodistas.com.mx\/portal\/wp-json\/wp\/v2\/media?parent=92976"}],"wp:term":[{"taxonomy":"category","embeddable":true,"href":"https:\/\/losperiodistas.com.mx\/portal\/wp-json\/wp\/v2\/categories?post=92976"},{"taxonomy":"post_tag","embeddable":true,"href":"https:\/\/losperiodistas.com.mx\/portal\/wp-json\/wp\/v2\/tags?post=92976"}],"curies":[{"name":"wp","href":"https:\/\/api.w.org\/{rel}","templated":true}]}}