{"id":92970,"date":"2025-01-11T11:46:57","date_gmt":"2025-01-11T17:46:57","guid":{"rendered":"https:\/\/losperiodistas.com.mx\/portal\/?p=92970"},"modified":"2025-01-11T11:46:59","modified_gmt":"2025-01-11T17:46:59","slug":"las-mafias-las-prefieren-rubias-asi-funciona-el-trafico-de-pelo-xlsemanal","status":"publish","type":"post","link":"https:\/\/losperiodistas.com.mx\/portal\/las-mafias-las-prefieren-rubias-asi-funciona-el-trafico-de-pelo-xlsemanal\/","title":{"rendered":"Las mafias las prefieren rubias: as\u00ed funciona el tr\u00e1fico de pelo | XLSemanal"},"content":{"rendered":"\n<p class=\"has-pale-cyan-blue-background-color has-background has-medium-font-size\"><strong>Hay cada vez menos rubias y casi todas est\u00e1n en las antiguas rep\u00fablicas sovi\u00e9ticas. A las mafias el dato no les ha pasado inadvertido y se han lanzado al asalto de la \u00faltima gran mina de oro capilar. Aunque el negocio es legal, tras las doradas extensiones de las &#8216;celebrities&#8217; se esconde el drama de miles de j\u00f3venes madres rusas que renuncian a su pelo para comprar ropa y libros a sus ni\u00f1os.<\/strong><\/p>\n\n\n\n<figure class=\"wp-block-image size-full\"><img fetchpriority=\"high\" decoding=\"async\" width=\"984\" height=\"656\" src=\"https:\/\/losperiodistas.com.mx\/portal\/wp-content\/uploads\/2025\/01\/extensiones-pelo-rubio.jpg\" alt=\"\" class=\"wp-image-92971\" srcset=\"https:\/\/losperiodistas.com.mx\/portal\/wp-content\/uploads\/2025\/01\/extensiones-pelo-rubio.jpg 984w, https:\/\/losperiodistas.com.mx\/portal\/wp-content\/uploads\/2025\/01\/extensiones-pelo-rubio-300x200.jpg 300w, https:\/\/losperiodistas.com.mx\/portal\/wp-content\/uploads\/2025\/01\/extensiones-pelo-rubio-768x512.jpg 768w\" sizes=\"(max-width: 984px) 100vw, 984px\" \/><figcaption class=\"wp-element-caption\">Extensiones de hasta 80 cm de largo, listas para ser vendidas. Cuanto m\u00e1s largas, m\u00e1s caras. Una de estas puede valer varios miles de euros.\u00a0Fotos de Anastasia Taylor-Lind<\/figcaption><\/figure>\n\n\n\n<p class=\"has-vivid-red-color has-text-color has-link-color has-medium-font-size wp-elements-56975c196e2abecf35e7bdf80a7a8016\"><strong><a>Carlos Manuel S\u00e1nchez<\/a> \/ XLSemanal<\/strong><\/p>\n\n\n\n<p><\/p>\n\n\n\n<p>Con la primavera llegan los modernos &#8216;tramperos&#8217; a la provincia de Kaluga, en la Rusia Profunda. No se internan en los bosques donde habita la marta cibelina, sino que recorren la estepa convertida en un barrizal por el deshielo. Van de pueblo en pueblo por los mismos caminos&nbsp;enlodados que trabaron las patas de los caballos t\u00e1rtaros y las botas de los soldados de Napole\u00f3n. Son buscadores de oro. Trenzas de oro luminoso y suave como trigo candeal. Traficantes de pelo. Mercaderes ambulantes que compran cabelleras al peso en los \u00faltimos yacimientos de rubio natural del mundo: las remotas aldeas atrincheradas entre los montes Urales y los afluentes del Volga, en Siberia,&nbsp;<a href=\"https:\/\/www.abc.es\/xlsemanal\/a-fondo\/guerra-europa-putin-rusia-soldados-ucrania-estados-unidos-mundo-joe-biden.html\">Ucrania<\/a>&nbsp;y Uzbequist\u00e1n; contrabandistas capilares en Bielorrusia, pa\u00eds donde este comercio ya ha sido prohibido.<img decoding=\"async\" alt=\"alternative text\" src=\"https:\/\/www.abc.es\/xlsemanal\/wp-content\/uploads\/sites\/5\/2024\/12\/cabellos-belli-capelli-rubias.jpg\"><strong>El otro lado del espejo.&nbsp;<\/strong>Para alargar sus propios cabellos y saber c\u00f3mo cuidar la \u2018inversi\u00f3n\u2019, cada vez m\u00e1s j\u00f3venes moscovitas recorren 300 kil\u00f3metros al sur de la capital, hasta Mosalsk, donde opera la ya famosa escuela La Rubia de Oro, del sal\u00f3n Belli Capelli, proveedor a su vez de extensiones de gran calidad.<\/p>\n\n\n\n<p>Es un negocio global y floreciente impulsado por la moda de las extensiones en Europa y Estados Unidos. El pelo oscuro que exportan la India y China es m\u00e1s abundante y barato, pero el rubio y la gama de tonalides claras \u2013arena, fresno, vainilla\u2013 son m\u00e1s apreciados por dos razones: escasean y es m\u00e1s f\u00e1cil te\u00f1irlos para imitar otro color. As\u00ed que los compradores de pelo llegan a las regiones m\u00e1s pobres de la antigua Uni\u00f3n Sovi\u00e9tica con un fajo de rublos en la mano, pagan una peque\u00f1a suma \u2013desde 35 euros al cambio por una trenza de unos 40 cent\u00edmetros, la longitud m\u00ednima de uso comercial\u2013 a mujeres que se dejan \u2018esquilar\u2019. Y revenden el bot\u00edn a los mayoristas. El kilo de pelo rubio de gran calidad alcanza ya en el mercado internacional los 700 euros. Y su cotizaci\u00f3n sigue subiendo.<\/p>\n\n\n\n<h2 class=\"wp-block-heading\">Hace 50 a\u00f1os, la mitad de la poblaci\u00f3n mundial portaba el gen de la \u2018rubiez\u2019. Hoy, solo el 14%. La rareza fija su precio en el mercado: 1200 euros el kilo. A las mujeres les pagan 35 por una trenza<\/h2>\n\n\n\n<p>Una vez procesada la materia prima, los grandes proveedores rusos y ucranianos, y tambi\u00e9n italianos con socios en aquellos pa\u00edses, la distribuyen a los salones de belleza europeos y norteamericanos, aunque una cuarta parte la consumen las clases acomodadas de Mosc\u00fa, San Petersburgo y Kiev. El precio medio para las extensiones ronda los 300 euros, pero puede costar varios miles en establecimientos de \u00e9lite, en especial si se trata de pelo virgen (sin te\u00f1ir) con certificado de autenticidad y denominaci\u00f3n de origen, aunque las falsificaciones tambi\u00e9n han llegado a este producto, algunas fabricadas con pelaje de yak. Cada dos o tres meses hay que pasar por la peluquer\u00eda para reponer los mechones perdidos o recolocar los despegados. Este mantenimiento cuesta otros 100 euros por sesi\u00f3n. Cada mech\u00f3n pesa unos 30 gramos y hacen falta al menos 20 para lucir una cola de caballo y unos 50 para lograr una melena que llegue a la cintura.<img decoding=\"async\" alt=\"alternative text\" src=\"https:\/\/www.abc.es\/xlsemanal\/wp-content\/uploads\/sites\/5\/2024\/12\/cliente-moscovita-melena-ideal.jpg\"><strong>Buscadores de cabelleras.&nbsp;<\/strong>Color, textura, extensi\u00f3n&#8230; todo cuenta, y se paga. Una adinerada cliente moscovita busca su melena ideal. Ya existen tiendas especializadas, aut\u00e9nticas boutiques al alcance de muy pocos.<\/p>\n\n\n\n<p>Pese a que el mercado europeo tambi\u00e9n est\u00e1 en auge, Estados Unidos es el principal comprador de cabello humano para extensiones, con una facturaci\u00f3n de 250 millones de d\u00f3lares anuales (unos 175 millones de euros). Pero la mayor\u00eda es pelo casta\u00f1o y negro de pa\u00edses asi\u00e1ticos, destinado a las mujeres afroamericanas, pioneras en el uso de extensiones. La tendencia entre las clientes de pelo m\u00e1s claro fue popularizada por Paris Hilton, Cameron Diaz, Christina Aguilera, Jennifer Aniston o Jessica Simpson. \u00abLos bucles m\u00e1s exclusivos y caros son los de pelo rubio natural. Es muy dif\u00edcil obtener pelo adulto natural que sea rubio. Casi el 90 por ciento de la poblaci\u00f3n mundial tiene el cabello de color casta\u00f1o. La rareza del color determina el precio\u00bb, explica Des Tobin, profesor de biolog\u00eda de la Universidad de Bradford (Reino Unido).<\/p>\n\n\n\n<h2 class=\"wp-block-heading\">El tr\u00e1fico de pelo es un negocio global impulsado por la moda en Europa y Estados Unidos, y es tan rentable que los mayoristas custodian sus almacenes con vigilantes armados<\/h2>\n\n\n\n<p>Y entre todos los rubios, el de las mujeres eslavas es el m\u00e1s codiciado. \u00abNadie m\u00e1s tiene esto, nadie. El pelo ruso es el mejor del mundo\u00bb, asegura Aleksei Kuznetsov al New York Times. Kuznetsov es el propietario de Belli Capelli, una de las principales empresas del sector, con unas ventas de millones de euros. Recolectar un saco de 20 kilos supone dos meses de trabajo. La variedad m\u00e1s cara es el rubio caramelizado del que presumen las adolescentes de la vertiente oriental de los Urales: vetas que cambian de tonalidad \u2013de miel a platino\u2013 a la luz del sol; hebras de textura fin\u00edsima que se peinan solas con el roce del viento. Buena parte del cabello recolectado en Rusia proviene de bucles conservados en casa de cortes previos. Algunas mujeres rusas y ucranianas se cortan el pelo, por tradici\u00f3n, despu\u00e9s de dar a luz a su primer hijo y pueden decidir venderlo a\u00f1os despu\u00e9s. En zonas muy pobres es un recurso para lidiar con tiempos desesperados.<img decoding=\"async\" alt=\"alternative text\" src=\"https:\/\/www.abc.es\/xlsemanal\/wp-content\/uploads\/sites\/5\/2024\/12\/aleksei-kuznetsov-belli-capelli.jpg\"><strong><\/strong>Alekxei Kuznetsov, jefe de Belli Capelli, en Mosalsk, y maestro de La Rubia de Oro, muestra una de sus cabelleras m\u00e1s caras.<\/p>\n\n\n\n<p>En una nave de Belli Capelli, varias decenas de empleados lavan, ti\u00f1en y peinan cabello. El proceso es laborioso. Primero hay que hervirlo y desinfectarlo. Pasa por una lavadora industrial y m\u00e1s tarde por un fregadero donde se frota a mano con agua y detergente. Las guedejas se dejan secar, colgadas en unos alambres, o bien se meten en un horno para acelerar la evaporaci\u00f3n. Luego son cepilladas con unos grandes peines de p\u00faas. Despu\u00e9s de desenredar los mechones, se iguala el largo hasta una medida est\u00e1ndar.<\/p>\n\n\n\n<p>La cosecha rubia no es nueva, pero s\u00ed los viveros donde se siega. En los 60 y 70, Europa Central y Escandinavia, sobre todo mujeres finlandesas del medio rural. Con la implosi\u00f3n del comunismo, la b\u00fasqueda se extendi\u00f3 hacia el este. En los 80, polacas, rumanas y moldavas. En los 90, ucranianas, b\u00e1lticas y rusas; al principio, de las capitales; despu\u00e9s, de regiones cada vez m\u00e1s apartadas, m\u00e1s deprimidas. A medida que crec\u00eda la renta en los pa\u00edses productores y las mujeres de pelo claro escalaban posiciones econ\u00f3micas, el rastreo de rubias pobres dispuestas a entregar sus cabelleras se hizo m\u00e1s dif\u00edcil. \u00abEs l\u00f3gico que la gente de Ucrania venda su pelo cien veces m\u00e1s a menudo que la de Suecia. No se hace por gusto. Solo los que tienen apuros financieros recurren a esta fuente de ingresos\u00bb, expone David Elman, un intermediario con sede en Kiev. El periodo fuerte de ventas coincide con el comienzo del curso escolar, cuando muchas mam\u00e1s y hermanas mayores sacrifican su mata de pelo para comprarle a los peques libros y uniformes.<img decoding=\"async\" alt=\"alternative text\" src=\"https:\/\/www.abc.es\/xlsemanal\/wp-content\/uploads\/sites\/5\/2024\/12\/garantia-pelo-eslavo.jpg\"><strong>Sello de calidad.&nbsp;<\/strong>La etiqueta del celebrado sal\u00f3n es la garant\u00eda del pelo real eslavo.<\/p>\n\n\n\n<p>Elman vend\u00eda pelucas, pero se pas\u00f3 a los bucles rubios y hoy suministra a lujosos salones de peluquer\u00eda en Alemania y Estados Unidos. \u00abLa demanda es alta, pero no puedo distribuir m\u00e1s de 150 kilos a la semana.\u00bb El negocio es tan goloso que las mafias locales se disputan la recolecci\u00f3n en algunas zonas de los Urales, y los 30 mayoristas que compran la mercanc\u00eda, a m\u00e1s de 1200 kil\u00f3metros de all\u00ed, mantienen vigilantes armados en sus almacenes para evitar que los ladrones les \u2018tomen el pelo\u2019. Bielorrusia ha prohibido el comercio de cabello y lo ha tipificado como delito. Y en Ucrania, la ex primera ministra Yulia Timoshenko luce una trenza rub\u00edsima y espectacular como s\u00edmbolo de sus credenciales nacionalistas. No obstante, ha confesado que el color aut\u00e9ntico de su pelo es casta\u00f1o.<\/p>\n\n\n\n<h2 class=\"wp-block-heading\">\u00abEs l\u00f3gico que la gente de Ucrania venda su pelo cien veces m\u00e1s que la de Suecia. No se hace por gusto, sino por necesidad\u00bb, dice un intermediario<\/h2>\n\n\n\n<p>Algunos expertos creen que el rubio natural est\u00e1 condenado a la extinci\u00f3n y que el gen responsable podr\u00eda desaparecer en un par de siglos, aunque la mayor\u00eda considera esta hip\u00f3tesis una exageraci\u00f3n. Ese gen ser\u00eda el resultado de una mutaci\u00f3n ocurrida en el norte de Europa hace 11.000 a\u00f1os, durante la Edad de Hielo. Las mujeres rubias y con ojos azules eran m\u00e1s llamativas que sus rivales y as\u00ed captaban la atenci\u00f3n de los hombres, siendo preferidas en el apareamiento. La evoluci\u00f3n hizo el resto. Desde entonces, el rubio se asocia a fertilidad, belleza y estatus. Pero hoy solo el 14 por ciento de la poblaci\u00f3n mundial portar\u00eda en su genoma ese alelo recesivo cuando hace medio siglo el porcentaje rozaba el 50 por ciento.<\/p>\n\n\n\n<p>Donde la competencia es feroz es en el mercado global. El rubio genuino de Rusia y Ucrania se disputa la cuota del cabello natural \u2013el de fibra sint\u00e9tica es mucho m\u00e1s barato, pero no resiste las altas temperaturas de los rizados o alisados\u2013 con el pelo chino y el indio. \u00abHay unas 10.000 f\u00e1bricas de cabello en China. Existe un t\u00f3pico que equipara los productos chinos con la mala calidad, pero en el caso del pelo no es cierto. El problema es que es oscuro, lo cual limita mucho los colores a los que puede ser te\u00f1ido\u00bb, explica Julia Shishkina, directora de Hairshop, empresa rusa que abastece a peluquer\u00edas.<img decoding=\"async\" alt=\"alternative text\" src=\"https:\/\/www.abc.es\/xlsemanal\/wp-content\/uploads\/sites\/5\/2024\/12\/mafias-rubias-trafico-pelo-f.jpg\"><strong>Corte y confecci\u00f3n.&nbsp;<\/strong>Un grupo de empleadas de la fabrica Yukhov, en Rusia, ultima varias melenas.<\/p>\n\n\n\n<p>En el caso del cabello indio entran en liza razones \u00e9ticas que condicionan su venta. Una investigaci\u00f3n de la BBC revel\u00f3 que el pelo que se corta a las ni\u00f1as en los templos hind\u00faes era revendido a una red de traficantes. Un negocio redondo porque la donaci\u00f3n es gratuita. A las menores obligadas a la ofrenda ritual por sus padres se les termina rapando la cabeza entre l\u00e1grimas. Estrellas del pop como Jamelia, brit\u00e1nica de origen jamaicano, que antes llevaba extensiones, abanderan campa\u00f1as contra este comercio.<\/p>\n\n\n\n<p>Por \u00faltimo, un mercado alternativo: Internet. \u00abAlgunos salones de belleza de Mosc\u00fa se abastecen de chicas que venden su pelo en la Red. Son j\u00f3venes urbanas; muchas, estudiantes o desempleadas\u00bb, relata Shishkina. Es habitual que en los anuncios las chicas aseguren que no fuman ni beben y que toman complejos vitam\u00ednicos, adem\u00e1s de especificar la marca del champ\u00fa que utilizan y la longitud y el grosor de la melena que subastan. Si no, el precio baja.<\/p>\n\n\n\n<p>Fuente: <a href=\"https:\/\/www.abc.es\/xlsemanal\/a-fondo\/trafico-pelo-rubias-mafias-rusas-venta-extensiones-pelucas.html\">https:\/\/www.abc.es\/xlsemanal\/a-fondo\/trafico-pelo-rubias-mafias-rusas-venta-extensiones-pelucas.html<\/a><\/p>\n","protected":false},"excerpt":{"rendered":"<p>Hay cada vez menos rubias y casi todas est\u00e1n en las antiguas rep\u00fablicas sovi\u00e9ticas. A las mafias el dato no [&hellip;]<\/p>\n","protected":false},"author":1,"featured_media":92971,"comment_status":"open","ping_status":"open","sticky":false,"template":"","format":"standard","meta":{"site-sidebar-layout":"default","site-content-layout":"","ast-site-content-layout":"default","site-content-style":"default","site-sidebar-style":"default","ast-global-header-display":"","ast-banner-title-visibility":"","ast-main-header-display":"","ast-hfb-above-header-display":"","ast-hfb-below-header-display":"","ast-hfb-mobile-header-display":"","site-post-title":"","ast-breadcrumbs-content":"","ast-featured-img":"","footer-sml-layout":"","theme-transparent-header-meta":"","adv-header-id-meta":"","stick-header-meta":"","header-above-stick-meta":"","header-main-stick-meta":"","header-below-stick-meta":"","astra-migrate-meta-layouts":"default","ast-page-background-enabled":"default","ast-page-background-meta":{"desktop":{"background-color":"var(--ast-global-color-4)","background-image":"","background-repeat":"repeat","background-position":"center center","background-size":"auto","background-attachment":"scroll","background-type":"","background-media":"","overlay-type":"","overlay-color":"","overlay-opacity":"","overlay-gradient":""},"tablet":{"background-color":"","background-image":"","background-repeat":"repeat","background-position":"center center","background-size":"auto","background-attachment":"scroll","background-type":"","background-media":"","overlay-type":"","overlay-color":"","overlay-opacity":"","overlay-gradient":""},"mobile":{"background-color":"","background-image":"","background-repeat":"repeat","background-position":"center center","background-size":"auto","background-attachment":"scroll","background-type":"","background-media":"","overlay-type":"","overlay-color":"","overlay-opacity":"","overlay-gradient":""}},"ast-content-background-meta":{"desktop":{"background-color":"var(--ast-global-color-5)","background-image":"","background-repeat":"repeat","background-position":"center center","background-size":"auto","background-attachment":"scroll","background-type":"","background-media":"","overlay-type":"","overlay-color":"","overlay-opacity":"","overlay-gradient":""},"tablet":{"background-color":"var(--ast-global-color-5)","background-image":"","background-repeat":"repeat","background-position":"center center","background-size":"auto","background-attachment":"scroll","background-type":"","background-media":"","overlay-type":"","overlay-color":"","overlay-opacity":"","overlay-gradient":""},"mobile":{"background-color":"var(--ast-global-color-5)","background-image":"","background-repeat":"repeat","background-position":"center center","background-size":"auto","background-attachment":"scroll","background-type":"","background-media":"","overlay-type":"","overlay-color":"","overlay-opacity":"","overlay-gradient":""}},"footnotes":""},"categories":[8],"tags":[34802,34800,34801,34799,34803],"class_list":["post-92970","post","type-post","status-publish","format-standard","has-post-thumbnail","hentry","category-noticias","tag-cabello-rubio","tag-kaluga","tag-mafias-rusas","tag-modernos-tramperos","tag-trafico-de-cabello"],"_links":{"self":[{"href":"https:\/\/losperiodistas.com.mx\/portal\/wp-json\/wp\/v2\/posts\/92970","targetHints":{"allow":["GET"]}}],"collection":[{"href":"https:\/\/losperiodistas.com.mx\/portal\/wp-json\/wp\/v2\/posts"}],"about":[{"href":"https:\/\/losperiodistas.com.mx\/portal\/wp-json\/wp\/v2\/types\/post"}],"author":[{"embeddable":true,"href":"https:\/\/losperiodistas.com.mx\/portal\/wp-json\/wp\/v2\/users\/1"}],"replies":[{"embeddable":true,"href":"https:\/\/losperiodistas.com.mx\/portal\/wp-json\/wp\/v2\/comments?post=92970"}],"version-history":[{"count":1,"href":"https:\/\/losperiodistas.com.mx\/portal\/wp-json\/wp\/v2\/posts\/92970\/revisions"}],"predecessor-version":[{"id":92972,"href":"https:\/\/losperiodistas.com.mx\/portal\/wp-json\/wp\/v2\/posts\/92970\/revisions\/92972"}],"wp:featuredmedia":[{"embeddable":true,"href":"https:\/\/losperiodistas.com.mx\/portal\/wp-json\/wp\/v2\/media\/92971"}],"wp:attachment":[{"href":"https:\/\/losperiodistas.com.mx\/portal\/wp-json\/wp\/v2\/media?parent=92970"}],"wp:term":[{"taxonomy":"category","embeddable":true,"href":"https:\/\/losperiodistas.com.mx\/portal\/wp-json\/wp\/v2\/categories?post=92970"},{"taxonomy":"post_tag","embeddable":true,"href":"https:\/\/losperiodistas.com.mx\/portal\/wp-json\/wp\/v2\/tags?post=92970"}],"curies":[{"name":"wp","href":"https:\/\/api.w.org\/{rel}","templated":true}]}}