{"id":92967,"date":"2025-01-11T09:38:00","date_gmt":"2025-01-11T15:38:00","guid":{"rendered":"https:\/\/losperiodistas.com.mx\/portal\/?p=92967"},"modified":"2025-01-11T09:38:02","modified_gmt":"2025-01-11T15:38:02","slug":"gobierno-de-la-ciudad-realizara-la-primera-feria-de-los-barrios-en-puebla","status":"publish","type":"post","link":"https:\/\/losperiodistas.com.mx\/portal\/gobierno-de-la-ciudad-realizara-la-primera-feria-de-los-barrios-en-puebla\/","title":{"rendered":"Gobierno de la Ciudad realizar\u00e1 la primera Feria de los Barrios en Puebla"},"content":{"rendered":"\n<figure class=\"wp-block-image size-large\"><img fetchpriority=\"high\" decoding=\"async\" width=\"1024\" height=\"683\" src=\"https:\/\/losperiodistas.com.mx\/portal\/wp-content\/uploads\/2025\/01\/9309b5cf-a27c-45e2-8daf-110daf41edd5-1024x683.jpeg\" alt=\"\" class=\"wp-image-92968\" srcset=\"https:\/\/losperiodistas.com.mx\/portal\/wp-content\/uploads\/2025\/01\/9309b5cf-a27c-45e2-8daf-110daf41edd5-1024x683.jpeg 1024w, https:\/\/losperiodistas.com.mx\/portal\/wp-content\/uploads\/2025\/01\/9309b5cf-a27c-45e2-8daf-110daf41edd5-300x200.jpeg 300w, https:\/\/losperiodistas.com.mx\/portal\/wp-content\/uploads\/2025\/01\/9309b5cf-a27c-45e2-8daf-110daf41edd5-768x512.jpeg 768w, https:\/\/losperiodistas.com.mx\/portal\/wp-content\/uploads\/2025\/01\/9309b5cf-a27c-45e2-8daf-110daf41edd5-1536x1024.jpeg 1536w, https:\/\/losperiodistas.com.mx\/portal\/wp-content\/uploads\/2025\/01\/9309b5cf-a27c-45e2-8daf-110daf41edd5-2048x1366.jpeg 2048w\" sizes=\"(max-width: 1024px) 100vw, 1024px\" \/><figcaption class=\"wp-element-caption\">Ayuntamiento Puebla<\/figcaption><\/figure>\n\n\n\n<p><\/p>\n\n\n\n<p class=\"has-vivid-red-color has-text-color has-link-color has-medium-font-size wp-elements-6fb932cedf388346955b6bb1e01ef4e1\"><strong>COMUNICADO<\/strong><\/p>\n\n\n\n<p>El Gobierno de la Ciudad, encabezado por el alcalde Pepe Chedraui Budib, a trav\u00e9s de la Gerencia del Centro Hist\u00f3rico y Patrimonio Cultural, anunci\u00f3 la primera Feria de los Barrios. Un evento que reconoce y celebra la riqueza cultural de los 10 barrios hist\u00f3ricos de la ciudad: Xonaca, El Alto, La Luz, San Francisco, Analco, El Carmen, San Miguelito, Xanenetla, Santiago y el Barrio del Artista.<\/p>\n\n\n\n<p>Siguiendo la visi\u00f3n del alcalde, la gerente del Centro Hist\u00f3rico, Aime\u00e9 Guerra, coment\u00f3 que se busca impulsar a los creadores poblanos y preservar las tradiciones, la Feria se llevar\u00e1 a cabo el 11 y 12 de enero, de 10:00 a 17:00 horas, en San Pedro Museo de Arte, con entrada libre al patio de dicho recinto.<\/p>\n\n\n\n<p>Este evento busca destacar el valioso trabajo de artesanos, artistas y colectivos que contribuyen a la preservaci\u00f3n del patrimonio intangible de la ciudad. Los asistentes podr\u00e1n disfrutar de:<\/p>\n\n\n\n<p>\u2022 Foro art\u00edstico: Presentaciones de danza de huehues, trova, cuentacuentos, danz\u00f3n, entre otros.<br>\u2022 Expo-venta artesanal: Participaci\u00f3n de 19 artesanos que mostrar\u00e1n oficios tradicionales como alfarer\u00eda, cartoner\u00eda, grabados y vitrales.<br>\u2022 Zona de juegos y talleres infantiles: Espacios interactivos para acercar a las ni\u00f1as y ni\u00f1os al patrimonio de los barrios de forma l\u00fadica.<br>\u2022 \u00c1rea gastron\u00f3mica: Degustaci\u00f3n de sabores t\u00edpicos de los barrios.<\/p>\n\n\n\n<p>Adem\u00e1s, durante la inauguraci\u00f3n se entregar\u00e1n reconocimientos a nueve organizaciones y colectivos que han trabajado incansablemente por sus barrios, como el Consejo Puebla de Lectura, el Colectivo Tomate y Re-Genera Espacio, entre otros.<\/p>\n\n\n\n<p><strong>SE INAUGURA LA EXPOSICI\u00d3N \u201cCIEN FACHADAS, UN MILL\u00d3N DE HISTORIAS\u201d<\/strong><\/p>\n\n\n\n<p>Como parte de las actividades que buscan generar conciencia sobre el Centro Hist\u00f3rico, se inaugurar\u00e1 la exposici\u00f3n \u201cCien fachadas, un mill\u00f3n de historias\u201d, del artista visual Jorge Gamboa.<\/p>\n\n\n\n<p>Esta muestra destaca la riqueza del patrimonio edificado del Centro Hist\u00f3rico de Puebla a trav\u00e9s de la fotograf\u00eda, enmarcando el inicio del programa de actividades por los 10 a\u00f1os de la declaratoria de Puebla como Ciudad Creativa del Dise\u00f1o por la UNESCO.<\/p>\n\n\n\n<p>La inauguraci\u00f3n se llevar\u00e1 a cabo el lunes 13 de enero, a las 18:00 horas, y la exposici\u00f3n estar\u00e1 abierta al p\u00fablico hasta abril, de martes a domingo, de 10:00 a 18:00 horas.<\/p>\n\n\n\n<p>La Gerencia del Centro Hist\u00f3rico y Patrimonio Cultural, que encabeza Aime\u00e9 Guerra P\u00e9rez, invita a la ciudadan\u00eda a ser parte de esta experiencia \u00fanica, que celebra la riqueza de nuestros barrios, promueve el encuentro y la convivencia, y resalta el compromiso del Gobierno Municipal con la preservaci\u00f3n del patrimonio.<\/p>\n\n\n\n<p>Para m\u00e1s informaci\u00f3n sobre la programaci\u00f3n, visite las redes sociales en Facebook, Instagram y X como Gerencia CH Puebla.<\/p>\n","protected":false},"excerpt":{"rendered":"<p>COMUNICADO El Gobierno de la Ciudad, encabezado por el alcalde Pepe Chedraui Budib, a trav\u00e9s de la Gerencia del Centro [&hellip;]<\/p>\n","protected":false},"author":1,"featured_media":92968,"comment_status":"open","ping_status":"open","sticky":false,"template":"","format":"standard","meta":{"site-sidebar-layout":"default","site-content-layout":"","ast-site-content-layout":"default","site-content-style":"default","site-sidebar-style":"default","ast-global-header-display":"","ast-banner-title-visibility":"","ast-main-header-display":"","ast-hfb-above-header-display":"","ast-hfb-below-header-display":"","ast-hfb-mobile-header-display":"","site-post-title":"","ast-breadcrumbs-content":"","ast-featured-img":"","footer-sml-layout":"","theme-transparent-header-meta":"","adv-header-id-meta":"","stick-header-meta":"","header-above-stick-meta":"","header-main-stick-meta":"","header-below-stick-meta":"","astra-migrate-meta-layouts":"default","ast-page-background-enabled":"default","ast-page-background-meta":{"desktop":{"background-color":"var(--ast-global-color-4)","background-image":"","background-repeat":"repeat","background-position":"center center","background-size":"auto","background-attachment":"scroll","background-type":"","background-media":"","overlay-type":"","overlay-color":"","overlay-opacity":"","overlay-gradient":""},"tablet":{"background-color":"","background-image":"","background-repeat":"repeat","background-position":"center center","background-size":"auto","background-attachment":"scroll","background-type":"","background-media":"","overlay-type":"","overlay-color":"","overlay-opacity":"","overlay-gradient":""},"mobile":{"background-color":"","background-image":"","background-repeat":"repeat","background-position":"center center","background-size":"auto","background-attachment":"scroll","background-type":"","background-media":"","overlay-type":"","overlay-color":"","overlay-opacity":"","overlay-gradient":""}},"ast-content-background-meta":{"desktop":{"background-color":"var(--ast-global-color-5)","background-image":"","background-repeat":"repeat","background-position":"center center","background-size":"auto","background-attachment":"scroll","background-type":"","background-media":"","overlay-type":"","overlay-color":"","overlay-opacity":"","overlay-gradient":""},"tablet":{"background-color":"var(--ast-global-color-5)","background-image":"","background-repeat":"repeat","background-position":"center center","background-size":"auto","background-attachment":"scroll","background-type":"","background-media":"","overlay-type":"","overlay-color":"","overlay-opacity":"","overlay-gradient":""},"mobile":{"background-color":"var(--ast-global-color-5)","background-image":"","background-repeat":"repeat","background-position":"center center","background-size":"auto","background-attachment":"scroll","background-type":"","background-media":"","overlay-type":"","overlay-color":"","overlay-opacity":"","overlay-gradient":""}},"footnotes":""},"categories":[8],"tags":[32753,5154,5155,34795,34793,34796,20294,34797,34798,33805,34794],"class_list":["post-92967","post","type-post","status-publish","format-standard","has-post-thumbnail","hentry","category-noticias","tag-laciudadimparable","tag-analco","tag-el-alto","tag-el-carmen","tag-feria-de-los-barrios-de-puebla","tag-la-luz","tag-san-francisco","tag-san-miguelito","tag-santiago-y-el-barrio-del-artista","tag-xanenetla","tag-xonaca"],"_links":{"self":[{"href":"https:\/\/losperiodistas.com.mx\/portal\/wp-json\/wp\/v2\/posts\/92967","targetHints":{"allow":["GET"]}}],"collection":[{"href":"https:\/\/losperiodistas.com.mx\/portal\/wp-json\/wp\/v2\/posts"}],"about":[{"href":"https:\/\/losperiodistas.com.mx\/portal\/wp-json\/wp\/v2\/types\/post"}],"author":[{"embeddable":true,"href":"https:\/\/losperiodistas.com.mx\/portal\/wp-json\/wp\/v2\/users\/1"}],"replies":[{"embeddable":true,"href":"https:\/\/losperiodistas.com.mx\/portal\/wp-json\/wp\/v2\/comments?post=92967"}],"version-history":[{"count":1,"href":"https:\/\/losperiodistas.com.mx\/portal\/wp-json\/wp\/v2\/posts\/92967\/revisions"}],"predecessor-version":[{"id":92969,"href":"https:\/\/losperiodistas.com.mx\/portal\/wp-json\/wp\/v2\/posts\/92967\/revisions\/92969"}],"wp:featuredmedia":[{"embeddable":true,"href":"https:\/\/losperiodistas.com.mx\/portal\/wp-json\/wp\/v2\/media\/92968"}],"wp:attachment":[{"href":"https:\/\/losperiodistas.com.mx\/portal\/wp-json\/wp\/v2\/media?parent=92967"}],"wp:term":[{"taxonomy":"category","embeddable":true,"href":"https:\/\/losperiodistas.com.mx\/portal\/wp-json\/wp\/v2\/categories?post=92967"},{"taxonomy":"post_tag","embeddable":true,"href":"https:\/\/losperiodistas.com.mx\/portal\/wp-json\/wp\/v2\/tags?post=92967"}],"curies":[{"name":"wp","href":"https:\/\/api.w.org\/{rel}","templated":true}]}}