{"id":928,"date":"2020-11-06T09:10:36","date_gmt":"2020-11-06T15:10:36","guid":{"rendered":"http:\/\/losperiodistas.com.mx\/portal\/?p=928"},"modified":"2020-11-06T09:10:36","modified_gmt":"2020-11-06T15:10:36","slug":"la-inversion-fija-bruta-de-mexico-se-desploma-un-17-4","status":"publish","type":"post","link":"https:\/\/losperiodistas.com.mx\/portal\/la-inversion-fija-bruta-de-mexico-se-desploma-un-17-4\/","title":{"rendered":"La inversi\u00f3n fija bruta de M\u00e9xico se desploma un 17.4%"},"content":{"rendered":"\n<p><em>El Inegi anunci\u00f3 que se obtuvo este resultado por la ca\u00edda del 20.6% en el rubro de maquinaria y equipo y del 15% en la construcci\u00f3n<\/em><\/p>\n\n\n\n<p class=\"has-vivid-cyan-blue-color has-text-color has-medium-font-size\">FORBES STAFF<\/p>\n\n\n\n<p><strong>EFE.-<\/strong>\u00a0La inversi\u00f3n fija bruta de M\u00e9xico registr\u00f3\u00a0<strong>una sustancial ca\u00edda del 17.4 % en agosto de 2020 frente al mismo periodo del a\u00f1o anterior\u00a0<\/strong>arrastrada todav\u00eda por la crisis del coronavirus, seg\u00fan datos del Instituto Nacional de Estad\u00edstica y Geograf\u00eda (Inegi).<\/p>\n\n\n\n<p>El Inegi anunci\u00f3 este viernes que se obtuvo este resultado por la ca\u00edda del 20.6% en el rubro de maquinaria y equipo y del 15% en la construcci\u00f3n.<\/p>\n\n\n\n<p>De esta manera,<strong>&nbsp;en el acumulado de enero a agosto, la inversi\u00f3n fija bruta acumula una ca\u00edda del 20.9%.<\/strong><\/p>\n\n\n\n<p>Seg\u00fan datos ajustados por estacionalidad, la inversi\u00f3n fija bruta creci\u00f3 5.7% en agosto pasado frente al mes precedente, gracias al alza de la construcci\u00f3n del 10.3% y de la maquinaria y equipo del 0.2%.<\/p>\n\n\n\n<p>\u201cImpulsada principalmente por la construcci\u00f3n, la inversi\u00f3n fija bruta aument\u00f3 5.7% mes contra mes en agosto 2020. A\u00fan as\u00ed, todav\u00eda est\u00e1 -16.6% a\u00f1o contra a\u00f1o por debajo de su nivel de agosto 2019\u201d, afirm\u00f3 en Twitter Julio Alfonso Santaella, presidente del Inegi.<\/p>\n\n\n\n<p><a href=\"http:\/\/bit.ly\/2smr5VR\"><em>S\u00edguenos en Google Noticias para mantenerte siempre informado<\/em><\/a><\/p>\n\n\n\n<p><strong>Agosto fue el tercer mes de la llamada nueva normalidad, una cautelosa reapertura social y econ\u00f3mica del pa\u00eds<\/strong>&nbsp;tras el cierre de actividades en abril y mayo por la pandemia de coronavirus, que suma hoy casi 950.000 casos y cerca de 94.000 muertes.<\/p>\n\n\n\n<p>En 2019 esta inversi\u00f3n se contrajo el 4.9%, mientras que creci\u00f3 0.6% en 2018 y disminuy\u00f3 un 1.5% en 2017.<\/p>\n\n\n\n<p>La inversi\u00f3n fija bruta permite tener \u201cun amplio conocimiento\u201d sobre el comportamiento de la inversi\u00f3n en el corto plazo, de acuerdo con el Inegi.<\/p>\n\n\n\n<p>Est\u00e1 integrada por los bienes utilizados en el proceso productivo durante m\u00e1s de un a\u00f1o y que est\u00e1n sujetos a derechos de propiedad.<\/p>\n\n\n\n<p>El producto interno bruto (PIB) de M\u00e9xico se contrajo 0.3 % en 2019 por la ca\u00edda de la actividad industrial, lo que supone un sustancial descenso frente al crecimiento de 2.1 % del a\u00f1o anterior.<\/p>\n\n\n\n<p>En el segundo trimestre del a\u00f1o hubo una ca\u00edda hist\u00f3rica del 18.7 % interanual del PIB.<\/p>\n\n\n\n<p>La econom\u00eda de M\u00e9xico repunt\u00f3 un 12 % el tercer trimestre frente a los tres meses anteriores gracias a la reactivaci\u00f3n social y econ\u00f3mica del pa\u00eds.<\/p>\n\n\n\n<p>No obstante, en la comparaci\u00f3n interanual, el PIB cay\u00f3 un 8.6 % respecto al tercer trimestre de 2019.<\/p>\n\n\n\n<p>Para este 2020, la pandemia ha llevado a la mayor\u00eda de analistas y organismos financieros a situar la ca\u00edda del PIB de m\u00e1s del 8%.<\/p>\n\n\n\n<p>El Instituto Mexicano del Seguro Social (IMSS) report\u00f3 la p\u00e9rdida de m\u00e1s de 1,1 millones de trabajos formales por la pandemia, si bien en los \u00faltimos tres meses se empez\u00f3 a generar empleo.<\/p>\n\n\n\n<p>Fuente: https:\/\/www.forbes.com.mx\/economia-la-inversion-fija-bruta-de-mexico-se-desploma-un-17-4\/<\/p>\n","protected":false},"excerpt":{"rendered":"<p>El Inegi anunci\u00f3 que se obtuvo este resultado por la ca\u00edda del 20.6% en el rubro de maquinaria y equipo [&hellip;]<\/p>\n","protected":false},"author":1,"featured_media":929,"comment_status":"open","ping_status":"open","sticky":false,"template":"","format":"standard","meta":{"site-sidebar-layout":"default","site-content-layout":"","ast-site-content-layout":"default","site-content-style":"default","site-sidebar-style":"default","ast-global-header-display":"","ast-banner-title-visibility":"","ast-main-header-display":"","ast-hfb-above-header-display":"","ast-hfb-below-header-display":"","ast-hfb-mobile-header-display":"","site-post-title":"","ast-breadcrumbs-content":"","ast-featured-img":"","footer-sml-layout":"","theme-transparent-header-meta":"","adv-header-id-meta":"","stick-header-meta":"","header-above-stick-meta":"","header-main-stick-meta":"","header-below-stick-meta":"","astra-migrate-meta-layouts":"default","ast-page-background-enabled":"default","ast-page-background-meta":{"desktop":{"background-color":"var(--ast-global-color-4)","background-image":"","background-repeat":"repeat","background-position":"center center","background-size":"auto","background-attachment":"scroll","background-type":"","background-media":"","overlay-type":"","overlay-color":"","overlay-opacity":"","overlay-gradient":""},"tablet":{"background-color":"","background-image":"","background-repeat":"repeat","background-position":"center center","background-size":"auto","background-attachment":"scroll","background-type":"","background-media":"","overlay-type":"","overlay-color":"","overlay-opacity":"","overlay-gradient":""},"mobile":{"background-color":"","background-image":"","background-repeat":"repeat","background-position":"center center","background-size":"auto","background-attachment":"scroll","background-type":"","background-media":"","overlay-type":"","overlay-color":"","overlay-opacity":"","overlay-gradient":""}},"ast-content-background-meta":{"desktop":{"background-color":"var(--ast-global-color-5)","background-image":"","background-repeat":"repeat","background-position":"center center","background-size":"auto","background-attachment":"scroll","background-type":"","background-media":"","overlay-type":"","overlay-color":"","overlay-opacity":"","overlay-gradient":""},"tablet":{"background-color":"var(--ast-global-color-5)","background-image":"","background-repeat":"repeat","background-position":"center center","background-size":"auto","background-attachment":"scroll","background-type":"","background-media":"","overlay-type":"","overlay-color":"","overlay-opacity":"","overlay-gradient":""},"mobile":{"background-color":"var(--ast-global-color-5)","background-image":"","background-repeat":"repeat","background-position":"center center","background-size":"auto","background-attachment":"scroll","background-type":"","background-media":"","overlay-type":"","overlay-color":"","overlay-opacity":"","overlay-gradient":""}},"footnotes":""},"categories":[8],"tags":[],"class_list":["post-928","post","type-post","status-publish","format-standard","has-post-thumbnail","hentry","category-noticias"],"_links":{"self":[{"href":"https:\/\/losperiodistas.com.mx\/portal\/wp-json\/wp\/v2\/posts\/928","targetHints":{"allow":["GET"]}}],"collection":[{"href":"https:\/\/losperiodistas.com.mx\/portal\/wp-json\/wp\/v2\/posts"}],"about":[{"href":"https:\/\/losperiodistas.com.mx\/portal\/wp-json\/wp\/v2\/types\/post"}],"author":[{"embeddable":true,"href":"https:\/\/losperiodistas.com.mx\/portal\/wp-json\/wp\/v2\/users\/1"}],"replies":[{"embeddable":true,"href":"https:\/\/losperiodistas.com.mx\/portal\/wp-json\/wp\/v2\/comments?post=928"}],"version-history":[{"count":1,"href":"https:\/\/losperiodistas.com.mx\/portal\/wp-json\/wp\/v2\/posts\/928\/revisions"}],"predecessor-version":[{"id":930,"href":"https:\/\/losperiodistas.com.mx\/portal\/wp-json\/wp\/v2\/posts\/928\/revisions\/930"}],"wp:featuredmedia":[{"embeddable":true,"href":"https:\/\/losperiodistas.com.mx\/portal\/wp-json\/wp\/v2\/media\/929"}],"wp:attachment":[{"href":"https:\/\/losperiodistas.com.mx\/portal\/wp-json\/wp\/v2\/media?parent=928"}],"wp:term":[{"taxonomy":"category","embeddable":true,"href":"https:\/\/losperiodistas.com.mx\/portal\/wp-json\/wp\/v2\/categories?post=928"},{"taxonomy":"post_tag","embeddable":true,"href":"https:\/\/losperiodistas.com.mx\/portal\/wp-json\/wp\/v2\/tags?post=928"}],"curies":[{"name":"wp","href":"https:\/\/api.w.org\/{rel}","templated":true}]}}