{"id":92644,"date":"2025-01-01T11:06:51","date_gmt":"2025-01-01T17:06:51","guid":{"rendered":"https:\/\/losperiodistas.com.mx\/portal\/?p=92644"},"modified":"2025-01-01T11:06:52","modified_gmt":"2025-01-01T17:06:52","slug":"opinion-2025-continuidad-y-cambio","status":"publish","type":"post","link":"https:\/\/losperiodistas.com.mx\/portal\/opinion-2025-continuidad-y-cambio\/","title":{"rendered":"Opini\u00f3n | 2025: Continuidad y cambio"},"content":{"rendered":"\n<p><\/p>\n\n\n\n<figure class=\"wp-block-image alignright size-full is-resized\"><img fetchpriority=\"high\" decoding=\"async\" width=\"500\" height=\"500\" src=\"https:\/\/losperiodistas.com.mx\/portal\/wp-content\/uploads\/2024\/04\/Fidencio-Aguilar.jpeg\" alt=\"\" class=\"wp-image-71831\" style=\"width:167px;height:auto\" srcset=\"https:\/\/losperiodistas.com.mx\/portal\/wp-content\/uploads\/2024\/04\/Fidencio-Aguilar.jpeg 500w, https:\/\/losperiodistas.com.mx\/portal\/wp-content\/uploads\/2024\/04\/Fidencio-Aguilar-300x300.jpeg 300w, https:\/\/losperiodistas.com.mx\/portal\/wp-content\/uploads\/2024\/04\/Fidencio-Aguilar-150x150.jpeg 150w\" sizes=\"(max-width: 500px) 100vw, 500px\" \/><\/figure>\n\n\n\n<p><\/p>\n\n\n\n<p class=\"has-vivid-red-color has-text-color has-link-color wp-elements-27257aba796181782a833f9e5154a65c\" style=\"font-size:26px\"><strong><em>Por Dr. Fidencio Aguilar V\u00edquez<\/em><\/strong><\/p>\n\n\n\n<p><\/p>\n\n\n\n<p>Siempre es bueno y sano&nbsp;<strong>renovarse<\/strong>, fijarse metas, prop\u00f3sitos, alcanzar anhelos, deseos,&nbsp;<strong>sue\u00f1os<\/strong>. Puede decirse que cada d\u00eda tenemos esa&nbsp;<strong>oportunidad<\/strong>. Si ampliamos el periodo a un a\u00f1o, el cierre de \u00e9ste y, sobre todo, la apertura del que viene, puede ser la ocasi\u00f3n para&nbsp;<strong>replantearse<\/strong>, reconsiderar y volver a comenzar nuestro esfuerzo por&nbsp;<strong>ser mejores personas<\/strong>. Deseamos serlo porque en nosotros mismos hay un af\u00e1n fundamental por llegar a ser eso que somos ya de alguna manera, en potencia.<\/p>\n\n\n\n<p>No es f\u00e1cil lo anterior, incluso a veces llega a ser una&nbsp;<strong>b\u00fasqueda desesperada<\/strong>, ansiosa y tensa; o bien, dada la dificultad, tambi\u00e9n hay una suerte de abdicaci\u00f3n que, por supuesto, tampoco es f\u00e1cil; las dos actitudes las se\u00f1ala muy bien&nbsp;<strong>Helmut Thielicke<\/strong>: Por un lado, el desesperado querer ser uno mismo; por otro lado, el desesperado no querer ser uno mismo (1). En efecto, ese deseo fundamental por ser lo que somos es tan fuerte que nos acompa\u00f1a toda la vida, pero tambi\u00e9n frecuentemente no nos gusta como somos, o lo que somos de hecho. Por ello, nos encanta&nbsp;<strong>volar imaginariamente<\/strong>.<\/p>\n\n\n\n<p>En un breve art\u00edculo sobre la paciencia (2), he citado c\u00f3mo&nbsp;<strong>Romano Guardini<\/strong>, plantea esa tensi\u00f3n realista entre lo que de hecho somos y lo que podemos y queremos ser. Para esto \u00faltimo habremos de comenzar una y otra vez nuestro intento por ser aquello que estamos&nbsp;<strong>llamados a ser<\/strong>, porque lo somos ya, pero hay que realizarlo en las circunstancias presentes, con realismo y en verdad. El<strong>&nbsp;A\u00f1o Nuevo<\/strong>&nbsp;nos abre ese horizonte de probabilidad. Lo importante es avanzar poco a poco en esa v\u00eda.<\/p>\n\n\n\n<p>Es v\u00e1lido, por lo anterior, decir que en&nbsp;<strong>buena medida<\/strong>&nbsp;somos lo que queremos ser, lo que deseamos y anhelamos. Por eso cada d\u00eda nos levantamos \u2014quiero decir, con ese \u00e1nimo\u2014, porque so\u00f1amos. Pero, para no prescindir de realismo y partir de lo que ahora somos (nuestra circunstancia), es preciso&nbsp;<strong>ser conscientes<\/strong>&nbsp;tambi\u00e9n de lo que hasta el momento presente hemos sido. Somos lo que hemos sido, con todos y cada uno de sus momentos y detalles, desde que comenzamos a existir hasta ahora.<\/p>\n\n\n\n<p>Somos, entonces, lo que&nbsp;<strong>deseamos ser<\/strong>&nbsp;y lo que hemos sido, perspectiva y pasado real, lo que a\u00fan no es y lo que ha dejado de ser. Es cierto, lo que deseamos ser, todav\u00eda no es, carece de realidad; lo que hemos sido ya no es, carece tambi\u00e9n de realidad. Sin embargo, no caemos en el mero&nbsp;<strong>no-ser<\/strong>, pues seguimos siendo, persistiendo, consistiendo. El pasado no deja de ser simplemente, sino que contin\u00faa siendo de alg\u00fan modo, gravitando en el presente, no como fue en su momento, sino significando.<\/p>\n\n\n\n<p>El pasado no puede modificarse, queda tal cual fue en los hechos: en tal sentido es el mundo de lo necesario. Pero la&nbsp;<strong>conciencia humana<\/strong>, al hacerlo presente, puede re-significarlo, re-leerlo, re-actualizarlo y darle una nueva dimensi\u00f3n, un nuevo lugar. La&nbsp;<strong>conciencia<\/strong>&nbsp;tiene esa capacidad: traer al presente lo que ha dejado de ser para que siga siendo de mejor manera, de mejor forma, m\u00e1s enriquecido. Es posible el enga\u00f1o, pero vale la pena correr el riesgo si el fin es que permanezca lo valioso de lo acaecido.<\/p>\n\n\n\n<p>Igualmente es posible la<strong>&nbsp;ilusi\u00f3n<\/strong>&nbsp;<strong>respecto del futuro<\/strong>; una falsa idea de nosotros mismos \u2014que no corresponde a lo que en realidad somos o deseamos ser, o que est\u00e1 fuera del alcance de nuestras capacidades\u2014 no har\u00eda sino desgastarnos en empe\u00f1os infructuosos y frustrantes. Es mejor surfear sobre nuestras posibilidades, circunstancias y situaciones. El reconocimiento de lo que somos siempre es una luz para abrir el horizonte de lo que queremos y deseamos ser.&nbsp;<strong>El ser siempre es realizable<\/strong>.<\/p>\n\n\n\n<p>La historia \u2014tambi\u00e9n la personal\u2014 siempre es&nbsp;<strong>continuidad y cambio<\/strong>. Somos los mismos desde ni\u00f1os hasta la vida adulta, con nuestro temperamento, nuestras tendencias o inclinaciones, nuestra herencia gen\u00e9tica, familiar, social y cultural; ah\u00ed hay continuidad. Somos, al mismo tiempo, distintos; maduramos, crecemos, nos desarrollamos, cambiamos de mentalidad, de perspectiva, de ideas y de creencias. Afinamos la&nbsp;<strong>mirada sobre la vida<\/strong>, el mundo, las cosas y nosotros mismos.<\/p>\n\n\n\n<p>Tanto en la mirada al pasado como en la&nbsp;<strong>mirada al futuro<\/strong>&nbsp;podemos seguir una ilusi\u00f3n, una falsa idea o imagen de nosotros mismos, vivir en el enga\u00f1o, en la irrealidad; la vida, sin embargo, Dios mismo para los creyentes, siempre nos sale al encuentro para recordarnos qui\u00e9nes somos y a&nbsp;<strong>qu\u00e9 estamos llamados<\/strong>. Lo hace a trav\u00e9s de los pap\u00e1s y mam\u00e1s, los hermanos, los amigos, los mentores y las circunstancias presentes. Este es el valor del presente: hacernos actual nuestro&nbsp;<strong>ser aut\u00e9ntico y su misi\u00f3n<\/strong>.<\/p>\n\n\n\n<p>El&nbsp;<strong>A\u00f1o Nuevo<\/strong>&nbsp;es la oportunidad y el motivo para vitalizar esa conciencia que actualiza nuestro pasado y nuestra mirada al futuro para situarnos en nuestro ser aut\u00e9ntico, presente, real. Es la ocasi\u00f3n tambi\u00e9n para agradecer por este tiempo vivido, con sus logros y sus desencantos; agradecer no al vac\u00edo ni a lo abstracto, sino al&nbsp;<strong>dador de la existencia<\/strong>: al Se\u00f1or de la historia y de la eternidad que se hace presente en nuestro ser, en el ser de los dem\u00e1s, nuestros semejantes, nuestros hermanos y hermanas.<\/p>\n\n\n\n<p>El&nbsp;<strong>A\u00f1o Nuevo<\/strong>, como nos lo recuerda la historia y los saberes m\u00edtico-simb\u00f3licos, es tambi\u00e9n una buena circunstancia para&nbsp;<strong>abrir nuestro horizonte<\/strong>&nbsp;como personas en lo individual y colectivo. Podemos ser mejores en lo que somos y tenemos. Para ello acudo a un&nbsp;<strong>relato<\/strong>&nbsp;en que Dios le explica a un rabino la diferencia entre el infierno y el cielo:<\/p>\n\n\n\n<p><em>En el infierno, Dios le muestra una habitaci\u00f3n donde se encuentran alrededor de una mesa varias personas. Al centro de la mesa hay manjares exquisitos, las personas tienen sendas cucharas largas que alcanzan los recipientes de alimentos, pero no pueden llevarse \u00e9stos a la boca por la largura de los utensilios. Al no poderse alimentar, caen en el hambre y la desesperaci\u00f3n. Luego, el Se\u00f1or le muestra al rabino el cielo. Igual que en la habitaci\u00f3n anterior, hay personas sentadas en torno a una mesa, hay manjares suculentos y las largas cucharas que cada una tiene. La diferencia es que aqu\u00ed las personas se alimentan entre s\u00ed y nadie pretende alimentarse a s\u00ed misma<\/em>&nbsp;(3).<\/p>\n\n\n\n<p>Como se puede apreciar, la diferencia entre un lugar y otro no es sino la&nbsp;<strong>actitud<\/strong>&nbsp;y la&nbsp;<strong>mentalidad<\/strong>. Siendo lo que somos y teniendo lo que tenemos, podemos hacer de nuestras relaciones personales y sociales un infierno o un cielo ya en esta vida. Y vislumbrar a partir de ah\u00ed la&nbsp;<strong>dimensi\u00f3n trascendente<\/strong>&nbsp;de esas situaciones. El cambio de la&nbsp;<strong>mentalidad y actitud<\/strong>&nbsp;es lo que puede hacer la diferencia entre un tipo de relaci\u00f3n y otro. Mi deseo, amable lector, lectora, es que podamos hacer de esta vida la antesala de la que vendr\u00e1 despu\u00e9s de nuestra existencia hist\u00f3rica.&nbsp;<strong>\u00a1Feliz A\u00f1o 2025!<\/strong><\/p>\n\n\n\n<p><strong>Referencias<\/strong><br>1. H. Thielicke,&nbsp;<em>Esencia del hombre. Ensayo de antropolog\u00eda cristiana<\/em>, Herder, Madrid 1985, pp. 51ss. y 63ss.<br>2. F. Aguilar V\u00edquez, \u201cLa paciencia como tensi\u00f3n entre ser y querer ser\u201d,&nbsp;<em>e-consulta<\/em>, 05\/dic\/2024,&nbsp;<a href=\"https:\/\/acortar.link\/k2uV7H\">https:\/\/acortar.link\/k2uV7H<\/a>.<br>3. Cf. I. D. Yalom,&nbsp;<em>Memorias de un psiquiatra<\/em>, Emec\u00e9\/ Planeta, M\u00e9xico 2020, pp. 215-216.<\/p>\n","protected":false},"excerpt":{"rendered":"<p>Por Dr. Fidencio Aguilar V\u00edquez Siempre es bueno y sano&nbsp;renovarse, fijarse metas, prop\u00f3sitos, alcanzar anhelos, deseos,&nbsp;sue\u00f1os. Puede decirse que cada [&hellip;]<\/p>\n","protected":false},"author":1,"featured_media":71831,"comment_status":"open","ping_status":"open","sticky":false,"template":"","format":"standard","meta":{"site-sidebar-layout":"default","site-content-layout":"","ast-site-content-layout":"default","site-content-style":"default","site-sidebar-style":"default","ast-global-header-display":"","ast-banner-title-visibility":"","ast-main-header-display":"","ast-hfb-above-header-display":"","ast-hfb-below-header-display":"","ast-hfb-mobile-header-display":"","site-post-title":"","ast-breadcrumbs-content":"","ast-featured-img":"","footer-sml-layout":"","theme-transparent-header-meta":"","adv-header-id-meta":"","stick-header-meta":"","header-above-stick-meta":"","header-main-stick-meta":"","header-below-stick-meta":"","astra-migrate-meta-layouts":"default","ast-page-background-enabled":"default","ast-page-background-meta":{"desktop":{"background-color":"var(--ast-global-color-4)","background-image":"","background-repeat":"repeat","background-position":"center center","background-size":"auto","background-attachment":"scroll","background-type":"","background-media":"","overlay-type":"","overlay-color":"","overlay-opacity":"","overlay-gradient":""},"tablet":{"background-color":"","background-image":"","background-repeat":"repeat","background-position":"center center","background-size":"auto","background-attachment":"scroll","background-type":"","background-media":"","overlay-type":"","overlay-color":"","overlay-opacity":"","overlay-gradient":""},"mobile":{"background-color":"","background-image":"","background-repeat":"repeat","background-position":"center center","background-size":"auto","background-attachment":"scroll","background-type":"","background-media":"","overlay-type":"","overlay-color":"","overlay-opacity":"","overlay-gradient":""}},"ast-content-background-meta":{"desktop":{"background-color":"var(--ast-global-color-5)","background-image":"","background-repeat":"repeat","background-position":"center center","background-size":"auto","background-attachment":"scroll","background-type":"","background-media":"","overlay-type":"","overlay-color":"","overlay-opacity":"","overlay-gradient":""},"tablet":{"background-color":"var(--ast-global-color-5)","background-image":"","background-repeat":"repeat","background-position":"center center","background-size":"auto","background-attachment":"scroll","background-type":"","background-media":"","overlay-type":"","overlay-color":"","overlay-opacity":"","overlay-gradient":""},"mobile":{"background-color":"var(--ast-global-color-5)","background-image":"","background-repeat":"repeat","background-position":"center center","background-size":"auto","background-attachment":"scroll","background-type":"","background-media":"","overlay-type":"","overlay-color":"","overlay-opacity":"","overlay-gradient":""}},"footnotes":""},"categories":[8,22],"tags":[34546,34547,34548],"class_list":["post-92644","post","type-post","status-publish","format-standard","has-post-thumbnail","hentry","category-noticias","category-opinion-invitada","tag-ano-2025","tag-continuidad-y-cambio","tag-romano-guardini"],"_links":{"self":[{"href":"https:\/\/losperiodistas.com.mx\/portal\/wp-json\/wp\/v2\/posts\/92644","targetHints":{"allow":["GET"]}}],"collection":[{"href":"https:\/\/losperiodistas.com.mx\/portal\/wp-json\/wp\/v2\/posts"}],"about":[{"href":"https:\/\/losperiodistas.com.mx\/portal\/wp-json\/wp\/v2\/types\/post"}],"author":[{"embeddable":true,"href":"https:\/\/losperiodistas.com.mx\/portal\/wp-json\/wp\/v2\/users\/1"}],"replies":[{"embeddable":true,"href":"https:\/\/losperiodistas.com.mx\/portal\/wp-json\/wp\/v2\/comments?post=92644"}],"version-history":[{"count":1,"href":"https:\/\/losperiodistas.com.mx\/portal\/wp-json\/wp\/v2\/posts\/92644\/revisions"}],"predecessor-version":[{"id":92645,"href":"https:\/\/losperiodistas.com.mx\/portal\/wp-json\/wp\/v2\/posts\/92644\/revisions\/92645"}],"wp:featuredmedia":[{"embeddable":true,"href":"https:\/\/losperiodistas.com.mx\/portal\/wp-json\/wp\/v2\/media\/71831"}],"wp:attachment":[{"href":"https:\/\/losperiodistas.com.mx\/portal\/wp-json\/wp\/v2\/media?parent=92644"}],"wp:term":[{"taxonomy":"category","embeddable":true,"href":"https:\/\/losperiodistas.com.mx\/portal\/wp-json\/wp\/v2\/categories?post=92644"},{"taxonomy":"post_tag","embeddable":true,"href":"https:\/\/losperiodistas.com.mx\/portal\/wp-json\/wp\/v2\/tags?post=92644"}],"curies":[{"name":"wp","href":"https:\/\/api.w.org\/{rel}","templated":true}]}}