{"id":92641,"date":"2025-01-01T10:49:54","date_gmt":"2025-01-01T16:49:54","guid":{"rendered":"https:\/\/losperiodistas.com.mx\/portal\/?p=92641"},"modified":"2025-01-01T10:49:56","modified_gmt":"2025-01-01T16:49:56","slug":"constanze-geiger-roba-el-protagonismo-a-los-strauss-en-un-historico-concierto-de-ano-nuevo-efe","status":"publish","type":"post","link":"https:\/\/losperiodistas.com.mx\/portal\/constanze-geiger-roba-el-protagonismo-a-los-strauss-en-un-historico-concierto-de-ano-nuevo-efe\/","title":{"rendered":"Constanze Geiger roba el protagonismo a los Strauss en un hist\u00f3rico Concierto de A\u00f1o Nuevo | EFE"},"content":{"rendered":"\n<figure class=\"wp-block-image size-large\"><img fetchpriority=\"high\" decoding=\"async\" width=\"1024\" height=\"655\" src=\"https:\/\/losperiodistas.com.mx\/portal\/wp-content\/uploads\/2025\/01\/Constanze-Geiger-roba-el-protagonismo-a-los-Strauss-en-un-historico-Concierto-de-Ano-Nuevo-1024x655.webp\" alt=\"\" class=\"wp-image-92642\" srcset=\"https:\/\/losperiodistas.com.mx\/portal\/wp-content\/uploads\/2025\/01\/Constanze-Geiger-roba-el-protagonismo-a-los-Strauss-en-un-historico-Concierto-de-Ano-Nuevo-1024x655.webp 1024w, https:\/\/losperiodistas.com.mx\/portal\/wp-content\/uploads\/2025\/01\/Constanze-Geiger-roba-el-protagonismo-a-los-Strauss-en-un-historico-Concierto-de-Ano-Nuevo-300x192.webp 300w, https:\/\/losperiodistas.com.mx\/portal\/wp-content\/uploads\/2025\/01\/Constanze-Geiger-roba-el-protagonismo-a-los-Strauss-en-un-historico-Concierto-de-Ano-Nuevo-768x492.webp 768w, https:\/\/losperiodistas.com.mx\/portal\/wp-content\/uploads\/2025\/01\/Constanze-Geiger-roba-el-protagonismo-a-los-Strauss-en-un-historico-Concierto-de-Ano-Nuevo-1536x983.webp 1536w, https:\/\/losperiodistas.com.mx\/portal\/wp-content\/uploads\/2025\/01\/Constanze-Geiger-roba-el-protagonismo-a-los-Strauss-en-un-historico-Concierto-de-Ano-Nuevo-2048x1311.webp 2048w\" sizes=\"(max-width: 1024px) 100vw, 1024px\" \/><figcaption class=\"wp-element-caption\">El director de orquesta Riccardo Mutti (c) durante el Concierto de A\u00f1o Nuevo de la Filarm\u00f3nica de Viena este mi\u00e9rcoles.EFE\/ Dieter Nagl\/Filarm\u00f3nica de Viena<\/figcaption><\/figure>\n\n\n\n<p class=\"has-vivid-red-color has-text-color has-link-color has-medium-font-size wp-elements-0cc6d549e369d38e4a9f472f5a375e66\"><strong>Luis Lid\u00f3n \/ Agencia EFE<\/strong><\/p>\n\n\n\n<p>Viena (EFE).- Despu\u00e9s de 85 ediciones y m\u00e1s de mil piezas interpretadas, el Concierto de A\u00f1o Nuevo de la Filarm\u00f3nica de Viena rompi\u00f3 este mi\u00e9rcoles, por primera vez, el monopolio masculino de su repertorio al incluir una obra de la compositora austr\u00edaca Constanze Geiger (1835-1890).<\/p>\n\n\n\n<p>Han sido algo menos de seis minutos que quedar\u00e1n para la historia. As\u00ed de breve, pero importante, ha sido el \u2018Ferdinandus-Walzer\u2019, un vals compuesto por Geiger a los 12 a\u00f1os, estrenado en 1848 y que acapar\u00f3 el protagonismo en el medi\u00e1tico recital dominado por la m\u00fasica alegre de la familia Strauss.<\/p>\n\n\n\n<p>De esta forma, el concierto dirigido por Riccardo Muti incluy\u00f3 una innovaci\u00f3n, para algunos muy tard\u00eda, a su habitual celebraci\u00f3n de la tradici\u00f3n con sus optimistas y ligeros valses, polcas y galopes.<\/p>\n\n\n\n<p>Geiger, hasta ahora poco conocida, rob\u00f3 el protagonismo de este concierto a la saga de los Strauss con una pieza que, seg\u00fan Muti, destaca por su gran calidad.<\/p>\n\n\n\n<h2 class=\"wp-block-heading\" id=\"h-calidad-y-valor-artistico\">Calidad y valor art\u00edstico<\/h2>\n\n\n\n<p>\u00abNo eleg\u00ed este vals por ser obra de una mujer, sino por su valor art\u00edstico\u00bb, afirm\u00f3 Muti durante la rueda de prensa previa al concierto.<\/p>\n\n\n\n<p>Aunque el reconocido director<a href=\"https:\/\/www.wienerphilharmoniker.at\/en\/newyearsconcert\" target=\"_blank\" rel=\"noreferrer noopener\">&nbsp;italiano insisti\u00f3 en que ni \u00e9l ni la Filarm\u00f3nica&nbsp;<\/a>se guiaron por cuestiones de g\u00e9nero, es dif\u00edcil no ver esta decisi\u00f3n como un intento por adecuar a los tiempos un concierto conocido por su conservadurismo.<\/p>\n\n\n\n<p>La inclusi\u00f3n de Geiger en el recital de m\u00fasica cl\u00e1sica m\u00e1s seguido del planeta -retransmitido a casi cien pa\u00edses- rompe una barrera en un concierto que hasta ahora hab\u00eda tenido nula presencia femenina en el repertorio y que nunca ha sido dirigido por una mujer.<\/p>\n\n\n\n<p>Apenas el 15 % de todos los integrantes de la orquesta son mujeres, y s\u00f3lo pudieron incorporarse a la Filarm\u00f3nica a partir de 1997.<\/p>\n\n\n\n<h2 class=\"wp-block-heading\" id=\"h-estrechos-lazos-con-la-familia-strauss\">Estrechos lazos con la familia Strauss<\/h2>\n\n\n\n<p>Geiger, que adem\u00e1s de compositora fue pianista y actriz, mantuvo estrechos lazos con la familia Strauss. El estreno mundial de su \u2018Ferdinandus Walzer\u2019 fue dirigido por Johann Strauss padre, quien no ocult\u00f3 su admiraci\u00f3n por ella.<\/p>\n\n\n\n<p>Pese a su precoz y enorme talento,&nbsp;<a href=\"https:\/\/efe.com\/cultura\/2024-10-17\/concierto-ano-nuevo-filarmonica-viena-composicion-mujer\/\" target=\"_blank\" rel=\"noreferrer noopener\">Geiger abandon\u00f3 casi por completo la creaci\u00f3n<\/a>&nbsp;despu\u00e9s de casarse con un arist\u00f3crata a los 25 a\u00f1os y dar a luz a su \u00fanico hijo.<\/p>\n\n\n\n<p>Otro gran protagonista del concierto fue Riccardo Muti, quien, a sus 83 a\u00f1os, dirigi\u00f3 este concierto por s\u00e9ptima vez y se consolid\u00f3 como el director vivo que m\u00e1s veces ha liderado el recital.<\/p>\n\n\n\n<p>El maestro italiano mostr\u00f3 un vigor que desaf\u00eda la edad, conduciendo con su habitual elegancia y una sensibilidad que realz\u00f3 la esencia de esta m\u00fasica, descrita por \u00e9l mismo como \u00abmelanc\u00f3lica y alegre\u00bb.<\/p>\n\n\n\n<p>El p\u00fablico y los filarm\u00f3nicos mostraron una gran complicidad y cari\u00f1o hacia el director italiano, que en su tradicional mensaje de a\u00f1o nuevo dese\u00f3 \u00abpaz, fraternidad y amor\u00bb.<\/p>\n\n\n\n<p>Muti ha dejado su huella en momentos hist\u00f3ricos del concierto, como la interpretaci\u00f3n este a\u00f1o del vals de Geiger, pero tambi\u00e9n se le recuerda por un momento m\u00e1s sombr\u00edo, cuando en 2021 dirigi\u00f3 el recital ante un patio de butacas vac\u00edo debido a las restricciones de la pandemia de covid.<\/p>\n\n\n\n<figure class=\"wp-block-image\"><img decoding=\"async\" src=\"https:\/\/i0.wp.com\/efe.com\/wp-content\/uploads\/2025\/01\/Constanze-Geiger-roba-el-protagonismo-a-los-Strauss-en-un-historico-Concierto-de-Ano-Nuevo2.jpg?resize=980%2C638&amp;ssl=1\" alt=\"\" class=\"wp-image-1575811\"\/><figcaption class=\"wp-element-caption\">El director de orquesta Riccardo Mutti (d) durante el Concierto de A\u00f1o Nuevo de la Filarm\u00f3nica de Viena este mi\u00e9rcoles. EFE\/ Dieter Nagl\/Filarm\u00f3nica de Viena<\/figcaption><\/figure>\n\n\n\n<h2 class=\"wp-block-heading\" id=\"h-200-anos-del-rey-del-vals\">200 a\u00f1os del \u2018rey del vals\u2019<\/h2>\n\n\n\n<p>El tercer gran protagonista del concierto de 2025 fue Johann Strauss hijo, una figura central de la m\u00fasica vienesa, con motivo del bicentenario de su nacimiento.<\/p>\n\n\n\n<p>El concierto incluy\u00f3 ocho composiciones del \u2018rey del vals\u2019, adem\u00e1s del tradicional bis de \u2018El Danubio azul\u2019, as\u00ed como piezas del resto de la saga.<\/p>\n\n\n\n<p>Austria celebrar\u00e1 con numerosos eventos los 200 a\u00f1os del nacimiento del compositor que ya en su \u00e9poca fue una especie de estrella pop con fama mundial.<\/p>\n\n\n\n<p>Como ya es habitual, la versi\u00f3n televisada ofreci\u00f3 actuaciones del ballet de la \u00d3pera de Viena como acompa\u00f1amiento de algunas piezas del programa, coreografiadas por primera vez por la brit\u00e1nica Cathy Marston.<\/p>\n\n\n\n<p>Adem\u00e1s, en la pausa entre las dos partes del recital, se incluy\u00f3 un filme titulado \u00ab2025 \u2013 A Strauss Odyssey\u00bb, en la que Thomas Strauss se inspira en la conocida pel\u00edcula de Stanley Kubrick para indagar en la obra y vida de su tatarabuelo, Johann Strauss hijo.<\/p>\n\n\n\n<p>El concierto culmin\u00f3, como manda la tradici\u00f3n, con las dos propinas m\u00e1s c\u00e9lebres: \u2018El Danubio Azul\u2019 y una \u2018Marcha Radetzky\u2019 al ritmo de las palmas del p\u00fablico.<\/p>\n\n\n\n<p>Fuente: <a href=\"https:\/\/efe.com\/cultura\/2025-01-01\/constanze-geiger-protagonismo-strauss-historico-concierto-ano-nuevo\/\">https:\/\/efe.com\/cultura\/2025-01-01\/constanze-geiger-protagonismo-strauss-historico-concierto-ano-nuevo\/<\/a><\/p>\n","protected":false},"excerpt":{"rendered":"<p>Luis Lid\u00f3n \/ Agencia EFE Viena (EFE).- Despu\u00e9s de 85 ediciones y m\u00e1s de mil piezas interpretadas, el Concierto de [&hellip;]<\/p>\n","protected":false},"author":1,"featured_media":92642,"comment_status":"open","ping_status":"open","sticky":false,"template":"","format":"standard","meta":{"site-sidebar-layout":"default","site-content-layout":"","ast-site-content-layout":"default","site-content-style":"default","site-sidebar-style":"default","ast-global-header-display":"","ast-banner-title-visibility":"","ast-main-header-display":"","ast-hfb-above-header-display":"","ast-hfb-below-header-display":"","ast-hfb-mobile-header-display":"","site-post-title":"","ast-breadcrumbs-content":"","ast-featured-img":"","footer-sml-layout":"","theme-transparent-header-meta":"","adv-header-id-meta":"","stick-header-meta":"","header-above-stick-meta":"","header-main-stick-meta":"","header-below-stick-meta":"","astra-migrate-meta-layouts":"default","ast-page-background-enabled":"default","ast-page-background-meta":{"desktop":{"background-color":"var(--ast-global-color-4)","background-image":"","background-repeat":"repeat","background-position":"center center","background-size":"auto","background-attachment":"scroll","background-type":"","background-media":"","overlay-type":"","overlay-color":"","overlay-opacity":"","overlay-gradient":""},"tablet":{"background-color":"","background-image":"","background-repeat":"repeat","background-position":"center center","background-size":"auto","background-attachment":"scroll","background-type":"","background-media":"","overlay-type":"","overlay-color":"","overlay-opacity":"","overlay-gradient":""},"mobile":{"background-color":"","background-image":"","background-repeat":"repeat","background-position":"center center","background-size":"auto","background-attachment":"scroll","background-type":"","background-media":"","overlay-type":"","overlay-color":"","overlay-opacity":"","overlay-gradient":""}},"ast-content-background-meta":{"desktop":{"background-color":"var(--ast-global-color-5)","background-image":"","background-repeat":"repeat","background-position":"center center","background-size":"auto","background-attachment":"scroll","background-type":"","background-media":"","overlay-type":"","overlay-color":"","overlay-opacity":"","overlay-gradient":""},"tablet":{"background-color":"var(--ast-global-color-5)","background-image":"","background-repeat":"repeat","background-position":"center center","background-size":"auto","background-attachment":"scroll","background-type":"","background-media":"","overlay-type":"","overlay-color":"","overlay-opacity":"","overlay-gradient":""},"mobile":{"background-color":"var(--ast-global-color-5)","background-image":"","background-repeat":"repeat","background-position":"center center","background-size":"auto","background-attachment":"scroll","background-type":"","background-media":"","overlay-type":"","overlay-color":"","overlay-opacity":"","overlay-gradient":""}},"footnotes":""},"categories":[8],"tags":[34545,34544,34541,6556,34543,34542],"class_list":["post-92641","post","type-post","status-publish","format-standard","has-post-thumbnail","hentry","category-noticias","tag-85-ediciones-concierto-de-ano-nuevo-viena","tag-concierto-ano-nuevo-2025","tag-constanze-geiger","tag-filarmonica-de-viena","tag-ricardo-mutti","tag-strauss"],"_links":{"self":[{"href":"https:\/\/losperiodistas.com.mx\/portal\/wp-json\/wp\/v2\/posts\/92641","targetHints":{"allow":["GET"]}}],"collection":[{"href":"https:\/\/losperiodistas.com.mx\/portal\/wp-json\/wp\/v2\/posts"}],"about":[{"href":"https:\/\/losperiodistas.com.mx\/portal\/wp-json\/wp\/v2\/types\/post"}],"author":[{"embeddable":true,"href":"https:\/\/losperiodistas.com.mx\/portal\/wp-json\/wp\/v2\/users\/1"}],"replies":[{"embeddable":true,"href":"https:\/\/losperiodistas.com.mx\/portal\/wp-json\/wp\/v2\/comments?post=92641"}],"version-history":[{"count":1,"href":"https:\/\/losperiodistas.com.mx\/portal\/wp-json\/wp\/v2\/posts\/92641\/revisions"}],"predecessor-version":[{"id":92643,"href":"https:\/\/losperiodistas.com.mx\/portal\/wp-json\/wp\/v2\/posts\/92641\/revisions\/92643"}],"wp:featuredmedia":[{"embeddable":true,"href":"https:\/\/losperiodistas.com.mx\/portal\/wp-json\/wp\/v2\/media\/92642"}],"wp:attachment":[{"href":"https:\/\/losperiodistas.com.mx\/portal\/wp-json\/wp\/v2\/media?parent=92641"}],"wp:term":[{"taxonomy":"category","embeddable":true,"href":"https:\/\/losperiodistas.com.mx\/portal\/wp-json\/wp\/v2\/categories?post=92641"},{"taxonomy":"post_tag","embeddable":true,"href":"https:\/\/losperiodistas.com.mx\/portal\/wp-json\/wp\/v2\/tags?post=92641"}],"curies":[{"name":"wp","href":"https:\/\/api.w.org\/{rel}","templated":true}]}}