{"id":925,"date":"2020-11-06T09:00:14","date_gmt":"2020-11-06T15:00:14","guid":{"rendered":"http:\/\/losperiodistas.com.mx\/portal\/?p=925"},"modified":"2020-11-06T09:00:14","modified_gmt":"2020-11-06T15:00:14","slug":"ayuntamiento-de-puebla-impulsa-conocimiento-de-seguridad-de-datos-personales-con-foro-internacional","status":"publish","type":"post","link":"https:\/\/losperiodistas.com.mx\/portal\/ayuntamiento-de-puebla-impulsa-conocimiento-de-seguridad-de-datos-personales-con-foro-internacional\/","title":{"rendered":"Ayuntamiento de Puebla impulsa conocimiento de seguridad de datos personales con Foro Internacional"},"content":{"rendered":"\n<p class=\"has-vivid-cyan-blue-color has-text-color has-medium-font-size\">REDACCI\u00d3N<\/p>\n\n\n\n<p>El Gobierno de la Ciudad de Puebla, a trav\u00e9s de la Coordinaci\u00f3n General de Transparencia, realiz\u00f3 el Foro Internacional \u00abIdentidad, privacidad y seguridad de datos personales\u00bb, en el que participaron expertos en la materia.&nbsp;&nbsp;<\/p>\n\n\n\n<p>A trav\u00e9s de este encuentro virtual, se impulsa desde la gesti\u00f3n local una nueva cultura en el uso de las tecnolog\u00edas, brindando herramientas e informaci\u00f3n a la ciudadan\u00eda sobre su derecho a la privacidad, tratamiento y seguridad de datos sensibles.&nbsp;<\/p>\n\n\n\n<p>Para la administraci\u00f3n local, refiri\u00f3 en su mensaje la alcaldesa, Claudia Rivera Vivanco, la difusi\u00f3n y socializaci\u00f3n de una cultura de protecci\u00f3n de datos personales permite disminuir riesgos de malversaci\u00f3n de informaci\u00f3n entre la comunidad digital.&nbsp;<\/p>\n\n\n\n<p>\u201cDesde estos encuentros seguiremos impulsando la cultura ciudadana participativa, el uso responsable de plataformas digitales y la creaci\u00f3n de oportunidades para el pleno ejercicio de los derechos de las personas y la protecci\u00f3n de su informaci\u00f3n, a partir del conocimiento de especialistas en la materia a nivel internacional\u201d, explic\u00f3 la edil.&nbsp;<\/p>\n\n\n\n<p>Las conferencias magistrales que componen este Foro Internacional est\u00e1n encaminadas a visibilizar la importancia de la privacidad, transparencia y del respeto al individuo dentro de una realidad tecnol\u00f3gica, ante un escenario socio pol\u00edtico donde la informaci\u00f3n personal pudiera resultar un recurso para la manipulaci\u00f3n o el espionaje.&nbsp;<\/p>\n\n\n\n<p>Leonardo Cervera Navas, director supervisor de Protecci\u00f3n de Datos de la Uni\u00f3n Europea, fungi\u00f3 como el panelista inicial de este Foro Internacional, con la conferencia magistral: Privacidad por defecto y por dise\u00f1o.&nbsp;<\/p>\n\n\n\n<p>Durante el transcurso del d\u00eda, se sumaron a la discusi\u00f3n en la materia junto con Rodrigo Santisteban Maza, coordinador general de Transparencia del Ayuntamiento de Puebla, Daniel L\u00f3pez Carballo, socio de la firma de abogados ECIJA en el \u00e1rea de privacidad y protecci\u00f3n de datos, en Espa\u00f1a; Blanca Lilia Cadena Ibarra, comisionada del Instituto Nacional de Transparencia, Acceso a la Informaci\u00f3n y Protecci\u00f3n de Datos Personales de M\u00e9xico.&nbsp;&nbsp;<\/p>\n\n\n\n<p>Adem\u00e1s, Mar\u00eda de los \u00c1ngeles Guzm\u00e1n Garc\u00eda, de la Comisi\u00f3n de Transparencia y Acceso a la Informaci\u00f3n del Estado de Nuevo Le\u00f3n; Carlos Germ\u00e1n Loeschmann Moreno, del Instituto de Transparencia, Acceso a la Informaci\u00f3n P\u00fablica y Protecci\u00f3n de Datos Personales del Estado de Puebla; Lourdes L\u00f3pez Salas, titular de la Unidad de Transparencia del Ayuntamiento de Durango; y Ana Josefina Jim\u00e9nez Bello, titular de la Unidad de Transparencia del Ayuntamiento de Poza Rica.&nbsp;<\/p>\n\n\n\n<p>Fuente:\u00a0<a rel=\"noreferrer noopener\" href=\"https:\/\/bit.ly\/3p8WEf5\" target=\"_blank\">https:\/\/bit.ly\/3p8WEf5<\/a>\u00a0<\/p>\n","protected":false},"excerpt":{"rendered":"<p>REDACCI\u00d3N El Gobierno de la Ciudad de Puebla, a trav\u00e9s de la Coordinaci\u00f3n General de Transparencia, realiz\u00f3 el Foro Internacional [&hellip;]<\/p>\n","protected":false},"author":1,"featured_media":926,"comment_status":"open","ping_status":"open","sticky":false,"template":"","format":"standard","meta":{"site-sidebar-layout":"default","site-content-layout":"","ast-site-content-layout":"default","site-content-style":"default","site-sidebar-style":"default","ast-global-header-display":"","ast-banner-title-visibility":"","ast-main-header-display":"","ast-hfb-above-header-display":"","ast-hfb-below-header-display":"","ast-hfb-mobile-header-display":"","site-post-title":"","ast-breadcrumbs-content":"","ast-featured-img":"","footer-sml-layout":"","theme-transparent-header-meta":"","adv-header-id-meta":"","stick-header-meta":"","header-above-stick-meta":"","header-main-stick-meta":"","header-below-stick-meta":"","astra-migrate-meta-layouts":"default","ast-page-background-enabled":"default","ast-page-background-meta":{"desktop":{"background-color":"var(--ast-global-color-4)","background-image":"","background-repeat":"repeat","background-position":"center center","background-size":"auto","background-attachment":"scroll","background-type":"","background-media":"","overlay-type":"","overlay-color":"","overlay-opacity":"","overlay-gradient":""},"tablet":{"background-color":"","background-image":"","background-repeat":"repeat","background-position":"center center","background-size":"auto","background-attachment":"scroll","background-type":"","background-media":"","overlay-type":"","overlay-color":"","overlay-opacity":"","overlay-gradient":""},"mobile":{"background-color":"","background-image":"","background-repeat":"repeat","background-position":"center center","background-size":"auto","background-attachment":"scroll","background-type":"","background-media":"","overlay-type":"","overlay-color":"","overlay-opacity":"","overlay-gradient":""}},"ast-content-background-meta":{"desktop":{"background-color":"var(--ast-global-color-5)","background-image":"","background-repeat":"repeat","background-position":"center center","background-size":"auto","background-attachment":"scroll","background-type":"","background-media":"","overlay-type":"","overlay-color":"","overlay-opacity":"","overlay-gradient":""},"tablet":{"background-color":"var(--ast-global-color-5)","background-image":"","background-repeat":"repeat","background-position":"center center","background-size":"auto","background-attachment":"scroll","background-type":"","background-media":"","overlay-type":"","overlay-color":"","overlay-opacity":"","overlay-gradient":""},"mobile":{"background-color":"var(--ast-global-color-5)","background-image":"","background-repeat":"repeat","background-position":"center center","background-size":"auto","background-attachment":"scroll","background-type":"","background-media":"","overlay-type":"","overlay-color":"","overlay-opacity":"","overlay-gradient":""}},"footnotes":""},"categories":[8],"tags":[],"class_list":["post-925","post","type-post","status-publish","format-standard","has-post-thumbnail","hentry","category-noticias"],"_links":{"self":[{"href":"https:\/\/losperiodistas.com.mx\/portal\/wp-json\/wp\/v2\/posts\/925","targetHints":{"allow":["GET"]}}],"collection":[{"href":"https:\/\/losperiodistas.com.mx\/portal\/wp-json\/wp\/v2\/posts"}],"about":[{"href":"https:\/\/losperiodistas.com.mx\/portal\/wp-json\/wp\/v2\/types\/post"}],"author":[{"embeddable":true,"href":"https:\/\/losperiodistas.com.mx\/portal\/wp-json\/wp\/v2\/users\/1"}],"replies":[{"embeddable":true,"href":"https:\/\/losperiodistas.com.mx\/portal\/wp-json\/wp\/v2\/comments?post=925"}],"version-history":[{"count":1,"href":"https:\/\/losperiodistas.com.mx\/portal\/wp-json\/wp\/v2\/posts\/925\/revisions"}],"predecessor-version":[{"id":927,"href":"https:\/\/losperiodistas.com.mx\/portal\/wp-json\/wp\/v2\/posts\/925\/revisions\/927"}],"wp:featuredmedia":[{"embeddable":true,"href":"https:\/\/losperiodistas.com.mx\/portal\/wp-json\/wp\/v2\/media\/926"}],"wp:attachment":[{"href":"https:\/\/losperiodistas.com.mx\/portal\/wp-json\/wp\/v2\/media?parent=925"}],"wp:term":[{"taxonomy":"category","embeddable":true,"href":"https:\/\/losperiodistas.com.mx\/portal\/wp-json\/wp\/v2\/categories?post=925"},{"taxonomy":"post_tag","embeddable":true,"href":"https:\/\/losperiodistas.com.mx\/portal\/wp-json\/wp\/v2\/tags?post=925"}],"curies":[{"name":"wp","href":"https:\/\/api.w.org\/{rel}","templated":true}]}}