{"id":92276,"date":"2024-12-19T06:02:08","date_gmt":"2024-12-19T12:02:08","guid":{"rendered":"https:\/\/losperiodistas.com.mx\/portal\/?p=92276"},"modified":"2024-12-19T06:02:10","modified_gmt":"2024-12-19T12:02:10","slug":"opinion-armenta-la-retorica-del-poder","status":"publish","type":"post","link":"https:\/\/losperiodistas.com.mx\/portal\/opinion-armenta-la-retorica-del-poder\/","title":{"rendered":"Opini\u00f3n | Armenta: la ret\u00f3rica del poder"},"content":{"rendered":"\n<figure class=\"wp-block-image alignright size-full is-resized\"><img fetchpriority=\"high\" decoding=\"async\" width=\"500\" height=\"500\" src=\"https:\/\/losperiodistas.com.mx\/portal\/wp-content\/uploads\/2024\/04\/Fidencio-Aguilar.jpeg\" alt=\"\" class=\"wp-image-71831\" style=\"width:163px;height:auto\" srcset=\"https:\/\/losperiodistas.com.mx\/portal\/wp-content\/uploads\/2024\/04\/Fidencio-Aguilar.jpeg 500w, https:\/\/losperiodistas.com.mx\/portal\/wp-content\/uploads\/2024\/04\/Fidencio-Aguilar-300x300.jpeg 300w, https:\/\/losperiodistas.com.mx\/portal\/wp-content\/uploads\/2024\/04\/Fidencio-Aguilar-150x150.jpeg 150w\" sizes=\"(max-width: 500px) 100vw, 500px\" \/><\/figure>\n\n\n\n<p><\/p>\n\n\n\n<p><\/p>\n\n\n\n<p><\/p>\n\n\n\n<p class=\"has-vivid-red-color has-text-color has-link-color wp-elements-5537dcd0ce1b873645f0e7f64543a38d\" style=\"font-size:26px\"><strong><em>Por Dr. Fidencio Aguilar V\u00edquez<\/em><\/strong><a href=\"https:\/\/www.e-consulta.com\/autores\/Fidencio%20Aguilar%20V%C3%ADquez\"><\/a><\/p>\n\n\n\n<p>Escuch\u00e9 el&nbsp;<strong>discurso&nbsp;<\/strong>de&nbsp;<strong>Alejandro Armenta Mier<\/strong>&nbsp;ante el Congreso local en su protesta como gobernador; en general me pareci\u00f3 enunciativo, por momentos disperso, m\u00e1s tendiente a mostrar la&nbsp;<strong>presencia de figuras<\/strong>&nbsp;de la pol\u00edtica oficialista y de emociones familiares que un&nbsp;<strong>mensaje bien articulado<\/strong>&nbsp;a los habitantes de Puebla. Un eslogan que pudo haber sido explicado se qued\u00f3 como un&nbsp;<em>lapsus temporis<\/em>:&nbsp;<em>\u201cPor amor a Puebla, pensar en grande\u201d.<\/em>&nbsp;Esto se debi\u00f3, quiz\u00e1, a haber omitido mencionar a varios de sus invitados al inicio y cuando se percat\u00f3 interrumpi\u00f3 su alocuci\u00f3n.<\/p>\n\n\n\n<p>Al escuchar algunas&nbsp;<strong>rese\u00f1as<\/strong>&nbsp;de varios&nbsp;<strong>medios de comunicaci\u00f3n,<\/strong>&nbsp;me imagin\u00e9 que el discurso hab\u00eda sido imponente, potente, aglutinador, convincente no s\u00f3lo para sus partidarios, sino para todos los poblanos y poblanas. Pens\u00e9 que habr\u00eda destacado por&nbsp;<strong>plantear objetivos generales<\/strong>&nbsp;y&nbsp;<strong>metas claras<\/strong>; supuse que los principales&nbsp;<strong>problemas&nbsp;<\/strong>a resolver de la entidad ser\u00edan al menos enunciados, o se\u00f1alados como oportunidades ineludibles; tambi\u00e9n cre\u00ed que trazaba dos o tres&nbsp;<strong>caminos espec\u00edficos<\/strong>&nbsp;para obtener los resultados esperados. En fin, tuve expectativas que me impulsaron a escucharlo.<\/p>\n\n\n\n<p>Los compromisos, como la&nbsp;<strong>reconciliaci\u00f3n de Puebla<\/strong>&nbsp;y un gobierno justo, honesto e incansable, s\u00f3lo fueron mencionados sin se\u00f1alar&nbsp;<strong>c\u00f3mo lo lograr\u00eda<\/strong>, al menos alguna estrategia general. No; nada. Para lo primero se\u00f1al\u00f3 que era padre, esposo e hijo; mencion\u00f3 a su familia para destacar los valores que bebi\u00f3 en su seno. No hizo ni aludi\u00f3 a una gran&nbsp;<strong>convocatoria social<\/strong>&nbsp;para alcanzar ese prop\u00f3sito. Para el segundo, s\u00f3lo cit\u00f3 a&nbsp;<strong>AMLO&nbsp;<\/strong>para decir que el poder se torna virtud cuando se pone al servicio de los dem\u00e1s.<\/p>\n\n\n\n<p>El corolario de ese compromiso, el segundo, es que har\u00e1 un&nbsp;<strong>gobierno para todos<\/strong>: con inclusi\u00f3n, firmeza y justicia y equidad. Aqu\u00ed se\u00f1al\u00f3 lo que podr\u00eda ser el perfil de su gobierno. Dijo que en ello empe\u00f1ar\u00e1 fuerza, dedicaci\u00f3n y energ\u00eda, adem\u00e1s de trabajo en equipo, todo por amor a Puebla. Como ver\u00e1 el lector, la lectora, m\u00e1s que un discurso de un pol\u00edtico que busca convencer, sobre todo si de inclusi\u00f3n se trata, a quienes no votaron por \u00e9l, o a quienes se abstuvieron de ir a las urnas; fue un&nbsp;<strong>mensaje a su grupo<\/strong>.<\/p>\n\n\n\n<p>Antes de reiterar el eslogan de su gobierno, casi al finalizar su alocuci\u00f3n, mencion\u00f3 a&nbsp;<strong>varias personas<\/strong>&nbsp;cuyos nombres&nbsp;<strong>omiti\u00f3 en las salutaciones<\/strong>; aludi\u00f3 a Laura Artemisa, a Manuel Velasco, a su primo Ignacio Mier, a Rodrigo Abdala, Liz S\u00e1nchez y Claudia Rivera. Por amor a Puebla, pensar en grande. Pero no dijo cu\u00e1les eran sus&nbsp;<strong>pensamientos sobre la entidad<\/strong>, o qu\u00e9 idea propon\u00eda para aglutinar a poblanos y poblanas. Vaya, ni siquiera dijo qu\u00e9 entend\u00eda por Puebla como un&nbsp;<strong>proyecto com\u00fan<\/strong>.<\/p>\n\n\n\n<p>Termin\u00f3 con cuatro interjecciones, m\u00e1s que proclamas, reiterando su esp\u00edritu de partido y no su&nbsp;<strong>esp\u00edritu republicano y dem\u00f3crata<\/strong>: Vivas a la 4T, a la presidenta de la rep\u00fablica, a M\u00e9xico y a Puebla. De hecho, el&nbsp;<strong>discurso<\/strong>&nbsp;del gobernador Alejandro Armenta puede ser resumido as\u00ed: Un acto de la representaci\u00f3n de la soberan\u00eda del estado (de Puebla) se convirti\u00f3 en un&nbsp;<strong>acto partidista.<\/strong>&nbsp;Incluso, en la proxemia del evento, a la soberan\u00eda poblana, se antepuso la distinci\u00f3n partidista: los invitados especiales (bueno, algunos) enfrente del&nbsp;<em>pres\u00eddium<\/em>, delante de los(as) diputados(as).<\/p>\n\n\n\n<p>El final no fue apote\u00f3sico ni el culmen de un discurso poderoso, aglutinador, claro, inteligente, elocuente por s\u00ed mismo, que llamara a la&nbsp;<strong>unidad de la sociedad poblana<\/strong>&nbsp;en su&nbsp;<strong>diversidad social<\/strong>&nbsp;y&nbsp;<strong>pluralidad pol\u00edtica<\/strong>. \u00bfQu\u00e9 fue entonces lo interesante, si es que algo lo result\u00f3 ser? En primer lugar, al inicio de su mensaje, la alusi\u00f3n de Armenta al gobernador sustituto:&nbsp;<strong>Gran gobernador<\/strong>, le llam\u00f3 el nuevo mandatario. Sin duda tendr\u00e1 mucho que agradecerle. Las autoridades electorales no vieron el 135 constitucional (antepen\u00faltimo y pen\u00faltimo p\u00e1rrafos), a nivel local y federal.<\/p>\n\n\n\n<p>Algo relevante, del acto m\u00e1s bien partidista, fue la presencia de la&nbsp;<strong>plana mayor morenista<\/strong>; adem\u00e1s del reconocimiento de&nbsp;<strong>Alcalde<\/strong>&nbsp;y de&nbsp;<strong>L\u00f3pez Beltr\u00e1n<\/strong>, el junior de AMLO; hizo menci\u00f3n con relieve de&nbsp;<strong>Ricardo Monreal<\/strong>, a quien llam\u00f3: \u201cmaestro\u201d, y de&nbsp;<strong>Roc\u00edo Nahle<\/strong>, quien -dijo- le ense\u00f1\u00f3 el ABC de la 4T. Enseguida, reconoci\u00f3 a los medios de comunicaci\u00f3n (seguramente con el toma y daca de la publicidad, los contratos y los coros correspondientes). Luego marc\u00f3 la&nbsp;<strong>alineaci\u00f3n con la presidenta<\/strong>: mujer, humanista, cient\u00edfica y primera presidenta en doscientos a\u00f1os de rep\u00fablica (o lo que de ella queda).<\/p>\n\n\n\n<p>Reiter\u00f3 el&nbsp;<strong>discurso oficialista<\/strong>: Humanismo mexicano (que qui\u00e9n sabe qu\u00e9 es y en qu\u00e9 consiste), austeridad (al estilo 4T), consolidaci\u00f3n de la separaci\u00f3n entre el poder pol\u00edtico y el poder econ\u00f3mico (la separaci\u00f3n y equilibrio de los poderes p\u00fablicos ya ni se mencionan, y si no se mencionan no existen: Sheinbaum&nbsp;<em>dixit<\/em>). Lo m\u00e1s destacable de este segmento inicial: Puebla ser\u00e1 un factor determinante en la&nbsp;<strong>\u201crevoluci\u00f3n de las conciencias\u201d<\/strong>, como lo ha sido hist\u00f3ricamente. Hizo el repaso hist\u00f3rico desde la defensa ante la invasi\u00f3n francesa del siglo XIX hasta la elecci\u00f3n de AMLO en el 2018.<\/p>\n\n\n\n<figure class=\"wp-block-image aligncenter size-large is-resized\"><img decoding=\"async\" width=\"576\" height=\"1024\" src=\"https:\/\/losperiodistas.com.mx\/portal\/wp-content\/uploads\/2024\/09\/Follow-Us-On-Whats-576x1024.png\" alt=\"\" class=\"wp-image-84141\" style=\"width:222px;height:auto\" srcset=\"https:\/\/losperiodistas.com.mx\/portal\/wp-content\/uploads\/2024\/09\/Follow-Us-On-Whats-576x1024.png 576w, https:\/\/losperiodistas.com.mx\/portal\/wp-content\/uploads\/2024\/09\/Follow-Us-On-Whats-169x300.png 169w, https:\/\/losperiodistas.com.mx\/portal\/wp-content\/uploads\/2024\/09\/Follow-Us-On-Whats-768x1365.png 768w, https:\/\/losperiodistas.com.mx\/portal\/wp-content\/uploads\/2024\/09\/Follow-Us-On-Whats-864x1536.png 864w, https:\/\/losperiodistas.com.mx\/portal\/wp-content\/uploads\/2024\/09\/Follow-Us-On-Whats.png 1080w\" sizes=\"(max-width: 576px) 100vw, 576px\" \/><figcaption class=\"wp-element-caption\"><a href=\"https:\/\/whatsapp.com\/channel\/0029VaeRnMa77qVakJPLMI09\">Mantente informado en nuestro canal de WhatsApp<\/a><\/figcaption><\/figure>\n\n\n\n<p><strong>Humanismo mexicano<\/strong>&nbsp;y&nbsp;<strong>bio\u00e9tica social<\/strong>, bajo los principios de la 4T: no mentir, no robar, no traicionar, ser\u00e1n las premisas de este gobierno auroral. Dos nociones de dif\u00edcil formulaci\u00f3n y compleja implementaci\u00f3n, aunque confi\u00f3 en los&nbsp;<strong>principios \u201catl\u00e9ticos\u201d<\/strong>&nbsp;(si escuch\u00e9 bien): ser \u00fatil, acomedido y agradecido, que aprendi\u00f3 desde su tierna infancia en el seno familiar. Se dijo convencido del&nbsp;<strong>patriotismo<\/strong>, el&nbsp;<strong>municipalismo<\/strong>&nbsp;y el&nbsp;<strong>amor a Puebla<\/strong>, respetando al planeta, a la vida y a los seres sintientes (este respeto es, seg\u00fan el hilo de su disertaci\u00f3n, en lo que consiste la bio\u00e9tica social).<\/p>\n\n\n\n<p>El gobernador Armenta quiere una&nbsp;<strong>Puebla segura y en paz<\/strong>, con prosperidad compartida, equidad de g\u00e9nero y diversidad e igualdad sustantiva. Adem\u00e1s, con la colaboraci\u00f3n entre los&nbsp;<strong>tres poderes<\/strong>&nbsp;y los tres&nbsp;<strong>niveles de gobierno<\/strong>. En un momento dado, interrumpi\u00f3 su discurso para saludar a invitados que no mencion\u00f3 en las salutaciones iniciales: las ministras morenistas, as\u00ed como Noro\u00f1a y Clara Brugada. Luego volvi\u00f3 al aluvi\u00f3n ret\u00f3rico: \u201c<em>Los cargos no son para siempre ni nos pertenecen\u201d;<\/em>&nbsp;cada uno de los funcionarios de su administraci\u00f3n se conducir\u00e1 con los principios de la 4T, la&nbsp;<strong>austeridad republicana<\/strong>&nbsp;(sin rep\u00fablica, claro) y el servicio p\u00fablico ser\u00e1 eficiente, sin corrupci\u00f3n y sin prebendas. Mencion\u00f3 a&nbsp;<strong>Abraham Quiroz<\/strong>&nbsp;como el primer candidato morenista, luego al&nbsp;<strong>fallecido Barbosa<\/strong>&nbsp;y al reci\u00e9n salido&nbsp;<strong>C\u00e9spedes<\/strong>, a quien destac\u00f3 por su voluntad, amor y eficiencia. Tanta miel hace que las moscas se peguen.<\/p>\n\n\n\n<p>\u00bfQu\u00e9 nos qued\u00f3 a deber ese primer discurso del gobernador constitucional? En primer lugar, una&nbsp;<strong>convocatoria de unidad<\/strong>, reconciliaci\u00f3n y consensos para que, poblanos y poblanas, tracemos la Puebla que queremos. Esperemos que lo haga para el plan estatal de desarrollo. En segundo lugar, la&nbsp;<strong>credibilidad de un proyecto conjunto<\/strong>&nbsp;y no de partido, sobre todo para incorporar a quienes no votaron por el morenismo y a quienes de plano no fueron a votar, que son ciudadanos con plenos derechos. En tercer lugar, falt\u00f3 mencionar<strong>&nbsp;resultados esperables<\/strong>&nbsp;en el corto, mediano y al final del sexenio; y, en consecuencia, definir tiempos: en seis a\u00f1os a d\u00f3nde llegar\u00e1 Puebla.<\/p>\n\n\n\n<p>En suma, se trat\u00f3 de&nbsp;<strong>un discurso carente de fuerza convincente, m\u00e1s emocional que racional, m\u00e1s enunciativo que argumentativo y m\u00e1s partidista que republicano.<\/strong>&nbsp;Aunque aludi\u00f3 a que Puebla cuenta con memoria, patrimonio e historia, no destac\u00f3 c\u00f3mo su gobierno puede nutrirse de estos elementos, o c\u00f3mo har\u00e1 para que sean&nbsp;<strong>bienes p\u00fablicos<\/strong>&nbsp;para todos los poblanos y poblanas, de las generaciones actuales y de las futuras. En fin, de no haberlo escuchado, las rese\u00f1as column\u00edsticas habr\u00edan hecho saborear<strong>&nbsp;un discurso&nbsp;<\/strong>que&nbsp;<strong>no existi\u00f3 en la realidad<\/strong><\/p>\n","protected":false},"excerpt":{"rendered":"<p>Por Dr. Fidencio Aguilar V\u00edquez Escuch\u00e9 el&nbsp;discurso&nbsp;de&nbsp;Alejandro Armenta Mier&nbsp;ante el Congreso local en su protesta como gobernador; en general me [&hellip;]<\/p>\n","protected":false},"author":1,"featured_media":71831,"comment_status":"open","ping_status":"open","sticky":false,"template":"","format":"standard","meta":{"site-sidebar-layout":"default","site-content-layout":"","ast-site-content-layout":"default","site-content-style":"default","site-sidebar-style":"default","ast-global-header-display":"","ast-banner-title-visibility":"","ast-main-header-display":"","ast-hfb-above-header-display":"","ast-hfb-below-header-display":"","ast-hfb-mobile-header-display":"","site-post-title":"","ast-breadcrumbs-content":"","ast-featured-img":"","footer-sml-layout":"","theme-transparent-header-meta":"","adv-header-id-meta":"","stick-header-meta":"","header-above-stick-meta":"","header-main-stick-meta":"","header-below-stick-meta":"","astra-migrate-meta-layouts":"default","ast-page-background-enabled":"default","ast-page-background-meta":{"desktop":{"background-color":"var(--ast-global-color-4)","background-image":"","background-repeat":"repeat","background-position":"center center","background-size":"auto","background-attachment":"scroll","background-type":"","background-media":"","overlay-type":"","overlay-color":"","overlay-opacity":"","overlay-gradient":""},"tablet":{"background-color":"","background-image":"","background-repeat":"repeat","background-position":"center center","background-size":"auto","background-attachment":"scroll","background-type":"","background-media":"","overlay-type":"","overlay-color":"","overlay-opacity":"","overlay-gradient":""},"mobile":{"background-color":"","background-image":"","background-repeat":"repeat","background-position":"center center","background-size":"auto","background-attachment":"scroll","background-type":"","background-media":"","overlay-type":"","overlay-color":"","overlay-opacity":"","overlay-gradient":""}},"ast-content-background-meta":{"desktop":{"background-color":"var(--ast-global-color-5)","background-image":"","background-repeat":"repeat","background-position":"center center","background-size":"auto","background-attachment":"scroll","background-type":"","background-media":"","overlay-type":"","overlay-color":"","overlay-opacity":"","overlay-gradient":""},"tablet":{"background-color":"var(--ast-global-color-5)","background-image":"","background-repeat":"repeat","background-position":"center center","background-size":"auto","background-attachment":"scroll","background-type":"","background-media":"","overlay-type":"","overlay-color":"","overlay-opacity":"","overlay-gradient":""},"mobile":{"background-color":"var(--ast-global-color-5)","background-image":"","background-repeat":"repeat","background-position":"center center","background-size":"auto","background-attachment":"scroll","background-type":"","background-media":"","overlay-type":"","overlay-color":"","overlay-opacity":"","overlay-gradient":""}},"footnotes":""},"categories":[8,22],"tags":[2147,34278,34277,13190],"class_list":["post-92276","post","type-post","status-publish","format-standard","has-post-thumbnail","hentry","category-noticias","category-opinion-invitada","tag-alejandro-armenta-mier","tag-la-retorica-del-poder","tag-pensar-en-grande","tag-por-amor-a-puebla"],"_links":{"self":[{"href":"https:\/\/losperiodistas.com.mx\/portal\/wp-json\/wp\/v2\/posts\/92276","targetHints":{"allow":["GET"]}}],"collection":[{"href":"https:\/\/losperiodistas.com.mx\/portal\/wp-json\/wp\/v2\/posts"}],"about":[{"href":"https:\/\/losperiodistas.com.mx\/portal\/wp-json\/wp\/v2\/types\/post"}],"author":[{"embeddable":true,"href":"https:\/\/losperiodistas.com.mx\/portal\/wp-json\/wp\/v2\/users\/1"}],"replies":[{"embeddable":true,"href":"https:\/\/losperiodistas.com.mx\/portal\/wp-json\/wp\/v2\/comments?post=92276"}],"version-history":[{"count":1,"href":"https:\/\/losperiodistas.com.mx\/portal\/wp-json\/wp\/v2\/posts\/92276\/revisions"}],"predecessor-version":[{"id":92277,"href":"https:\/\/losperiodistas.com.mx\/portal\/wp-json\/wp\/v2\/posts\/92276\/revisions\/92277"}],"wp:featuredmedia":[{"embeddable":true,"href":"https:\/\/losperiodistas.com.mx\/portal\/wp-json\/wp\/v2\/media\/71831"}],"wp:attachment":[{"href":"https:\/\/losperiodistas.com.mx\/portal\/wp-json\/wp\/v2\/media?parent=92276"}],"wp:term":[{"taxonomy":"category","embeddable":true,"href":"https:\/\/losperiodistas.com.mx\/portal\/wp-json\/wp\/v2\/categories?post=92276"},{"taxonomy":"post_tag","embeddable":true,"href":"https:\/\/losperiodistas.com.mx\/portal\/wp-json\/wp\/v2\/tags?post=92276"}],"curies":[{"name":"wp","href":"https:\/\/api.w.org\/{rel}","templated":true}]}}