{"id":92273,"date":"2024-12-19T05:46:51","date_gmt":"2024-12-19T11:46:51","guid":{"rendered":"https:\/\/losperiodistas.com.mx\/portal\/?p=92273"},"modified":"2024-12-19T05:46:53","modified_gmt":"2024-12-19T11:46:53","slug":"la-fed-recorta-su-tasa-de-interes-por-tercera-vez-consecutiva-en-el-ano-el-economista","status":"publish","type":"post","link":"https:\/\/losperiodistas.com.mx\/portal\/la-fed-recorta-su-tasa-de-interes-por-tercera-vez-consecutiva-en-el-ano-el-economista\/","title":{"rendered":"La Fed recorta su tasa de inter\u00e9s por tercera vez consecutiva en el a\u00f1o | El Economista"},"content":{"rendered":"\n<p class=\"has-medium-font-size\">Anunci\u00f3 que ralentizar\u00e1 el ritmo de ca\u00edda de los costos de los pr\u00e9stamos ante la relativa estabilidad de la tasa de desempleo.<\/p>\n\n\n\n<figure class=\"wp-block-image\"><img decoding=\"async\" src=\"https:\/\/imagenes.eleconomista.com.mx\/files\/image_853_480\/uploads\/2024\/12\/19\/6763d9fc2e047.png\" alt=\"\"\/><figcaption class=\"wp-element-caption\">Gr\u00e1fico EE<\/figcaption><\/figure>\n\n\n\n<p><\/p>\n\n\n\n<p class=\"has-vivid-red-color has-text-color has-link-color has-medium-font-size wp-elements-f934617d02a4e00197a681b9d0e367f4\"><strong><a href=\"https:\/\/www.eleconomista.com.mx\/autor\/cfarias\">Agencias<\/a>\u00a0\/ El Economista<\/strong><\/p>\n\n\n\n<p>La Reserva Federal (Fed) recort\u00f3 ayer por tercera vez consecutiva la tasa de inter\u00e9s en 25 puntos base (pb), hasta un rango de 4.25-4.50%, y advirti\u00f3 que ralentizar\u00e1 el ritmo de ca\u00edda de los costos de los pr\u00e9stamos, dada la relativa estabilidad de la tasa de desempleo y el escaso avance reciente en la reducci\u00f3n de la inflaci\u00f3n.&nbsp;<\/p>\n\n\n\n<p>\u201cLa actividad econ\u00f3mica ha continuado expandi\u00e9ndose a un ritmo s\u00f3lido\u201d, con una tasa de desempleo que \u201csigue siendo baja\u201d y una inflaci\u00f3n que \u201csigue siendo algo alta\u201d, mencion\u00f3 el Comit\u00e9 Federal de Mercado Abierto (FOMC, por su sigla en ingl\u00e9s) en su \u00faltimo comunicado de pol\u00edtica monetaria del 2024.<\/p>\n\n\n\n<p>\u201cAl considerar el alcance y el calendario de los ajustes adicionales al rango objetivo, el Comit\u00e9 evaluar\u00e1 cuidadosamente los datos entrantes, la evoluci\u00f3n de las perspectivas y el equilibrio de riesgos\u201d, dijo en una nueva redacci\u00f3n que establece una probable pausa a los recortes de tasas a partir de la reuni\u00f3n del 28 y 29 de enero.<\/p>\n\n\n\n<p>El banco central estadounidense, que tambi\u00e9n revis\u00f3 sus previsiones macroecon\u00f3micas, contempla ahora s\u00f3lo dos recortes de tasas de un cuarto de punto porcentual cada uno en el 2025, menos que los cuatro anunciados previamente.<\/p>\n\n\n\n<p>La Fed tambi\u00e9n aument\u00f3 su pron\u00f3stico de inflaci\u00f3n para el a\u00f1o pr\u00f3ximo, de 2.1 a 2.5%, y no creen que regrese a su objetivo de 2% antes del 2027.<\/p>\n\n\n\n<p>\u201cA partir de este momento es apropiado avanzar con cautela y buscar avances en la (reducci\u00f3n de la) inflaci\u00f3n (&#8230;) ahora estamos en un punto donde los riesgos est\u00e1n equilibrados\u201d, expres\u00f3 el presidente de la Fed, Jerome Powell, en una conferencia de prensa tras el final de la reuni\u00f3n.<\/p>\n\n\n\n<p>Powell describi\u00f3 el \u00faltimo recorte de tasas como una \u201cdecisi\u00f3n m\u00e1s ajustada\u201d y se\u00f1al\u00f3 que el ritmo m\u00e1s lento de los recortes previstos para el pr\u00f3ximo a\u00f1o refleja unas lecturas de inflaci\u00f3n m\u00e1s altas.<\/p>\n\n\n\n<p>Adem\u00e1s, se\u00f1al\u00f3 que la instituci\u00f3n financiera est\u00e1 \u201csignificativamente cerca\u201d de cerrar su ciclo de recortes ya que se acerca a la \u201ctasa neutra\u201d, es decir el n\u00famero inocuo para la econom\u00eda que no se ve impulsada ni frenada por las tasas de inter\u00e9s de referencia.<\/p>\n\n\n\n<p>Beth Hammack, presidenta de la Fed de Cleveland, fue la \u00fanica integrante del FOMC que se opuso a la reducci\u00f3n de la tasa de inter\u00e9s oficial de referencia, pues prefer\u00eda mantenerla sin cambios.<\/p>\n\n\n\n<p>\u201cSi bien la Fed opt\u00f3 por cerrar el a\u00f1o con un tercer recorte consecutivo, su prop\u00f3sito de A\u00f1o Nuevo parece ser un ritmo de relajaci\u00f3n m\u00e1s gradual\u201d, mencion\u00f3 Whitney Watson, directora mundial y directora de inversiones de renta fija y soluciones de liquidez de Goldman Sachs Asset Management.<\/p>\n\n\n\n<p>\u201cEsperamos que la Fed opte por saltarse un recorte de r\u00e9ditos en enero, antes de reanudar su ciclo de relajaci\u00f3n en marzo\u201d, a\u00f1adi\u00f3 Watson.<\/p>\n\n\n\n<p><strong>Mayor crecimiento<\/strong><\/p>\n\n\n\n<p>En una buena noticia para la mayor econom\u00eda del mundo, los miembros del FOMC elevaron su perspectiva de crecimiento para este a\u00f1o a 2.5% y a 2.1% en el 2025.<\/p>\n\n\n\n<p>Las autoridades monetarias tambi\u00e9n esperan que la tasa de desempleo sea ligeramente inferior este a\u00f1o a lo previsto anteriormente, de 4.2%, antes de aumentar ligeramente a 4.3% en el 2025 y el 2026.<\/p>\n\n\n\n<p>\u201cLos recortes de tasas llegar\u00e1n m\u00e1s r\u00e1pido de lo que espera la Fed, ya que el desempleo supera el nuevo pron\u00f3stico\u201d, escribi\u00f3 el economista jefe de Pantheon Macroeconomics para Estados Unidos, Samuel Tombs, en una nota a clientes publicada despu\u00e9s de la decisi\u00f3n del FOMC.<\/p>\n\n\n\n<p>La Fed logr\u00f3 controlar la inflaci\u00f3n gracias a una prolongada alza de tasas en los \u00faltimos dos a\u00f1os, tras lo cual comenz\u00f3 a flexibilizar su pol\u00edtica monetaria para impulsar la demanda y sostener el mercado laboral.<\/p>\n\n\n\n<p>Tasas altas encarecen el cr\u00e9dito y desestimulan el consumo y la inversi\u00f3n, lo cual permite bajar presiones sobre los precios. Tasas bajas generan el efecto opuesto.<\/p>\n\n\n\n<p><strong>El regreso de Trump<\/strong><\/p>\n\n\n\n<p>Esta es la \u00faltima decisi\u00f3n de pol\u00edtica monetaria de la Fed antes de que llegue el republicano, Donald Trump, a la presidencia de Estados Unidos por segunda vez en enero.<\/p>\n\n\n\n<p>El republicano propone aumentos generalizados de aranceles y la deportaci\u00f3n masiva de millones de trabajadores irregulares.<\/p>\n\n\n\n<p>Estos planes, combinados con el reciente repunte en los datos de inflaci\u00f3n, generan temores entre los analistas. Muchos de ellos esperan que las tasas altas se mantengan por m\u00e1s tiempo de lo esperado para contener los incrementos de precios.<\/p>\n\n\n\n<p>Seg\u00fan una encuesta a unas 500 empresas estadounidenses, realizada por la firma de contrataci\u00f3n de personal Resume Templates, 82% de las compa\u00f1\u00edas prev\u00e9 aumentar sus precios si se establecen nuevos aranceles por parte de la administraci\u00f3n entrante.<\/p>\n\n\n\n<p>Trump ya anunci\u00f3 aranceles de 25% contra sus vecinos Canad\u00e1 y M\u00e9xico, lo cual podr\u00eda impulsar los precios al consumo al alza, y ha amenazado con aranceles de hasta 10% a todo los productos procedentes de China.<\/p>\n\n\n\n<figure class=\"wp-block-image\"><img decoding=\"async\" src=\"https:\/\/imagenes.eleconomista.com.mx\/files\/image_880_495\/uploads\/2024\/12\/19\/6763bac02cdc0.jpeg\" alt=\"\"\/><figcaption class=\"wp-element-caption\">Gr\u00e1fico EE<\/figcaption><\/figure>\n\n\n\n<p>Fuente: <a href=\"https:\/\/www.eleconomista.com.mx\/economia\/fed-recorta-tasa-interes-tercera-vez-consecutiva-ano-20241218-738988.html\">https:\/\/www.eleconomista.com.mx\/economia\/fed-recorta-tasa-interes-tercera-vez-consecutiva-ano-20241218-738988.html<\/a><\/p>\n\n\n\n<p><\/p>\n","protected":false},"excerpt":{"rendered":"<p>Anunci\u00f3 que ralentizar\u00e1 el ritmo de ca\u00edda de los costos de los pr\u00e9stamos ante la relativa estabilidad de la tasa [&hellip;]<\/p>\n","protected":false},"author":1,"featured_media":92274,"comment_status":"open","ping_status":"open","sticky":false,"template":"","format":"standard","meta":{"site-sidebar-layout":"default","site-content-layout":"","ast-site-content-layout":"default","site-content-style":"default","site-sidebar-style":"default","ast-global-header-display":"","ast-banner-title-visibility":"","ast-main-header-display":"","ast-hfb-above-header-display":"","ast-hfb-below-header-display":"","ast-hfb-mobile-header-display":"","site-post-title":"","ast-breadcrumbs-content":"","ast-featured-img":"","footer-sml-layout":"","theme-transparent-header-meta":"","adv-header-id-meta":"","stick-header-meta":"","header-above-stick-meta":"","header-main-stick-meta":"","header-below-stick-meta":"","astra-migrate-meta-layouts":"default","ast-page-background-enabled":"default","ast-page-background-meta":{"desktop":{"background-color":"var(--ast-global-color-4)","background-image":"","background-repeat":"repeat","background-position":"center center","background-size":"auto","background-attachment":"scroll","background-type":"","background-media":"","overlay-type":"","overlay-color":"","overlay-opacity":"","overlay-gradient":""},"tablet":{"background-color":"","background-image":"","background-repeat":"repeat","background-position":"center center","background-size":"auto","background-attachment":"scroll","background-type":"","background-media":"","overlay-type":"","overlay-color":"","overlay-opacity":"","overlay-gradient":""},"mobile":{"background-color":"","background-image":"","background-repeat":"repeat","background-position":"center center","background-size":"auto","background-attachment":"scroll","background-type":"","background-media":"","overlay-type":"","overlay-color":"","overlay-opacity":"","overlay-gradient":""}},"ast-content-background-meta":{"desktop":{"background-color":"var(--ast-global-color-5)","background-image":"","background-repeat":"repeat","background-position":"center center","background-size":"auto","background-attachment":"scroll","background-type":"","background-media":"","overlay-type":"","overlay-color":"","overlay-opacity":"","overlay-gradient":""},"tablet":{"background-color":"var(--ast-global-color-5)","background-image":"","background-repeat":"repeat","background-position":"center center","background-size":"auto","background-attachment":"scroll","background-type":"","background-media":"","overlay-type":"","overlay-color":"","overlay-opacity":"","overlay-gradient":""},"mobile":{"background-color":"var(--ast-global-color-5)","background-image":"","background-repeat":"repeat","background-position":"center center","background-size":"auto","background-attachment":"scroll","background-type":"","background-media":"","overlay-type":"","overlay-color":"","overlay-opacity":"","overlay-gradient":""}},"footnotes":""},"categories":[8],"tags":[10179,34276],"class_list":["post-92273","post","type-post","status-publish","format-standard","has-post-thumbnail","hentry","category-noticias","tag-fed","tag-recorte-tasas-interes-ee-uu"],"_links":{"self":[{"href":"https:\/\/losperiodistas.com.mx\/portal\/wp-json\/wp\/v2\/posts\/92273","targetHints":{"allow":["GET"]}}],"collection":[{"href":"https:\/\/losperiodistas.com.mx\/portal\/wp-json\/wp\/v2\/posts"}],"about":[{"href":"https:\/\/losperiodistas.com.mx\/portal\/wp-json\/wp\/v2\/types\/post"}],"author":[{"embeddable":true,"href":"https:\/\/losperiodistas.com.mx\/portal\/wp-json\/wp\/v2\/users\/1"}],"replies":[{"embeddable":true,"href":"https:\/\/losperiodistas.com.mx\/portal\/wp-json\/wp\/v2\/comments?post=92273"}],"version-history":[{"count":1,"href":"https:\/\/losperiodistas.com.mx\/portal\/wp-json\/wp\/v2\/posts\/92273\/revisions"}],"predecessor-version":[{"id":92275,"href":"https:\/\/losperiodistas.com.mx\/portal\/wp-json\/wp\/v2\/posts\/92273\/revisions\/92275"}],"wp:featuredmedia":[{"embeddable":true,"href":"https:\/\/losperiodistas.com.mx\/portal\/wp-json\/wp\/v2\/media\/92274"}],"wp:attachment":[{"href":"https:\/\/losperiodistas.com.mx\/portal\/wp-json\/wp\/v2\/media?parent=92273"}],"wp:term":[{"taxonomy":"category","embeddable":true,"href":"https:\/\/losperiodistas.com.mx\/portal\/wp-json\/wp\/v2\/categories?post=92273"},{"taxonomy":"post_tag","embeddable":true,"href":"https:\/\/losperiodistas.com.mx\/portal\/wp-json\/wp\/v2\/tags?post=92273"}],"curies":[{"name":"wp","href":"https:\/\/api.w.org\/{rel}","templated":true}]}}