{"id":92265,"date":"2024-12-18T08:07:39","date_gmt":"2024-12-18T14:07:39","guid":{"rendered":"https:\/\/losperiodistas.com.mx\/portal\/?p=92265"},"modified":"2024-12-18T08:07:41","modified_gmt":"2024-12-18T14:07:41","slug":"opinion-ha-vuelto-version-la-fiscalia-de-puebla","status":"publish","type":"post","link":"https:\/\/losperiodistas.com.mx\/portal\/opinion-ha-vuelto-version-la-fiscalia-de-puebla\/","title":{"rendered":"Opini\u00f3n | Ha vuelto, versi\u00f3n la Fiscal\u00eda de Puebla"},"content":{"rendered":"\n<p class=\"has-medium-font-size\">Si no han visto esa pel\u00edcula, se est\u00e1n tardando y si quieren saber en qu\u00e9 se parece al proceso de elecci\u00f3n de la Fiscal\u00eda, \u00a1p\u00e1senle a leer!<\/p>\n\n\n\n<figure class=\"wp-block-image size-large\"><img fetchpriority=\"high\" decoding=\"async\" width=\"1024\" height=\"576\" src=\"https:\/\/losperiodistas.com.mx\/portal\/wp-content\/uploads\/2024\/12\/Ha-vuelto-la-oportunidad-de-redignificar-a-la-Fiscalia-General-del-Estado-1024x576.webp\" alt=\"\" class=\"wp-image-92266\" srcset=\"https:\/\/losperiodistas.com.mx\/portal\/wp-content\/uploads\/2024\/12\/Ha-vuelto-la-oportunidad-de-redignificar-a-la-Fiscalia-General-del-Estado-1024x576.webp 1024w, https:\/\/losperiodistas.com.mx\/portal\/wp-content\/uploads\/2024\/12\/Ha-vuelto-la-oportunidad-de-redignificar-a-la-Fiscalia-General-del-Estado-300x169.webp 300w, https:\/\/losperiodistas.com.mx\/portal\/wp-content\/uploads\/2024\/12\/Ha-vuelto-la-oportunidad-de-redignificar-a-la-Fiscalia-General-del-Estado-768x432.webp 768w, https:\/\/losperiodistas.com.mx\/portal\/wp-content\/uploads\/2024\/12\/Ha-vuelto-la-oportunidad-de-redignificar-a-la-Fiscalia-General-del-Estado.webp 1200w\" sizes=\"(max-width: 1024px) 100vw, 1024px\" \/><\/figure>\n\n\n\n<p><\/p>\n\n\n\n<p class=\"has-vivid-red-color has-text-color has-link-color wp-elements-3e6cfbdc297adcca61ecbdc4516b1fea\" style=\"font-size:26px\"><em><strong>Por Itandehui Rodr\u00edguez  \/ Mon\u00f3logos de M\u00e9nade<\/strong><\/em><\/p>\n\n\n\n<p><a href=\"http:\/\/@Itandehui_RoMa\">@Itandehui_RoMa<\/a><\/p>\n\n\n\n<p><em>Ha vuelto<\/em>&nbsp;es una pel\u00edcula de s\u00e1tira alemana cuyo t\u00edtulo original es&nbsp;<em>Er wieder da.<\/em>&nbsp;Esta pel\u00edcula narra el regreso incomprensible de Adolf Hitler a la vida mediante un viaje en el tiempo y al ser incomprensible es b\u00e1sicamente incuestionable.<\/p>\n\n\n\n<p>Un d\u00eda, mientras hac\u00eda un reportaje sin la menor trascendencia, el mediocre reportero Fabian Sawatzki encuentra por casualidades del destino a Adolf Hitler. Al inicio Fabian supone que se trata de un actor o un comediante, cuando en realidad es el mism\u00edsimo Fh\u00fcrer.<\/p>\n\n\n\n<p>Transcurre la pel\u00edcula y el dictador y genocida austro-alem\u00e1n reconoce que ten\u00eda una segunda oportunidad de dominar al mundo.<\/p>\n\n\n\n<p>Es as\u00ed que decide utilizar las t\u00e9cnicas de Joseph Goebbels y vali\u00e9ndose de las herramientas modernas de difusi\u00f3n de contenido, se hizo tan famoso que logr\u00f3 filmar una pel\u00edcula. El siguiente di\u00e1logo ocurre en el estudio de filmaci\u00f3n:<\/p>\n\n\n\n<blockquote class=\"wp-block-quote is-layout-flow wp-block-quote-is-layout-flow\">\n<p>\u2014\u00a1Sawatzki, ya me preguntaba cu\u00e1ndo iba a aparecer!<\/p>\n\n\n\n<p>\u2014\u00a1En verdad es Usted! \u00a1Usted es \u00e9l!\u2014 reclama Fabian al sentirse traicionado.<\/p>\n\n\n\n<p>\u2014\u00bfA caso me escuch\u00f3 decir lo contrario? Mi destino es tal que tengo que separarme de mis m\u00e1s queridos y mis m\u00e1s cercanos aliados\u2014 mientras ingresan a un elevador.<\/p>\n\n\n\n<p>\u2014Claro, s\u00ed, la historia se repite. Busca seguir seduciendo a la gente con su propaganda\u2014 dice Sawatzki al tiempo que apunta a Hitler con un arma.<\/p>\n\n\n\n<p>\u2014\u00a1Ah, Sawatzki, no lo entiende! En 1933 no se enga\u00f1\u00f3 a nadie con propaganda, se eligi\u00f3 un Fh\u00fcrer que hab\u00eda sido totalmente claro con sus planes. Los alemanes me eligieron\u2014 mientras caminan en una azotea.<\/p>\n\n\n\n<p>\u2014\u00a1S\u00fabase!\u2014 ordena Sawatzki a Hitler al acercarse al borde de la azotea del estudio de televisi\u00f3n\u2014 \u00a1Es un monstruo!<\/p>\n\n\n\n<p>\u2014\u00bfEso soy? Entonces deber\u00eda condenar a todos los que eligieron a este monstruo, \u00bfverdad? \u00bfTodos ellos eran monstruos? \u00a1No! Eran personas amables que decidieron elegir a gente fuera de lo com\u00fan y poner el destino de su pa\u00eds en sus manos.<\/p>\n<\/blockquote>\n\n\n\n<figure class=\"wp-block-embed is-type-video is-provider-youtube wp-block-embed-youtube wp-embed-aspect-16-9 wp-has-aspect-ratio\"><div class=\"wp-block-embed__wrapper\">\n<iframe title=\"Ha Vuelto--Comedia--Pel\u00edcula Completa En Espa\u00f1ol\" width=\"500\" height=\"281\" src=\"https:\/\/www.youtube.com\/embed\/joWw0Axbb-8?feature=oembed\" frameborder=\"0\" allow=\"accelerometer; autoplay; clipboard-write; encrypted-media; gyroscope; picture-in-picture; web-share\" referrerpolicy=\"strict-origin-when-cross-origin\" allowfullscreen><\/iframe>\n<\/div><\/figure>\n\n\n\n<p>Un poco m\u00e1s adelante Hitler puntualiza:<\/p>\n\n\n\n<blockquote class=\"wp-block-quote is-layout-flow wp-block-quote-is-layout-flow\">\n<p>\u00bfUsted nunca se ha preguntado por qu\u00e9 la gente me sigue? Es que en el fondo son iguales a m\u00ed, compartimos iguales valores.<\/p>\n<\/blockquote>\n\n\n\n<p>Toda esta larga cita de&nbsp;<em>Ha vuelto<\/em>, es pretexto y motivo de este mon\u00f3logo para hablar de la elecci\u00f3n de la o el nuevo titular de la Fiscal\u00eda y sus oportunidades.<\/p>\n\n\n\n<p>No empiecen a sacar conclusiones. No voy a comparar a alguien con Hitler, pero si voy a hablar de las oportunidades de los electores y los elegidos.<\/p>\n\n\n\n<p>Empecemos por aclarar que en cualquiera de las ocasiones anteriores en las que se eligieron a hombres o mujeres como fiscales de Puebla, hab\u00eda condiciones de seguridad diferentes.<\/p>\n\n\n\n<p>Antes de Gilberto Higuera, la Fiscal\u00eda\/Procuradur\u00eda era un organismo en el que el titular compet\u00eda pol\u00edtica y medi\u00e1ticamente con su director de polic\u00eda. Y es que eran hombres de peso, conocedores del trabajo que deb\u00edan desempe\u00f1ar y corr\u00edan con el costo del mismo.<\/p>\n\n\n\n<p>Que en su momento brillaban gracias a los casos relevantes que investigaban o hac\u00edan brillar a sus jefes.<\/p>\n\n\n\n<p>La competencia en algunos casos fue ruda, por calificarla de alguna manera, como el caso de Blanca Laura Villeda y Adolfo Karam.<\/p>\n\n\n\n<p>Y en otras cordial, como lo fue entre mi adorado Doctor Rodolfo Igor Archundia y su director de la Polic\u00eda Judicial, Jos\u00e9 Francisco \u00c1vila Caso.<\/p>\n\n\n\n<p>O como sucedi\u00f3 con V\u00edctor Carranc\u00e1 y Juan Luis Gal\u00e1n Ru\u00edz, periodo en el que incluso lograron que la Polic\u00eda de Investigaci\u00f3n en 2017 y 2018 fuera calificada por M\u00e9xico Eval\u00faa como la mejor corporaci\u00f3n del pa\u00eds por cuanto al cumplimiento de \u00f3rdenes de aprehensi\u00f3n.<\/p>\n\n\n\n<p>Despu\u00e9s vino un fiscal fuera de lo com\u00fan, que tom\u00f3 decisiones fuera de lo com\u00fan. Este funcionario crey\u00f3 que era necesaria una reforma a la Ley Org\u00e1nica de la Fiscal\u00eda del Estado y la modificaci\u00f3n a su estructura, emulando la de la Fiscal\u00eda General de la Rep\u00fablica.<\/p>\n\n\n\n<p>La reforma a la Ley Org\u00e1nica motiv\u00f3 que la Polic\u00eda de Investigaci\u00f3n perdiera facultades y que su director se convirtiera \u00fanicamente en una figura administrativa, que firma vacaciones y permisos, mientras que, en a\u00f1os anteriores, como ya lo mencion\u00e9, tuvimos una de las Fiscal\u00edas m\u00e1s productivas a nivel nacional.<\/p>\n\n\n\n<p>Ahora, dicen los que dicen que saben, que el mayor porcentaje de ordenes de aprehensi\u00f3n que se cumplen son contra polic\u00edas de esa y otras dependencias.<\/p>\n\n\n\n<p>Los comandantes fueron relegados a figuras de adorno pues ya no pueden coordinar a sus grupos, esa labor se asign\u00f3 a los Ministerios P\u00fablicos quienes desconocen el trabajo y el riesgo que implica operar en campo.<\/p>\n\n\n\n<p>Si creen que esto es mucho, imaginen que hoy las comandancias no pueden prestar ayuda ni colaborar con otras en caso de un apoyo, porque est\u00e1n imposibilitados.<\/p>\n\n\n\n<p>Es decir, si est\u00e1n acribillando a un grupo en Ajalpan, los de Tehuac\u00e1n tienen terminantemente prohibido asistirlos.<\/p>\n\n\n\n<p>\u00bfCu\u00e1l fue la l\u00f3gica para tomar esta determinaci\u00f3n?<\/p>\n\n\n\n<p>\u00bf\u00a1Que se los cargue el carajo, solo son polic\u00edas!?<\/p>\n\n\n\n<p>\u00bfEs inhumano?<\/p>\n\n\n\n<p>\u00a1S\u00ed!<\/p>\n\n\n\n<p>\u00bfIndigno?<\/p>\n\n\n\n<p>\u00a1S\u00ed!<\/p>\n\n\n\n<p>Pero fue una decisi\u00f3n tomada por una persona fuera de lo com\u00fan, que convenci\u00f3 a otra persona fuera de lo com\u00fan, como Miguel Barbosa, con la que compart\u00eda iguales valores, de hacer esto y que llev\u00f3 a un resultado fuera de lo com\u00fan:<\/p>\n\n\n\n<p>\u00a1Puebla cuenta con la Fiscal\u00eda peor evaluada del pa\u00eds!<\/p>\n\n\n\n<p>\u00bfDeber\u00eda corregirse?<\/p>\n\n\n\n<p>\u00a1Sin duda!<\/p>\n\n\n\n<p>Es m\u00e1s\u2026 \u00a1ES URGENTE!<\/p>\n\n\n\n<p>Y s\u00ed, \u00a1ha vuelto la posibilidad de hacer las cosas bien!<\/p>\n\n\n\n<p>Si es que la titular de la Fiscal\u00eda resulta ser Idamis Pastor Betancourt \u2014qui\u00e9n definitivamente no est\u00e1 impedida para ser elegida y rendir protesta para el cargo\u2014, ella, Alejandro Armenta, Laura Artemisa Garc\u00eda y las y los diputados locales se encuentran ante la posibilidad hist\u00f3rica de salvarle la vida a los polic\u00edas que quedan y dejar de encarcelar a los que se arriesgan a hacer lo que t\u00fa y yo no estamos dispuestos.<\/p>\n\n\n\n<p>Pueden devolverle operatividad a la Polic\u00eda de Investigaci\u00f3n. Pueden redignificarla devolvi\u00e9ndole la capacidad de investigar con m\u00e9todo y aprehender correctamente a los malos.<\/p>\n\n\n\n<p>Las autoridades de este estado pueden devolverle al titular de la Polic\u00eda sus facultades y dejar de nulificar a esta corporaci\u00f3n por temor a que la fuerza de quien la dirige, le \u201crobe\u201d atenci\u00f3n medi\u00e1tica y pol\u00edtica a la o el titular de la Fiscal\u00eda. Porque no se trata de una lucha de egos, como si ocurri\u00f3 hasta la semana pasada, sino de dar resultados y brindarnos seguridad.<\/p>\n\n\n\n<p>Tambi\u00e9n pueden traer a un titular de la polic\u00eda que haya dado resultados, que conozca Puebla y que haya superado cualquier se\u00f1alamiento de corrupci\u00f3n o de v\u00ednculos con el crimen organizado.<\/p>\n\n\n\n<p>Y por si fuera poco, pueden llevar a cabo una reforma de fondo a la Ley Org\u00e1nica de la Fiscal\u00eda del Estado y reconstruirla.<\/p>\n\n\n\n<p>\u00bfSe van a aventar&nbsp;<em>el tiro<\/em>?<\/p>\n\n\n\n<p>Esperemos que pronto podamos decir \u00a1Ha vuelto!\u2026 \u00a1Ha vuelto la dignidad que perdieron los polic\u00edas y la corporaci\u00f3n! \u00a1Ha vuelto una Fiscal\u00eda que persigue a los malos y no se entretiene nada m\u00e1s mandando al matadero a sus agentes!<\/p>\n\n\n\n<p>Post scriptum: el gobernador Armenta dijo que la lista que envi\u00f3 al Congreso del Estado para elegir a la o el nuevo fiscal fue una compuesta por funcionarios honestos y confiables.<\/p>\n\n\n\n<p>\u00bfEso quiere decir que Higuera Bernal no lo era? Porque para todos es sospechosa la manera en que sali\u00f3 a buscar y perder una ministratura.<\/p>\n\n\n\n<p>\u00bfA poco no?<\/p>\n\n\n\n<p><\/p>\n","protected":false},"excerpt":{"rendered":"<p>Si no han visto esa pel\u00edcula, se est\u00e1n tardando y si quieren saber en qu\u00e9 se parece al proceso de [&hellip;]<\/p>\n","protected":false},"author":1,"featured_media":92267,"comment_status":"open","ping_status":"open","sticky":false,"template":"","format":"standard","meta":{"site-sidebar-layout":"default","site-content-layout":"","ast-site-content-layout":"default","site-content-style":"default","site-sidebar-style":"default","ast-global-header-display":"","ast-banner-title-visibility":"","ast-main-header-display":"","ast-hfb-above-header-display":"","ast-hfb-below-header-display":"","ast-hfb-mobile-header-display":"","site-post-title":"","ast-breadcrumbs-content":"","ast-featured-img":"","footer-sml-layout":"","theme-transparent-header-meta":"","adv-header-id-meta":"","stick-header-meta":"","header-above-stick-meta":"","header-main-stick-meta":"","header-below-stick-meta":"","astra-migrate-meta-layouts":"default","ast-page-background-enabled":"default","ast-page-background-meta":{"desktop":{"background-color":"var(--ast-global-color-4)","background-image":"","background-repeat":"repeat","background-position":"center center","background-size":"auto","background-attachment":"scroll","background-type":"","background-media":"","overlay-type":"","overlay-color":"","overlay-opacity":"","overlay-gradient":""},"tablet":{"background-color":"","background-image":"","background-repeat":"repeat","background-position":"center center","background-size":"auto","background-attachment":"scroll","background-type":"","background-media":"","overlay-type":"","overlay-color":"","overlay-opacity":"","overlay-gradient":""},"mobile":{"background-color":"","background-image":"","background-repeat":"repeat","background-position":"center center","background-size":"auto","background-attachment":"scroll","background-type":"","background-media":"","overlay-type":"","overlay-color":"","overlay-opacity":"","overlay-gradient":""}},"ast-content-background-meta":{"desktop":{"background-color":"var(--ast-global-color-5)","background-image":"","background-repeat":"repeat","background-position":"center center","background-size":"auto","background-attachment":"scroll","background-type":"","background-media":"","overlay-type":"","overlay-color":"","overlay-opacity":"","overlay-gradient":""},"tablet":{"background-color":"var(--ast-global-color-5)","background-image":"","background-repeat":"repeat","background-position":"center center","background-size":"auto","background-attachment":"scroll","background-type":"","background-media":"","overlay-type":"","overlay-color":"","overlay-opacity":"","overlay-gradient":""},"mobile":{"background-color":"var(--ast-global-color-5)","background-image":"","background-repeat":"repeat","background-position":"center center","background-size":"auto","background-attachment":"scroll","background-type":"","background-media":"","overlay-type":"","overlay-color":"","overlay-opacity":"","overlay-gradient":""}},"footnotes":""},"categories":[8,22],"tags":[34274,34275],"class_list":["post-92265","post","type-post","status-publish","format-standard","has-post-thumbnail","hentry","category-noticias","category-opinion-invitada","tag-eleccion-fiscal-puebla","tag-gilberto-higuera"],"_links":{"self":[{"href":"https:\/\/losperiodistas.com.mx\/portal\/wp-json\/wp\/v2\/posts\/92265","targetHints":{"allow":["GET"]}}],"collection":[{"href":"https:\/\/losperiodistas.com.mx\/portal\/wp-json\/wp\/v2\/posts"}],"about":[{"href":"https:\/\/losperiodistas.com.mx\/portal\/wp-json\/wp\/v2\/types\/post"}],"author":[{"embeddable":true,"href":"https:\/\/losperiodistas.com.mx\/portal\/wp-json\/wp\/v2\/users\/1"}],"replies":[{"embeddable":true,"href":"https:\/\/losperiodistas.com.mx\/portal\/wp-json\/wp\/v2\/comments?post=92265"}],"version-history":[{"count":1,"href":"https:\/\/losperiodistas.com.mx\/portal\/wp-json\/wp\/v2\/posts\/92265\/revisions"}],"predecessor-version":[{"id":92268,"href":"https:\/\/losperiodistas.com.mx\/portal\/wp-json\/wp\/v2\/posts\/92265\/revisions\/92268"}],"wp:featuredmedia":[{"embeddable":true,"href":"https:\/\/losperiodistas.com.mx\/portal\/wp-json\/wp\/v2\/media\/92267"}],"wp:attachment":[{"href":"https:\/\/losperiodistas.com.mx\/portal\/wp-json\/wp\/v2\/media?parent=92265"}],"wp:term":[{"taxonomy":"category","embeddable":true,"href":"https:\/\/losperiodistas.com.mx\/portal\/wp-json\/wp\/v2\/categories?post=92265"},{"taxonomy":"post_tag","embeddable":true,"href":"https:\/\/losperiodistas.com.mx\/portal\/wp-json\/wp\/v2\/tags?post=92265"}],"curies":[{"name":"wp","href":"https:\/\/api.w.org\/{rel}","templated":true}]}}