{"id":92213,"date":"2024-12-16T09:16:17","date_gmt":"2024-12-16T15:16:17","guid":{"rendered":"https:\/\/losperiodistas.com.mx\/portal\/?p=92213"},"modified":"2024-12-16T09:16:19","modified_gmt":"2024-12-16T15:16:19","slug":"fin-de-la-luna-de-miel-para-claudia-sheinbaum-la-vanguardia","status":"publish","type":"post","link":"https:\/\/losperiodistas.com.mx\/portal\/fin-de-la-luna-de-miel-para-claudia-sheinbaum-la-vanguardia\/","title":{"rendered":"Fin de la luna de miel para Claudia Sheinbaum | La Vanguardia"},"content":{"rendered":"\n<h2 class=\"wp-block-heading\">A la vez que se independiza de L\u00f3pez Obrador, la nueva presidenta mexicana se enfrenta a Donald Trump<\/h2>\n\n\n\n<figure class=\"wp-block-image size-full\"><img fetchpriority=\"high\" decoding=\"async\" width=\"990\" height=\"484\" src=\"https:\/\/losperiodistas.com.mx\/portal\/wp-content\/uploads\/2024\/12\/675eeae0a69e5.jpeg\" alt=\"\" class=\"wp-image-92214\" srcset=\"https:\/\/losperiodistas.com.mx\/portal\/wp-content\/uploads\/2024\/12\/675eeae0a69e5.jpeg 990w, https:\/\/losperiodistas.com.mx\/portal\/wp-content\/uploads\/2024\/12\/675eeae0a69e5-300x147.jpeg 300w, https:\/\/losperiodistas.com.mx\/portal\/wp-content\/uploads\/2024\/12\/675eeae0a69e5-768x375.jpeg 768w\" sizes=\"(max-width: 990px) 100vw, 990px\" \/><figcaption class=\"wp-element-caption\">Claudia Sheinbaum, durante una conferencia de prensa en el Palacio Nacional, de Ciudad de M\u00e9xico, el 5 de diciembre | Stephania Corpi \/ Bloomberg L.P. Limited Partnership<\/figcaption><\/figure>\n\n\n\n<p class=\"has-vivid-red-color has-text-color has-link-color has-medium-font-size wp-elements-f9717dc47567053de87873e75e36ef40\"><strong>\u00ad\u00ad\u00adAndy Robinson \/ La Vanguardia<\/strong><\/p>\n\n\n\n<p>Ciudad de M\u00e9xico<\/p>\n\n\n\n<p>Ella no tendr\u00e1 luna de miel\u201d, dijo un abogado de Monterrey durante un almuerzo de norte\u00f1os de cabrito y huachinango a la sal en un restaurante de la gentrificada colonia Roma de Ciudad de M\u00e9xico. \u201cAMLO no la dejar\u00e1\u201d. Para muchos observadores, la nueva presidenta, Claudia Sheinbaum, arranca en el poder a la sombra del expresidente<a href=\"https:\/\/www.lavanguardia.com\/internacional\/20240611\/9722305\/sheinbaum-defiende-reformas-amlo.html\">&nbsp;Andr\u00e9s Manuel L\u00f3pez Obrador<\/a>&nbsp;\u2013conocido como AMLO\u2013, ya retirado en la finca La Chingada, en Tabasco, pero cuya voz a\u00fan se escucha en el palacio presidencial, junto al Z\u00f3calo de la capital. A\u00fan m\u00e1s despu\u00e9s del nombramiento del hijo del expresidente a la direcci\u00f3n del poderoso partido Morena.<\/p>\n\n\n\n<p>Puede ser verdad. Pero si Sheinbaum \u2013de 62 a\u00f1os, doctora en Ciencias F\u00edsicas y de largo recorrido en la izquierda mexicana\u2013 ha optado por el continuismo, parece ser un caso de: \u201cSi no est\u00e1 roto, \u00bfpor qu\u00e9 arreglarlo?\u201d.<\/p>\n\n\n\n<h3 class=\"wp-block-heading\">Trump amenaza con aranceles y con bombardear las instalaciones de los narcos en M\u00e9xico<\/h3>\n\n\n\n<p>Durante sus dos primeros meses en el poder presidencial ha anunciado una bater\u00eda de medidas, algunas asignaturas pendientes del sexenio anterior, otras de su propia cosecha. La valoraci\u00f3n del arranque presidencial en las encuestas \u2013con el 74% a favor, seg\u00fan el \u00faltimo sondeo\u2013 ya rebasa incluso a L\u00f3pez Obrador.<\/p>\n\n\n\n<p>\u201cHa disfrutado de esa popularidad hasta cierto punto heredada y ha sabido manejar sus espacios pol\u00edticos y hacer cambios estructurales profundos en la parte institucional\u201d, dijo un exdirector de una asociaci\u00f3n empresarial.<\/p>\n\n\n\n<h3 class=\"wp-block-heading\">La presidenta opta por el continuismo, parece ser un caso de \u201csi no est\u00e1 roto, \u00bfpor qu\u00e9 arreglarlo?\u201d<\/h3>\n\n\n\n<p>Muy al estilo de Obrador, Sheinbaum ha recorrido el pa\u00eds para anunciar nuevas inversiones en infraestructura, aprovechando la red de organizaciones vecinales dominadas por el partido Morena, asambleas de barrio y movimientos sociales a lo ancho del pa\u00eds que forman la base de la llamada<a href=\"https:\/\/www.lavanguardia.com\/politica\/20200923\/483631872086\/lopez-obrador-defiende-su-cuarta-transformacion-de-mexico-en-la-onu.html\">&nbsp;Cuarta Transformaci\u00f3n<\/a>.<\/p>\n\n\n\n<p>Despu\u00e9s del Tren Maya en el sureste y el eje trans\u00edstmico de Tehuantepec, que unir\u00e1 el Pac\u00edfico y el Golfo de M\u00e9xico, se planifican ferrocarriles nuevos de Ciudad de M\u00e9xico a Pachuca, Quer\u00e9taro y, m\u00e1s adelante, en el norte, a San Luis Potos\u00ed y Monterrey, cerca de la frontera estadounidense. Terminar\u00e1n nuevas carreteras a lo ancho del pa\u00eds, de Durango a Chiapas. Con el ej\u00e9rcito y la Marina al mando de muchas de estas obras, la nueva presidenta \u2013al igual que L\u00f3pez Obrador\u2013 no parece estar preocupada en lo m\u00e1s m\u00ednimo por la criticada militarizaci\u00f3n del Estado.<\/p>\n\n\n\n<figure class=\"wp-block-image\"><img decoding=\"async\" src=\"https:\/\/www.lavanguardia.com\/files\/content_image_mobile_filter\/uploads\/2024\/11\/27\/67476803afe57.jpeg\" alt=\"Claudia Sheinbaum Pardo, President of Mexico, speaks during a briefing conference about the victory of Donald Trump  as the 47th President of United States. Donald Trump has so far obtained 292 electoral votes against 224 for Kamala Harris, thus winning the victory after Election Day. on November 6, 2024 in Mexico City, Mexico.,Image: 931213456, License: Rights-managed, Restrictions: , Model Release: no, Credit line: Carlos Santiago \/ Zuma Press \/ ContactoPhoto\nEditorial licence valid only for Spain and 3 MONTHS from the date of the image, then delete it from your archive. For non-editorial and non-licensed use, please contact EUROPA PRESS.\"\/><figcaption class=\"wp-element-caption\">Claudia Sheinbaum, presidenta de M\u00e9xico&nbsp;Carlos Santiago \/ Zuma Press \/ ContactoPhoto \/ Europa Press<\/figcaption><\/figure>\n\n\n\n<p>Asimismo, Sheinbaum mantienen los programas sociales de L\u00f3pez Obrador, las claves del \u00e9xito electoral de Morena. La nueva presidenta anunci\u00f3 m\u00e1s becas a j\u00f3venes en el programa<em>&nbsp;Construyendo el Futuro&nbsp;<\/em>, as\u00ed como subsidios y atenci\u00f3n m\u00e9dica a mujeres mayores de 60 a\u00f1os. Aprovechando la amplia mayor\u00eda de Morena en el Congreso, pretende convertir estos, as\u00ed como las subidas del salario m\u00ednimo, en un derecho constitucional. El derecho a la vivienda \u2013con el plan de construir un mill\u00f3n de viviendas por un coste de casi 30.000 millones de euros\u2013 tambi\u00e9n.<\/p>\n\n\n\n<h2 class=\"wp-block-heading\">Rompiendo tab\u00faes<\/h2>\n\n\n\n<h3 class=\"wp-block-heading\">\u201cEl 70% de las armas ilegales decomisadas vienen de EE.UU.; ni producimos armas ni tomamos drogas sint\u00e9ticas\u201d<\/h3>\n\n\n\n<p>Sheinbaum mantiene la pol\u00e9mica reforma del sistema judicial mediante la sustituci\u00f3n de casi 2.000 jueces por otros que ser\u00e1n elegidos en voto directo el a\u00f1o que viene. Pero en la pol\u00edtica antinarco se aleja de la conciliatoria estrategia de \u201cabrazos y no balazos\u201d respecto a los narcos de L\u00f3pez Obrador, en cuyo sexenio se registraron casi 200.000 muertos violentos, cien diarios, un r\u00e9cord hist\u00f3rico. El nombramiento al puesto de secretario de Seguridad del exjefe de polic\u00eda en Ciudad de M\u00e9xico, Omar Garc\u00eda Harfuch, superviviente de un atentado en el 2020, se considera una apuesta por una estrategia m\u00e1s agresiva en la lucha contra la delincuencia organizada.<\/p>\n\n\n\n<h3 class=\"wp-block-heading\">Claudia Sheinbaum registra un \u00edndice de popularidad r\u00e9cord del 74% tras dos meses en la presidencia<\/h3>\n\n\n\n<p>Pero la luna de miel de Sheinbaum puede terminar r\u00e1pidamente tras la toma de posesi\u00f3n de Donald Trump el pr\u00f3ximo 20 de enero. El presidente electo estadounidense ha amenazado con aplicar megaaranceles del 25% a M\u00e9xico, condicionados al cierre de la frontera tanto para la inmigraci\u00f3n como el tr\u00e1fico de drogas, sobre todo el fentanilo, la llamada droga de la desesperanza estadounidense, fabricada en parte en M\u00e9xico.<\/p>\n\n\n\n<p>El nombramiento de Peter Navarro como principal asesor comercial de la administraci\u00f3n estadounidense indica que Trump incluso puede estar dispuesto a desmantelar el tratado de libre comercio con M\u00e9xico y Canada \u2013firmado en 1994 y renovado en 2018\u2013, dijeron fuentes consultadas. M\u00e9xico ya se prepara para reducir componentes chinos en sus exportaciones como una concesi\u00f3n.Lee tambi\u00e9n<\/p>\n\n\n\n<h2 class=\"wp-block-heading has-medium-font-size\"><a href=\"https:\/\/www.lavanguardia.com\/gente\/20241209\/10162813\/candidatos-persona-ano-2024-revista-time.html\">\u2018Time\u2019 revela los 10 candidatos que optan a convertirse en la persona del a\u00f1o<\/a><\/h2>\n\n\n\n<p>Mamen Polaino<\/p>\n\n\n\n<figure class=\"wp-block-image\"><img decoding=\"async\" src=\"https:\/\/www.lavanguardia.com\/files\/image_334_164\/files\/fp\/uploads\/2024\/12\/09\/67570da75256b.r_d.739-291.jpeg\" alt=\"Trump, Nav\u00e1lnaya y Middleton, candidatos a Personas del A\u00f1o de la revista 'Time'\"\/><\/figure>\n\n\n\n<p>Asimismo, Trump exige medidas draconianas contra los c\u00e1rteles de la droga y ha hablado p\u00fablicamente de bombardear las f\u00e1bricas de fentanilo en M\u00e9xico. Mike Waltz, el nuevo asesor sobre seguridad nacional \u2013un neoconservador de Florida\u2013, ha esponsorizado un proyecto de ley que permitir\u00eda el uso de \u201cdrones, ciberguerra e inteligencia\u201d para golpear a los narcos en M\u00e9xico.&nbsp;<\/p>\n\n\n\n<p>Por si esto fuera poco, la deportaci\u00f3n masiva de inmigrantes indocumentados desde EE.UU., m\u00e1s de la mitad de ellos mexicanos, que Trump pretende autorizar, acabar\u00eda con cruciales flujos de remesas, m\u00e1s de 60.000 millones de d\u00f3lares en el 2023. Constituyen la principal fuente de ingresos para unos 11 millones de mexicanos, muchos de ellos en estados pobres, como Zacatecas o Guerrero.<\/p>\n\n\n\n<figure class=\"wp-block-image\"><img decoding=\"async\" src=\"https:\/\/www.lavanguardia.com\/files\/content_image_mobile_filter\/files\/fp\/uploads\/2024\/06\/21\/6674aea58b840.r_d.1460-993.jpeg\" alt=\"MEX1217. LERDO (MEXICO) 16\/06\/2024.- Fotograf\u00eda cedida este domingo por la Presidencia de M\u00e9xico del mandatario mexicano, Andr\u00e9s Manuel L\u00f3pez Obrador (d) y la presidenta electa de M\u00e9xico, Claudia Sheinbaum, durante una gira de trabajo en el municipio de Lerdo en el estado de Durango (M\u00e9xico). El presidente de M\u00e9xico, Andr\u00e9s Manuel L\u00f3pez Obrador, asegur\u00f3 este domingo que #{emoji}147;no va haber retrocesos#{emoji}148; con el cambio de gobierno y que su sucesora, Claudia Sheinbaum, dar\u00e1 continuidad a temas como garantizar agua en todo el pa\u00eds y mantener los programas sociales. EFE\/Presidencia de M\u00e9xico\/SOLO USO EDITORIAL\/SOLO DISPONIBLE PARA ILUSTRAR LA NOTICIA QUE ACOMPA\u00d1A (CR\u00c9DITO OBLIGATORIO)\"\/><figcaption class=\"wp-element-caption\">Sin romper el modelo de su predecesor, el popular ex presidente AMLO, Sheinbaum ha conseguido en poco tiempo marcar estilo propio&nbsp;Presidencia de M\u00e9xico \/ EFE<\/figcaption><\/figure>\n\n\n\n<p>Parte de esto es una repetici\u00f3n de las amenazas dirigidas contra M\u00e9xico antes de la primera toma de posesi\u00f3n de Trump en el 2016. Entonces, L\u00f3pez Obrador opt\u00f3 por acceder \u2013al menos en su discurso\u2013 a la mayor\u00eda de las exigencias en migraci\u00f3n y delincuencia, con el fin de desarmar la amenaza de aranceles. Claudic\u00f3 ante las presiones de Trump de forzar a los solicitantes de asilo pol\u00edtico en EE.UU. a permanecer en M\u00e9xico mientras se tramitaban sus casos.<\/p>\n\n\n\n<p>Sheinbaum, que particip\u00f3 en protestas contra EE.UU. cuando vivi\u00f3 en California en los a\u00f1os noventa, ha empleado un tono m\u00e1s firme: \u201cEl 70% de las armas ilegales que se decomisan en M\u00e9xico provienen de su pa\u00eds; nosotros no producimos armas ni consumimos drogas sint\u00e9ticas\u201d, afirm\u00f3 en una carta abierta a Trump que ley\u00f3 en voz alta en la conferencia de prensa matutina la semana pasada. \u201cEso s\u00ed, proporcionamos a quienes mueren a manos de los delincuentes\u201d.<\/p>\n\n\n\n<p>Fuente: <a href=\"https:\/\/www.lavanguardia.com\/internacional\/20241216\/10203918\/luna-miel-claudia-sheinbaum.html\">https:\/\/www.lavanguardia.com\/internacional\/20241216\/10203918\/luna-miel-claudia-sheinbaum.html<\/a><\/p>\n","protected":false},"excerpt":{"rendered":"<p>A la vez que se independiza de L\u00f3pez Obrador, la nueva presidenta mexicana se enfrenta a Donald Trump \u00ad\u00ad\u00adAndy Robinson [&hellip;]<\/p>\n","protected":false},"author":1,"featured_media":92214,"comment_status":"open","ping_status":"open","sticky":false,"template":"","format":"standard","meta":{"site-sidebar-layout":"default","site-content-layout":"","ast-site-content-layout":"default","site-content-style":"default","site-sidebar-style":"default","ast-global-header-display":"","ast-banner-title-visibility":"","ast-main-header-display":"","ast-hfb-above-header-display":"","ast-hfb-below-header-display":"","ast-hfb-mobile-header-display":"","site-post-title":"","ast-breadcrumbs-content":"","ast-featured-img":"","footer-sml-layout":"","theme-transparent-header-meta":"","adv-header-id-meta":"","stick-header-meta":"","header-above-stick-meta":"","header-main-stick-meta":"","header-below-stick-meta":"","astra-migrate-meta-layouts":"default","ast-page-background-enabled":"default","ast-page-background-meta":{"desktop":{"background-color":"var(--ast-global-color-4)","background-image":"","background-repeat":"repeat","background-position":"center center","background-size":"auto","background-attachment":"scroll","background-type":"","background-media":"","overlay-type":"","overlay-color":"","overlay-opacity":"","overlay-gradient":""},"tablet":{"background-color":"","background-image":"","background-repeat":"repeat","background-position":"center center","background-size":"auto","background-attachment":"scroll","background-type":"","background-media":"","overlay-type":"","overlay-color":"","overlay-opacity":"","overlay-gradient":""},"mobile":{"background-color":"","background-image":"","background-repeat":"repeat","background-position":"center center","background-size":"auto","background-attachment":"scroll","background-type":"","background-media":"","overlay-type":"","overlay-color":"","overlay-opacity":"","overlay-gradient":""}},"ast-content-background-meta":{"desktop":{"background-color":"var(--ast-global-color-5)","background-image":"","background-repeat":"repeat","background-position":"center center","background-size":"auto","background-attachment":"scroll","background-type":"","background-media":"","overlay-type":"","overlay-color":"","overlay-opacity":"","overlay-gradient":""},"tablet":{"background-color":"var(--ast-global-color-5)","background-image":"","background-repeat":"repeat","background-position":"center center","background-size":"auto","background-attachment":"scroll","background-type":"","background-media":"","overlay-type":"","overlay-color":"","overlay-opacity":"","overlay-gradient":""},"mobile":{"background-color":"var(--ast-global-color-5)","background-image":"","background-repeat":"repeat","background-position":"center center","background-size":"auto","background-attachment":"scroll","background-type":"","background-media":"","overlay-type":"","overlay-color":"","overlay-opacity":"","overlay-gradient":""}},"footnotes":""},"categories":[8],"tags":[34231,34232],"class_list":["post-92213","post","type-post","status-publish","format-standard","has-post-thumbnail","hentry","category-noticias","tag-claudia-sheinbaum-luna-de-miel","tag-csp-y-amlo"],"_links":{"self":[{"href":"https:\/\/losperiodistas.com.mx\/portal\/wp-json\/wp\/v2\/posts\/92213","targetHints":{"allow":["GET"]}}],"collection":[{"href":"https:\/\/losperiodistas.com.mx\/portal\/wp-json\/wp\/v2\/posts"}],"about":[{"href":"https:\/\/losperiodistas.com.mx\/portal\/wp-json\/wp\/v2\/types\/post"}],"author":[{"embeddable":true,"href":"https:\/\/losperiodistas.com.mx\/portal\/wp-json\/wp\/v2\/users\/1"}],"replies":[{"embeddable":true,"href":"https:\/\/losperiodistas.com.mx\/portal\/wp-json\/wp\/v2\/comments?post=92213"}],"version-history":[{"count":1,"href":"https:\/\/losperiodistas.com.mx\/portal\/wp-json\/wp\/v2\/posts\/92213\/revisions"}],"predecessor-version":[{"id":92215,"href":"https:\/\/losperiodistas.com.mx\/portal\/wp-json\/wp\/v2\/posts\/92213\/revisions\/92215"}],"wp:featuredmedia":[{"embeddable":true,"href":"https:\/\/losperiodistas.com.mx\/portal\/wp-json\/wp\/v2\/media\/92214"}],"wp:attachment":[{"href":"https:\/\/losperiodistas.com.mx\/portal\/wp-json\/wp\/v2\/media?parent=92213"}],"wp:term":[{"taxonomy":"category","embeddable":true,"href":"https:\/\/losperiodistas.com.mx\/portal\/wp-json\/wp\/v2\/categories?post=92213"},{"taxonomy":"post_tag","embeddable":true,"href":"https:\/\/losperiodistas.com.mx\/portal\/wp-json\/wp\/v2\/tags?post=92213"}],"curies":[{"name":"wp","href":"https:\/\/api.w.org\/{rel}","templated":true}]}}