{"id":92210,"date":"2024-12-16T08:31:56","date_gmt":"2024-12-16T14:31:56","guid":{"rendered":"https:\/\/losperiodistas.com.mx\/portal\/?p=92210"},"modified":"2024-12-16T08:31:58","modified_gmt":"2024-12-16T14:31:58","slug":"lo-que-el-control-islamista-significa-para-los-cristianos-de-siria-wsj","status":"publish","type":"post","link":"https:\/\/losperiodistas.com.mx\/portal\/lo-que-el-control-islamista-significa-para-los-cristianos-de-siria-wsj\/","title":{"rendered":"Lo que el control islamista significa para los cristianos de Siria | WSJ"},"content":{"rendered":"\n<h2 class=\"wp-block-heading\">Los rebeldes islamistas prometen tolerancia religiosa, pero los habitantes de las comunidades cristianas de Siria no saben si pueden confiar en ellos<\/h2>\n\n\n\n<figure class=\"wp-block-image\"><img decoding=\"async\" src=\"https:\/\/images.wsj.net\/im-42040486?width=700&amp;height=466\" alt=\"\"\/><figcaption class=\"wp-element-caption\">Seg\u00fan cifras recientes, la comunidad cristiana de Siria representa apenas el 1,5% de la poblaci\u00f3n del pa\u00eds.\u00a0Foto:\u00a0Antonio Pedro Santos\/Shutterstock<\/figcaption><\/figure>\n\n\n\n<p><\/p>\n\n\n\n<p class=\"has-vivid-red-color has-text-color has-link-color has-medium-font-size wp-elements-9fb8181f73d2db96cb4f595eae659cf7\"><strong>Por <a href=\"https:\/\/www.wsj.com\/news\/author\/stephen-kalin\">Esteban Kalin<\/a> y Suha Ma&#8217;ayeh \/ The Wall Street Journal<\/strong><\/p>\n\n\n\n<p><\/p>\n\n\n\n<p>En el enclave occidental sirio de Wadi al-Nasara, o Valle de los Cristianos, el sonido de las campanas de las iglesias reson\u00f3 por las calles y la gente puso \u00e1rboles de Navidad esta semana.<\/p>\n\n\n\n<p>Hasta ahora, la vida de los habitantes de la antigua comunidad cristiana de Siria no se ha visto alterada por el&nbsp;<a href=\"https:\/\/www.wsj.com\/world\/middle-east\/how-syria-rebels-ousted-assad-1b09d28d?mod=article_inline\">derrocamiento del presidente Bashar al-Assad<\/a>&nbsp;, pero existe inquietud por lo que ocurrir\u00e1 a continuaci\u00f3n bajo el gobierno de los grupos liderados por islamistas que han tomado el poder en el pa\u00eds.<\/p>\n\n\n\n<p>\u201cEst\u00e1n pidiendo a los cristianos que sigan practicando todas sus actividades religiosas y celebren la Navidad plenamente\u201d, dijo&nbsp;Ammar Fakhouri&nbsp;, un trabajador de una organizaci\u00f3n ben\u00e9fica en el pueblo de al-Mouzeina, en el valle. \u201cTodav\u00eda tenemos miedo de un futuro desconocido y no hemos alcanzado el estado de plena confianza, pero sus palabras, acciones y respeto por todos reducen un poco este miedo\u201d.<\/p>\n\n\n\n<p>Durante&nbsp;<a href=\"https:\/\/www.wsj.com\/world\/middle-east\/bashar-al-assad-syria-regime-ends-672af9a8?mod=article_inline\">las d\u00e9cadas del gobierno de la familia Assad<\/a>&nbsp;, cristianos y musulmanes convivieron con m\u00ednimas fricciones, pero las comunidades cristianas se vieron sometidas a una dura prueba por la guerra civil que estall\u00f3 en 2011. A medida que el conflicto adquiri\u00f3 matices sectarios, los cristianos en gran medida se aliaron con el r\u00e9gimen, o al menos se negaron a oponerse activamente a \u00e9l. Muchos miembros de la iglesia ten\u00edan v\u00ednculos de larga data con el r\u00e9gimen y los servicios de inteligencia que moldearon su postura.<\/p>\n\n\n\n<p>Los rebeldes han tratado de tranquilizar a las minor\u00edas religiosas y \u00e9tnicas dici\u00e9ndoles que tendr\u00e1n plenos derechos e igualdad con la mayor\u00eda musulmana. El cumplimiento de esa promesa podr\u00eda determinar el destino de una de las poblaciones cristianas m\u00e1s antiguas del mundo, formada por comunidades vibrantes, aunque en disminuci\u00f3n, de varias sectas antiguas: ortodoxos sirios, cat\u00f3licos sirios, ortodoxos griegos, cat\u00f3licos griegos y ortodoxos armenios.<\/p>\n\n\n\n<figure class=\"wp-block-image\"><img decoding=\"async\" src=\"https:\/\/images.wsj.net\/im-61751458?width=700&amp;height=466\" alt=\"\"\/><\/figure>\n\n\n\n<p>Una estatua de la Virgen Mar\u00eda y el Ni\u00f1o Jes\u00fas en una organizaci\u00f3n ben\u00e9fica en Alepo, Siria.&nbsp;Foto:&nbsp;ozan kose\/Agence France-Presse\/Getty Images<\/p>\n\n\n\n<p>Cuando los&nbsp;<a href=\"https:\/\/www.wsj.com\/world\/middle-east\/rebel-forces-in-syria-enter-aleppo-in-surprise-offensive-f7f3924e?mod=article_inline\">rebeldes conquistaron Alepo<\/a>&nbsp;a finales del mes pasado, seguido de Homs y finalmente la capital, Damasco, distribuyeron pan y regalos para ni\u00f1os en los barrios cristianos, diciendo a los residentes que no ten\u00edan nada que temer.<\/p>\n\n\n\n<p>Sin embargo, como muestra de su sensaci\u00f3n de aprensi\u00f3n, algunos comerciantes cristianos se est\u00e1n absteniendo de vender alcohol, que los islamistas consideran pecaminoso, o lo est\u00e1n haciendo discretamente. Los residentes de Homs dicen que hombres armados intentaron cerrar licorer\u00edas y retirar cruces de los coches de los cristianos. Hasta ahora, parecen ser incidentes aislados y contrarios a la pol\u00edtica declarada de los nuevos l\u00edderes del pa\u00eds.<\/p>\n\n\n\n<p>\u201cTodav\u00eda estamos en el terreno de las promesas\u201d, dijo un empresario cristiano armenio de Alepo. \u201c\u00bfLo que est\u00e1 sucediendo es solo propaganda para ganar confianza en el extranjero y tal vez m\u00e1s tarde cambie, o es algo real? Necesitamos tiempo\u201d.<\/p>\n\n\n\n<p>El trato que se d\u00e9 a las minor\u00edas, incluidos los cristianos sirios, ser\u00e1 una prueba para las fuerzas rebeldes.&nbsp;Hayat Tahrir al-Sham&nbsp;, el grupo l\u00edder y ex afiliado de Al Qaeda, ha tratado en los \u00faltimos a\u00f1os de distanciarse de sus or\u00edgenes extremistas.<\/p>\n\n\n\n<figure class=\"wp-block-image\"><img decoding=\"async\" src=\"https:\/\/images.wsj.net\/im-87776050?width=700&amp;height=466\" alt=\"\"\/><\/figure>\n\n\n\n<p>Una mujer reza en una iglesia de Damasco, Siria.&nbsp;Foto:&nbsp;ammar awad\/Reuters<\/p>\n\n\n\n<p>El HTS ha sido designado como organizaci\u00f3n terrorista por Estados Unidos, la Uni\u00f3n Europea y las Naciones Unidas. Probablemente tendr\u00e1 que convencer a Occidente de que puede proteger a las minor\u00edas si quiere perder esa designaci\u00f3n, quedar libre de sanciones, conseguir ayuda para la reconstrucci\u00f3n y reintegrar a Siria a la econom\u00eda global. Su capacidad para hacerlo tambi\u00e9n ser\u00e1 una se\u00f1al de si Siria puede unificarse bajo un solo gobierno o si se ver\u00e1 acosada por a\u00f1os de luchas intestinas.<\/p>\n\n\n\n<p>Hasta ahora, los rebeldes islamistas han dado en el clavo en muchas de sus declaraciones p\u00fablicas. Han prometido igualdad de derechos para todos los sirios, prohibido la discriminaci\u00f3n basada en la religi\u00f3n o la etnia y prometido proteger las iglesias y las escuelas religiosas.<\/p>\n\n\n\n<p>En una serie de reuniones esta semana con l\u00edderes cristianos locales, los comandantes de HTS dijeron que quer\u00edan que todos los sirios se sintieran seguros y bienvenidos en su pa\u00eds.<\/p>\n\n\n\n<p>En la ciudad costera de Tartus, un comandante del HTS llamado&nbsp;Sheikh Ala&nbsp;se reuni\u00f3 recientemente con unos 100 l\u00edderes c\u00edvicos y religiosos, incluidos cl\u00e9rigos cristianos. Cuando lo presentaron, algunos asistentes entonaron un canto islamista t\u00edpico: \u201cDios es grande\u201d. Con barba y el labio superior afeitado, como es el caso de los musulmanes salafistas de l\u00ednea dura, Ala llam\u00f3 a los miembros de otras sectas \u201csus hermanos\u201d.&nbsp;<\/p>\n\n\n\n<p><\/p>\n\n\n\n<p>\u201cUstedes son nuestro pueblo y nosotros somos sus hijos\u201d, afirm\u00f3. \u201cNo tenemos divisiones ni discriminaci\u00f3n, si Dios quiere. Todos estamos unidos y la seguridad es para todos\u201d.<\/p>\n\n\n\n<p>Jiris Jabra&nbsp;, un residente cristiano de Tartus, dijo que se sent\u00eda aliviado de haberse librado de Assad. \u201cSomos optimistas, porque quienes derrocaron al r\u00e9gimen est\u00e1n tomando medidas que garantizan la seguridad\u201d, afirm\u00f3.<\/p>\n\n\n\n<figure class=\"wp-block-image\"><img decoding=\"async\" src=\"https:\/\/images.wsj.net\/im-89766732?width=700&amp;height=466\" alt=\"\"\/><\/figure>\n\n\n\n<p>Un combatiente rebelde en Damasco, Siria, la semana pasada, tras la ca\u00edda de Bashar al-Assad.&nbsp;Foto:&nbsp;louai beshara\/AFP\/Getty Images<\/p>\n\n\n\n<p>Pocos lugares son tan centrales como Siria en la larga historia del cristianismo. All\u00ed se produjo la conversi\u00f3n de Saulo de Tarso, seg\u00fan la Biblia, en la llamada calle Recta, que todav\u00eda existe en Damasco. Fue en estas tierras donde, rebautizado como Pablo, realiz\u00f3 sus primeras misiones como ap\u00f3stol.<\/p>\n\n\n\n<p>A pesar del mensaje de tolerancia de los rebeldes, los cristianos temen un regreso a los d\u00edas de antes, cuando una famosa iglesia de Damasco fue demolida en el siglo VIII para dar paso a la&nbsp;Mezquita Omeya&nbsp;\u2014hoy uno de los lugares m\u00e1s sagrados del Islam\u2014 y fueron relegados a un estatus de segunda clase durante cientos de a\u00f1os bajo el dominio otomano.<\/p>\n\n\n\n<p>M\u00e1s recientemente, durante la guerra civil, el clero y los cristianos comunes fueron repetidamente atacados o atrapados en el fuego cruzado. Cuando el Estado Isl\u00e1mico lleg\u00f3 al poder en el este de Siria hace una d\u00e9cada, secuestr\u00f3 y mat\u00f3 a cristianos.<\/p>\n\n\n\n<p>El l\u00edder del HTS&nbsp;, Abu Mohammed al-Jawlani&nbsp;, que en su d\u00eda fue miembro de Al Qaeda y del Estado Isl\u00e1mico, rompi\u00f3 posteriormente con ambos grupos y alej\u00f3 a su facci\u00f3n del movimiento yihadista global que libra una guerra contra Occidente. El primer ministro interino, a quien Jawlani nombr\u00f3 esta semana, apareci\u00f3 en declaraciones televisadas frente a la bandera revolucionaria siria y una pancarta isl\u00e1mica, lo que desat\u00f3 cr\u00edticas. En una entrevista posterior con Al Jazeera, solo estaba presente la bandera siria.<\/p>\n\n\n\n<p>Es dif\u00edcil obtener estimaciones precisas sobre la poblaci\u00f3n cristiana de Siria. Cifras recientes proporcionadas por organizaciones ben\u00e9ficas internacionales y comunidades locales la estiman entre 200.000 y 600.000 personas, lo que la sit\u00faa en tan s\u00f3lo el 1,5% de la poblaci\u00f3n del pa\u00eds, que a su vez se ha reducido debido a la masiva salida de refugiados. Los cristianos representaban alrededor del 10% de la poblaci\u00f3n siria antes de la guerra.<\/p>\n\n\n\n<figure class=\"wp-block-image\"><img decoding=\"async\" src=\"https:\/\/images.wsj.net\/im-80114383?width=700&amp;height=466\" alt=\"\"\/><\/figure>\n\n\n\n<p>Un \u00e1rbol de Navidad en un barrio de Damasco, Siria, la semana pasada.&nbsp;Foto:&nbsp;louai beshara\/AFP\/Getty Images<\/p>\n\n\n\n<p>En Alepo, la cifra ha disminuido de 500.000 a menos de 30.000, seg\u00fan algunos grupos. Quedan pocos cristianos en Idlib, la ciudad noroccidental que se convirti\u00f3 en la base de HTS y en un peque\u00f1o estado de facto bajo su gobierno en los \u00faltimos a\u00f1os, mientras luchaba contra el r\u00e9gimen de Asad.<\/p>\n\n\n\n<p>Muchos cristianos huyeron inicialmente de los avances rebeldes del mes pasado en Alepo y Homs, refugi\u00e1ndose en zonas costeras consideradas bastiones del r\u00e9gimen, pero la mayor\u00eda regres\u00f3 a los pocos d\u00edas para proteger sus propiedades.<\/p>\n\n\n\n<p>Cuando cay\u00f3 el r\u00e9gimen, los cristianos del suburbio de Sahnaya, en Damasco, celebraron frente a la iglesia&nbsp;Mar Elias&nbsp;, cuyas campanas repicaban. \u201c\u00a1Uno, uno, uno! El pueblo sirio es uno\u201d, coreaban el domingo junto a un \u00e1rbol de Navidad, seg\u00fan un v\u00eddeo verificado por Storyful, que es propiedad de News Corp, la empresa matriz de The Wall Street Journal.<\/p>\n\n\n\n<h4 class=\"wp-block-heading\">COMPARTE TUS PENSAMIENTOS<\/h4>\n\n\n\n<p><em>\u00bfQu\u00e9 les espera a las distintas comunidades de Siria tras la ca\u00edda del r\u00e9gimen de Asad? \u00danase a la conversaci\u00f3n a continuaci\u00f3n.<\/em><\/p>\n\n\n\n<p>El propietario cristiano de una agencia de viajes en Alepo dijo que permaneci\u00f3 all\u00ed durante toda la guerra con sus padres ancianos, su esposa y sus dos hijos.<\/p>\n\n\n\n<p>El hombre de 42 a\u00f1os dijo que aunque tiene esperanzas sobre el futuro de Siria, todav\u00eda est\u00e1 considerando emigrar al extranjero, porque cree que la regi\u00f3n seguir\u00e1 desgarrada por el conflicto.<\/p>\n\n\n\n<p>Es una actitud com\u00fan entre los j\u00f3venes cristianos, aunque su \u00e9xodo amenace la presencia hist\u00f3rica de la comunidad en Siria.<\/p>\n\n\n\n<p>\u201cEn 30 o 40 a\u00f1os no habr\u00e1 cristianos en Siria, porque todos se ir\u00e1n\u201d, afirm\u00f3. \u201cLos que no puedan irse, despu\u00e9s de 40 a\u00f1os ser\u00e1n ancianos o estar\u00e1n muertos\u201d.<\/p>\n\n\n\n<p>Meghrig Kalenderian&nbsp;, una armenia de 30 a\u00f1os de la ciudad de Kassab, en el noroeste de Siria, que se mud\u00f3 a Dubai en 2021, est\u00e1 preocupada de que los nuevos gobernantes de Siria limiten el estilo de vida tolerante al que estaba acostumbrada, prohibiendo el alcohol y obligando a las mujeres a cubrirse el cabello.<\/p>\n\n\n\n<p>\u201cEran parte de ISIS y Al Qaeda, as\u00ed que \u00bfc\u00f3mo puedo confiar en alguien que era un terrorista hace dos d\u00edas?\u201d, dijo.<\/p>\n\n\n\n<p>Saleh al-Batati contribuy\u00f3 a este art\u00edculo.<\/p>\n\n\n\n<p>Escriba a Stephen Kalin a&nbsp;<a href=\"mailto:stephen.kalin@wsj.com\" rel=\"noreferrer noopener\" target=\"_blank\">stephen.kalin@wsj.com<\/a><\/p>\n\n\n\n<p>Fuente: <a href=\"https:\/\/www.wsj.com\/world\/middle-east\/syrias-christians-prepare-for-holiday-with-hopeand-fear-6f4ce9cf?mod=hp_featst_pos4\">https:\/\/www.wsj.com\/world\/middle-east\/syrias-christians-prepare-for-holiday-with-hopeand-fear-6f4ce9cf?mod=hp_featst_pos4<\/a><\/p>\n","protected":false},"excerpt":{"rendered":"<p>Los rebeldes islamistas prometen tolerancia religiosa, pero los habitantes de las comunidades cristianas de Siria no saben si pueden confiar [&hellip;]<\/p>\n","protected":false},"author":1,"featured_media":92211,"comment_status":"open","ping_status":"open","sticky":false,"template":"","format":"standard","meta":{"site-sidebar-layout":"default","site-content-layout":"","ast-site-content-layout":"default","site-content-style":"default","site-sidebar-style":"default","ast-global-header-display":"","ast-banner-title-visibility":"","ast-main-header-display":"","ast-hfb-above-header-display":"","ast-hfb-below-header-display":"","ast-hfb-mobile-header-display":"","site-post-title":"","ast-breadcrumbs-content":"","ast-featured-img":"","footer-sml-layout":"","theme-transparent-header-meta":"","adv-header-id-meta":"","stick-header-meta":"","header-above-stick-meta":"","header-main-stick-meta":"","header-below-stick-meta":"","astra-migrate-meta-layouts":"default","ast-page-background-enabled":"default","ast-page-background-meta":{"desktop":{"background-color":"var(--ast-global-color-4)","background-image":"","background-repeat":"repeat","background-position":"center center","background-size":"auto","background-attachment":"scroll","background-type":"","background-media":"","overlay-type":"","overlay-color":"","overlay-opacity":"","overlay-gradient":""},"tablet":{"background-color":"","background-image":"","background-repeat":"repeat","background-position":"center center","background-size":"auto","background-attachment":"scroll","background-type":"","background-media":"","overlay-type":"","overlay-color":"","overlay-opacity":"","overlay-gradient":""},"mobile":{"background-color":"","background-image":"","background-repeat":"repeat","background-position":"center center","background-size":"auto","background-attachment":"scroll","background-type":"","background-media":"","overlay-type":"","overlay-color":"","overlay-opacity":"","overlay-gradient":""}},"ast-content-background-meta":{"desktop":{"background-color":"var(--ast-global-color-5)","background-image":"","background-repeat":"repeat","background-position":"center center","background-size":"auto","background-attachment":"scroll","background-type":"","background-media":"","overlay-type":"","overlay-color":"","overlay-opacity":"","overlay-gradient":""},"tablet":{"background-color":"var(--ast-global-color-5)","background-image":"","background-repeat":"repeat","background-position":"center center","background-size":"auto","background-attachment":"scroll","background-type":"","background-media":"","overlay-type":"","overlay-color":"","overlay-opacity":"","overlay-gradient":""},"mobile":{"background-color":"var(--ast-global-color-5)","background-image":"","background-repeat":"repeat","background-position":"center center","background-size":"auto","background-attachment":"scroll","background-type":"","background-media":"","overlay-type":"","overlay-color":"","overlay-opacity":"","overlay-gradient":""}},"footnotes":""},"categories":[8],"tags":[34228,34229,34230],"class_list":["post-92210","post","type-post","status-publish","format-standard","has-post-thumbnail","hentry","category-noticias","tag-cristianos-en-siria","tag-libertad-religiosa-siria","tag-tolerancia-religiosa-islam"],"_links":{"self":[{"href":"https:\/\/losperiodistas.com.mx\/portal\/wp-json\/wp\/v2\/posts\/92210","targetHints":{"allow":["GET"]}}],"collection":[{"href":"https:\/\/losperiodistas.com.mx\/portal\/wp-json\/wp\/v2\/posts"}],"about":[{"href":"https:\/\/losperiodistas.com.mx\/portal\/wp-json\/wp\/v2\/types\/post"}],"author":[{"embeddable":true,"href":"https:\/\/losperiodistas.com.mx\/portal\/wp-json\/wp\/v2\/users\/1"}],"replies":[{"embeddable":true,"href":"https:\/\/losperiodistas.com.mx\/portal\/wp-json\/wp\/v2\/comments?post=92210"}],"version-history":[{"count":1,"href":"https:\/\/losperiodistas.com.mx\/portal\/wp-json\/wp\/v2\/posts\/92210\/revisions"}],"predecessor-version":[{"id":92212,"href":"https:\/\/losperiodistas.com.mx\/portal\/wp-json\/wp\/v2\/posts\/92210\/revisions\/92212"}],"wp:featuredmedia":[{"embeddable":true,"href":"https:\/\/losperiodistas.com.mx\/portal\/wp-json\/wp\/v2\/media\/92211"}],"wp:attachment":[{"href":"https:\/\/losperiodistas.com.mx\/portal\/wp-json\/wp\/v2\/media?parent=92210"}],"wp:term":[{"taxonomy":"category","embeddable":true,"href":"https:\/\/losperiodistas.com.mx\/portal\/wp-json\/wp\/v2\/categories?post=92210"},{"taxonomy":"post_tag","embeddable":true,"href":"https:\/\/losperiodistas.com.mx\/portal\/wp-json\/wp\/v2\/tags?post=92210"}],"curies":[{"name":"wp","href":"https:\/\/api.w.org\/{rel}","templated":true}]}}