{"id":92207,"date":"2024-12-16T08:24:37","date_gmt":"2024-12-16T14:24:37","guid":{"rendered":"https:\/\/losperiodistas.com.mx\/portal\/?p=92207"},"modified":"2024-12-16T08:24:39","modified_gmt":"2024-12-16T14:24:39","slug":"michael-conelly-la-principal-amenaza-para-estados-unidos-ahora-mismo-es-el-terrorismo-nacional-la-lectura","status":"publish","type":"post","link":"https:\/\/losperiodistas.com.mx\/portal\/michael-conelly-la-principal-amenaza-para-estados-unidos-ahora-mismo-es-el-terrorismo-nacional-la-lectura\/","title":{"rendered":"Michael Conelly: \u00abLa principal amenaza para Estados Unidos ahora mismo es el terrorismo nacional\u00bb | La Lectura"},"content":{"rendered":"\n<p class=\"has-very-light-gray-to-cyan-bluish-gray-gradient-background has-background has-medium-font-size\"><strong>Convertido, tras 30 a\u00f1os de oficio, en uno de los popes internacionales de la novela policiaca, el escritor regresa con &#8216;La espera&#8217;, una obra magistral llena de ecos actuales. \u00abLa novela negra ofrece la justicia que no siempre existe en la realidad\u00bb<\/strong><\/p>\n\n\n\n<figure class=\"wp-block-image size-large\"><img fetchpriority=\"high\" decoding=\"async\" width=\"910\" height=\"1024\" src=\"https:\/\/losperiodistas.com.mx\/portal\/wp-content\/uploads\/2024\/12\/17339448747803-910x1024.webp\" alt=\"\" class=\"wp-image-92208\" srcset=\"https:\/\/losperiodistas.com.mx\/portal\/wp-content\/uploads\/2024\/12\/17339448747803-910x1024.webp 910w, https:\/\/losperiodistas.com.mx\/portal\/wp-content\/uploads\/2024\/12\/17339448747803-267x300.webp 267w, https:\/\/losperiodistas.com.mx\/portal\/wp-content\/uploads\/2024\/12\/17339448747803-768x864.webp 768w, https:\/\/losperiodistas.com.mx\/portal\/wp-content\/uploads\/2024\/12\/17339448747803.webp 1200w\" sizes=\"(max-width: 910px) 100vw, 910px\" \/><figcaption class=\"wp-element-caption\">El escritor estadounidense Michael Connelly. M.J. Kim \/ AP Photo<\/figcaption><\/figure>\n\n\n\n<p><\/p>\n\n\n\n<p class=\"has-vivid-red-color has-text-color has-link-color has-medium-font-size wp-elements-beedb3f988ea2a9aaa797d84eef06fe1\"><strong>Andr\u00e9s Seoane \/ La Lectura<\/strong><\/p>\n\n\n\n<p>M\u00e1s de 30 a\u00f1os han pasado desde aquel 1992 en el que&nbsp;<a href=\"https:\/\/www.elmundo.es\/cataluna\/2018\/11\/29\/5bfed87f21efa0d37f8b4698.html\" target=\"_blank\" rel=\"noreferrer noopener\"><strong>Michael Connelly<\/strong><\/a>&nbsp;(Filadelfia, 1956), finalista del Premio Pulitzer de Periodismo en 1986 por un reportaje sobre los supervivientes de un accidente a\u00e9reo,&nbsp;<strong>decidiera cambiar de oficio y narrar el crimen desde el lado de la ficci\u00f3n<\/strong>. M\u00e1s de 40 novelas despu\u00e9s, 25 de ellas protagonizadas por su ic\u00f3nico detective Harry Bosch, el escritor es hoy uno de los grandes popes mundiales de la novela negra global,&nbsp;<strong>autor de tramas cuidadas como mecanismos de relojer\u00eda donde la oscuridad humana, los conflictos morales y las grandes preguntas se imbrican en tramas descarnadas y vertiginosas<\/strong>&nbsp;que no permiten respirar al lector hasta el final.<\/p>\n\n\n\n<p>Todos esos ingredientes est\u00e1n presentes en&nbsp;<a href=\"https:\/\/amzn.to\/3OUTARu\" target=\"_blank\" rel=\"noreferrer noopener\"><em>La espera<\/em><\/a>&nbsp;(AdN),&nbsp;<strong>una novela trepidante donde tres historias superpuestas<\/strong>, as\u00ed como el complejo entramado de unos personajes ricos y profundos,&nbsp;<strong>reflejan las grandes virtudes de Connelly<\/strong>, que, como explica a&nbsp;<em>La Lectura<\/em>&nbsp;desde su despacho de Los \u00c1ngeles, casi siempre basa sus novelas en casos reales. \u00abIntento ser siempre lo m\u00e1s realista posible. En la mayor parte de las novelas cl\u00e1sicas de detectives -que han sido mi formaci\u00f3n y que adoro, ojo- te encuentras con que el protagonista o su equipo se centran solamente en un caso. Pero&nbsp;<strong>despu\u00e9s de 30 a\u00f1os trabajando en este tipo de g\u00e9nero, soy muy consciente de que eso no es la realidad. Un detective va a tener m\u00faltiples casos al mismo tiempo<\/strong>&nbsp;y que va a tener que gestionarlos como pueda\u00bb, explica.<\/p>\n\n\n\n<h2 class=\"wp-block-heading\">Pegado a la realidad<\/h2>\n\n\n\n<p>As\u00ed, en esta nueva novela, la detective Ren\u00e9e Ballard, jefa de la Unidad de Casos Abiertos, se ve envuelta -acompa\u00f1ada, por separado, de un jubilado, pero con el olfato intacto Harry Bosch, y de una joven e intr\u00e9pida Maddie, su hija-&nbsp;<strong>en un caso de robo que deriva en atentado terrorista, en la captura de un violador reincidente desaparecido a\u00f1os atr\u00e1s y en la resoluci\u00f3n del m\u00e1s famoso asesinato de la historia de Los \u00c1ngeles<\/strong>, el caso de la Dalia Negra, que ha motivado desde una estupenda novela de&nbsp;<a href=\"https:\/\/www.elmundo.es\/cultura\/literatura\/2022\/04\/28\/626989f3fc6c8375098b458a.html\" target=\"_blank\" rel=\"noreferrer noopener\">James Ellroy<\/a>&nbsp;hasta decenas de ensayos, programas de radio y televisi\u00f3n, p\u00f3dcasts e innumerables teor\u00edas de aficionados. \u00abDespu\u00e9s de m\u00e1s de 30 a\u00f1os escribiendo sobre Los \u00c1ngeles, convirtiendo a la ciudad en un personaje m\u00e1s,&nbsp;<strong>no pod\u00eda seguir obviando el caso m\u00e1s famosos de su historia<\/strong>\u00ab, asegura Connelly entre risas, casi como disculp\u00e1ndose.<\/p>\n\n\n\n<figure class=\"wp-block-image\"><img decoding=\"async\" src=\"https:\/\/e00-elmundo.uecdn.es\/assets\/multimedia\/imagenes\/2024\/12\/11\/17339448738109.jpg\" alt=\"\"\/><\/figure>\n\n\n\n<h2 class=\"wp-block-heading\">La espera<\/h2>\n\n\n\n<p>Michael Connelly<\/p>\n\n\n\n<p>Otro origen cobra la trama de&nbsp;<em><strong>El violador de la almohada<\/strong><\/em><strong>, un tipo que sembr\u00f3 el terror en la zona antes de desaparecer en 2005<\/strong>. \u00abEse fue uno de los \u00faltimos casos que cubr\u00ed como periodista, y se resolvi\u00f3 a\u00f1os despu\u00e9s. Es verdad que en el libro complico un poco m\u00e1s la historia, pero por una parte&nbsp;<strong>era una manera de resarcirme poder hacer un reportaje sobre el caso que no llegu\u00e9 a terminar de escribir en su momento<\/strong>\u00ab, reconoce el escritor. Ballard, la intr\u00e9pida polic\u00eda pupila del veterano Bosch que conocimos en&nbsp;<em>Sesi\u00f3n nocturna<\/em>, ha ido ganando peso en las novelas de Connelly, que al ponerla a trabajar en esos casos antiguos puede embarcarse en diferentes l\u00edneas temporales.<\/p>\n\n\n\n<p>\u00abPuedo pasar del pasado al presente y viceversa, y de esa manera&nbsp;<strong>describir c\u00f3mo era la vida en Los \u00c1ngeles en estos dos periodos de tiempo distintos, lo que me parece que es mucho m\u00e1s divertido<\/strong>&nbsp;y me da muchos m\u00e1s recursos\u00bb, apunta. Adem\u00e1s, le permite explorar de primera mano la evoluci\u00f3n del mundo de los investigadores y polic\u00edas. \u00abEl personaje se basa en una persona real,&nbsp;<strong>Mitzi Roberts<\/strong>, que es quien trabaja en el departamento de casos sin resolver y que est\u00e1 colaborando conmigo.&nbsp;<strong>Lo que hago es nutrirme de la informaci\u00f3n que me facilita en primera persona y ese material es oro para un escritor<\/strong>\u00ab.<\/p>\n\n\n\n<p>La visi\u00f3n de Roberts\/Ballard est\u00e1 muy presente en la novela, donde la protagonista debe sortear ciertas trampas en un ambiente netamente machista, para lo que se apoya, casi exclusivamente en otras mujeres, m\u00e1s que en la autoridad de su placa. \u00abMi amiga me ha contado que<strong>&nbsp;escalar dentro del departamento de polic\u00eda de los \u00c1ngeles ha sido subir una colina escarpad\u00edsima, porque obviamente se trata de un mundo dominado por hombre<\/strong>s, m\u00e1s hostil para una mujer, pero no lo utilizo como una estratagema para lanzar un mensaje de un tipo u otro, simplemente estoy mostrando la realidad\u00bb, aduce Connelly, que opina que \u00abindependientemente de si el protagonista es mujer u hombre,&nbsp;<strong>para un lector lo interesante es que se le planteen unos retos y que tenga que ver c\u00f3mo va resolviendo esos problemas<\/strong>&nbsp;que la trama le proporciona\u00bb.<\/p>\n\n\n\n<h2 class=\"wp-block-heading\">Un g\u00e9nero justiciero<\/h2>\n\n\n\n<p>Es en esta construcci\u00f3n de personajes, en sus matices, zonas oscuras y dilemas, donde el talento de Connolly -tambi\u00e9n gran escritor de di\u00e1logos- brilla especialmente. \u00abPara m\u00ed,&nbsp;<strong>la clave de una novela negra no es realmente el delito, siempre repetido, siempre con las mismas motivaciones, sino la personalidad y las reacciones del investigador<\/strong>, de la persona que resuelve el crimen\u00bb, comenta con entusiasmo. \u00abMe apasiona indagar en esa gente que, a pesar de todo lo que esto supone,&nbsp;<strong>se adentra en la oscuridad para poder dar con el culpable y para poder, en cierto modo, conseguir una cierta justicia ante un mundo que realmente es muy complicado<\/strong>. Saber c\u00f3mo vive y somatiza todo ese horror, culpa, miedo&#8230;\u00bb.<\/p>\n\n\n\n<p>Por eso en sus novelas, las emociones y sentimientos de los protagonistas siempre tienen un punto agridulce que los vuelve tan reales. \u00abObviamente, esto est\u00e1 mucho m\u00e1s marcado en los polic\u00edas y detectives, pero los periodistas tambi\u00e9n sienten esto en menor medida, porque tanto unos como otros&nbsp;<strong>son personas que por su trabajo se est\u00e1n enfrentando a un mundo de oscuridad y tienen que protegerse<\/strong>&nbsp;y luchar para evitar que esa oscuridad se haga due\u00f1a de ellos\u00bb, reflexiona el escritor. \u00abCreo que nos inspira o nos reconforta en cierto modo saber que haya&nbsp;<strong>alguien que est\u00e1 luchando de forma empedernida por descubrir qu\u00e9 es lo que ha pasado y por corregir el da\u00f1o que se ha causado<\/strong>. La novela negra ofrece la justicia que no siempre hay en la realidad, y creo que ese es el secreto de su \u00e9xito\u00bb.<\/p>\n\n\n\n<p>No en vano, en Estados Unidos las listas de m\u00e1s vendidos las integran regularmente los Connolly, Liz Moore,&nbsp;<a href=\"https:\/\/www.elmundo.es\/cultura\/literatura\/2023\/01\/30\/63d65938fc6c8374058b45ae.html\" target=\"_blank\" rel=\"noreferrer noopener\">Laura Lippman<\/a>&nbsp;o&nbsp;<a href=\"https:\/\/www.elmundo.es\/cultura\/literatura\/2024\/01\/05\/6597eac4e4d4d800038b45bd.html\" target=\"_blank\" rel=\"noreferrer noopener\">Dennis Lehane<\/a>, igual que ocurre en Espa\u00f1a con sus hom\u00f3logos. En este sentido, el escritor ya est\u00e1 de vuelta del sempiterno debate, un poco de capa ca\u00edda, sobre el valor literario de un g\u00e9nero que arrasa entre los lectores de todos los pa\u00edses. \u00ab<strong>El g\u00e9nero negro, criminal o policiaco ha pasado la l\u00ednea de ser meramente entretenimiento. Es literatura, pero tambi\u00e9n algo m\u00e1s<\/strong>. Ahora mismo la novela negra refleja muy claramente la sociedad contempor\u00e1nea. Yo hago un libro al a\u00f1o, siempre de temas actuales y, a pesar de cierta cr\u00edtica, los lectores lo han visto\u00bb, defiende. \u00abPor eso est\u00e1n tan interesados en este g\u00e9nero, porque&nbsp;<strong>no solamente buscan entretenimiento, sino tambi\u00e9n inspiraci\u00f3n, poder ver y entender lo que est\u00e1 sucediendo en el mundo<\/strong>, Un mundo en el que somos conscientes de la gran cantidad de mal que existe, desde otro punto de vista\u00bb.<\/p>\n\n\n\n<h2 class=\"wp-block-heading\">Un peligro interno<\/h2>\n\n\n\n<p>Y si bien defiende que a la hora de escribir&nbsp;<strong>no deber\u00edan existir l\u00edmites ni l\u00edneas rojas m\u00e1s que aquellas que impongan la propia realidad<\/strong>, s\u00ed confiesa una an\u00e9cdota personal al respecto. \u00abYo escrib\u00ed un libro antes de convertirme en padre, en el que&nbsp;<strong>se hablaba de un asesino que mataba cruelmente ni\u00f1os<\/strong>. Tiempo despu\u00e9s, en una firma de libros,&nbsp;<strong>se acerc\u00f3 un padre y me dijo: &#8216;Me gustan mucho sus libros, pero este en concreto no lo puedo leer porque soy padre'\u00bb<\/strong>, recuerda. \u00abEn aquel momento no lo entend\u00eda, pero ahora como padre s\u00ed lo entiendo.&nbsp;<strong>Dicho esto, no creo que los escritores debamos autocensurarnos, pero s\u00ed que es verdad que a lo mejor hoy por hoy no estar\u00eda interesado en escribir ese tipo de tem\u00e1ticas<\/strong>. Otro habr\u00e1 que lo haga\u00bb.<\/p>\n\n\n\n<p>La tercera trama que nutre<em>&nbsp;La espera<\/em>&nbsp;-no, nos hab\u00edamos olvidado de ella-, hilada a las otras con precisi\u00f3n de cirujano, es la citada del atentado terrorista, que Ballard y Bosch descubren casi por casualidad. \u00abEn los \u00faltimos a\u00f1os,&nbsp;<strong>el FBI lleva tiempo avisando a la poblaci\u00f3n de que la principal amenaza que ahora mismo se cierne sobre Estados Unidos es el terrorismo nacional<\/strong>, y pienso que estas alarmas tienen una base real\u00bb, sostiene en tono m\u00e1s serio Connelly.<\/p>\n\n\n\n<p>\u00ab<strong>S\u00f3lo hay que recordar lo que pas\u00f3 hace cuatro a\u00f1os, el 6 de enero, en el Capitolio<\/strong>. Es una amenaza m\u00e1s que real, muy tangible. Por supuesto, aparte de ver en esto un problema, todav\u00eda estoy, como muchos otros en el pa\u00eds,&nbsp;<strong>intentando digerir los resultados electorales. Creo que para muchos de nosotros ha sido un&nbsp;<\/strong><em><strong>shock<\/strong><\/em><strong>&nbsp;ver lo que ha sucedido<\/strong>&nbsp;y sobre todo plantearnos qu\u00e9 es lo que va a pasar ahora en el pa\u00eds en los pr\u00f3ximos cuatro a\u00f1os\u00bb, lamenta.<\/p>\n\n\n\n<p>Y prosigue: \u00ab<strong>Es dram\u00e1tico pensar que en el a\u00f1o 2026, cuando se cumplir\u00e1n los 250 a\u00f1os de la fundaci\u00f3n de Estados Unidos, Trump ser\u00e1 el presidente<\/strong>\u00ab, reflexiona. \u00abEs duro pensar que este importante aniversario de un pa\u00eds que se ha construido gracias a la llegada de inmigrantes todas partes del mundo,&nbsp;<strong>estar\u00e1 marcado por las pol\u00edticas de cerrar las puertas y por la ideolog\u00eda netamente antiamericana de este se\u00f1o<\/strong>r\u00bb.<\/p>\n\n\n\n<h2 class=\"wp-block-heading\">El periodismo, garant\u00eda de democracia<\/h2>\n\n\n\n<p>Por eso, una de las formas de defenderse de este clima que encuentra el escritor es&nbsp;<strong>reivindicar el papel de una prensa fuerte y libre, unos medios de comunicaci\u00f3n que juegan su parte<\/strong>, como en muchos libros de Connellly, en la trama de&nbsp;<em>La espera<\/em>. \u00abNo quiero hacer&nbsp;<em>spoilers<\/em>, pero al hablar del ecosistema legal de un lugar, en este caso Los \u00c1ngeles,&nbsp;<strong>es imposible obviar el papel de los medios de comunicaci\u00f3n y los periodistas. Son un elemento que se puede manipular, pero que tambi\u00e9n puede manipular a la gente<\/strong>, al p\u00fablico general, y ese equilibrio es necesario y peligroso\u00bb.<\/p>\n\n\n\n<p>\u00abYo he sido periodista, y como antiguo periodista, obviamente me preocupa mucho la direcci\u00f3n a la que nos dirigimos.&nbsp;<strong>Acabamos de reelegir a un presidente que en su anterior mandato se hizo famoso por querer meter en la c\u00e1rcel a periodistas que contaban historias que no le gustaban<\/strong>&nbsp;o que iban en contra de lo que \u00e9l pretend\u00eda que se hiciera creer. \u00bfEntonces, qu\u00e9 puedo hacer yo desde mi postura?\u00bb, se pregunta.<\/p>\n\n\n\n<p>\u00abPues&nbsp;<strong>hablar de los medios de comunicaci\u00f3n y de su papel fundamental para controlar los poderes f\u00e1cticos. Intento que en todas mis historias el periodismo tenga un papel<\/strong>, y adem\u00e1s intento destacar no solamente el papel de los periodistas, sino tambi\u00e9n de los peri\u00f3dicos, de la prensa, los medios de comunicaci\u00f3n, porque me parece fundamental a la hora de contar lo que est\u00e1 sucediendo\u00bb, insiste el escritor \u00abPorque&nbsp;<strong>si no contamos con unos medios independientes se puede tapar lo que uno quiera, no hay ning\u00fan problema. Y ese no ser\u00eda el mundo en el que yo quiero vivir<\/strong>&nbsp;y no creo que sea un mundo en el que a nadie le deber\u00eda interesar vivir\u00bb.<\/p>\n\n\n\n<p>Fuente: <a href=\"https:\/\/www.elmundo.es\/la-lectura\/2024\/12\/16\/6759e5eee4d4d85d2a8b45b9.html\">https:\/\/www.elmundo.es\/la-lectura\/2024\/12\/16\/6759e5eee4d4d85d2a8b45b9.html<\/a><\/p>\n","protected":false},"excerpt":{"rendered":"<p>Convertido, tras 30 a\u00f1os de oficio, en uno de los popes internacionales de la novela policiaca, el escritor regresa con [&hellip;]<\/p>\n","protected":false},"author":1,"featured_media":92208,"comment_status":"open","ping_status":"open","sticky":false,"template":"","format":"standard","meta":{"site-sidebar-layout":"default","site-content-layout":"","ast-site-content-layout":"default","site-content-style":"default","site-sidebar-style":"default","ast-global-header-display":"","ast-banner-title-visibility":"","ast-main-header-display":"","ast-hfb-above-header-display":"","ast-hfb-below-header-display":"","ast-hfb-mobile-header-display":"","site-post-title":"","ast-breadcrumbs-content":"","ast-featured-img":"","footer-sml-layout":"","theme-transparent-header-meta":"","adv-header-id-meta":"","stick-header-meta":"","header-above-stick-meta":"","header-main-stick-meta":"","header-below-stick-meta":"","astra-migrate-meta-layouts":"default","ast-page-background-enabled":"default","ast-page-background-meta":{"desktop":{"background-color":"var(--ast-global-color-4)","background-image":"","background-repeat":"repeat","background-position":"center center","background-size":"auto","background-attachment":"scroll","background-type":"","background-media":"","overlay-type":"","overlay-color":"","overlay-opacity":"","overlay-gradient":""},"tablet":{"background-color":"","background-image":"","background-repeat":"repeat","background-position":"center center","background-size":"auto","background-attachment":"scroll","background-type":"","background-media":"","overlay-type":"","overlay-color":"","overlay-opacity":"","overlay-gradient":""},"mobile":{"background-color":"","background-image":"","background-repeat":"repeat","background-position":"center center","background-size":"auto","background-attachment":"scroll","background-type":"","background-media":"","overlay-type":"","overlay-color":"","overlay-opacity":"","overlay-gradient":""}},"ast-content-background-meta":{"desktop":{"background-color":"var(--ast-global-color-5)","background-image":"","background-repeat":"repeat","background-position":"center center","background-size":"auto","background-attachment":"scroll","background-type":"","background-media":"","overlay-type":"","overlay-color":"","overlay-opacity":"","overlay-gradient":""},"tablet":{"background-color":"var(--ast-global-color-5)","background-image":"","background-repeat":"repeat","background-position":"center center","background-size":"auto","background-attachment":"scroll","background-type":"","background-media":"","overlay-type":"","overlay-color":"","overlay-opacity":"","overlay-gradient":""},"mobile":{"background-color":"var(--ast-global-color-5)","background-image":"","background-repeat":"repeat","background-position":"center center","background-size":"auto","background-attachment":"scroll","background-type":"","background-media":"","overlay-type":"","overlay-color":"","overlay-opacity":"","overlay-gradient":""}},"footnotes":""},"categories":[8],"tags":[17616,34225,34224,34227,15964,34226],"class_list":["post-92207","post","type-post","status-publish","format-standard","has-post-thumbnail","hentry","category-noticias","tag-ficcion","tag-la-espera","tag-michael-connelly","tag-narrar-el-crimen","tag-novela-negra","tag-terrorismo-nacional-en-ee-uu"],"_links":{"self":[{"href":"https:\/\/losperiodistas.com.mx\/portal\/wp-json\/wp\/v2\/posts\/92207","targetHints":{"allow":["GET"]}}],"collection":[{"href":"https:\/\/losperiodistas.com.mx\/portal\/wp-json\/wp\/v2\/posts"}],"about":[{"href":"https:\/\/losperiodistas.com.mx\/portal\/wp-json\/wp\/v2\/types\/post"}],"author":[{"embeddable":true,"href":"https:\/\/losperiodistas.com.mx\/portal\/wp-json\/wp\/v2\/users\/1"}],"replies":[{"embeddable":true,"href":"https:\/\/losperiodistas.com.mx\/portal\/wp-json\/wp\/v2\/comments?post=92207"}],"version-history":[{"count":1,"href":"https:\/\/losperiodistas.com.mx\/portal\/wp-json\/wp\/v2\/posts\/92207\/revisions"}],"predecessor-version":[{"id":92209,"href":"https:\/\/losperiodistas.com.mx\/portal\/wp-json\/wp\/v2\/posts\/92207\/revisions\/92209"}],"wp:featuredmedia":[{"embeddable":true,"href":"https:\/\/losperiodistas.com.mx\/portal\/wp-json\/wp\/v2\/media\/92208"}],"wp:attachment":[{"href":"https:\/\/losperiodistas.com.mx\/portal\/wp-json\/wp\/v2\/media?parent=92207"}],"wp:term":[{"taxonomy":"category","embeddable":true,"href":"https:\/\/losperiodistas.com.mx\/portal\/wp-json\/wp\/v2\/categories?post=92207"},{"taxonomy":"post_tag","embeddable":true,"href":"https:\/\/losperiodistas.com.mx\/portal\/wp-json\/wp\/v2\/tags?post=92207"}],"curies":[{"name":"wp","href":"https:\/\/api.w.org\/{rel}","templated":true}]}}