{"id":922,"date":"2020-11-06T08:40:41","date_gmt":"2020-11-06T14:40:41","guid":{"rendered":"http:\/\/losperiodistas.com.mx\/portal\/?p=922"},"modified":"2020-11-06T08:40:41","modified_gmt":"2020-11-06T14:40:41","slug":"que-corra-sugiere-alonso-ancira-a-pena-nieto-dice-que-el-pacto-de-amlo-y-el-priista-se-rompio","status":"publish","type":"post","link":"https:\/\/losperiodistas.com.mx\/portal\/que-corra-sugiere-alonso-ancira-a-pena-nieto-dice-que-el-pacto-de-amlo-y-el-priista-se-rompio\/","title":{"rendered":"\u201cQue corra\u201d, sugiere Alonso Ancira a Pe\u00f1a Nieto; dice que el pacto de AMLO y el priista se rompi\u00f3"},"content":{"rendered":"\n<p><em>El due\u00f1o de AHMSA, quien se encuentra en libertad condicional en Espa\u00f1a, neg\u00f3 otorgar sobornos a priistas y asegur\u00f3 que el Presidente L\u00f3pez Obrador y el exmandatario Pe\u00f1a Nieto alcanzaron un pacto para que Meade fuera el candidato presidencial del PRI en las \u00faltimas elecciones federales<\/em><\/p>\n\n\n\n<p class=\"has-vivid-cyan-blue-color has-text-color has-medium-font-size\">REDACCI\u00d3N SINEMBARGO<\/p>\n\n\n\n<p>Ciudad de M\u00e9xico, 6 de noviembre (SinEmbargo\/Vanguardia).\u2013&nbsp;<strong>Alonso Ancira Elizondo<\/strong>, presidente de Altos Hornos de M\u00e9xico (<strong>AHMSA<\/strong>), recomend\u00f3 al exmandatario&nbsp;<strong>Enrique Pe\u00f1a Nieto<\/strong>&nbsp;\u201ccorrer\u201d, pues opin\u00f3 que podr\u00edan detenerlo si&nbsp;baja la popularidad del Presidente&nbsp;<strong>L\u00f3pez Obrador<\/strong>.<\/p>\n\n\n\n<blockquote class=\"wp-block-quote is-layout-flow wp-block-quote-is-layout-flow\"><p>El empresario hizo esta recomendaci\u00f3n al expresidente durante una entrevista con Carlos Loret de Mola para el sitio web&nbsp;<em>Latinus<\/em>, ah\u00ed dijo que Andr\u00e9s L\u00f3pez Obrador pact\u00f3 con Pe\u00f1a Nieto y Luis Videgaray para designar a&nbsp;<strong>Jos\u00e9 Antonio Meade<\/strong>&nbsp;como candidato del PRI en las elecciones de 2018. Ancira tambi\u00e9n se refiri\u00f3 al futuro de Altos Hornos al adelantar que pr\u00f3ximamente alcanzar\u00e1 un acuerdo con Villacero, y neg\u00f3 haber participado en sobornos destinados a priistas.<\/p><\/blockquote>\n\n\n\n<p>Alonso Ancira, quien se encuentra en libertad condicional en Espa\u00f1a, dijo que el pacto que habr\u00eda alcanzado el actual Jefe del Ejecutivo depender\u00eda de su nivel de popularidad en la Presidencia.<\/p>\n\n\n\n<blockquote class=\"wp-block-quote is-layout-flow wp-block-quote-is-layout-flow\"><p>\u201cHubo un pacto, \u00bfen qu\u00e9 consisti\u00f3 el pacto? En sacar a un hombre muy bueno pero un candidato muy mediocre, Meade. Pero es un hombre muy bueno, derecho\u201d, expuso.<\/p><\/blockquote>\n\n\n\n<figure class=\"wp-block-video\"><video controls src=\"https:\/\/www.sinembargo.mx\/06-11-2020\/3889223\"><\/video><\/figure>\n\n\n\n<p>\u201cEl pacto incluye: si tengo necesidad, porque se me est\u00e1 bajando la popularidad, te descabecho, mientras no tenga necesidad, la voy llevando\u201d, agreg\u00f3.<\/p>\n\n\n\n<p>En ese sentido, el columnista pregunt\u00f3 a Ancira qu\u00e9 le recomendar\u00eda a Pe\u00f1a Nieto.<\/p>\n\n\n\n<blockquote class=\"wp-block-quote is-layout-flow wp-block-quote-is-layout-flow\"><p>\u201cPues mire, lo primero, que corra, que se busque Timbuct\u00fa\u201d, le respondi\u00f3.<\/p><\/blockquote>\n\n\n\n<p><img fetchpriority=\"high\" decoding=\"async\" src=\"https:\/\/i0.wp.com\/sinembargo.mx\/wp-content\/uploads\/2020\/11\/cuartoscuro_705076_digital.jpeg\" alt=\"\" width=\"700\" height=\"467\" srcset=\"https:\/\/i0.wp.com\/sinembargo.mx\/wp-content\/uploads\/2020\/11\/cuartoscuro_705076_digital.jpeg 700w, https:\/\/i0.wp.com\/sinembargo.mx\/wp-content\/uploads\/2020\/11\/cuartoscuro_705076_digital-300x200.jpeg 300w\"><\/p>\n\n\n\n<p>Alonso Ancira, presidente de Altos Hornos de M\u00e9xico. Foto: Rogelio Morales, Cuartoscuro.<\/p>\n\n\n\n<p><strong>ANCIRA NIEGA SOBORNOS Y SOLICITA DISCULPA<\/strong><\/p>\n\n\n\n<p>El due\u00f1o de AHMSA asegur\u00f3 que no ofreci\u00f3 sobornos para la campa\u00f1a presidencial de Enrique Pe\u00f1a Nieto, pero reconoci\u00f3 que s\u00ed destin\u00f3 algunos recursos, como \u201cun par de millones de d\u00f3lares\u201d, en plumas y l\u00e1minas para la campa\u00f1a, adem\u00e1s de haberle invitado a Emilio Lozoya cenas con vinos y champagne.<\/p>\n\n\n\n<p>De igual forma, Ancira neg\u00f3 que mantuviera una relaci\u00f3n con el expresidente Pe\u00f1a Nieto y Luis Videgaray para que Petr\u00f3leos Mexicanos (Pemex) comprara Agronitrogenados.<\/p>\n\n\n\n<p>Ancira se encuentra sujeto a un juicio de extradici\u00f3n en Espa\u00f1a, le imputan haber sobornado a Emilio Lozoya, exdirector de Pemex, con 3.5 millones de d\u00f3lares para que la empresa comprara a AHMSA la planta chatarra de Agronitrogenados en 273 millones de d\u00f3lares, precio que la FGR asegura que es 10 veces mayor al real.<\/p>\n\n\n\n<p>El Presidente L\u00f3pez Obrador ha dicho estar a la espera de que AHMSA haga el pago de los 200 millones de d\u00f3lares entregados en la administraci\u00f3n anterior por la compra de la planta&nbsp;de Agronitrogenados.<img decoding=\"async\" src=\"https:\/\/i0.wp.com\/sinembargo.mx\/wp-content\/uploads\/2020\/10\/11.jpg\" alt=\"\"><\/p>\n\n\n\n<h4 class=\"wp-block-heading\"><a href=\"https:\/\/www.sinembargo.mx\/29-10-2020\/3885583\">VER M\u00c1S<\/a><\/h4>\n\n\n\n<h5 class=\"wp-block-heading\"><a href=\"https:\/\/www.sinembargo.mx\/29-10-2020\/3885583\">Alonso Ancira gana amparo para que la FGR explique por qu\u00e9 hizo una declaraci\u00f3n \u201cilegal\u201d en Espa\u00f1a<\/a><\/h5>\n\n\n\n<p>Con una&nbsp;nueva orden de captura contra el due\u00f1o de la compa\u00f1\u00eda, el mandatario llam\u00f3 al empresario a cubrir el pago para que su Gobierno se d\u00e9 \u201cpor satisfecho\u201d, en un ejercicio de reparaci\u00f3n del da\u00f1o.<\/p>\n\n\n\n<p>Ancira habl\u00f3 sobre este tema en la entrevista con&nbsp;<em>Latinus<\/em>, consider\u00f3 que el Presidente&nbsp;L\u00f3pez Obrador&nbsp;debe pedirle disculpas, argumentando que \u201cas\u00ed como dice hay empresarios corruptos, hay otros que no lo son\u201d.<\/p>\n\n\n\n<p>Opin\u00f3 que con una disculpa podr\u00edan hablar de una devoluci\u00f3n de 200 millones de d\u00f3lares por la compra de Agronitrogenados.<\/p>\n\n\n\n<blockquote class=\"wp-block-quote is-layout-flow wp-block-quote-is-layout-flow\"><p>\u201cSi el se\u00f1or me hiciera una propuesta [\u2026] ya no tengo los 200 millones, me tendr\u00eda que dar plazos y tiempo\u201d,&nbsp;dijo.<\/p><\/blockquote>\n\n\n\n<p><strong>ACUERDO AHMSA-VILLACERO<\/strong><\/p>\n\n\n\n<p>Ancira Elizondo tambi\u00e9n inform\u00f3 a Carlos Loret de Mola que AHMSA y Villacero est\u00e1n cerca de llegar a un acuerdo. Seg\u00fan el presidente de la sider\u00fargica, el pr\u00f3ximo mes habr\u00e1 \u201calgo\u201d.<\/p>\n\n\n\n<p>Se\u00f1al\u00f3 que la negociaci\u00f3n entre&nbsp;AHMSA&nbsp;y&nbsp;Villacero&nbsp;para una alianza va por buen camino.<\/p>\n\n\n\n<blockquote class=\"wp-block-quote is-layout-flow wp-block-quote-is-layout-flow\"><p>\u201cVamos avanzando, yo creo debemos tener algo para mediados del mes que entra sin falta\u201d,&nbsp;dijo.<\/p><\/blockquote>\n\n\n\n<p><img decoding=\"async\" src=\"https:\/\/i0.wp.com\/sinembargo.mx\/wp-content\/uploads\/2020\/08\/alonso-ancira-sonriente.jpg\" alt=\"\"><\/p>\n\n\n\n<h4 class=\"wp-block-heading\"><a href=\"https:\/\/www.sinembargo.mx\/19-08-2020\/3844607\">VER M\u00c1S<\/a><\/h4>\n\n\n\n<h5 class=\"wp-block-heading\"><a href=\"https:\/\/www.sinembargo.mx\/19-08-2020\/3844607\">Alonso Ancira obtiene un amparo definitivo contra la orden de captura por Agro Nitrogenados<\/a><\/h5>\n\n\n\n<p>De llegar a un acuerdo, Villacero asumir\u00eda el control de Altos Hornos y podr\u00eda devolverle al Gobierno federal los 200 millones de d\u00f3lares que se pagaron de m\u00e1s por la planta de Agronitrogenados.<\/p>\n\n\n\n<p>\u201cYo s\u00ed le dije te doy el control, pero me mandas los desistimientos de la demanda penal\u201d, expres\u00f3 Ancira Elizondo.<\/p>\n\n\n\n<p><strong>SE CONSIDERA UN PERSEGUIDO POL\u00cdTICO<\/strong><\/p>\n\n\n\n<p>Ancira&nbsp;afirm\u00f3 que se considera un \u201cperseguido pol\u00edtico\u201d por la actual administraci\u00f3n federal.<\/p>\n\n\n\n<p>Sobre el Gobierno actual&nbsp;opin\u00f3 que el Jefe del Ejecutivo Federal \u201cest\u00e1 haciendo algunas cosas que qu\u00e9 bueno que las est\u00e1 haciendo, el problema es que est\u00e1 haciendo otras que echan a perder lo que est\u00e1 haciendo bueno\u201d.<\/p>\n\n\n\n<p>Al Fiscal General de la Rep\u00fablica,&nbsp;Alejandro Gertz Manero, pidi\u00f3 \u201cque respete la ley\u201d y que no presionen a los jueces a que tomen un camino u otro en su caso.<\/p>\n\n\n\n<p><em>\u2013 Con informaci\u00f3n de Vanguardia.<\/em><\/p>\n\n\n\n<p>Fuente: https:\/\/www.sinembargo.mx\/06-11-2020\/3889223<\/p>\n","protected":false},"excerpt":{"rendered":"<p>El due\u00f1o de AHMSA, quien se encuentra en libertad condicional en Espa\u00f1a, neg\u00f3 otorgar sobornos a priistas y asegur\u00f3 que [&hellip;]<\/p>\n","protected":false},"author":1,"featured_media":923,"comment_status":"open","ping_status":"open","sticky":false,"template":"","format":"standard","meta":{"site-sidebar-layout":"default","site-content-layout":"","ast-site-content-layout":"default","site-content-style":"default","site-sidebar-style":"default","ast-global-header-display":"","ast-banner-title-visibility":"","ast-main-header-display":"","ast-hfb-above-header-display":"","ast-hfb-below-header-display":"","ast-hfb-mobile-header-display":"","site-post-title":"","ast-breadcrumbs-content":"","ast-featured-img":"","footer-sml-layout":"","theme-transparent-header-meta":"","adv-header-id-meta":"","stick-header-meta":"","header-above-stick-meta":"","header-main-stick-meta":"","header-below-stick-meta":"","astra-migrate-meta-layouts":"default","ast-page-background-enabled":"default","ast-page-background-meta":{"desktop":{"background-color":"var(--ast-global-color-4)","background-image":"","background-repeat":"repeat","background-position":"center center","background-size":"auto","background-attachment":"scroll","background-type":"","background-media":"","overlay-type":"","overlay-color":"","overlay-opacity":"","overlay-gradient":""},"tablet":{"background-color":"","background-image":"","background-repeat":"repeat","background-position":"center center","background-size":"auto","background-attachment":"scroll","background-type":"","background-media":"","overlay-type":"","overlay-color":"","overlay-opacity":"","overlay-gradient":""},"mobile":{"background-color":"","background-image":"","background-repeat":"repeat","background-position":"center center","background-size":"auto","background-attachment":"scroll","background-type":"","background-media":"","overlay-type":"","overlay-color":"","overlay-opacity":"","overlay-gradient":""}},"ast-content-background-meta":{"desktop":{"background-color":"var(--ast-global-color-5)","background-image":"","background-repeat":"repeat","background-position":"center center","background-size":"auto","background-attachment":"scroll","background-type":"","background-media":"","overlay-type":"","overlay-color":"","overlay-opacity":"","overlay-gradient":""},"tablet":{"background-color":"var(--ast-global-color-5)","background-image":"","background-repeat":"repeat","background-position":"center center","background-size":"auto","background-attachment":"scroll","background-type":"","background-media":"","overlay-type":"","overlay-color":"","overlay-opacity":"","overlay-gradient":""},"mobile":{"background-color":"var(--ast-global-color-5)","background-image":"","background-repeat":"repeat","background-position":"center center","background-size":"auto","background-attachment":"scroll","background-type":"","background-media":"","overlay-type":"","overlay-color":"","overlay-opacity":"","overlay-gradient":""}},"footnotes":""},"categories":[8],"tags":[],"class_list":["post-922","post","type-post","status-publish","format-standard","has-post-thumbnail","hentry","category-noticias"],"_links":{"self":[{"href":"https:\/\/losperiodistas.com.mx\/portal\/wp-json\/wp\/v2\/posts\/922","targetHints":{"allow":["GET"]}}],"collection":[{"href":"https:\/\/losperiodistas.com.mx\/portal\/wp-json\/wp\/v2\/posts"}],"about":[{"href":"https:\/\/losperiodistas.com.mx\/portal\/wp-json\/wp\/v2\/types\/post"}],"author":[{"embeddable":true,"href":"https:\/\/losperiodistas.com.mx\/portal\/wp-json\/wp\/v2\/users\/1"}],"replies":[{"embeddable":true,"href":"https:\/\/losperiodistas.com.mx\/portal\/wp-json\/wp\/v2\/comments?post=922"}],"version-history":[{"count":1,"href":"https:\/\/losperiodistas.com.mx\/portal\/wp-json\/wp\/v2\/posts\/922\/revisions"}],"predecessor-version":[{"id":924,"href":"https:\/\/losperiodistas.com.mx\/portal\/wp-json\/wp\/v2\/posts\/922\/revisions\/924"}],"wp:featuredmedia":[{"embeddable":true,"href":"https:\/\/losperiodistas.com.mx\/portal\/wp-json\/wp\/v2\/media\/923"}],"wp:attachment":[{"href":"https:\/\/losperiodistas.com.mx\/portal\/wp-json\/wp\/v2\/media?parent=922"}],"wp:term":[{"taxonomy":"category","embeddable":true,"href":"https:\/\/losperiodistas.com.mx\/portal\/wp-json\/wp\/v2\/categories?post=922"},{"taxonomy":"post_tag","embeddable":true,"href":"https:\/\/losperiodistas.com.mx\/portal\/wp-json\/wp\/v2\/tags?post=922"}],"curies":[{"name":"wp","href":"https:\/\/api.w.org\/{rel}","templated":true}]}}