{"id":92171,"date":"2024-12-15T10:38:12","date_gmt":"2024-12-15T16:38:12","guid":{"rendered":"https:\/\/losperiodistas.com.mx\/portal\/?p=92171"},"modified":"2024-12-15T10:38:14","modified_gmt":"2024-12-15T16:38:14","slug":"la-domus-aurea-vuelve-a-brillar-con-todo-su-esplendor-en-roma-abc","status":"publish","type":"post","link":"https:\/\/losperiodistas.com.mx\/portal\/la-domus-aurea-vuelve-a-brillar-con-todo-su-esplendor-en-roma-abc\/","title":{"rendered":"La Domus Aurea vuelve a brillar con todo su esplendor en Roma | ABC"},"content":{"rendered":"\n<h2 class=\"wp-block-heading has-pale-ocean-gradient-background has-background\">La m\u00edtica residencia de Ner\u00f3n estrena nueva entrada y reabre el sector occidental, con sus extraordinarios ambientes<\/h2>\n\n\n\n<h2 class=\"wp-block-heading has-small-font-size\"><a href=\"https:\/\/www.abc.es\/cultura\/abci-descubren-sala-esfinge-palacio-302422575455-20190509085727_galeria.html\">Descubren la Sala de la Esfinge del palacio de Ner\u00f3n, oculta durante 2.000 a\u00f1os<\/a><\/h2>\n\n\n\n<figure class=\"wp-block-image\"><img decoding=\"async\" src=\"https:\/\/s2.abcstatics.com\/abc\/www\/multimedia\/cultura\/2024\/12\/14\/domus-aurea-kUKG-U603493771030XGF-1200x840@diario_abc.jpg\" alt=\"La Domus Aurea, en Roma\"\/><\/figure>\n\n\n\n<p>La Domus Aurea, en Roma.\u00a0EFE<\/p>\n\n\n\n<p class=\"has-vivid-red-color has-text-color has-link-color has-medium-font-size wp-elements-348f583e8de6acb8796dad0a7e05a238\"><strong><a href=\"https:\/\/www.abc.es\/autor\/angel-gomez-fuentes-2048\/\">\u00c1ngel G\u00f3mez Fuentes<\/a> \/ ABC<\/strong><\/p>\n\n\n\n<p>Corresponsal en Roma<\/p>\n\n\n\n<p><\/p>\n\n\n\n<p>La Domus Aurea representa sin duda uno de los monumentos m\u00e1s emblem\u00e1ticos y fascinantes de la antig\u00fcedad. Ahora la inmensa y suntuosa residencia del emperador Ner\u00f3n mand\u00f3 construir en el a\u00f1o 64 d.C, despu\u00e9s del incendio que destruy\u00f3 Roma, vuelve a brillar con una nueva entrada y la reapertura del sector occidental, con sus extraordinarios ambientes.<\/p>\n\n\n\n<p>La nueva entrada, inaugurada el viernes, permite ampliar el recorrido de la visita a trav\u00e9s de las salas del palacio de Ner\u00f3n, partiendo del sector occidental y culminando en el complejo de la Sala Octagonal, identificada con la &#8216;coenatio rotonda&#8217;, famoso refectorio circular, que giraba para imitar el movimiento de la Tierra e impresionar a los invitados. El historiador Suetonio, en la &#8216;Vida de los doce c\u00e9sares&#8217;, describe as\u00ed la estancia: \u00abEra redonda y giraba sobre s\u00ed misma todo el d\u00eda sin pararse, como la tierra. En las termas flu\u00edan las aguas marinas\u00bb.<\/p>\n\n\n\n<p>De la Sala Octogonal impresiona la gran c\u00fapula semiesf\u00e9rica de hormig\u00f3n, dotada de un \u00f3culo cenital y sostenida por pilares colocados a los lados del oct\u00e1gono con dinteles horizontales, de modo que formaba ocho aberturas cuadradas que conectaban la sala con el exterior o con las estancias adyacentes. La gran abertura superior estaba equipada con ranuras que actuaban como gu\u00eda para elementos hemisf\u00e9ricos de madera conc\u00e9ntricos y giratorios que conten\u00edan decoraciones astrales.<\/p>\n\n\n\n<p>El visitante acceder\u00e1 a la Domus Aurea a trav\u00e9s del p\u00f3rtico neroniano, que recorre toda la fachada del palacio ahora evidenciada gracias a las excavaciones llevadas a cabo en los \u00faltimos meses. Continuar\u00e1 su recorrido descubriendo los ambientes m\u00e1s famosas de este sector, como la Sala de la B\u00f3veda Amarilla, que conserva el nombre de Pinturicchio, importante pintor renacentista, y la Sala della Volta delle Civette, que no era visible al p\u00fablico desde hac\u00eda al menos una d\u00e9cada y ahora son mucho m\u00e1s sugestivas gracias a la ampliaci\u00f3n del sistema de iluminaci\u00f3n.<\/p>\n\n\n\n<p>Gracias a la colaboraci\u00f3n con la Galer\u00eda Uffizi de Florencia, los visitantes podr\u00e1n admirar, hasta el 9 de febrero, la estatua &#8216;Ninfa con pantera&#8217;, una divinidad menor de la mitolog\u00eda griega, que evoca el v\u00ednculo con el mundo ptolemaico-alejandrino del emperador Ner\u00f3n, es decir, el periodo que va desde el 323 a.C hasta el 30 a.C, entre dos grandiosos personajes de la Antig\u00fcedad: Alejandro Magno y Cleopatra. Es una estatua de alta calidad y refinamiento, como lo demuestra el uso del m\u00e1rmol griego con una reelaboraci\u00f3n ecl\u00e9ctica de un artista romano, que data de los siglos I y II d.C.<\/p>\n\n\n\n<p>El innovador dise\u00f1o de la nueva entrada aprovecha las caracter\u00edsticas de la Galer\u00eda XXIV \u2013una de las estancias m\u00e1s importantes dentro del complejo palaciego\u2013 distinguiendo el espacio interior y exterior con pavimentos diferentes. El testimonio arqueol\u00f3gico del p\u00f3rtico neroniano se ha dejado a la vista, respetando la estructura original. Un elemento distintivo es la iluminaci\u00f3n art\u00edstica: las instalaciones de luz evocan la forma y la altura de las columnas desaparecidas, reproponiendo el aspecto monumental del p\u00f3rtico como una &#8216;columnata de luz&#8217;.<\/p>\n\n\n\n<figure class=\"wp-block-image\"><img decoding=\"async\" src=\"https:\/\/s3.abcstatics.com\/abc\/www\/multimedia\/cultura\/2024\/12\/14\/escultura2-kUKG--760x427@diario_abc.jpg\" alt=\"La estatua 'Ninfa con pantera'\"\/><figcaption class=\"wp-element-caption\">La estatua &#8216;Ninfa con pantera&#8217;&nbsp;Reuters<\/figcaption><\/figure>\n\n\n\n<p>La arque\u00f3loga Alfonsina Russo, directora del Parque Arqueol\u00f3gico del Coliseo, ha explicado la importancia de un nuevo ingreso de la Domus Aurea y la reapertura del sector occidental: \u00abCon la conclusi\u00f3n de este proyecto se podr\u00e1 ofrecer al p\u00fablico otra visi\u00f3n m\u00e1s atractiva y apasionante que la Domus Aurea que, adem\u00e1s, acoger\u00e1 un rico calendario de actividades educativas gratuitas. El objetivo es hacer tambi\u00e9n la Domus Aurea, como los dem\u00e1s lugares del parque arqueol\u00f3gico del Coliseo, un espacio vivo, abierto no s\u00f3lo a cultura cl\u00e1sica sino tambi\u00e9n a todas las expresiones de la sociedad civil en t\u00e9rminos de creatividad\u00bb.<\/p>\n\n\n\n<p>En los pr\u00f3ximos meses, el Parque Arqueol\u00f3gico del Coliseo proseguir\u00e1 los trabajos de restauraci\u00f3n de los frescos del sector occidental de la Domus Aurea. Los visitantes tendr\u00e1n la oportunidad de presenciar los trabajos de restauraci\u00f3n los viernes, gracias a la iniciativa &#8216;obra abierta&#8217;. El nuevo recorrido de la Domus Aurea ser\u00e1 accesible todos los viernes, s\u00e1bados y domingos, a excepci\u00f3n del primer domingo de mes. Durante las vacaciones de Navidad, del 26 de diciembre al 6 de enero, el recinto estar\u00e1 abierto todos los d\u00edas de 9.00 a 17.00 horas. Las entradas pueden adquirirse en l\u00ednea en la web oficial del Parque Arqueol\u00f3gico del Coliseo.<\/p>\n\n\n\n<p>Fuente: <a href=\"https:\/\/www.abc.es\/cultura\/domus-aurea-vuelve-brillar-esplendor-roma-20241214174109-nt.html\">https:\/\/www.abc.es\/cultura\/domus-aurea-vuelve-brillar-esplendor-roma-20241214174109-nt.html<\/a><\/p>\n","protected":false},"excerpt":{"rendered":"<p>La m\u00edtica residencia de Ner\u00f3n estrena nueva entrada y reabre el sector occidental, con sus extraordinarios ambientes Descubren la Sala [&hellip;]<\/p>\n","protected":false},"author":1,"featured_media":92172,"comment_status":"open","ping_status":"open","sticky":false,"template":"","format":"standard","meta":{"site-sidebar-layout":"default","site-content-layout":"","ast-site-content-layout":"default","site-content-style":"default","site-sidebar-style":"default","ast-global-header-display":"","ast-banner-title-visibility":"","ast-main-header-display":"","ast-hfb-above-header-display":"","ast-hfb-below-header-display":"","ast-hfb-mobile-header-display":"","site-post-title":"","ast-breadcrumbs-content":"","ast-featured-img":"","footer-sml-layout":"","theme-transparent-header-meta":"","adv-header-id-meta":"","stick-header-meta":"","header-above-stick-meta":"","header-main-stick-meta":"","header-below-stick-meta":"","astra-migrate-meta-layouts":"default","ast-page-background-enabled":"default","ast-page-background-meta":{"desktop":{"background-color":"var(--ast-global-color-4)","background-image":"","background-repeat":"repeat","background-position":"center center","background-size":"auto","background-attachment":"scroll","background-type":"","background-media":"","overlay-type":"","overlay-color":"","overlay-opacity":"","overlay-gradient":""},"tablet":{"background-color":"","background-image":"","background-repeat":"repeat","background-position":"center center","background-size":"auto","background-attachment":"scroll","background-type":"","background-media":"","overlay-type":"","overlay-color":"","overlay-opacity":"","overlay-gradient":""},"mobile":{"background-color":"","background-image":"","background-repeat":"repeat","background-position":"center center","background-size":"auto","background-attachment":"scroll","background-type":"","background-media":"","overlay-type":"","overlay-color":"","overlay-opacity":"","overlay-gradient":""}},"ast-content-background-meta":{"desktop":{"background-color":"var(--ast-global-color-5)","background-image":"","background-repeat":"repeat","background-position":"center center","background-size":"auto","background-attachment":"scroll","background-type":"","background-media":"","overlay-type":"","overlay-color":"","overlay-opacity":"","overlay-gradient":""},"tablet":{"background-color":"var(--ast-global-color-5)","background-image":"","background-repeat":"repeat","background-position":"center center","background-size":"auto","background-attachment":"scroll","background-type":"","background-media":"","overlay-type":"","overlay-color":"","overlay-opacity":"","overlay-gradient":""},"mobile":{"background-color":"var(--ast-global-color-5)","background-image":"","background-repeat":"repeat","background-position":"center center","background-size":"auto","background-attachment":"scroll","background-type":"","background-media":"","overlay-type":"","overlay-color":"","overlay-opacity":"","overlay-gradient":""}},"footnotes":""},"categories":[8],"tags":[34207,34208,8984],"class_list":["post-92171","post","type-post","status-publish","format-standard","has-post-thumbnail","hentry","category-noticias","tag-domus-aurea","tag-residencia-de-neron","tag-roma"],"_links":{"self":[{"href":"https:\/\/losperiodistas.com.mx\/portal\/wp-json\/wp\/v2\/posts\/92171","targetHints":{"allow":["GET"]}}],"collection":[{"href":"https:\/\/losperiodistas.com.mx\/portal\/wp-json\/wp\/v2\/posts"}],"about":[{"href":"https:\/\/losperiodistas.com.mx\/portal\/wp-json\/wp\/v2\/types\/post"}],"author":[{"embeddable":true,"href":"https:\/\/losperiodistas.com.mx\/portal\/wp-json\/wp\/v2\/users\/1"}],"replies":[{"embeddable":true,"href":"https:\/\/losperiodistas.com.mx\/portal\/wp-json\/wp\/v2\/comments?post=92171"}],"version-history":[{"count":1,"href":"https:\/\/losperiodistas.com.mx\/portal\/wp-json\/wp\/v2\/posts\/92171\/revisions"}],"predecessor-version":[{"id":92173,"href":"https:\/\/losperiodistas.com.mx\/portal\/wp-json\/wp\/v2\/posts\/92171\/revisions\/92173"}],"wp:featuredmedia":[{"embeddable":true,"href":"https:\/\/losperiodistas.com.mx\/portal\/wp-json\/wp\/v2\/media\/92172"}],"wp:attachment":[{"href":"https:\/\/losperiodistas.com.mx\/portal\/wp-json\/wp\/v2\/media?parent=92171"}],"wp:term":[{"taxonomy":"category","embeddable":true,"href":"https:\/\/losperiodistas.com.mx\/portal\/wp-json\/wp\/v2\/categories?post=92171"},{"taxonomy":"post_tag","embeddable":true,"href":"https:\/\/losperiodistas.com.mx\/portal\/wp-json\/wp\/v2\/tags?post=92171"}],"curies":[{"name":"wp","href":"https:\/\/api.w.org\/{rel}","templated":true}]}}