{"id":92158,"date":"2024-12-15T08:23:18","date_gmt":"2024-12-15T14:23:18","guid":{"rendered":"https:\/\/losperiodistas.com.mx\/portal\/?p=92158"},"modified":"2024-12-15T08:26:34","modified_gmt":"2024-12-15T14:26:34","slug":"a-solas-con-gloria-trevi-me-encanta-la-navidad-pese-a-que-duermo-todas-las-noches-con-el-grinch-la-pasare-en-familia-jaleos-del-corazon","status":"publish","type":"post","link":"https:\/\/losperiodistas.com.mx\/portal\/a-solas-con-gloria-trevi-me-encanta-la-navidad-pese-a-que-duermo-todas-las-noches-con-el-grinch-la-pasare-en-familia-jaleos-del-corazon\/","title":{"rendered":"A solas con Gloria Trevi: \u00abMe encanta la Navidad, pese a que duermo todas las noches con el Grinch. La pasar\u00e9 en familia\u00bb | Jaleos del Coraz\u00f3n"},"content":{"rendered":"\n<ul class=\"wp-block-list\">\n<li class=\"has-medium-font-size\">EL ESPA\u00d1OL entrevista a la afamada artista en uno de sus mejores momentos laborales. En 2025, en julio, har\u00e1 un show en el\u00a0WiZink Center de Madrid.\u00a0<\/li>\n<\/ul>\n\n\n\n<p><\/p>\n\n\n\n<figure class=\"wp-block-image size-full\"><img fetchpriority=\"high\" decoding=\"async\" width=\"1000\" height=\"563\" src=\"https:\/\/losperiodistas.com.mx\/portal\/wp-content\/uploads\/2024\/12\/Trevi.jpg\" alt=\"\" class=\"wp-image-92159\" srcset=\"https:\/\/losperiodistas.com.mx\/portal\/wp-content\/uploads\/2024\/12\/Trevi.jpg 1000w, https:\/\/losperiodistas.com.mx\/portal\/wp-content\/uploads\/2024\/12\/Trevi-300x169.jpg 300w, https:\/\/losperiodistas.com.mx\/portal\/wp-content\/uploads\/2024\/12\/Trevi-768x432.jpg 768w\" sizes=\"(max-width: 1000px) 100vw, 1000px\" \/><figcaption class=\"wp-element-caption\">La cantante Gloria Trevi en una fotograf\u00eda cedida a EL ESPA\u00d1OL.<\/figcaption><\/figure>\n\n\n\n<p class=\"has-vivid-red-color has-text-color has-link-color has-medium-font-size wp-elements-74ca318638f1189ca8f5747036012a83\"><strong>Jes\u00fas Carmona \/ Jaleos del Coraz\u00f3n \/ El Espa\u00f1ol<\/strong><\/p>\n\n\n\n<p id=\"paragraph_1\">Hablar de<strong>&nbsp;<a href=\"https:\/\/www.elespanol.com\/corazon\/celebrities\/20230105\/gloria-trevi-nuevo-demandada-presunto-explotacion-menores\/731426968_0.html?utm_cmp_rs=linksinline\">Gloria Trevi<\/a><\/strong>&nbsp;(56 a\u00f1os) es hacerlo de esfuerzo, de a\u00f1os de trabajo duro, de prestigio; en definitiva, de<strong>&nbsp;\u00e9xito<\/strong>. Es una de las artistas m\u00e1s respetadas y admiradas a nivel mundial. Y detr\u00e1s de todo esto, claro est\u00e1, hay -much\u00edsimo-&nbsp;<strong>sacrificio<\/strong>. Trevi est\u00e1&nbsp;<strong>feliz<\/strong>&nbsp;y sabe disfrutar de los buenos momentos.&nbsp;<\/p>\n\n\n\n<p id=\"paragraph_2\">Ha conseguido grand\u00edsimos reconocimientos. Ah\u00ed, el r\u00e9cord de&nbsp;<strong>Poll Start<\/strong>&nbsp;<strong>de las 100 mujeres m\u00e1s taquilleras<\/strong>. No s\u00f3lo esto: tambi\u00e9n ha conseguido colgar el cartel de&nbsp;<em>Sold Out<\/em>&nbsp;hasta en 13 ocasiones en el Arenas Ciudad De M\u00e9xico. La de Monterrey despide 2024 agradecida y se muestra ansiosa por que se estrena el 2025: ser\u00e1 su gran a\u00f1o.&nbsp;<\/p>\n\n\n\n<p id=\"paragraph_3\">El a\u00f1o de su victoria, como ella misma lo define. El 3 de julio de 2025, en el marco de la celebraci\u00f3n del&nbsp;<strong>Orgullo Gay<\/strong>, Gloria promete llenar, arrasar, el&nbsp;<strong>WiZink Center<\/strong>&nbsp;de Madrid con un espect\u00e1culo de esos que hacen historia. Excelsa, Trevi atiende a&nbsp;<strong>EL<\/strong>&nbsp;<strong>ESPA\u00d1OL<\/strong>&nbsp;y habla de todo: de trabajo, de sus querid\u00edsimos fans, de su familia y de la Navidad.&nbsp;<\/p>\n\n\n\n<p><strong>M\u00e1s informaci\u00f3n<\/strong>:\u00a0<a href=\"https:\/\/www.elespanol.com\/corazon\/celebrities\/20210724\/gloria-trevi-cosas-buenas-malas-vida-durisimas\/598440877_0.html?utm_cmp_rs=subtitle\">Gloria Trevi: \u00abHe tenido m\u00e1s cosas buenas que malas en mi vida, pero las malas han sido dur\u00edsimas\u00bb<\/a>.\u00a0<\/p>\n\n\n\n<figure class=\"wp-block-image size-large\"><img decoding=\"async\" width=\"1024\" height=\"576\" src=\"https:\/\/losperiodistas.com.mx\/portal\/wp-content\/uploads\/2024\/12\/908419508_251653299_1706x960-1024x576.png\" alt=\"\" class=\"wp-image-92160\" srcset=\"https:\/\/losperiodistas.com.mx\/portal\/wp-content\/uploads\/2024\/12\/908419508_251653299_1706x960-1024x576.png 1024w, https:\/\/losperiodistas.com.mx\/portal\/wp-content\/uploads\/2024\/12\/908419508_251653299_1706x960-300x169.png 300w, https:\/\/losperiodistas.com.mx\/portal\/wp-content\/uploads\/2024\/12\/908419508_251653299_1706x960-768x432.png 768w, https:\/\/losperiodistas.com.mx\/portal\/wp-content\/uploads\/2024\/12\/908419508_251653299_1706x960-1536x864.png 1536w, https:\/\/losperiodistas.com.mx\/portal\/wp-content\/uploads\/2024\/12\/908419508_251653299_1706x960.png 1706w\" sizes=\"(max-width: 1024px) 100vw, 1024px\" \/><\/figure>\n\n\n\n<p>Gloria Trevi posando en una fotograf\u00eda facilitada a EL ESPA\u00d1OL.<\/p>\n\n\n\n<p id=\"paragraph_5\"><strong>\u00bfC\u00f3mo se encuentra Gloria Trevi?<\/strong><\/p>\n\n\n\n<p id=\"paragraph_6\">Estoy emocionada, contenta. Cerrando un a\u00f1o que estuvo s\u00faper&nbsp;<em>ching\u00f3n<\/em>. Y ahora empezando el a\u00f1o de mi victoria, 2025.&nbsp;<\/p>\n\n\n\n<p id=\"paragraph_7\"><strong>\u00bfQu\u00e9 balance hace del a\u00f1o 2024?<\/strong><\/p>\n\n\n\n<p id=\"paragraph_8\">Ha sido un a\u00f1o incre\u00edble. Inici\u00e9 mi gira en Estados Unidos, que fue muy intensa. Al mismo tiempo, sigo haciendo una gira que se llama&nbsp;<strong><em>Trevi Hits<\/em><\/strong>, tanto en M\u00e9xico como algunos conciertos en Estados Unidos. La verdad es que fue un a\u00f1o de mucho trabajo. He estado haciendo mucha m\u00fasica nueva. Inici\u00e9 la preparaci\u00f3n del que va a ser mi primer material,&nbsp;<strong>mi primer \u00e1lbum como artista independiente<\/strong>. Hice varios videoclips. Ha sido un a\u00f1o muy hermoso, maravilloso. \u00a1Y todo!&nbsp;<\/p>\n\n\n\n<p id=\"paragraph_9\"><strong>Precisamente<\/strong>,<strong>&nbsp;con&nbsp;<em>Trevi Hits<\/em>&nbsp;llega en 2025 a Espa\u00f1a<\/strong>.<strong>&nbsp;En las fiestas del Orgullo va a llenar el&nbsp;WiZink&nbsp;Center<\/strong>.<strong>&nbsp;\u00a1Ah\u00ed es nada!<\/strong><\/p>\n\n\n\n<p id=\"paragraph_10\">Feliz, \u00a1<strong>muy feliz<\/strong>! Estoy muy contenta porque es un escenario incre\u00edble, donde yo siento que vamos a poder&nbsp;<em>echarnos las maromas<\/em>, las l\u00e1grimas, las cantadas, los bailes, todo. De una manera tan intensa. En una fecha tan bonita, tan significativa en el sentido de que yo s\u00e9 que vamos a estar celebrando el Orgullo.<strong>&nbsp;El Orgullo se celebra de muchas maneras<\/strong>.&nbsp;<\/p>\n\n\n\n<p id=\"paragraph_11\">Algunos van a hacer su plan de irse con sus cuates, a todo lo que da. Y otros van a decir &#8216;voy a ir con mi familia&#8217;, porque tambi\u00e9n los pap\u00e1s, los hijos van a ir. Es importante que tambi\u00e9n los hijos vivan ese momento. Tambi\u00e9n habr\u00e1 quien se vaya con sus amigas.&nbsp;<strong>Va a ser un concierto que va a marcar muy fuerte<\/strong>.&nbsp;<\/p>\n\n\n\n<p><img decoding=\"async\" alt=\"La artista est\u00e1 feliz porque en julio de 2025 actuar\u00e1 en el WiZink Center.\" height=\"1152\" src=\"https:\/\/s1.elespanol.com\/2024\/12\/13\/actualidad\/908419515_251653518_960x1706.png\" srcset=\"https:\/\/s1.elespanol.com\/2024\/12\/13\/actualidad\/908419515_251653519_648x1152.png 648w, https:\/\/s1.elespanol.com\/2024\/12\/13\/actualidad\/908419515_251653518_960x1706.png 960w\" width=\"648\"><\/p>\n\n\n\n<p>La artista est\u00e1 feliz porque en julio de 2025 actuar\u00e1 en el WiZink Center.&nbsp;Gtres<\/p>\n\n\n\n<p id=\"paragraph_13\"><strong>\u00a1Usted es un icono gay! \u00bfEs consciente de ello?&nbsp;<\/strong><\/p>\n\n\n\n<p id=\"paragraph_14\">Se me hace tan bonito que me digan eso, porque la verdad es que los gays son los que han hecho de m\u00ed magia.&nbsp;<\/p>\n\n\n\n<p id=\"paragraph_15\"><strong>Lleva muchos a\u00f1os en la profesi\u00f3n<\/strong>,<strong>&nbsp;mucho tiempo de trabajo y de esfuerzo<\/strong>.&nbsp;<\/p>\n\n\n\n<p id=\"paragraph_16\">Es verdad que es mucho trabajo, es mucho esfuerzo. Pero lo disfruto, claro que s\u00ed. Es una energ\u00eda de tanto amor, de tanta pasi\u00f3n. Hay un gran espect\u00e1culo en el escenario y hay otro espect\u00e1culo en el p\u00fablico.&nbsp;<strong>El p\u00fablico espa\u00f1ol es maravilloso<\/strong>&#8230; \u00a1Me estoy poniendo&nbsp;<em>chinita<\/em>! Siento que va a ser una cosa incre\u00edble. Les voy a poner tarea en mi Instagram de elegir qu\u00e9 canciones creen que no pueden faltar en mi concierto. Antes de que sea el concierto, adem\u00e1s, voy a sacar mi nuevo \u00e1lbum. \u00a1<strong>Van a flipar<\/strong>!&nbsp;<\/p>\n\n\n\n<p id=\"paragraph_17\"><strong>\u00bfC\u00f3mo se siente una mujer que est\u00e1 dentro de las 100 mujeres m\u00e1s taquilleras?<\/strong><\/p>\n\n\n\n<p id=\"paragraph_18\">\u00a1Much\u00edsima gratitud! Se dice f\u00e1cil y r\u00e1pido, s\u00ed, pero no lo es. Es algo incre\u00edble. Soy muy consciente de algo que la gente, de repente, no lo dimensiona: cuando algunos artistas nuevos llenan un lugar escucho que ciertos cr\u00edticos dicen &#8216;ay, lo llena porque era gratuito&#8217;. Y yo digo, la gente no dimensiona.&nbsp;<strong>Aunque sea gratis<\/strong>,&nbsp;<strong>\u00a1est\u00e1 lleno!<\/strong>&nbsp;Qu\u00e9 m\u00e1s da. Es que a veces puede ocurrir que t\u00fa haces una fiesta, das de beber, son tus amigos, y no van. Hay que valorar el llenar.&nbsp;<\/p>\n\n\n\n<p id=\"paragraph_19\"><strong>Hay que respetar al p\u00fablico siempre<\/strong>.<\/p>\n\n\n\n<p id=\"paragraph_20\">Imag\u00ednate c\u00f3mo me siento yo cuando veo que hay gente que trabaja, junta su dinero, algunos hasta viajan a otros pa\u00edses para ir a un concierto m\u00edo&#8230; Ya hay quienes est\u00e1n organizando para ir a verme en Espa\u00f1a.&nbsp;<strong>Es muy bonito eso<\/strong>.<strong>&nbsp;Muy gratificante<\/strong>. C\u00f3mo se preparan, c\u00f3mo se visten para venir a verme, salir de su casa, de la comodidad de nuestras casas&#8230; para verme. Cuando veo a la gente en el lugar digo &#8216;Dios m\u00edo, gracias, por el amor de la gente&#8217;. Personas que se encuentran con otras con su misma filosof\u00eda. La energ\u00eda de compartir una canci\u00f3n.&nbsp;<\/p>\n\n\n\n<p id=\"paragraph_21\"><strong>H\u00e1blenos de la Navidad<\/strong>.<strong>&nbsp;\u00bfA usted le gustan estos d\u00edas navide\u00f1os?<\/strong><\/p>\n\n\n\n<p id=\"paragraph_22\"><strong>Me encanta la Navidad<\/strong>.&nbsp;<strong>Mi esposo es el Grinch<\/strong>, est\u00e1 deseando que termine la Navidad para quitar el \u00e1rbol. Y yo soy el hada de la Navidad. Es raro: duermo cada noche con el Grinch y a m\u00ed me encanta. (Risas) Me encanta cocinar galletas navide\u00f1as, adornar la casa con copitos.<strong>&nbsp;Tengo recuerdos de mi infancia muy felices<\/strong>&nbsp;con respecto a la Navidad.&nbsp;<\/p>\n\n\n\n<p><img loading=\"lazy\" decoding=\"async\" alt=\"Gloria Trevi en una instant\u00e1nea facilitada a EL ESPA\u00d1OL.\" height=\"240\" src=\"https:\/\/s1.elespanol.com\/2024\/12\/13\/actualidad\/908419573_251655326_854x640.png\" srcset=\"https:\/\/s1.elespanol.com\/2024\/12\/13\/actualidad\/908419573_251655327_320x240.png 320w, https:\/\/s1.elespanol.com\/2024\/12\/13\/actualidad\/908419573_251655326_854x640.png 854w, https:\/\/s1.elespanol.com\/2024\/12\/13\/actualidad\/908419573_251655325_1706x1280.png 1706w\" width=\"320\"><\/p>\n\n\n\n<p>Gloria Trevi en una instant\u00e1nea facilitada a EL ESPA\u00d1OL.<\/p>\n\n\n\n<p id=\"paragraph_23\"><strong>La infancia es muy importante<\/strong>&#8230;&nbsp;<\/p>\n\n\n\n<p id=\"paragraph_24\">S\u00ed. Voy a poner mi m\u00fasica de Navidad.&nbsp;<strong><em>Esta Navidad<\/em><\/strong>,&nbsp;<strong><em>Un \u00e1ngel de Dios<\/em><\/strong>&#8230; Tengo muchas canciones. La voy a pasar en familia, comiendo much\u00edsimo. Todas las cosas ricas. Me gusta cocinar en Navidad. Con la familia,&nbsp;<strong><em>haciendo<\/em>&nbsp;recuerdos<\/strong>.&nbsp;<\/p>\n\n\n\n<p id=\"paragraph_25\"><strong>\u00bfCrea prop\u00f3sitos de Nuevo a\u00f1o?<\/strong><\/p>\n\n\n\n<p id=\"paragraph_26\">No hago muchos prop\u00f3sitos de A\u00f1o Nuevo porque siempre estoy<em>&nbsp;pegada<\/em>&nbsp;a mi agenda de conciertos. Esos son mis prop\u00f3sitos. \u00a1Ya te estoy hablando hoy de julio de 2025!&nbsp;<strong>Mis prop\u00f3sitos ya me los hicieron<\/strong>. S\u00ed me gusta jugar un poquito con pedir deseos, no es que crea que se van a cumplir, pero se me hace divertido.<\/p>\n\n\n\n<p id=\"paragraph_27\"><strong>Para terminar<\/strong>,<strong>&nbsp;\u00bfusted despide el a\u00f1o tomando uvas?<\/strong><\/p>\n\n\n\n<p id=\"paragraph_28\">Pasan cosas divertidas, como cuando te tienes que tomar las 12 uvas y te est\u00e1s ahogando. \u00a1Hay que comprar uvas chiquititas!.&nbsp;<\/p>\n\n\n\n<p>Fuente: <a href=\"https:\/\/www.elespanol.com\/corazon\/celebrities\/20241215\/solas-gloria-trevi-encanta-navidad-pese-duermo-todas-noches-grinch-pasare-familia\/908409278_0.html\">https:\/\/www.elespanol.com\/corazon\/celebrities\/20241215\/solas-gloria-trevi-encanta-navidad-pese-duermo-todas-noches-grinch-pasare-familia\/908409278_0.html<\/a><\/p>\n","protected":false},"excerpt":{"rendered":"<p>Jes\u00fas Carmona \/ Jaleos del Coraz\u00f3n \/ El Espa\u00f1ol Hablar de&nbsp;Gloria Trevi&nbsp;(56 a\u00f1os) es hacerlo de esfuerzo, de a\u00f1os de [&hellip;]<\/p>\n","protected":false},"author":1,"featured_media":92159,"comment_status":"open","ping_status":"open","sticky":false,"template":"","format":"standard","meta":{"site-sidebar-layout":"default","site-content-layout":"","ast-site-content-layout":"default","site-content-style":"default","site-sidebar-style":"default","ast-global-header-display":"","ast-banner-title-visibility":"","ast-main-header-display":"","ast-hfb-above-header-display":"","ast-hfb-below-header-display":"","ast-hfb-mobile-header-display":"","site-post-title":"","ast-breadcrumbs-content":"","ast-featured-img":"","footer-sml-layout":"","theme-transparent-header-meta":"","adv-header-id-meta":"","stick-header-meta":"","header-above-stick-meta":"","header-main-stick-meta":"","header-below-stick-meta":"","astra-migrate-meta-layouts":"default","ast-page-background-enabled":"default","ast-page-background-meta":{"desktop":{"background-color":"var(--ast-global-color-4)","background-image":"","background-repeat":"repeat","background-position":"center center","background-size":"auto","background-attachment":"scroll","background-type":"","background-media":"","overlay-type":"","overlay-color":"","overlay-opacity":"","overlay-gradient":""},"tablet":{"background-color":"","background-image":"","background-repeat":"repeat","background-position":"center center","background-size":"auto","background-attachment":"scroll","background-type":"","background-media":"","overlay-type":"","overlay-color":"","overlay-opacity":"","overlay-gradient":""},"mobile":{"background-color":"","background-image":"","background-repeat":"repeat","background-position":"center center","background-size":"auto","background-attachment":"scroll","background-type":"","background-media":"","overlay-type":"","overlay-color":"","overlay-opacity":"","overlay-gradient":""}},"ast-content-background-meta":{"desktop":{"background-color":"var(--ast-global-color-5)","background-image":"","background-repeat":"repeat","background-position":"center center","background-size":"auto","background-attachment":"scroll","background-type":"","background-media":"","overlay-type":"","overlay-color":"","overlay-opacity":"","overlay-gradient":""},"tablet":{"background-color":"var(--ast-global-color-5)","background-image":"","background-repeat":"repeat","background-position":"center center","background-size":"auto","background-attachment":"scroll","background-type":"","background-media":"","overlay-type":"","overlay-color":"","overlay-opacity":"","overlay-gradient":""},"mobile":{"background-color":"var(--ast-global-color-5)","background-image":"","background-repeat":"repeat","background-position":"center center","background-size":"auto","background-attachment":"scroll","background-type":"","background-media":"","overlay-type":"","overlay-color":"","overlay-opacity":"","overlay-gradient":""}},"footnotes":""},"categories":[8],"tags":[3939,34201],"class_list":["post-92158","post","type-post","status-publish","format-standard","has-post-thumbnail","hentry","category-noticias","tag-gloria-trevi","tag-orgullo-gay"],"_links":{"self":[{"href":"https:\/\/losperiodistas.com.mx\/portal\/wp-json\/wp\/v2\/posts\/92158","targetHints":{"allow":["GET"]}}],"collection":[{"href":"https:\/\/losperiodistas.com.mx\/portal\/wp-json\/wp\/v2\/posts"}],"about":[{"href":"https:\/\/losperiodistas.com.mx\/portal\/wp-json\/wp\/v2\/types\/post"}],"author":[{"embeddable":true,"href":"https:\/\/losperiodistas.com.mx\/portal\/wp-json\/wp\/v2\/users\/1"}],"replies":[{"embeddable":true,"href":"https:\/\/losperiodistas.com.mx\/portal\/wp-json\/wp\/v2\/comments?post=92158"}],"version-history":[{"count":1,"href":"https:\/\/losperiodistas.com.mx\/portal\/wp-json\/wp\/v2\/posts\/92158\/revisions"}],"predecessor-version":[{"id":92161,"href":"https:\/\/losperiodistas.com.mx\/portal\/wp-json\/wp\/v2\/posts\/92158\/revisions\/92161"}],"wp:featuredmedia":[{"embeddable":true,"href":"https:\/\/losperiodistas.com.mx\/portal\/wp-json\/wp\/v2\/media\/92159"}],"wp:attachment":[{"href":"https:\/\/losperiodistas.com.mx\/portal\/wp-json\/wp\/v2\/media?parent=92158"}],"wp:term":[{"taxonomy":"category","embeddable":true,"href":"https:\/\/losperiodistas.com.mx\/portal\/wp-json\/wp\/v2\/categories?post=92158"},{"taxonomy":"post_tag","embeddable":true,"href":"https:\/\/losperiodistas.com.mx\/portal\/wp-json\/wp\/v2\/tags?post=92158"}],"curies":[{"name":"wp","href":"https:\/\/api.w.org\/{rel}","templated":true}]}}