{"id":92155,"date":"2024-12-15T08:14:30","date_gmt":"2024-12-15T14:14:30","guid":{"rendered":"https:\/\/losperiodistas.com.mx\/portal\/?p=92155"},"modified":"2024-12-15T08:14:31","modified_gmt":"2024-12-15T14:14:31","slug":"estamos-yendo-hacia-dos-bloques-que-conceden-a-los-paises-cada-vez-menos-margen-de-autonomia-ethic","status":"publish","type":"post","link":"https:\/\/losperiodistas.com.mx\/portal\/estamos-yendo-hacia-dos-bloques-que-conceden-a-los-paises-cada-vez-menos-margen-de-autonomia-ethic\/","title":{"rendered":"\u00abEstamos yendo hacia dos bloques que conceden a los pa\u00edses cada vez menos margen de autonom\u00eda\u00bb | ethic"},"content":{"rendered":"\n<figure class=\"wp-block-image size-large\"><img fetchpriority=\"high\" decoding=\"async\" width=\"1024\" height=\"614\" src=\"https:\/\/losperiodistas.com.mx\/portal\/wp-content\/uploads\/2024\/12\/tim-marshall-1024x614.webp\" alt=\"\" class=\"wp-image-92156\" srcset=\"https:\/\/losperiodistas.com.mx\/portal\/wp-content\/uploads\/2024\/12\/tim-marshall-1024x614.webp 1024w, https:\/\/losperiodistas.com.mx\/portal\/wp-content\/uploads\/2024\/12\/tim-marshall-300x180.webp 300w, https:\/\/losperiodistas.com.mx\/portal\/wp-content\/uploads\/2024\/12\/tim-marshall-768x461.webp 768w, https:\/\/losperiodistas.com.mx\/portal\/wp-content\/uploads\/2024\/12\/tim-marshall.webp 1500w\" sizes=\"(max-width: 1024px) 100vw, 1024px\" \/><\/figure>\n\n\n\n<p><\/p>\n\n\n\n<p class=\"has-vivid-red-color has-text-color has-link-color has-medium-font-size wp-elements-0fd5019803543c5a929c0329160c29f0\"><strong>ESTHER PE\u00d1AS \/ ethic<\/strong><\/p>\n\n\n\n<p><em>Sin conceder a la geograf\u00eda un car\u00e1cter determinante, el periodista Tim Marshall (1959), especializado en informaci\u00f3n internacional, sabe lo mucho que condiciona el hecho de que Australia sea una isla (con car\u00e1cter de continente), Ir\u00e1n est\u00e9 rodeado de monta\u00f1as o Espa\u00f1a, por sus desaciertos pol\u00edticos \u2013pero tambi\u00e9n por sus peculiaridades geogr\u00e1ficas\u2013, haya sido capaz de aglutinar a sus distintas regiones. De todo ello escribe en su \u00faltimo ensayo, \u2018<a target=\"_blank\" href=\"https:\/\/www.planetadelibros.com.co\/libro-el-poder-de-la-geografia\/407714\" rel=\"noreferrer noopener\">El poder de la geograf\u00eda<\/a>\u2019 (Pen\u00ednsula).<\/em><\/p>\n\n\n\n<hr class=\"wp-block-separator has-alpha-channel-opacity\"\/>\n\n\n\n<p><strong>El ensayo demuestra que la geograf\u00eda convierte a un pa\u00eds, en un momento determinado, en crucial para la estrategia internacional. \u00bfDe qu\u00e9 depende que esos pa\u00edses sepan jugar bien sus posibilidades y no se conviertan en mera comparsa de los m\u00e1s poderosos?<\/strong><\/p>\n\n\n\n<p>De inicio, se trata de que los gobernantes comprendan esa geograf\u00eda propia, tanto las limitaciones que impone como las oportunidades que ofrece, y tener todo eso en cuenta a la hora de tomar decisiones. Un ejemplo, Australia, que es un pa\u00eds que no puede tener una gran poblaci\u00f3n, debido a su geograf\u00eda, cuyas cadenas de suministros son, a la fuerza, incre\u00edblemente largas, para lo que necesita fuerza naval muy potente. Trata de establecer acuerdos con pa\u00edses que puedan ayudar en este aspecto o, al menos, que no le molesten en su log\u00edstica. Cada pa\u00eds en el mundo tiene su propia idiosincrasia.<\/p>\n\n\n\n<p><strong>Muchos de esos pa\u00edses tienen mucha riqueza, pero no son ricos (Ir\u00e1n es el caso m\u00e1s notorio, tambi\u00e9n otros que quedan fuera de su jurisdicci\u00f3n ensay\u00edstica, como Venezuela). Da la impresi\u00f3n de que les costar\u00e1 convertirse en pa\u00edses pr\u00f3speros, porque a sus competidores no les conviene.<\/strong><\/p>\n\n\n\n<p>Es verdad. Hay que decir que las sanciones impuestas por EE.UU. a Venezuela no han ayudado a su econom\u00eda, pero hay que remontarse a qu\u00e9 ocurr\u00eda antes, fijarse en c\u00f3mo este pa\u00eds, incre\u00edblemente rico en t\u00e9rminos de energ\u00eda, tiene una brecha enorme entre el poder adquisitivo de la poblaci\u00f3n y la riqueza de sus recursos, lo que te dice que el Gobierno venezolano no ha invertido adecuadamente en cuestiones importantes como educaci\u00f3n para su pueblo, vivienda, salud, y uno se pregunta: \u00bfad\u00f3nde ha ido el dinero? La geograf\u00eda solo es una parte para explicar qu\u00e9 ocurre; creo que, con decisiones diferentes, los venezolanos ser\u00edan m\u00e1s felices y pr\u00f3speros. Lo mismo se puede decir de Ir\u00e1n. Sin embargo, un pa\u00eds que no tiene una gran riqueza natural, como el caso de Singapur, debido a algunas decisiones brillantes tomadas por la clase gobernante, ha pasado de ser una colonia empobrecida brit\u00e1nica a convertirse en una potencia mundial y moderna, porque sus pol\u00edticos acertaron.<\/p>\n\n\n\n<p><strong>Centr\u00e9monos en Espa\u00f1a, como umbral de la inmigraci\u00f3n del Mediterr\u00e1neo. \u00bfQu\u00e9 aspectos, a su juicio, podr\u00edan mejorarse en la pol\u00edtica espa\u00f1ola a este respecto?<\/strong><\/p>\n\n\n\n<p>Espa\u00f1a ha sabido mirar hacia adelante a la hora de tratar a Marruecos como socio igualitario y forjar una buena relaci\u00f3n para ralentizar la inmigraci\u00f3n irregular, pero temo que vuestros pol\u00edticos tengan que adoptar algunas medidas como las que ya se est\u00e1n implantando en otros pa\u00edses europeos, como Alemania, que ha suspendido el espacio Schengen por la guerra de Ucrania; Suecia, que paga a los inmigrantes para que se marchen del pa\u00eds: o medidas como las de Italia. Algo hay que hacer para detener el flujo migratorio que no podemos absorber.<\/p>\n\n\n\n<blockquote class=\"wp-block-quote is-layout-flow wp-block-quote-is-layout-flow\">\n<p>\u00abLa geograf\u00eda solo es una parte para explicar qu\u00e9 ocurre\u00bb<\/p>\n<\/blockquote>\n\n\n\n<p><strong>\u00bfPor qu\u00e9 tiene Espa\u00f1a tantas dificultades para aglutinar a sus distintas regiones?<\/strong><\/p>\n\n\n\n<p>En parte por la geograf\u00eda, pero tambi\u00e9n por la pol\u00edtica. Vuestra revoluci\u00f3n industrial lleg\u00f3 tarde, vuestro terreno es dif\u00edcil, las llanuras costales son buenas para la agricultura, pero acaban en acantilados que dificultan tejer las regiones de manera conjunta, con monta\u00f1as y llanuras; adem\u00e1s, colocasteis la capital justo en el centro, un inconveniente para las comunicaciones fluidas con el resto de regiones. Ahora es m\u00e1s f\u00e1cil por la tecnolog\u00eda. Con la industrializaci\u00f3n, pudisteis conectar v\u00ednculos y crear un sistema de transporte unificado, pero no ten\u00e9is muchos r\u00edos llanos que conecten los unos con los otros, s\u00ed hay puertos de agua profunda que pueden albergar nav\u00edos m\u00e1s grandes, pero ninguno sub\u00eda, no se pueden navegar. A eso tambi\u00e9n se a\u00f1ade el desierto, el \u00fanico pa\u00eds de Europa que tiene uno. Todo eso os ha hecho la vida pol\u00edtica (y la vida, en general) m\u00e1s dif\u00edcil, pero la tecnolog\u00eda ha mejorado todo eso.<\/p>\n\n\n\n<p><strong>\u00bfDe qu\u00e9 modo los Pirineos, que en su momento fueron una baza defensiva, se convirtieron en un lastre para la prosperidad del pa\u00eds?<\/strong><\/p>\n\n\n\n<p>Durante la Revoluci\u00f3n Industrial, cuando Espa\u00f1a empez\u00f3 a fabricar y necesitar cosas. Francia os llevaba varias d\u00e9cadas de ventaja, y no ten\u00edais el sistema de transporte adecuado. Ahora s\u00ed, pero cuando en Inglaterra hab\u00eda cientos de millas de red ferroviarias, en Espa\u00f1a se segu\u00edan usando los carros de caballos.<\/p>\n\n\n\n<blockquote class=\"wp-block-quote is-layout-flow wp-block-quote-is-layout-flow\">\n<p>\u00abEn Espa\u00f1a, colocasteis la capital justo en el centro, un inconveniente para las comunicaciones fluidas con el resto de regiones\u00bb<\/p>\n<\/blockquote>\n\n\n\n<p><strong>\u00bfVe posible una independencia de Catalu\u00f1a a medio\/largo plazo?<\/strong><\/p>\n\n\n\n<p>No a corto plazo, desde luego, probablemente tampoco a largo, pero no creo que el tema desaparezca, no lo ha hecho en el \u00faltimo siglo. Siempre estar\u00e1 ah\u00ed, en el trasfondo, aunque dudo de que el siguiente empuje, el empuje, digamos, definitivo, llegue alguna vez. Eso requerir\u00eda lo que en ingl\u00e9s llamamos \u00abpatitos alineados\u00bb, demasiadas circunstancias a la vez. Nosotros tuvimos el caso de Escocia, que fue en aumento, impulsado por un l\u00edder carism\u00e1tico y por la ca\u00edda del comunismo, pero finalmente perdieron el voto, decidieron quedarse en el Reino Unido. Algo similar ha ocurrido con Catalu\u00f1a, que tuvo un momento importante con el refer\u00e9ndum ilegal, pero algo as\u00ed no puede hacerse una y otra vez. No, no lo veo probable.<\/p>\n\n\n\n<p><strong>Si eso ocurriera, el bloque pro-ruso tendr\u00eda, a su juicio, un suculento aliado, \u00bfno es as\u00ed?<\/strong><\/p>\n\n\n\n<p>No un aliado, una oportunidad. Una Catalu\u00f1a independiente, fuera de la Uni\u00f3n Europea, sin lugar a dudas, abrir\u00eda a China y Rusia la oportunidad de entrar en el coraz\u00f3n de Europa, de disponer de un puerto con influencia pol\u00edtica. Esa misma influencia que ejerce Rusia en Bosnia, Serbia, que intenta en Moldavia. Rusia y China lo intentar\u00edan, por supuesto, insertarse econ\u00f3micamente all\u00ed donde puedan. Y si Catalu\u00f1a no estuviera sujeta a las legislaciones europeas para ellos ser\u00eda una gran oportunidad de establecerse.<\/p>\n\n\n\n<blockquote class=\"wp-block-quote is-layout-flow wp-block-quote-is-layout-flow\">\n<p>\u00ab Una Catalu\u00f1a independiente, fuera de la UE, abrir\u00eda a China y Rusia la oportunidad de entrar en el coraz\u00f3n de Europa\u00bb<\/p>\n<\/blockquote>\n\n\n\n<p><strong>\u00bfEstamos volviendo a la pol\u00edtica de bloques, esa que ya demostr\u00f3 su fracaso?<\/strong><\/p>\n\n\n\n<p>S\u00ed, pero habr\u00eda que matizar, porque no calificar\u00eda \u00abfracaso\u00bb a la Uni\u00f3n Europea, que es pol\u00edtica de bloques. Pero en tanto que gran competici\u00f3n de grandes potencias s\u00ed, estamos ah\u00ed, es inevitable, no recuerdo una \u00e9poca en la que no hubiera competici\u00f3n entre las grandes potencias. En las \u00faltimas d\u00e9cadas tuvimos unas vacaciones bastante agradables respecto a eso, nada m\u00e1s. No digo que sea algo bueno, pero estamos volviendo a la competici\u00f3n de grandes potencias que cada vez exigen una mayor lealtad. \u00abSi rascas mi espalda, yo rasco la tuya\u00bb, decimos en ingl\u00e9s. Si no est\u00e1s conmigo, te pongo aranceles, tarifas endemoniadas. Norteam\u00e9rica est\u00e1 intentando reunir a su pandilla, a ver qu\u00e9 hace a partir de ahora, pero ha liderado (o lo ha intentado). La OTAN, impone su criterio respecto de Ucrania\u2026 El otro bloque, claro, lo lidera China, que lleva 25 a\u00f1os, junto a Rusia, socavando y minando el orden dictado por Estados Unidos, con mucho \u00e9xito, por cierto. Con la invasi\u00f3n de Ucrania, Estados Unidos dijo \u00abhasta aqu\u00ed\u00bb. Veremos si contin\u00faa la debilidad de Estados Unidos o le sale bien la jugada. Lo que est\u00e1 claro es que estamos yendo hacia dos bloques que conceden a los pa\u00edses integrantes cada vez menos margen de autonom\u00eda.<\/p>\n\n\n\n<p><strong>C\u00f3mo concluya la guerra Rusia-<a href=\"https:\/\/ethic.es\/2024\/11\/tres-razones-por-las-que-el-triunfo-de-trump-no-significa-un-desastre-para-ucrania\/\">Ucrania<\/a>, \u00bfde qu\u00e9 modo reordenar\u00e1 el tablero pol\u00edtico?<\/strong><\/p>\n\n\n\n<p>Eso tambi\u00e9n depender\u00e1 de qu\u00e9 ocurra en Estados Unidos. A ver qu\u00e9 quiere hacer Trump. Seguramente reduzca el apoyo a Ucrania, si no acaba con \u00e9l por completo. Los estadounidenses han puesto aproximadamente la mitad del dinero y las armas que han llegado a Ucrania. Europa no puede reemplazar esa mitad. Y si se reducen las ayudas a Ucrania, le tocar\u00e1 negociar con Rusia desde una posici\u00f3n debilitada.<\/p>\n\n\n\n<p>Fuente: <a href=\"https:\/\/ethic.es\/2024\/12\/entrevista-tim-marshall\/\">https:\/\/ethic.es\/2024\/12\/entrevista-tim-marshall\/<\/a><\/p>\n","protected":false},"excerpt":{"rendered":"<p>ESTHER PE\u00d1AS \/ ethic Sin conceder a la geograf\u00eda un car\u00e1cter determinante, el periodista Tim Marshall (1959), especializado en informaci\u00f3n [&hellip;]<\/p>\n","protected":false},"author":1,"featured_media":92156,"comment_status":"open","ping_status":"open","sticky":false,"template":"","format":"standard","meta":{"site-sidebar-layout":"default","site-content-layout":"","ast-site-content-layout":"default","site-content-style":"default","site-sidebar-style":"default","ast-global-header-display":"","ast-banner-title-visibility":"","ast-main-header-display":"","ast-hfb-above-header-display":"","ast-hfb-below-header-display":"","ast-hfb-mobile-header-display":"","site-post-title":"","ast-breadcrumbs-content":"","ast-featured-img":"","footer-sml-layout":"","theme-transparent-header-meta":"","adv-header-id-meta":"","stick-header-meta":"","header-above-stick-meta":"","header-main-stick-meta":"","header-below-stick-meta":"","astra-migrate-meta-layouts":"default","ast-page-background-enabled":"default","ast-page-background-meta":{"desktop":{"background-color":"var(--ast-global-color-4)","background-image":"","background-repeat":"repeat","background-position":"center center","background-size":"auto","background-attachment":"scroll","background-type":"","background-media":"","overlay-type":"","overlay-color":"","overlay-opacity":"","overlay-gradient":""},"tablet":{"background-color":"","background-image":"","background-repeat":"repeat","background-position":"center center","background-size":"auto","background-attachment":"scroll","background-type":"","background-media":"","overlay-type":"","overlay-color":"","overlay-opacity":"","overlay-gradient":""},"mobile":{"background-color":"","background-image":"","background-repeat":"repeat","background-position":"center center","background-size":"auto","background-attachment":"scroll","background-type":"","background-media":"","overlay-type":"","overlay-color":"","overlay-opacity":"","overlay-gradient":""}},"ast-content-background-meta":{"desktop":{"background-color":"var(--ast-global-color-5)","background-image":"","background-repeat":"repeat","background-position":"center center","background-size":"auto","background-attachment":"scroll","background-type":"","background-media":"","overlay-type":"","overlay-color":"","overlay-opacity":"","overlay-gradient":""},"tablet":{"background-color":"var(--ast-global-color-5)","background-image":"","background-repeat":"repeat","background-position":"center center","background-size":"auto","background-attachment":"scroll","background-type":"","background-media":"","overlay-type":"","overlay-color":"","overlay-opacity":"","overlay-gradient":""},"mobile":{"background-color":"var(--ast-global-color-5)","background-image":"","background-repeat":"repeat","background-position":"center center","background-size":"auto","background-attachment":"scroll","background-type":"","background-media":"","overlay-type":"","overlay-color":"","overlay-opacity":"","overlay-gradient":""}},"footnotes":""},"categories":[8],"tags":[34200,34199,34198],"class_list":["post-92155","post","type-post","status-publish","format-standard","has-post-thumbnail","hentry","category-noticias","tag-autonomias","tag-el-poder-de-la-geografia","tag-tim-marshall"],"_links":{"self":[{"href":"https:\/\/losperiodistas.com.mx\/portal\/wp-json\/wp\/v2\/posts\/92155","targetHints":{"allow":["GET"]}}],"collection":[{"href":"https:\/\/losperiodistas.com.mx\/portal\/wp-json\/wp\/v2\/posts"}],"about":[{"href":"https:\/\/losperiodistas.com.mx\/portal\/wp-json\/wp\/v2\/types\/post"}],"author":[{"embeddable":true,"href":"https:\/\/losperiodistas.com.mx\/portal\/wp-json\/wp\/v2\/users\/1"}],"replies":[{"embeddable":true,"href":"https:\/\/losperiodistas.com.mx\/portal\/wp-json\/wp\/v2\/comments?post=92155"}],"version-history":[{"count":1,"href":"https:\/\/losperiodistas.com.mx\/portal\/wp-json\/wp\/v2\/posts\/92155\/revisions"}],"predecessor-version":[{"id":92157,"href":"https:\/\/losperiodistas.com.mx\/portal\/wp-json\/wp\/v2\/posts\/92155\/revisions\/92157"}],"wp:featuredmedia":[{"embeddable":true,"href":"https:\/\/losperiodistas.com.mx\/portal\/wp-json\/wp\/v2\/media\/92156"}],"wp:attachment":[{"href":"https:\/\/losperiodistas.com.mx\/portal\/wp-json\/wp\/v2\/media?parent=92155"}],"wp:term":[{"taxonomy":"category","embeddable":true,"href":"https:\/\/losperiodistas.com.mx\/portal\/wp-json\/wp\/v2\/categories?post=92155"},{"taxonomy":"post_tag","embeddable":true,"href":"https:\/\/losperiodistas.com.mx\/portal\/wp-json\/wp\/v2\/tags?post=92155"}],"curies":[{"name":"wp","href":"https:\/\/api.w.org\/{rel}","templated":true}]}}