{"id":92149,"date":"2024-12-15T06:57:34","date_gmt":"2024-12-15T12:57:34","guid":{"rendered":"https:\/\/losperiodistas.com.mx\/portal\/?p=92149"},"modified":"2024-12-15T06:57:35","modified_gmt":"2024-12-15T12:57:35","slug":"adan-podria-ir-a-fondo-sinembargo","status":"publish","type":"post","link":"https:\/\/losperiodistas.com.mx\/portal\/adan-podria-ir-a-fondo-sinembargo\/","title":{"rendered":"\u201cAd\u00e1n podr\u00eda ir a fondo\u201d | SinEmbargo"},"content":{"rendered":"\n<h1 class=\"wp-block-heading\">El auditor jefe es de Monreal. \u00abPero si quieren, pueden revelar corrupci\u00f3n\u00bb: Buchahin<\/h1>\n\n\n\n<figure class=\"wp-block-image size-large\"><img fetchpriority=\"high\" decoding=\"async\" width=\"1024\" height=\"540\" src=\"https:\/\/losperiodistas.com.mx\/portal\/wp-content\/uploads\/2024\/12\/monreal-y-colmenares-1024x540.png\" alt=\"\" class=\"wp-image-92153\" srcset=\"https:\/\/losperiodistas.com.mx\/portal\/wp-content\/uploads\/2024\/12\/monreal-y-colmenares-1024x540.png 1024w, https:\/\/losperiodistas.com.mx\/portal\/wp-content\/uploads\/2024\/12\/monreal-y-colmenares-300x158.png 300w, https:\/\/losperiodistas.com.mx\/portal\/wp-content\/uploads\/2024\/12\/monreal-y-colmenares-768x405.png 768w, https:\/\/losperiodistas.com.mx\/portal\/wp-content\/uploads\/2024\/12\/monreal-y-colmenares.png 1200w\" sizes=\"(max-width: 1024px) 100vw, 1024px\" \/><\/figure>\n\n\n\n<p><\/p>\n\n\n\n<p><\/p>\n\n\n\n<h2 class=\"wp-block-heading\"><strong>El reciente esc\u00e1ndalo de corrupci\u00f3n en el Senado por presuntos malos manejos en las finanzas en la anterior gesti\u00f3n que encabezaba Ricardo Monreal puede investigarse a fondo, asegur\u00f3 la doctora Muna Dora Buchahin al destacar que la actual Auditor\u00eda Superior ha solapado casos de corrupci\u00f3n por la cercan\u00eda de su titular, David Colmenares, con pol\u00edticos de todos los partidos.<\/strong><\/h2>\n\n\n\n<p class=\"has-vivid-red-color has-text-color has-link-color has-medium-font-size wp-elements-8437750745e11888c05cc9110d45cd5e\"><strong><a href=\"https:\/\/www.sinembargo.mx\/author\/guadalupefuentes\/\">Guadalupe Fuentes L\u00f3pez<\/a> \/ SinEmbargo<\/strong><\/p>\n\n\n\n<p>Ciudad de M\u00e9xico, 15 de diciembre (SinEmbargo).\u2013 Dos precandidatos presidenciales de la izquierda mexicana cruzaron acusaciones de corrupci\u00f3n este fin de semana, y uno de ellos,&nbsp;<a href=\"https:\/\/www.sinembargo.mx\/4588804\/video-%c2%ac-augusto-involucra-a-monreal-en-casos-de-corrupcion-y-el-responde-denuncien\/\" target=\"_blank\" rel=\"noreferrer noopener\"><strong>Ad\u00e1n Augusto L\u00f3pez Hern\u00e1ndez<\/strong><\/a>, presidente de la Junta de Coordinaci\u00f3n Pol\u00edtica del&nbsp;<strong>Senado de la Rep\u00fablica<\/strong>&nbsp;y actual coordinador de la fracci\u00f3n dominante, denunci\u00f3 supuestas desviaciones de&nbsp;<strong>Ricardo Monreal \u00c1vila<\/strong>, un viejo pol\u00edtico que ha sido relacionado en el pasado con desviaciones de recursos y alianzas poco ortodoxas.<\/p>\n\n\n\n<p>Pero aunque&nbsp;<strong>Claudia Sheinbaum, Presidenta de M\u00e9xico<\/strong>&nbsp;y cabeza de esa corriente pol\u00edtica, dijo ayer s\u00e1bado que deber\u00edan investigarse las acusaciones de L\u00f3pez Hern\u00e1ndez (en una declaraci\u00f3n m\u00e1s bien suave, sin mucha contundencia), una renombrada auditora especializada en anticorrupci\u00f3n dud\u00f3 que las denuncias presentadas ante la Auditor\u00eda Superior de la Federaci\u00f3n (<strong>ASF<\/strong>) tengan alg\u00fan efecto, dado que David Colmenares, el cuestionado auditor, est\u00e1 vinculado con los legisladores de Morena y en particular ha servido al Diputado federal zacatecano Ricardo Monreal.<\/p>\n\n\n\n<p>Lo que sugiri\u00f3 en su lugar fue realizar una auditor\u00eda interna y hacer un an\u00e1lisis forense de los ingresos, compras y contrataciones en el Senado durante la anterior administraci\u00f3n y buscar la materialidad de \u00e9stas porque, dijo, los documentos van a estar, pero se deben revisar si existen en f\u00edsico.<\/p>\n\n\n\n<blockquote class=\"wp-block-quote is-layout-flow wp-block-quote-is-layout-flow\">\n<p>\u00abEl \u00f3rgano Interno de Control del Senado tiene que tener acceso a toda la informaci\u00f3n y documentaci\u00f3n de trienio anterior y pueden hacer un an\u00e1lisis forense de las compras, ingresos y las contrataciones, y vincularlas y confrontarlas; buscar la materialidad, porque los documentos van a estar, eso es algo que se aleg\u00f3 en la Estafa Maestra, porque los documentos se fabricaban, pero el fondo es ver qui\u00e9nes son las empresas, c\u00f3mo se contrataron, los v\u00ednculos, revisar c\u00f3mo se pag\u00f3, por qu\u00e9 se pag\u00f3, por qu\u00e9 eligieron a esas empresas, revisar en d\u00f3nde m\u00e1s laboran esas empresas, de qui\u00e9n son\u00bb, dijo en entrevista Muna Dora, quien descubri\u00f3 en el sexenio de Enrique Pe\u00f1a Nieto el esquema de desv\u00edo de recursos conocido como la \u00abEstafa Maestra\u00bb.<\/p>\n<\/blockquote>\n\n\n\n<p>Ad\u00e1n Augusto L\u00f3pez dijo el viernes en la noche que el Senado ya present\u00f3 denuncias penales y administrativas ante la Auditor\u00eda Superior por las irregularidades encontradas y denunciadas. Tambi\u00e9n dijo que hallaron contratos con una empresa para la administraci\u00f3n del archivo hist\u00f3rico, lo que implica un costo para el Senado de aproximadamente 60 millones al a\u00f1o. Otro contrato, destac\u00f3, corresponde al supuesto mantenimiento de elevadores, los cuales simplemente no funcionan.<\/p>\n\n\n\n<figure class=\"wp-block-image\" id=\"attachment_4588927\"><img decoding=\"async\" src=\"https:\/\/www.sinembargo.mx\/wp-content\/uploads\/2024\/12\/adan-augusto-y-ricardo-monreal-e1734141130932.jpg?x22075\" alt=\"Ad\u00e1n Augusto y Ricardo Monreal\" class=\"wp-image-4588927\"\/><figcaption class=\"wp-element-caption\">Ad\u00e1n Augusto L\u00f3pez; Ricardo Monreal y Gerardo Fern\u00e1ndez Noro\u00f1a, durante el acto protocolario de Claudia Sheinbaum, quien presidi\u00f3 la reuni\u00f3n con legisladores del Congreso de la Uni\u00f3n electos de la coalici\u00f3n \u201cSigamos Haciendo Historia\u201d a quienes les comparti\u00f3 sus proyectos de gobierno federal. Foto: Mario Jasso, Cuartoscuro.<\/figcaption><\/figure>\n\n\n\n<p>Antes, en el Pleno del Senado se\u00f1al\u00f3 a la administraci\u00f3n de Ricardo Monreal \u00c1vila, su predecesor en dicho cargo, de irregularidades en la conducci\u00f3n de las finanzas de la C\u00e1mara Alta que, adem\u00e1s, tienen hedor a corrupci\u00f3n. Monreal respondi\u00f3 que su colega morenista siempre supo el presupuesto, adem\u00e1s de que afirm\u00f3 que no existen contratos simulados y que el manejo del dinero fue auditado por a\u00f1os.<\/p>\n\n\n\n<p>Ricardo Monreal asever\u00f3 que en el Presupuesto de Egresos de la Federaci\u00f3n 2025 no hubo recorte presupuestal alguno al Senado, sino que aument\u00f3 tres por ciento, un hecho que el propio Ad\u00e1n Augusto sab\u00eda, relat\u00f3 en un video difundido la noche del viernes.<\/p>\n\n\n\n<p>La democracia explicada<\/p>\n\n\n\n<figure class=\"wp-block-embed is-type-rich is-provider-twitter wp-block-embed-twitter\"><div class=\"wp-block-embed__wrapper\">\n<blockquote class=\"twitter-tweet\" data-width=\"500\" data-dnt=\"true\"><p lang=\"es\" dir=\"ltr\">Nos reunimos con funcionarios de la Auditor\u00eda Superior de la Federaci\u00f3n ( <a href=\"https:\/\/twitter.com\/ASF_Mexico?ref_src=twsrc%5Etfw\">@ASF_Mexico<\/a> ): David Colmenares, Gerardo Lozano y Jaime Bola\u00f1os, para conversar sobre la tarea del \u00f3rgano fiscalizador y las posibles reformas que se necesitan para hacer m\u00e1s eficaz su desempe\u00f1o. <a href=\"https:\/\/t.co\/By9F0YMRIb\">pic.twitter.com\/By9F0YMRIb<\/a><\/p>&mdash; Ricardo Monreal A. (@RicardoMonrealA) <a href=\"https:\/\/twitter.com\/RicardoMonrealA\/status\/1222219598277357577?ref_src=twsrc%5Etfw\">January 28, 2020<\/a><\/blockquote><script async src=\"https:\/\/platform.twitter.com\/widgets.js\" charset=\"utf-8\"><\/script>\n<\/div><\/figure>\n\n\n\n<p>El ahora Diputado morenista enfatiz\u00f3 que, durante el lapso de tiempo que presidi\u00f3 la Junta de Coordinaci\u00f3n Pol\u00edtica en el Senado, la instituci\u00f3n fue sujeta a un riguroso escrutinio por parte de la Contralor\u00eda Interna y la Auditor\u00eda Superior de la Federaci\u00f3n, cuyo titular David Colmenares ha sido se\u00f1alado de ser un personaje que se blinda en la impunidad y la corrupci\u00f3n para ser omiso en sus labores, una situaci\u00f3n que le ha costado al pa\u00eds casos como el de Segalmex, el \u00fanico caso de corrupci\u00f3n en el sexenio del expresidente Andr\u00e9s Manuel L\u00f3pez Obrador y en donde hubo un desfalco de al menos 9 mil millones de pesos por compras fraudulentas de carne y az\u00facar.<\/p>\n\n\n\n<figure class=\"wp-block-embed is-type-rich is-provider-twitter wp-block-embed-twitter\"><div class=\"wp-block-embed__wrapper\">\n<blockquote class=\"twitter-tweet\" data-width=\"500\" data-dnt=\"true\"><p lang=\"es\" dir=\"ltr\">Ante la informaci\u00f3n inexacta que hoy se ley\u00f3 en la tribuna del Senado, es pertinente hacer las aclaraciones correspondientes y no permitir aseveraciones falsas o infundios. Las y los mexicanos merecen la verdad. Comparto documentos que cito en el video:<a href=\"https:\/\/t.co\/oC7sIZjIGb\">https:\/\/t.co\/oC7sIZjIGb<\/a> <a href=\"https:\/\/t.co\/Q2tozEzuAb\">pic.twitter.com\/Q2tozEzuAb<\/a><\/p>&mdash; Ricardo Monreal A. (@RicardoMonrealA) <a href=\"https:\/\/twitter.com\/RicardoMonrealA\/status\/1867723603917123613?ref_src=twsrc%5Etfw\">December 14, 2024<\/a><\/blockquote><script async src=\"https:\/\/platform.twitter.com\/widgets.js\" charset=\"utf-8\"><\/script>\n<\/div><\/figure>\n\n\n\n<p>Para Muna Dora Buchahin, quien se desempe\u00f1\u00f3 como directora general de auditor\u00edas forenses hasta junio de 2018, el Auditor David Colmenares es una figura que ha sido parte de este c\u00edrculo de corrupci\u00f3n en dependencias y poderes, como en el Legislativo, donde destaca la cercan\u00eda con Ricardo Monreal.<\/p>\n\n\n\n<blockquote class=\"wp-block-quote is-layout-flow wp-block-quote-is-layout-flow\">\n<p>\u00abA Colmenares le conven\u00eda tener ah\u00ed a Monreal y a Monreal le conven\u00eda tener a Colmenares en la Auditor\u00eda, incluso le abrieron una plaza en la ASF a una muy cercana a Monreal, una plaza de directora general adjunta para M\u00e9xico con Latinoam\u00e9rica o Centroam\u00e9rica, una plaza inventada\u00bb, detall\u00f3.<\/p>\n<\/blockquote>\n\n\n\n<h2 class=\"wp-block-heading\"><strong>Una historia de corrupci\u00f3n en el Senado<\/strong><\/h2>\n\n\n\n<p>La doctora Buchahin destac\u00f3 que en las c\u00e1maras de Diputados y Senadores ha imperado desde hace a\u00f1os la corrupci\u00f3n y se ha llegado a los extremos de reservar la informaci\u00f3n p\u00fablica cuando alguna persona o medio se las solicita.<\/p>\n\n\n\n<blockquote class=\"wp-block-quote is-layout-flow wp-block-quote-is-layout-flow\">\n<p>\u00abEn las c\u00e1maras de Diputados y Senadores esto (corrupci\u00f3n) ha pasado siempre, incluso han reservado informaci\u00f3n que debiera ser p\u00fablica y como est\u00e1n coludidos con los de la Auditor\u00eda, tienen ah\u00ed a familiares y amigos metidos, la misma Jucopo pone a los miembros de la Comisi\u00f3n de Vigilancia y es la misma banda, pues se cubren unos a otros y todos ganan\u00bb.<\/p>\n<\/blockquote>\n\n\n\n<p>Agreg\u00f3 que los rubros en donde se m\u00e1s se han presentado casos de corrupci\u00f3n son los de mantenimiento y capacitaciones.<\/p>\n\n\n\n<blockquote class=\"wp-block-quote is-layout-flow wp-block-quote-is-layout-flow\">\n<p>\u00abLos servicios de m\u00e1s riesgo son de mantenimiento, libros, tecnolog\u00eda de informaci\u00f3n, capacitaciones y viajes, por que qui\u00e9n va a estar checando si pintaron o no la C\u00e1mara, si limpiaron sus despachos o no, o sea, es un mundo de corrupci\u00f3n y creo que ya tiene como siete a\u00f1os que no se hacen las revisiones como deben de ser\u00bb, expuso.<\/p>\n<\/blockquote>\n\n\n\n<p>Sobre el tema de las acusaciones de presunta corrupci\u00f3n en el Senado cuando Ricardo Monreal estuvo al frente, el legislador ha contado con casos escandalosos por dudosa procedencia de montos, de excesos y hasta con amagar con la salida del partido.<\/p>\n\n\n\n<p><a href=\"https:\/\/www.sinembargo.mx\/14-02-2023\/4324716\">Un reportaje publicado a inicios de 2023<\/a>&nbsp;en&nbsp;<strong>SinEmbargo&nbsp;<\/strong>por la reportera Daniela Barrag\u00e1n constata que, desde el 30 de junio de 2021, el Senado de la Rep\u00fablica hab\u00eda pagado 13 mil 300 libros de la autor\u00eda de Ricardo Monreal por un monto de 6 millones 290 mil 993 pesos.<\/p>\n\n\n\n<p>Se trataba de seis contratos firmados entre dicha C\u00e1mara y la Sociedad de Editores Libreros S.A. de C.V., empresa a la que se le han asignado los contratos por Adjudicaci\u00f3n Directa.<\/p>\n\n\n\n<p>En 2021, de acuerdo con los datos de la Portal Nacional de Transparencia (PNT), se celebraron contratos menores para la impresi\u00f3n del Directorio Legislativo o de Diarios de Debates. Pero en los \u00faltimos dos a\u00f1os, Monreal s\u00ed hizo uso de esa herramienta.<\/p>\n\n\n\n<figure class=\"wp-block-embed is-type-video is-provider-youtube wp-block-embed-youtube wp-embed-aspect-16-9 wp-has-aspect-ratio\"><div class=\"wp-block-embed__wrapper\">\n<iframe title=\"La red de amigos congela el caso de firmas falsas y libros a sobreprecio de Monreal\" width=\"500\" height=\"281\" src=\"https:\/\/www.youtube.com\/embed\/CurxNYPAYM4?feature=oembed\" frameborder=\"0\" allow=\"accelerometer; autoplay; clipboard-write; encrypted-media; gyroscope; picture-in-picture; web-share\" referrerpolicy=\"strict-origin-when-cross-origin\" allowfullscreen><\/iframe>\n<\/div><\/figure>\n\n\n\n<p>Las solicitudes, id\u00e9nticas en su contenido, salieron tanto de la Junta de Coordinaci\u00f3n Pol\u00edtica (Jucopo) como tambi\u00e9n del partido Morena: el Grupo Parlamentario, con las firmas de Higinio Mart\u00ednez y Freyda Marybel Villegas fue quien solicit\u00f3 formalmente los libros.<\/p>\n\n\n\n<p>Y en las seis solicitudes se pudo leer que la petici\u00f3n se gira por instrucciones del Senador Monreal.<\/p>\n\n\n\n<p>Una semana despu\u00e9s de la publicaci\u00f3n del reportaje, la editorial devolvi\u00f3&nbsp;1.5 millones de pesos&nbsp;por \u201cun error\u201d en el costo de la obra&nbsp;<em>Errar es humano, rectificar es pol\u00edtica<\/em>,&nbsp;inform\u00f3 en entrevista el propio Senador.<\/p>\n\n\n\n<p>En dicho encuentro con la mencionada periodista, tambi\u00e9n asegur\u00f3 que&nbsp;\u201ca veces ocurre\u201d que otras personas firmen por los senadores&nbsp;con el fin de agilizar procedimientos, en un intento de minimizar que la compra de sus libros, algunos a sobre precio, generaran la queja de dos senadores que desconocieron haber firmado documentos en los que se pide la compra de su obra.<\/p>\n\n\n\n<figure class=\"wp-block-embed is-type-video is-provider-youtube wp-block-embed-youtube wp-embed-aspect-16-9 wp-has-aspect-ratio\"><div class=\"wp-block-embed__wrapper\">\n<iframe title=\"Monreal dice que en el Senado &quot;a veces ocurre&quot; que se falsean firmas\" width=\"500\" height=\"281\" src=\"https:\/\/www.youtube.com\/embed\/0HTYhgRX-CE?feature=oembed\" frameborder=\"0\" allow=\"accelerometer; autoplay; clipboard-write; encrypted-media; gyroscope; picture-in-picture; web-share\" referrerpolicy=\"strict-origin-when-cross-origin\" allowfullscreen><\/iframe>\n<\/div><\/figure>\n\n\n\n<p>La entrevista se llev\u00f3 a cabo en el Senado de la Rep\u00fablica en 27 de febrero de ese a\u00f1o, 15 d\u00edas despu\u00e9s de que se le solicitara al equipo del Senador una postura y opini\u00f3n sobre la informaci\u00f3n presentada. El domingo 12 de febrero&nbsp;<strong>SinEmbargo&nbsp;<\/strong>consult\u00f3 a su equipo de prensa para conocer su versi\u00f3n desde la primera entrega. No hubo respuesta. Se le contact\u00f3 al siguiente d\u00eda, para la segunda parte y tampoco hubo un posicionamiento. Incluso el martes 16, v\u00eda telef\u00f3nica, se les comunic\u00f3 que este medio estaba abierto para el derecho de r\u00e9plica del Senador. Se prometi\u00f3 una carta que nunca lleg\u00f3.<\/p>\n\n\n\n<p>Adem\u00e1s, en dos programas de&nbsp;<strong><em>Los Periodistas<\/em><\/strong>, \u00c1lvaro Delgado y Alejandro P\u00e1ez insistieron en que era importante que el Senador diera su versi\u00f3n, reiterando la apertura.<\/p>\n\n\n\n<p>No obstante, durante la entrevista el Senador Monreal asegur\u00f3 que han sido 15 d\u00edas en los que se le ha hecho \u201cda\u00f1o\u201d, aunque en la misma pl\u00e1tica admiti\u00f3 que debi\u00f3 hablar desde el primer momento.<\/p>\n\n\n\n<blockquote class=\"wp-block-quote is-layout-flow wp-block-quote-is-layout-flow\">\n<p>\u201cSiempre hemos dado la cara, me extra\u00f1a por parte de mis colaboradores que no hayan se\u00f1alado que usted quer\u00eda una entrevista. Cuando me lo dijeron la acept\u00e9 de inmediato porque nuestra obligaci\u00f3n es siempre dar la cara [\u2026] Es un reportaje que cre\u00ed que iba a pasar o que iban a investigar m\u00e1s, pero no se hizo y me lastim\u00f3. Yo deb\u00ed haberlo hecho desde el primer d\u00eda, deb\u00ed haberlo aclarado, pero no me dijeron nada y no es causa suya sino de los colaboradores m\u00edos\u201d.<\/p>\n<\/blockquote>\n\n\n\n<p>Fuente: <a href=\"https:\/\/www.sinembargo.mx\/4589134\/el-auditor-jefe-es-de-monreal-pero-si-quieren-pueden-destapar-corrupcion-buchain\/\">https:\/\/www.sinembargo.mx\/4589134\/el-auditor-jefe-es-de-monreal-pero-si-quieren-pueden-destapar-corrupcion-buchain\/<\/a><\/p>\n","protected":false},"excerpt":{"rendered":"<p>El auditor jefe es de Monreal. \u00abPero si quieren, pueden revelar corrupci\u00f3n\u00bb: Buchahin El reciente esc\u00e1ndalo de corrupci\u00f3n en el [&hellip;]<\/p>\n","protected":false},"author":1,"featured_media":92153,"comment_status":"open","ping_status":"open","sticky":false,"template":"","format":"standard","meta":{"site-sidebar-layout":"default","site-content-layout":"","ast-site-content-layout":"default","site-content-style":"default","site-sidebar-style":"default","ast-global-header-display":"","ast-banner-title-visibility":"","ast-main-header-display":"","ast-hfb-above-header-display":"","ast-hfb-below-header-display":"","ast-hfb-mobile-header-display":"","site-post-title":"","ast-breadcrumbs-content":"","ast-featured-img":"","footer-sml-layout":"","theme-transparent-header-meta":"","adv-header-id-meta":"","stick-header-meta":"","header-above-stick-meta":"","header-main-stick-meta":"","header-below-stick-meta":"","astra-migrate-meta-layouts":"default","ast-page-background-enabled":"default","ast-page-background-meta":{"desktop":{"background-color":"var(--ast-global-color-4)","background-image":"","background-repeat":"repeat","background-position":"center center","background-size":"auto","background-attachment":"scroll","background-type":"","background-media":"","overlay-type":"","overlay-color":"","overlay-opacity":"","overlay-gradient":""},"tablet":{"background-color":"","background-image":"","background-repeat":"repeat","background-position":"center center","background-size":"auto","background-attachment":"scroll","background-type":"","background-media":"","overlay-type":"","overlay-color":"","overlay-opacity":"","overlay-gradient":""},"mobile":{"background-color":"","background-image":"","background-repeat":"repeat","background-position":"center center","background-size":"auto","background-attachment":"scroll","background-type":"","background-media":"","overlay-type":"","overlay-color":"","overlay-opacity":"","overlay-gradient":""}},"ast-content-background-meta":{"desktop":{"background-color":"var(--ast-global-color-5)","background-image":"","background-repeat":"repeat","background-position":"center center","background-size":"auto","background-attachment":"scroll","background-type":"","background-media":"","overlay-type":"","overlay-color":"","overlay-opacity":"","overlay-gradient":""},"tablet":{"background-color":"var(--ast-global-color-5)","background-image":"","background-repeat":"repeat","background-position":"center center","background-size":"auto","background-attachment":"scroll","background-type":"","background-media":"","overlay-type":"","overlay-color":"","overlay-opacity":"","overlay-gradient":""},"mobile":{"background-color":"var(--ast-global-color-5)","background-image":"","background-repeat":"repeat","background-position":"center center","background-size":"auto","background-attachment":"scroll","background-type":"","background-media":"","overlay-type":"","overlay-color":"","overlay-opacity":"","overlay-gradient":""}},"footnotes":""},"categories":[8],"tags":[34197,161,12222,34196],"class_list":["post-92149","post","type-post","status-publish","format-standard","has-post-thumbnail","hentry","category-noticias","tag-corrupcion-senado-mexico","tag-david-colmenares","tag-gerardo-fernandez-norona","tag-ricardo-monreal-vs-adan-augusto-lopez"],"_links":{"self":[{"href":"https:\/\/losperiodistas.com.mx\/portal\/wp-json\/wp\/v2\/posts\/92149","targetHints":{"allow":["GET"]}}],"collection":[{"href":"https:\/\/losperiodistas.com.mx\/portal\/wp-json\/wp\/v2\/posts"}],"about":[{"href":"https:\/\/losperiodistas.com.mx\/portal\/wp-json\/wp\/v2\/types\/post"}],"author":[{"embeddable":true,"href":"https:\/\/losperiodistas.com.mx\/portal\/wp-json\/wp\/v2\/users\/1"}],"replies":[{"embeddable":true,"href":"https:\/\/losperiodistas.com.mx\/portal\/wp-json\/wp\/v2\/comments?post=92149"}],"version-history":[{"count":1,"href":"https:\/\/losperiodistas.com.mx\/portal\/wp-json\/wp\/v2\/posts\/92149\/revisions"}],"predecessor-version":[{"id":92154,"href":"https:\/\/losperiodistas.com.mx\/portal\/wp-json\/wp\/v2\/posts\/92149\/revisions\/92154"}],"wp:featuredmedia":[{"embeddable":true,"href":"https:\/\/losperiodistas.com.mx\/portal\/wp-json\/wp\/v2\/media\/92153"}],"wp:attachment":[{"href":"https:\/\/losperiodistas.com.mx\/portal\/wp-json\/wp\/v2\/media?parent=92149"}],"wp:term":[{"taxonomy":"category","embeddable":true,"href":"https:\/\/losperiodistas.com.mx\/portal\/wp-json\/wp\/v2\/categories?post=92149"},{"taxonomy":"post_tag","embeddable":true,"href":"https:\/\/losperiodistas.com.mx\/portal\/wp-json\/wp\/v2\/tags?post=92149"}],"curies":[{"name":"wp","href":"https:\/\/api.w.org\/{rel}","templated":true}]}}