{"id":92146,"date":"2024-12-15T06:33:18","date_gmt":"2024-12-15T12:33:18","guid":{"rendered":"https:\/\/losperiodistas.com.mx\/portal\/?p=92146"},"modified":"2024-12-15T06:33:20","modified_gmt":"2024-12-15T12:33:20","slug":"el-papa-agradece-a-los-periodistas-en-el-vuelo-a-corcega-exaudi","status":"publish","type":"post","link":"https:\/\/losperiodistas.com.mx\/portal\/el-papa-agradece-a-los-periodistas-en-el-vuelo-a-corcega-exaudi\/","title":{"rendered":"El Papa Agradece a los Periodistas en el Vuelo a C\u00f3rcega | Exaudi"},"content":{"rendered":"\n<p class=\"has-medium-font-size\">Viaje Apost\u00f3lico a C\u00f3rcega<\/p>\n\n\n\n<figure class=\"wp-block-image size-full\"><img fetchpriority=\"high\" decoding=\"async\" width=\"500\" height=\"281\" src=\"https:\/\/losperiodistas.com.mx\/portal\/wp-content\/uploads\/2024\/12\/cq5dam.thumbnail.cropped.500.281-5.jpeg\" alt=\"\" class=\"wp-image-92147\" srcset=\"https:\/\/losperiodistas.com.mx\/portal\/wp-content\/uploads\/2024\/12\/cq5dam.thumbnail.cropped.500.281-5.jpeg 500w, https:\/\/losperiodistas.com.mx\/portal\/wp-content\/uploads\/2024\/12\/cq5dam.thumbnail.cropped.500.281-5-300x169.jpeg 300w\" sizes=\"(max-width: 500px) 100vw, 500px\" \/><\/figure>\n\n\n\n<p><\/p>\n\n\n\n<p class=\"has-vivid-red-color has-text-color has-link-color has-medium-font-size wp-elements-eba9c95c662bca8ec7984edd54541a44\"><strong>Redacci\u00f3n Exaudi<\/strong><\/p>\n\n\n\n<p>En su vuelo hacia C\u00f3rcega, el Papa Francisco salud\u00f3 a los cerca de 70 periodistas, camar\u00f3grafos y fot\u00f3grafos que lo acompa\u00f1aban, agradeci\u00e9ndoles su dedicaci\u00f3n y trabajo. \u00abEs un vuelo corto, pero quer\u00eda saludaros y agradecerles por su trabajo\u00bb, expres\u00f3 el Pont\u00edfice. Entre los regalos recibidos, destac\u00f3 una estatua de un \u00e1ngel da\u00f1ado y embarrado, procedente de una parroquia de Valencia devastada por el temporal Dana.<\/p>\n\n\n\n<h3 class=\"wp-block-heading\"><strong>Saludos a los \u2018Compa\u00f1eros de Viaje\u2019<\/strong><\/h3>\n\n\n\n<p>Poco despu\u00e9s de despegar de Roma-Fiumicino y antes de aterrizar en Ajaccio, capital de C\u00f3rcega, el Papa Francisco tom\u00f3 un momento para saludar a los periodistas que cubr\u00edan su 47\u00ba viaje apost\u00f3lico. \u00ab\u00a1Buenos d\u00edas y gracias por venir!\u00bb fueron sus palabras iniciales, seguidas de un agradecimiento por el servicio de los reporteros.<\/p>\n\n\n\n<p>El Pont\u00edfice, acompa\u00f1ado por el cardenal George Koovakad, quien organiza los viajes papales, expres\u00f3 su gratitud: \u00abLes deseo un buen viaje y muchas gracias por su servicio. Muchas gracias\u2026\u00bb. Reconociendo la brevedad del vuelo, a\u00f1adi\u00f3: \u00abNo podemos tener el coloquio habitual, pero quer\u00eda venir a saludarlos y a agradecerles por su trabajo. \u00a1Gracias!\u00bb.<\/p>\n\n\n\n<h3 class=\"wp-block-heading\"><strong>Regalos para el Papa<\/strong><\/h3>\n\n\n\n<p>Debido a las limitaciones de tiempo y espacio en el Airbus A320 Neo de Ita Airways, el Papa no realiz\u00f3 su tradicional recorrido entre los asientos para intercambiar saludos y recibir obsequios directamente. Sin embargo, los regalos fueron entregados al Pont\u00edfice a trav\u00e9s del portavoz Matteo Bruni.<\/p>\n\n\n\n<h3 class=\"wp-block-heading\"><strong>El \u00c1ngel de Valencia Destruido por la Tormenta Dana<\/strong><\/h3>\n\n\n\n<p>Uno de los regalos m\u00e1s significativos fue entregado por Eva Fern\u00e1ndez, corresponsal de Radio Cope. Se trataba de una estatua de un \u00e1ngel da\u00f1ado y manchado de barro, proveniente de la parroquia de Picanya en Valencia, una de las zonas m\u00e1s afectadas por la tormenta Dana en 2024. La escultura, sin cabeza ni alas pero con los brazos intactos en un gesto de adoraci\u00f3n, simboliza el sufrimiento y la resiliencia de la comunidad.<\/p>\n\n\n\n<h3 class=\"wp-block-heading\"><strong>En Memoria de las V\u00edctimas, Voluntarios y Sacerdotes<\/strong><\/h3>\n\n\n\n<p>El vicario episcopal del \u00e1rea metropolitana de Valencia, Jes\u00fas Corb\u00ed, acompa\u00f1\u00f3 la estatua con una carta dirigida al Papa. En ella explicaba que la escultura era un \u00abrecuerdo de los fallecidos en este aluvi\u00f3n, de tantas familias que lo perdieron todo\u00bb, as\u00ed como una \u00abmuestra de gratitud para todos los voluntarios que nos ayudaron\u00bb y para los sacerdotes que se implicaron profundamente con la comunidad afectada.<\/p>\n\n\n\n<p>La carta destacaba que \u00abel sufrimiento y el trabajo de nuestro pueblo son signo de oraci\u00f3n para que, caminando juntos, seamos peregrinos de esperanza en esta dram\u00e1tica situaci\u00f3n\u00bb. Adem\u00e1s, agradec\u00eda la visita del cardenal Michael Czerny, prefecto del Dicasterio para el Servicio del Desarrollo Humano Integral, quien llev\u00f3 la cercan\u00eda y caridad del Papa a Valencia y sus alrededores tras la tragedia.<\/p>\n\n\n\n<p>Fuente:  <a href=\"https:\/\/www.exaudi.org\/es\/el-papa-agradece-a-los-periodistas-en-el-vuelo-a-corcega\/\">https:\/\/www.exaudi.org\/es\/el-papa-agradece-a-los-periodistas-en-el-vuelo-a-corcega\/<\/a><\/p>\n","protected":false},"excerpt":{"rendered":"<p>Viaje Apost\u00f3lico a C\u00f3rcega Redacci\u00f3n Exaudi En su vuelo hacia C\u00f3rcega, el Papa Francisco salud\u00f3 a los cerca de 70 [&hellip;]<\/p>\n","protected":false},"author":1,"featured_media":92147,"comment_status":"open","ping_status":"open","sticky":false,"template":"","format":"standard","meta":{"site-sidebar-layout":"default","site-content-layout":"","ast-site-content-layout":"default","site-content-style":"default","site-sidebar-style":"default","ast-global-header-display":"","ast-banner-title-visibility":"","ast-main-header-display":"","ast-hfb-above-header-display":"","ast-hfb-below-header-display":"","ast-hfb-mobile-header-display":"","site-post-title":"","ast-breadcrumbs-content":"","ast-featured-img":"","footer-sml-layout":"","theme-transparent-header-meta":"","adv-header-id-meta":"","stick-header-meta":"","header-above-stick-meta":"","header-main-stick-meta":"","header-below-stick-meta":"","astra-migrate-meta-layouts":"default","ast-page-background-enabled":"default","ast-page-background-meta":{"desktop":{"background-color":"var(--ast-global-color-4)","background-image":"","background-repeat":"repeat","background-position":"center center","background-size":"auto","background-attachment":"scroll","background-type":"","background-media":"","overlay-type":"","overlay-color":"","overlay-opacity":"","overlay-gradient":""},"tablet":{"background-color":"","background-image":"","background-repeat":"repeat","background-position":"center center","background-size":"auto","background-attachment":"scroll","background-type":"","background-media":"","overlay-type":"","overlay-color":"","overlay-opacity":"","overlay-gradient":""},"mobile":{"background-color":"","background-image":"","background-repeat":"repeat","background-position":"center center","background-size":"auto","background-attachment":"scroll","background-type":"","background-media":"","overlay-type":"","overlay-color":"","overlay-opacity":"","overlay-gradient":""}},"ast-content-background-meta":{"desktop":{"background-color":"var(--ast-global-color-5)","background-image":"","background-repeat":"repeat","background-position":"center center","background-size":"auto","background-attachment":"scroll","background-type":"","background-media":"","overlay-type":"","overlay-color":"","overlay-opacity":"","overlay-gradient":""},"tablet":{"background-color":"var(--ast-global-color-5)","background-image":"","background-repeat":"repeat","background-position":"center center","background-size":"auto","background-attachment":"scroll","background-type":"","background-media":"","overlay-type":"","overlay-color":"","overlay-opacity":"","overlay-gradient":""},"mobile":{"background-color":"var(--ast-global-color-5)","background-image":"","background-repeat":"repeat","background-position":"center center","background-size":"auto","background-attachment":"scroll","background-type":"","background-media":"","overlay-type":"","overlay-color":"","overlay-opacity":"","overlay-gradient":""}},"footnotes":""},"categories":[8],"tags":[34193,34192,34109,196,34195,34194],"class_list":["post-92146","post","type-post","status-publish","format-standard","has-post-thumbnail","hentry","category-noticias","tag-companeros-de-viaje","tag-corcega","tag-exaudi","tag-papa-francisco","tag-periodistas-con-papa-francisco","tag-temporal-dana"],"_links":{"self":[{"href":"https:\/\/losperiodistas.com.mx\/portal\/wp-json\/wp\/v2\/posts\/92146","targetHints":{"allow":["GET"]}}],"collection":[{"href":"https:\/\/losperiodistas.com.mx\/portal\/wp-json\/wp\/v2\/posts"}],"about":[{"href":"https:\/\/losperiodistas.com.mx\/portal\/wp-json\/wp\/v2\/types\/post"}],"author":[{"embeddable":true,"href":"https:\/\/losperiodistas.com.mx\/portal\/wp-json\/wp\/v2\/users\/1"}],"replies":[{"embeddable":true,"href":"https:\/\/losperiodistas.com.mx\/portal\/wp-json\/wp\/v2\/comments?post=92146"}],"version-history":[{"count":1,"href":"https:\/\/losperiodistas.com.mx\/portal\/wp-json\/wp\/v2\/posts\/92146\/revisions"}],"predecessor-version":[{"id":92148,"href":"https:\/\/losperiodistas.com.mx\/portal\/wp-json\/wp\/v2\/posts\/92146\/revisions\/92148"}],"wp:featuredmedia":[{"embeddable":true,"href":"https:\/\/losperiodistas.com.mx\/portal\/wp-json\/wp\/v2\/media\/92147"}],"wp:attachment":[{"href":"https:\/\/losperiodistas.com.mx\/portal\/wp-json\/wp\/v2\/media?parent=92146"}],"wp:term":[{"taxonomy":"category","embeddable":true,"href":"https:\/\/losperiodistas.com.mx\/portal\/wp-json\/wp\/v2\/categories?post=92146"},{"taxonomy":"post_tag","embeddable":true,"href":"https:\/\/losperiodistas.com.mx\/portal\/wp-json\/wp\/v2\/tags?post=92146"}],"curies":[{"name":"wp","href":"https:\/\/api.w.org\/{rel}","templated":true}]}}