{"id":92142,"date":"2024-12-15T06:14:34","date_gmt":"2024-12-15T12:14:34","guid":{"rendered":"https:\/\/losperiodistas.com.mx\/portal\/?p=92142"},"modified":"2024-12-15T06:14:36","modified_gmt":"2024-12-15T12:14:36","slug":"fallece-el-musico-javier-batiz-precursor-del-rock-de-mexico-efe","status":"publish","type":"post","link":"https:\/\/losperiodistas.com.mx\/portal\/fallece-el-musico-javier-batiz-precursor-del-rock-de-mexico-efe\/","title":{"rendered":"Fallece el m\u00fasico Javier B\u00e1tiz, precursor del rock de M\u00e9xico | EFE"},"content":{"rendered":"\n<figure class=\"wp-block-image size-full\"><img fetchpriority=\"high\" decoding=\"async\" width=\"900\" height=\"592\" src=\"https:\/\/losperiodistas.com.mx\/portal\/wp-content\/uploads\/2024\/12\/OBJ_20241215T033201S0006I_1_299_1_34_3_1.webp\" alt=\"\" class=\"wp-image-92144\" srcset=\"https:\/\/losperiodistas.com.mx\/portal\/wp-content\/uploads\/2024\/12\/OBJ_20241215T033201S0006I_1_299_1_34_3_1.webp 900w, https:\/\/losperiodistas.com.mx\/portal\/wp-content\/uploads\/2024\/12\/OBJ_20241215T033201S0006I_1_299_1_34_3_1-300x197.webp 300w, https:\/\/losperiodistas.com.mx\/portal\/wp-content\/uploads\/2024\/12\/OBJ_20241215T033201S0006I_1_299_1_34_3_1-768x505.webp 768w\" sizes=\"(max-width: 900px) 100vw, 900px\" \/><figcaption class=\"wp-element-caption\">Una persona prende una vela en un mural del guitarrista mexicano Javier B\u00e1tiz, este s\u00e1bado en Tijuana (M\u00e9xico). EFE\/ Joebeth Terriquez<\/figcaption><\/figure>\n\n\n\n<p><\/p>\n\n\n\n<p class=\"has-vivid-red-color has-text-color has-link-color has-medium-font-size wp-elements-23db7e95974579b190d8bc7ea9a6cef6\"><strong>Agencia EFE<\/strong><\/p>\n\n\n\n<p>Tijuana (M\u00e9xico) (EFE).- El guitarrista mexicano Javier B\u00e1tiz, precursor del rock nacional y maestro de Carlos Santana, falleci\u00f3 este s\u00e1bado a los 80 a\u00f1os debido a complicaciones por una neumon\u00eda y tras luchar contra el c\u00e1ncer de pr\u00f3stata.<br>El artista muri\u00f3 en la ciudad de Tijuana, fronteriza con Estados Unidos.<\/p>\n\n\n\n<p>Su esposa, Claudia Madrid, confirm\u00f3 el deceso en un mensaje en redes sociales, junto con una foto en la que se les ve j\u00f3venes y sonrientes.<\/p>\n\n\n\n<p>\u201cQueridos amigos y familia. Para informarles que nuestro adorado y querido, mi esposo Javier B\u00e1tiz, trascendi\u00f3 el d\u00eda de hoy. Su legado y su m\u00fasica quedan para la eternidad. \u00a1Te amo amor m\u00edo! \u00a1Vuela alto, mi \u00e1ngel!\u201d, comparti\u00f3.<\/p>\n\n\n\n<h2 class=\"wp-block-heading\" id=\"h-javier-batiz-legendario-guitarrista\">Javier B\u00e1tiz, legendario guitarrista<\/h2>\n\n\n\n<p>Un familiar cercano dijo a EFE que el fallecimiento se produjo por complicaciones en las v\u00edas respiratorias derivadas de una neumon\u00eda, motivo por el que estuvo varios d\u00edas hospitalizado previo a su deceso.<\/p>\n\n\n\n<p>En los \u00faltimos meses, B\u00e1tiz ven\u00eda librando fuertes padecimientos de salud por una neumon\u00eda, adem\u00e1s de que padec\u00eda del c\u00e1ncer de pr\u00f3stata.<\/p>\n\n\n\n<figure class=\"wp-block-image\"><img decoding=\"async\" src=\"https:\/\/i0.wp.com\/efe.com\/wp-content\/uploads\/2024\/12\/OBJ_20241215T033634S0006I_1_299_1_34_3_1.jpg?resize=900%2C631&amp;ssl=1\" alt=\"Javier B\u00e1tiz\" class=\"wp-image-1546484\"\/><figcaption class=\"wp-element-caption\">Fotograf\u00eda de velas y flores en un mural del guitarrista mexicano Javier B\u00e1tiz, este s\u00e1bado en Tijuana (M\u00e9xico). EFE\/ Joebeth Terriquez<\/figcaption><\/figure>\n\n\n\n<p>El legendario guitarrista tuvo una trayectoria musical de m\u00e1s de 60 a\u00f1os. Naci\u00f3 el 3 de junio de 1944 en Tijuana y en 1957 fund\u00f3 el grupo \u2018Los TJs\u2019, con influencias musicales que se recib\u00edan en las ciudades fronterizas mexicanas.<\/p>\n\n\n\n<h2 class=\"wp-block-heading\" id=\"h-mentor-de-santana-y-alex-lora\">Mentor de Santana y \u00c1lex Lora<\/h2>\n\n\n\n<p>Es conocido por ser el fundador del movimiento del rock en Tijuana y por haber sido mentor de otros grandes artistas como Carlos Santana y \u00c1lex Lora.<\/p>\n\n\n\n<p>En noviembre pasado, el m\u00fasico recibi\u00f3 un homenaje con las llaves de la ciudad fronteriza, por su legado y su larga trayectoria.<\/p>\n\n\n\n<figure class=\"wp-block-embed is-type-video is-provider-youtube wp-block-embed-youtube wp-embed-aspect-16-9 wp-has-aspect-ratio\"><div class=\"wp-block-embed__wrapper\">\n<iframe title=\"6 de noviembre de 2020\" width=\"500\" height=\"281\" src=\"https:\/\/www.youtube.com\/embed\/TIr9LT2nKtg?feature=oembed\" frameborder=\"0\" allow=\"accelerometer; autoplay; clipboard-write; encrypted-media; gyroscope; picture-in-picture; web-share\" referrerpolicy=\"strict-origin-when-cross-origin\" allowfullscreen><\/iframe>\n<\/div><\/figure>\n\n\n\n<p>Esa ocasi\u00f3n, B\u00e1tiz acudi\u00f3 al evento donde se mostr\u00f3 muy conmocionado y, con su peculiar sentido del humor, agradeci\u00f3 a todos por tenerlo \u201cen mente\u201d y consider\u00f3 la distinci\u00f3n como \u201cel honor m\u00e1s alto\u201d.<\/p>\n\n\n\n<p>Fuente: <a href=\"https:\/\/efe.com\/cultura\/2024-12-15\/javier-batiz-murio-rock-mexico\/\">https:\/\/efe.com\/cultura\/2024-12-15\/javier-batiz-murio-rock-mexico\/<\/a><\/p>\n","protected":false},"excerpt":{"rendered":"<p>Agencia EFE Tijuana (M\u00e9xico) (EFE).- El guitarrista mexicano Javier B\u00e1tiz, precursor del rock nacional y maestro de Carlos Santana, falleci\u00f3 [&hellip;]<\/p>\n","protected":false},"author":1,"featured_media":92144,"comment_status":"open","ping_status":"open","sticky":false,"template":"","format":"standard","meta":{"site-sidebar-layout":"default","site-content-layout":"","ast-site-content-layout":"default","site-content-style":"default","site-sidebar-style":"default","ast-global-header-display":"","ast-banner-title-visibility":"","ast-main-header-display":"","ast-hfb-above-header-display":"","ast-hfb-below-header-display":"","ast-hfb-mobile-header-display":"","site-post-title":"","ast-breadcrumbs-content":"","ast-featured-img":"","footer-sml-layout":"","theme-transparent-header-meta":"","adv-header-id-meta":"","stick-header-meta":"","header-above-stick-meta":"","header-main-stick-meta":"","header-below-stick-meta":"","astra-migrate-meta-layouts":"default","ast-page-background-enabled":"default","ast-page-background-meta":{"desktop":{"background-color":"var(--ast-global-color-4)","background-image":"","background-repeat":"repeat","background-position":"center center","background-size":"auto","background-attachment":"scroll","background-type":"","background-media":"","overlay-type":"","overlay-color":"","overlay-opacity":"","overlay-gradient":""},"tablet":{"background-color":"","background-image":"","background-repeat":"repeat","background-position":"center center","background-size":"auto","background-attachment":"scroll","background-type":"","background-media":"","overlay-type":"","overlay-color":"","overlay-opacity":"","overlay-gradient":""},"mobile":{"background-color":"","background-image":"","background-repeat":"repeat","background-position":"center center","background-size":"auto","background-attachment":"scroll","background-type":"","background-media":"","overlay-type":"","overlay-color":"","overlay-opacity":"","overlay-gradient":""}},"ast-content-background-meta":{"desktop":{"background-color":"var(--ast-global-color-5)","background-image":"","background-repeat":"repeat","background-position":"center center","background-size":"auto","background-attachment":"scroll","background-type":"","background-media":"","overlay-type":"","overlay-color":"","overlay-opacity":"","overlay-gradient":""},"tablet":{"background-color":"var(--ast-global-color-5)","background-image":"","background-repeat":"repeat","background-position":"center center","background-size":"auto","background-attachment":"scroll","background-type":"","background-media":"","overlay-type":"","overlay-color":"","overlay-opacity":"","overlay-gradient":""},"mobile":{"background-color":"var(--ast-global-color-5)","background-image":"","background-repeat":"repeat","background-position":"center center","background-size":"auto","background-attachment":"scroll","background-type":"","background-media":"","overlay-type":"","overlay-color":"","overlay-opacity":"","overlay-gradient":""}},"footnotes":""},"categories":[8],"tags":[30969,8006,34189,34190],"class_list":["post-92142","post","type-post","status-publish","format-standard","has-post-thumbnail","hentry","category-noticias","tag-alex-lora","tag-carlos-santana","tag-javier-batiz","tag-precursor-del-rock-en-mexico"],"_links":{"self":[{"href":"https:\/\/losperiodistas.com.mx\/portal\/wp-json\/wp\/v2\/posts\/92142","targetHints":{"allow":["GET"]}}],"collection":[{"href":"https:\/\/losperiodistas.com.mx\/portal\/wp-json\/wp\/v2\/posts"}],"about":[{"href":"https:\/\/losperiodistas.com.mx\/portal\/wp-json\/wp\/v2\/types\/post"}],"author":[{"embeddable":true,"href":"https:\/\/losperiodistas.com.mx\/portal\/wp-json\/wp\/v2\/users\/1"}],"replies":[{"embeddable":true,"href":"https:\/\/losperiodistas.com.mx\/portal\/wp-json\/wp\/v2\/comments?post=92142"}],"version-history":[{"count":1,"href":"https:\/\/losperiodistas.com.mx\/portal\/wp-json\/wp\/v2\/posts\/92142\/revisions"}],"predecessor-version":[{"id":92145,"href":"https:\/\/losperiodistas.com.mx\/portal\/wp-json\/wp\/v2\/posts\/92142\/revisions\/92145"}],"wp:featuredmedia":[{"embeddable":true,"href":"https:\/\/losperiodistas.com.mx\/portal\/wp-json\/wp\/v2\/media\/92144"}],"wp:attachment":[{"href":"https:\/\/losperiodistas.com.mx\/portal\/wp-json\/wp\/v2\/media?parent=92142"}],"wp:term":[{"taxonomy":"category","embeddable":true,"href":"https:\/\/losperiodistas.com.mx\/portal\/wp-json\/wp\/v2\/categories?post=92142"},{"taxonomy":"post_tag","embeddable":true,"href":"https:\/\/losperiodistas.com.mx\/portal\/wp-json\/wp\/v2\/tags?post=92142"}],"curies":[{"name":"wp","href":"https:\/\/api.w.org\/{rel}","templated":true}]}}