{"id":92139,"date":"2024-12-15T06:06:30","date_gmt":"2024-12-15T12:06:30","guid":{"rendered":"https:\/\/losperiodistas.com.mx\/portal\/?p=92139"},"modified":"2024-12-15T06:06:32","modified_gmt":"2024-12-15T12:06:32","slug":"paises-bajos-devuelve-a-mexico-un-craneo-mixteco-incrustado-con-mosaicos-la-lista","status":"publish","type":"post","link":"https:\/\/losperiodistas.com.mx\/portal\/paises-bajos-devuelve-a-mexico-un-craneo-mixteco-incrustado-con-mosaicos-la-lista\/","title":{"rendered":"Pa\u00edses Bajos devuelve a M\u00e9xico un cr\u00e1neo mixteco incrustado con mosaicos | La-Lista"},"content":{"rendered":"\n<p class=\"has-medium-font-size\">El cr\u00e1neo, ensamblado con adhesivo del siglo XX, combina elementos contempor\u00e1neos con componentes hist\u00f3ricos aut\u00e9nticos.<\/p>\n\n\n\n<figure class=\"wp-block-image\"><img decoding=\"async\" src=\"https:\/\/i0.wp.com\/la-lista.com\/wp-content\/uploads\/2024\/12\/paises-bajos-craneo-mexico2.jpg?fit=1000%2C563&amp;ssl=1\" alt=\"Pa\u00edses Bajos devuelve a M\u00e9xico un cr\u00e1neo mixteco incrustado con mosaicos\" title=\"Pa\u00edses Bajos devuelve a M\u00e9xico un cr\u00e1neo mixteco incrustado con mosaicos\"\/><figcaption class=\"wp-element-caption\">El cr\u00e1neo fue devuelto a M\u00e9xico. Foto: www.rijksoverheid.nl<\/figcaption><\/figure>\n\n\n\n<p class=\"has-medium-font-size\"><strong><a href=\"https:\/\/la-lista.com\/autor\/redaccion-la-lista\">Redacci\u00f3n La-Lista<\/a>\u00a0<\/strong><\/p>\n\n\n\n<p><strong>El Gobierno de Pa\u00edses Bajos ha devuelto a M\u00e9xico un cr\u00e1neo humano de origen mixteco,<\/strong>&nbsp;decorado con mosaicos, que formaba parte de la colecci\u00f3n del Wereldmuseum de Leiden desde la d\u00e9cada de 1960. La entrega de esta pieza, que ya se encuentra bajo custodia de la<strong>&nbsp;Embajada de M\u00e9xico en La Haya,<\/strong>&nbsp;responde a una solicitud del gobierno mexicano para recuperar objetos de su patrimonio cultural.<\/p>\n\n\n\n<figure class=\"wp-block-image alignleft is-resized\"><a href=\"https:\/\/la-lista.com\/cultura\/inah-descubre-vestigios-prehispanicos-bajo-la-avenida-chapultepec\" target=\"_blank\" rel=\"noreferrer noopener\"><img decoding=\"async\" src=\"https:\/\/i0.wp.com\/la-lista.com\/wp-content\/uploads\/2024\/11\/hallazgos-prehispanicos.jpg?resize=600%2C338&amp;ssl=1\" alt=\"Pa\u00edses Bajos devuelve a M\u00e9xico un cr\u00e1neo mixteco incrustado con mosaicos - hallazgos-prehispanicos-600x338\" style=\"width:283px;height:auto\" title=\"INAH descubre vestigios prehisp\u00e1nicos bajo la avenida Chapultepec\"\/><\/a><\/figure>\n\n\n\n<p><strong><a target=\"_blank\" href=\"https:\/\/la-lista.com\/cultura\/inah-descubre-vestigios-prehispanicos-bajo-la-avenida-chapultepec\" rel=\"noreferrer noopener\">INAH descubre vestigios prehisp\u00e1nicos bajo la avenida Chapultepec<\/a><\/strong><\/p>\n\n\n\n<p><a href=\"https:\/\/la-lista.com\/cultura\/inah-descubre-vestigios-prehispanicos-bajo-la-avenida-chapultepec\" target=\"_blank\" rel=\"noreferrer noopener\">Leer m<\/a>\u00e1s<\/p>\n\n\n\n<p><\/p>\n\n\n\n<p><\/p>\n\n\n\n<p><strong>El cr\u00e1neo, ensamblado con adhesivo del siglo XX,<\/strong>&nbsp;combina elementos contempor\u00e1neos con componentes hist\u00f3ricos aut\u00e9nticos. Aunque el ensamblaje es reciente, tanto el cr\u00e1neo como las piedras utilizadas en los mosaicos pertenecen a \u00e9pocas prehisp\u00e1nicas, lo que subraya su valor cultural e hist\u00f3rico.&nbsp;<strong>Esta pieza representa el arte y las tradiciones funerarias de los mixtecos,&nbsp;<\/strong>un grupo ind\u00edgena que&nbsp;<strong>habit\u00f3 el sur de M\u00e9xico.<\/strong><\/p>\n\n\n\n<figure class=\"wp-block-image\"><img decoding=\"async\" src=\"https:\/\/i0.wp.com\/la-lista.com\/wp-content\/uploads\/2024\/12\/paises-bajos-craneo-mexico.jpg?resize=800%2C450&amp;ssl=1\" alt=\"Pa\u00edses Bajos devuelve a M\u00e9xico un cr\u00e1neo mixteco incrustado con mosaicos - paises-bajos-craneo-mexico\" class=\"wp-image-732130\"\/><\/figure>\n\n\n\n<p>El&nbsp;<strong>Ministerio neerland\u00e9s de Educaci\u00f3n, Cultura y Ciencia<\/strong>&nbsp;se\u00f1al\u00f3 que el manejo de restos humanos, como este cr\u00e1neo, se encuentra fuera de las pol\u00edticas relacionadas con colecciones coloniales. Sin embargo, defendi\u00f3 que la devoluci\u00f3n de restos humanos es \u201cel punto de partida en solicitudes espec\u00edficas\u201d cuando&nbsp;<strong>se trata de piezas con valor hist\u00f3rico y cultural para su pa\u00eds de origen.<\/strong><\/p>\n\n\n\n<h2 class=\"wp-block-heading\" id=\"h-un-esfuerzo-continuo-por-devolver-arte-saqueado\">Un esfuerzo continuo por devolver arte saqueado<\/h2>\n\n\n\n<p>La devoluci\u00f3n de este cr\u00e1neo mixteco se suma a&nbsp;<strong>los esfuerzos recientes de Pa\u00edses Bajos<\/strong>&nbsp;para reparar las injusticias hist\u00f3ricas relacionadas con el saqueo y apropiaci\u00f3n de arte y objetos culturales durante la \u00e9poca colonial.<\/p>\n\n\n\n<figure class=\"wp-block-image alignleft is-resized\"><a href=\"https:\/\/la-lista.com\/cultura\/el-inah-se-deslinda-de-recorridos-privados-de-mastercard-priceless\" target=\"_blank\" rel=\"noreferrer noopener\"><img decoding=\"async\" src=\"https:\/\/i0.wp.com\/la-lista.com\/wp-content\/uploads\/2024\/07\/inah_mastercard_priceless_museo_nacional_antropologia.jpg?resize=600%2C370&amp;ssl=1\" alt=\"Pa\u00edses Bajos devuelve a M\u00e9xico un cr\u00e1neo mixteco incrustado con mosaicos - inah_mastercard_priceless_museo_nacional_antropologia-600x370\" style=\"width:242px;height:auto\" title=\"El INAH se deslinda de recorridos privados de Mastercard Priceless\"\/><\/a><\/figure>\n\n\n\n<p><strong><a target=\"_blank\" href=\"https:\/\/la-lista.com\/cultura\/el-inah-se-deslinda-de-recorridos-privados-de-mastercard-priceless\" rel=\"noreferrer noopener\">El INAH se deslinda de recorridos privados de Mastercard Priceless<\/a><\/strong><\/p>\n\n\n\n<p><a target=\"_blank\" href=\"https:\/\/la-lista.com\/cultura\/el-inah-se-deslinda-de-recorridos-privados-de-mastercard-priceless\" rel=\"noreferrer noopener\">Leer mas<\/a><\/p>\n\n\n\n<p><\/p>\n\n\n\n<p><\/p>\n\n\n\n<p>En septiembre de 2023<strong>, el Gobierno neerland\u00e9s devolvi\u00f3 a Indonesia 288 objetos hist\u00f3ricos y art\u00edsticos<\/strong>&nbsp;obtenidos de manera injusta durante su per\u00edodo colonial. Entre ellos,<strong>&nbsp;se encontraban esculturas hind\u00fa-budistas y artefactos culturales como armas, monedas y textiles.<\/strong><\/p>\n\n\n\n<p>Adem\u00e1s, en 2022,&nbsp;<strong>Pa\u00edses Bajos entreg\u00f3 a Indonesia y Sri Lanka un total de 478 piezas saqueadas&nbsp;<\/strong>durante el colonialismo. El Comit\u00e9 de Colecciones Coloniales, encargado de gestionar estas solicitudes, recomend\u00f3 en 2020 la devoluci\u00f3n incondicional de objetos saqueados si el pa\u00eds de origen lo solicita.<\/p>\n\n\n\n<figure class=\"wp-block-image\"><img decoding=\"async\" src=\"https:\/\/i0.wp.com\/la-lista.com\/wp-content\/uploads\/2024\/12\/paises-bajos-craneo-mexico1.jpg?resize=800%2C450&amp;ssl=1\" alt=\"Pa\u00edses Bajos devuelve a M\u00e9xico un cr\u00e1neo mixteco incrustado con mosaicos - paises-bajos-craneo-mexico1\" class=\"wp-image-732131\"\/><\/figure>\n\n\n\n<p><strong>El compromiso de Pa\u00edses Bajos con la devoluci\u00f3n de arte robado,<\/strong>&nbsp;ya sea durante el colonialismo o en contextos como la Segunda Guerra Mundial, busca contribuir a&nbsp;<strong>la reparaci\u00f3n de injusticias hist\u00f3ricas.<\/strong>&nbsp;Seg\u00fan el Comit\u00e9 de Colecciones Coloniales, \u201clas injusticias hist\u00f3ricas no se pueden deshacer, pero se puede contribuir a repararlas asumiendo la responsabilidad del pasado\u201d.<\/p>\n\n\n\n<p>Con este gesto,&nbsp;<strong>M\u00e9xico recupera un fragmento importante de su patrimonio cultural,<\/strong>&nbsp;mientras que Pa\u00edses Bajos reafirma su intenci\u00f3n de colaborar con pa\u00edses que buscan preservar y recuperar su legado hist\u00f3rico.&nbsp;<strong>Esta devoluci\u00f3n marca un nuevo paso en los esfuerzos internacionales por restaurar el arte y la historia a sus leg\u00edtimos due\u00f1os.<\/strong><\/p>\n\n\n\n<p>Fuente: <a href=\"https:\/\/la-lista.com\/cultura\/paises-bajos-devuelve-a-mexico-un-craneo-mixteco-incrustado-con-mosaicos\">https:\/\/la-lista.com\/cultura\/paises-bajos-devuelve-a-mexico-un-craneo-mixteco-incrustado-con-mosaicos<\/a><\/p>\n","protected":false},"excerpt":{"rendered":"<p>El cr\u00e1neo, ensamblado con adhesivo del siglo XX, combina elementos contempor\u00e1neos con componentes hist\u00f3ricos aut\u00e9nticos. Redacci\u00f3n La-Lista\u00a0 El Gobierno de [&hellip;]<\/p>\n","protected":false},"author":1,"featured_media":92140,"comment_status":"open","ping_status":"open","sticky":false,"template":"","format":"standard","meta":{"site-sidebar-layout":"default","site-content-layout":"","ast-site-content-layout":"default","site-content-style":"default","site-sidebar-style":"default","ast-global-header-display":"","ast-banner-title-visibility":"","ast-main-header-display":"","ast-hfb-above-header-display":"","ast-hfb-below-header-display":"","ast-hfb-mobile-header-display":"","site-post-title":"","ast-breadcrumbs-content":"","ast-featured-img":"","footer-sml-layout":"","theme-transparent-header-meta":"","adv-header-id-meta":"","stick-header-meta":"","header-above-stick-meta":"","header-main-stick-meta":"","header-below-stick-meta":"","astra-migrate-meta-layouts":"default","ast-page-background-enabled":"default","ast-page-background-meta":{"desktop":{"background-color":"var(--ast-global-color-4)","background-image":"","background-repeat":"repeat","background-position":"center center","background-size":"auto","background-attachment":"scroll","background-type":"","background-media":"","overlay-type":"","overlay-color":"","overlay-opacity":"","overlay-gradient":""},"tablet":{"background-color":"","background-image":"","background-repeat":"repeat","background-position":"center center","background-size":"auto","background-attachment":"scroll","background-type":"","background-media":"","overlay-type":"","overlay-color":"","overlay-opacity":"","overlay-gradient":""},"mobile":{"background-color":"","background-image":"","background-repeat":"repeat","background-position":"center center","background-size":"auto","background-attachment":"scroll","background-type":"","background-media":"","overlay-type":"","overlay-color":"","overlay-opacity":"","overlay-gradient":""}},"ast-content-background-meta":{"desktop":{"background-color":"var(--ast-global-color-5)","background-image":"","background-repeat":"repeat","background-position":"center center","background-size":"auto","background-attachment":"scroll","background-type":"","background-media":"","overlay-type":"","overlay-color":"","overlay-opacity":"","overlay-gradient":""},"tablet":{"background-color":"var(--ast-global-color-5)","background-image":"","background-repeat":"repeat","background-position":"center center","background-size":"auto","background-attachment":"scroll","background-type":"","background-media":"","overlay-type":"","overlay-color":"","overlay-opacity":"","overlay-gradient":""},"mobile":{"background-color":"var(--ast-global-color-5)","background-image":"","background-repeat":"repeat","background-position":"center center","background-size":"auto","background-attachment":"scroll","background-type":"","background-media":"","overlay-type":"","overlay-color":"","overlay-opacity":"","overlay-gradient":""}},"footnotes":""},"categories":[8],"tags":[34184,34185,34186,1037,5777,34188,34187],"class_list":["post-92139","post","type-post","status-publish","format-standard","has-post-thumbnail","hentry","category-noticias","tag-arquerologia","tag-comite-colecciones-coloniales","tag-craneo-humano-mixteco","tag-inah","tag-paises-bajos","tag-saqueo-arqueologico","tag-wereldmuseum-de-leiden"],"_links":{"self":[{"href":"https:\/\/losperiodistas.com.mx\/portal\/wp-json\/wp\/v2\/posts\/92139","targetHints":{"allow":["GET"]}}],"collection":[{"href":"https:\/\/losperiodistas.com.mx\/portal\/wp-json\/wp\/v2\/posts"}],"about":[{"href":"https:\/\/losperiodistas.com.mx\/portal\/wp-json\/wp\/v2\/types\/post"}],"author":[{"embeddable":true,"href":"https:\/\/losperiodistas.com.mx\/portal\/wp-json\/wp\/v2\/users\/1"}],"replies":[{"embeddable":true,"href":"https:\/\/losperiodistas.com.mx\/portal\/wp-json\/wp\/v2\/comments?post=92139"}],"version-history":[{"count":1,"href":"https:\/\/losperiodistas.com.mx\/portal\/wp-json\/wp\/v2\/posts\/92139\/revisions"}],"predecessor-version":[{"id":92141,"href":"https:\/\/losperiodistas.com.mx\/portal\/wp-json\/wp\/v2\/posts\/92139\/revisions\/92141"}],"wp:featuredmedia":[{"embeddable":true,"href":"https:\/\/losperiodistas.com.mx\/portal\/wp-json\/wp\/v2\/media\/92140"}],"wp:attachment":[{"href":"https:\/\/losperiodistas.com.mx\/portal\/wp-json\/wp\/v2\/media?parent=92139"}],"wp:term":[{"taxonomy":"category","embeddable":true,"href":"https:\/\/losperiodistas.com.mx\/portal\/wp-json\/wp\/v2\/categories?post=92139"},{"taxonomy":"post_tag","embeddable":true,"href":"https:\/\/losperiodistas.com.mx\/portal\/wp-json\/wp\/v2\/tags?post=92139"}],"curies":[{"name":"wp","href":"https:\/\/api.w.org\/{rel}","templated":true}]}}