{"id":92135,"date":"2024-12-14T12:05:28","date_gmt":"2024-12-14T18:05:28","guid":{"rendered":"https:\/\/losperiodistas.com.mx\/portal\/?p=92135"},"modified":"2024-12-15T05:58:20","modified_gmt":"2024-12-15T11:58:20","slug":"alejandro-armenta-rinde-protesta-como-nuevo-gobernador-de-puebla-e-consulta","status":"publish","type":"post","link":"https:\/\/losperiodistas.com.mx\/portal\/alejandro-armenta-rinde-protesta-como-nuevo-gobernador-de-puebla-e-consulta\/","title":{"rendered":"Alejandro Armenta rinde protesta como nuevo gobernador de Puebla | e-consulta"},"content":{"rendered":"\n<p class=\"has-medium-font-size\">El nuevo mandatario se comprometi\u00f3 a gobernar para todos y continuar con la reconciliaci\u00f3n en el estado<\/p>\n\n\n\n<figure class=\"wp-block-image size-full\"><img fetchpriority=\"high\" decoding=\"async\" width=\"640\" height=\"424\" src=\"https:\/\/losperiodistas.com.mx\/portal\/wp-content\/uploads\/2024\/12\/alejandro_armenta_rinde_protesta_como_nuevo_gobernador_de_puebla.webp\" alt=\"\" class=\"wp-image-92136\" srcset=\"https:\/\/losperiodistas.com.mx\/portal\/wp-content\/uploads\/2024\/12\/alejandro_armenta_rinde_protesta_como_nuevo_gobernador_de_puebla.webp 640w, https:\/\/losperiodistas.com.mx\/portal\/wp-content\/uploads\/2024\/12\/alejandro_armenta_rinde_protesta_como_nuevo_gobernador_de_puebla-300x199.webp 300w\" sizes=\"(max-width: 640px) 100vw, 640px\" \/><figcaption class=\"wp-element-caption\">Foto: Gran Angular<br><br><a href=\"https:\/\/www.facebook.com\/sharer\/sharer.php?u=https:\/\/www.e-consulta.com\/nota\/2024-12-14\/gobierno\/alejandro-armenta-rinde-protesta-como-nuevo-gobernador-de-puebla\" target=\"_blank\" rel=\"noreferrer noopener\"><\/a><a href=\"https:\/\/twitter.com\/intent\/tweet?text=Alejandro%20Armenta%20rinde%20protesta%20como%20nuevo%20gobernador%20de%20Puebla&amp;url=https:\/\/www.e-consulta.com\/nota\/2024-12-14\/gobierno\/alejandro-armenta-rinde-protesta-como-nuevo-gobernador-de-puebla&amp;via=e_consulta\" target=\"_blank\" rel=\"noreferrer noopener\"><\/a><a href=\"whatsapp:\/\/send?text=Alejandro%20Armenta%20rinde%20protesta%20como%20nuevo%20gobernador%20de%20Puebla%20-%20[Leer]%20https:\/\/www.e-consulta.com\/nota\/2024-12-14\/gobierno\/alejandro-armenta-rinde-protesta-como-nuevo-gobernador-de-puebla\"><\/a><a href=\"\/\/www.e-consulta.com\/nota\/2024-12-14\/gobierno\/alejandro-armenta-rinde-protesta-como-nuevo-gobernador-de-puebla\" target=\"_blank\" rel=\"noreferrer noopener\"><\/a><\/figcaption><\/figure>\n\n\n\n<p><\/p>\n\n\n\n<p class=\"has-vivid-red-color has-text-color has-link-color has-medium-font-size wp-elements-f244e8f1a2c6c49fc176f097c34032ff\"><strong>MANUEL CU\u00c9LLAR \/ e-consulta<\/strong><\/p>\n\n\n\n<p><strong>Alejandro Armenta Mier<\/strong>&nbsp;rindi\u00f3 protesta como&nbsp;<strong>Gobernador Constitucional del estado de Puebla<\/strong>&nbsp;por el periodo&nbsp;<strong>2024-2030<\/strong>, asegurando que gobernar\u00e1 para todos y seguir\u00e1 con la reconciliaci\u00f3n en la entidad.<\/p>\n\n\n\n<p>As\u00ed lo dijo la ma\u00f1ana de este s\u00e1bado el&nbsp;<a href=\"https:\/\/www.e-consulta.com\/nota\/2024-12-14\/politica\/claudia-rivera-expresa-respaldo-total-alejandro-armenta-como-gobernador\" target=\"_blank\" rel=\"noreferrer noopener\">nuevo mandatario<\/a>&nbsp;durante su discurso que dur\u00f3 24 minutos, de los cuales 15 estuvieron dedicados a saludar a quienes acudieron al&nbsp;<strong>nuevo Congreso del estado<\/strong>.<\/p>\n\n\n\n<p>En su intervenci\u00f3n se comprometi\u00f3 a gobernar para todas y todos, y continuar con la&nbsp;<strong>reconciliaci\u00f3n en el estado<\/strong>&nbsp;la cual inici\u00f3 el exgobernador,&nbsp;<strong>Sergio Salom\u00f3n C\u00e9spedes Peregrina<\/strong>.<\/p>\n\n\n\n<figure class=\"wp-block-embed is-type-rich is-provider-twitter wp-block-embed-twitter\"><div class=\"wp-block-embed__wrapper\">\nhttps:\/\/twitter.com\/i\/status\/1867984277432131870\n<\/div><\/figure>\n\n\n\n<p>\u201cPoblanas y poblanos, me comprometo a continuar con la&nbsp;<strong>tarea de reconciliaci\u00f3n<\/strong>&nbsp;a favor de Puebla (&#8230;) refrendo mi compromiso de ser un gobernador justo, honesto e incansable\u201d, declar\u00f3 Armenta.<\/p>\n\n\n\n<p>Adem\u00e1s, se comprometi\u00f3 a trabajar por su familia y todas las familias poblanas en ser un gobernador justo, honesto e incansable durante los&nbsp;<strong>2 mil 192 d\u00edas<\/strong>&nbsp;que durar\u00e1 su mandato.<\/p>\n\n\n\n<p>Tambi\u00e9n asegur\u00f3 que su gobierno ser\u00e1&nbsp;<strong>incluyente<\/strong>,&nbsp;<strong>justo y equitativo<\/strong>&nbsp;para construir un mejor futuro para todos los&nbsp;<a href=\"https:\/\/www.e-consulta.com\/nota\/2024-12-13\/politica\/toma-de-protesta-de-armenta-sera-en-la-nueva-sede-del-congreso\" target=\"_blank\" rel=\"noreferrer noopener\">poblanos<\/a>.<\/p>\n\n\n\n<p>De igual manera reconoci\u00f3 a los aspirantes a la coordinaci\u00f3n de Morena en Puebla como&nbsp;<strong>Ignacio Mier<\/strong>,&nbsp;<strong>Lizeth S\u00e1nchez<\/strong>,&nbsp;<strong>Claudia Rivera<\/strong>,&nbsp;<strong>Rodrigo Abdala<\/strong>&nbsp;y&nbsp;<strong>Olivia Salom\u00f3n<\/strong>, destacando que todos trabajan en unidad por el estado.<\/p>\n\n\n\n<p>Te puede interesar:<\/p>\n\n\n\n<p><a href=\"https:\/\/www.e-consulta.com\/nota\/2024-12-13\/gobierno\/asi-el-ultimo-dia-de-gobierno-de-salomon-y-asi-el-primero-de-armenta\">As\u00ed el \u00faltimo d\u00eda de gobierno de Salom\u00f3n\u2026 y as\u00ed el primero de Armenta<\/a><\/p>\n\n\n\n<figure class=\"wp-block-embed is-type-rich is-provider-twitter wp-block-embed-twitter\"><div class=\"wp-block-embed__wrapper\">\nhttps:\/\/twitter.com\/e_consulta\/status\/1867979508881445322?ref_src=twsrc%5Etfw%7Ctwcamp%5Etweetembed%7Ctwterm%5E1867979508881445322%7Ctwgr%5E28516a773b89fd8f190d72a1fa917f84bee7b1ce%7Ctwcon%5Es1_c10&#038;ref_url=https%3A%2F%2Fwww.e-consulta.com%2Fnota%2F2024-12-14%2Fgobierno%2Ftony-gali-no-descarta-sumarse-equipo-de-armenta-si-hay-invitacion\n<\/div><\/figure>\n\n\n\n<p>A la toma de protesta acudieron exgobernadores como&nbsp;<strong>Antonio Gali Fayad<\/strong>,&nbsp;<strong>Melquiades Morales<\/strong>&nbsp;y el gobernador interino,&nbsp;<strong>Pacheco Pulido<\/strong>, adem\u00e1s de siete mandatarios de otros estados.<\/p>\n\n\n\n<p>Otros invitados que asistieron, estuvo el coordinador de los diputados de Morena,&nbsp;<strong>Ricardo Monreal<\/strong>; la dirigente nacional de Morena,&nbsp;<strong>Luisa Mar\u00eda Alcalde Luj\u00e1n<\/strong>; el secretario de organizaci\u00f3n de Morena,&nbsp;<strong>Andr\u00e9s Manuel L\u00f3pez Beltr\u00e1n<\/strong>; el presidente de la mesa directiva del Senado,&nbsp;<strong>Fernando Fern\u00e1ndez Noro\u00f1a<\/strong>&nbsp;y funcionarios de la Cuarta Transformaci\u00f3n.<\/p>\n\n\n\n<h2 class=\"wp-block-heading\"><strong>\u00bfQu\u00e9 dice la oposici\u00f3n?<\/strong><\/h2>\n\n\n\n<p>Previo a su&nbsp;<a href=\"https:\/\/www.e-consulta.com\/nota\/2024-12-08\/politica\/como-sera-el-gobierno-de-alejandro-armenta-esto-dice-la-ia\" target=\"_blank\" rel=\"noreferrer noopener\">toma de protesta<\/a>&nbsp;en la&nbsp;<strong>Sesi\u00f3n Solemne del Congreso del estado<\/strong>, la oposici\u00f3n realiz\u00f3 posicionamientos y se\u00f1alaron algunas problem\u00e1ticas y \u00e1reas de atenci\u00f3n que debe atender el gobierno de&nbsp;<strong>Alejandro Armenta<\/strong>.<\/p>\n\n\n\n<p>La primera fue la diputada de Movimiento Ciudadano,&nbsp;<strong>Fedrha Suriano<\/strong>, quien record\u00f3 que la entidad a\u00fan tiene muchas&nbsp;<strong>deudas en materia de seguridad<\/strong>, salud y equidad en la distribuci\u00f3n de recursos.<\/p>\n\n\n\n<figure class=\"wp-block-embed is-type-rich is-provider-twitter wp-block-embed-twitter\"><div class=\"wp-block-embed__wrapper\">\n<blockquote class=\"twitter-tweet\" data-width=\"500\" data-dnt=\"true\"><p lang=\"es\" dir=\"ltr\"><a href=\"https:\/\/twitter.com\/hashtag\/AlMomento?src=hash&amp;ref_src=twsrc%5Etfw\">#AlMomento<\/a> En la sesi\u00f3n del Congreso previo a la toma de protesta de Alejandro Armenta como gobernador de <a href=\"https:\/\/twitter.com\/hashtag\/Puebla?src=hash&amp;ref_src=twsrc%5Etfw\">#Puebla<\/a>, la diputada de Movimiento Ciudadano, Fedrha Suriano, le recuerda las deudas pendientes en la entidad en materia de seguridad, salud, equidad, distribuci\u00f3n de\u2026 <a href=\"https:\/\/t.co\/Ql1MjkBgSW\">pic.twitter.com\/Ql1MjkBgSW<\/a><\/p>&mdash; Peri\u00f3dico e-consulta (@e_consulta) <a href=\"https:\/\/twitter.com\/e_consulta\/status\/1867954804758114808?ref_src=twsrc%5Etfw\">December 14, 2024<\/a><\/blockquote><script async src=\"https:\/\/platform.twitter.com\/widgets.js\" charset=\"utf-8\"><\/script>\n<\/div><\/figure>\n\n\n\n<p>\u201cLas profundas&nbsp;<strong>deudas pendientes<\/strong>&nbsp;que Puebla enfrenta, como salud, seguridad, equidad en la distribuci\u00f3n de los recursos. Puebla se enfrenta a una&nbsp;<strong>crisis sanitaria<\/strong>&nbsp;que no puede ser ignorada, ni minimizada; el&nbsp;<strong>desabasto de medicamentos<\/strong>&nbsp;que aument\u00f3 casi un 13 por ciento en el \u00faltimo a\u00f1o\u201d, expuso Fedrha Suriano.<\/p>\n\n\n\n<p>En el caso del PRI,&nbsp;<strong>Delfina Pozos<\/strong>, se\u00f1al\u00f3 que desde el tricolor ser\u00e1n una&nbsp;<strong>oposici\u00f3n responsable<\/strong>, propositiva y vigilante, ya que asegur\u00f3 que apoyar\u00e1n las decisiones que beneficien a la entidad, pero ser\u00e1n cr\u00edticos cuando sea necesario.<\/p>\n\n\n\n<figure class=\"wp-block-embed is-type-rich is-provider-twitter wp-block-embed-twitter\"><div class=\"wp-block-embed__wrapper\">\nhttps:\/\/twitter.com\/i\/status\/1867957512428786093\n<\/div><\/figure>\n\n\n\n<p>\u201cDesde el&nbsp;<strong>Congreso del estado<\/strong>, el PRI actuar\u00e1 como una oposici\u00f3n responsable, propositiva y sobre todo vigilante (&#8230;) seremos una voz firme, qu\u00e9 apoyar\u00e1 las decisiones que beneficien a Puebla, pero tambi\u00e9n seremos cr\u00edticos cuando sea necesario\u201d, coment\u00f3&nbsp;<strong>Delfina Pozos<\/strong>.<\/p>\n\n\n\n<p>Asimismo, hizo un llamado a dejar a un lado los&nbsp;<strong>colores partidistas<\/strong>&nbsp;y trabajar en conjunto por el bien de Puebla.<\/p>\n\n\n\n<p>Por su parte&nbsp;<strong>Celia Bonaga<\/strong>&nbsp;del&nbsp;<a href=\"https:\/\/archivo.e-consulta.com\/blogs\/corte\/eduardo-rivera-baja-a-adan-dominguez-de-la-contienda-del-pan-y-sube-a-felipe-velazquez\/\" target=\"_blank\" rel=\"noreferrer noopener\">PAN<\/a>, asegur\u00f3 que ser\u00e1n una&nbsp;<strong>oposici\u00f3n cr\u00edtica<\/strong>, observante y propositiva, adem\u00e1s de hacer \u00e9nfasis en vigilar el actuar del&nbsp;<strong>gobierno de Alejandro Armenta<\/strong>.<\/p>\n\n\n\n<figure class=\"wp-block-embed is-type-rich is-provider-twitter wp-block-embed-twitter\"><div class=\"wp-block-embed__wrapper\">\nhttps:\/\/twitter.com\/i\/status\/1867963398475890783\n<\/div><\/figure>\n\n\n\n<p>Sin embargo, aclar\u00f3 que su posici\u00f3n no ser\u00e1 de confrontaci\u00f3n, pues buscar\u00e1n colaboraci\u00f3n, pero siendo firmes si se atenta contra los&nbsp;<strong>valores democr\u00e1ticos<\/strong>&nbsp;o los derechos de los poblanos.<\/p>\n\n\n\n<p>De igual manera le pidi\u00f3 que su gobierno sea&nbsp;<strong>incluyente<\/strong>&nbsp;y escuche todas las opiniones antes de generar pol\u00edticas p\u00fablicas, y tambi\u00e9n que haya respeto en la divisi\u00f3n de poderes. (PSR)<\/p>\n\n\n\n<p>Fuente: <a href=\"https:\/\/www.e-consulta.com\/nota\/2024-12-14\/gobierno\/alejandro-armenta-rinde-protesta-como-nuevo-gobernador-de-puebla\">https:\/\/www.e-consulta.com\/nota\/2024-12-14\/gobierno\/alejandro-armenta-rinde-protesta-como-nuevo-gobernador-de-puebla<\/a><\/p>\n","protected":false},"excerpt":{"rendered":"<p>El nuevo mandatario se comprometi\u00f3 a gobernar para todos y continuar con la reconciliaci\u00f3n en el estado MANUEL CU\u00c9LLAR \/ [&hellip;]<\/p>\n","protected":false},"author":1,"featured_media":92136,"comment_status":"open","ping_status":"open","sticky":false,"template":"","format":"standard","meta":{"site-sidebar-layout":"default","site-content-layout":"","ast-site-content-layout":"default","site-content-style":"default","site-sidebar-style":"default","ast-global-header-display":"","ast-banner-title-visibility":"","ast-main-header-display":"","ast-hfb-above-header-display":"","ast-hfb-below-header-display":"","ast-hfb-mobile-header-display":"","site-post-title":"","ast-breadcrumbs-content":"","ast-featured-img":"","footer-sml-layout":"","theme-transparent-header-meta":"","adv-header-id-meta":"","stick-header-meta":"","header-above-stick-meta":"","header-main-stick-meta":"","header-below-stick-meta":"","astra-migrate-meta-layouts":"default","ast-page-background-enabled":"default","ast-page-background-meta":{"desktop":{"background-color":"var(--ast-global-color-4)","background-image":"","background-repeat":"repeat","background-position":"center center","background-size":"auto","background-attachment":"scroll","background-type":"","background-media":"","overlay-type":"","overlay-color":"","overlay-opacity":"","overlay-gradient":""},"tablet":{"background-color":"","background-image":"","background-repeat":"repeat","background-position":"center center","background-size":"auto","background-attachment":"scroll","background-type":"","background-media":"","overlay-type":"","overlay-color":"","overlay-opacity":"","overlay-gradient":""},"mobile":{"background-color":"","background-image":"","background-repeat":"repeat","background-position":"center center","background-size":"auto","background-attachment":"scroll","background-type":"","background-media":"","overlay-type":"","overlay-color":"","overlay-opacity":"","overlay-gradient":""}},"ast-content-background-meta":{"desktop":{"background-color":"var(--ast-global-color-5)","background-image":"","background-repeat":"repeat","background-position":"center center","background-size":"auto","background-attachment":"scroll","background-type":"","background-media":"","overlay-type":"","overlay-color":"","overlay-opacity":"","overlay-gradient":""},"tablet":{"background-color":"var(--ast-global-color-5)","background-image":"","background-repeat":"repeat","background-position":"center center","background-size":"auto","background-attachment":"scroll","background-type":"","background-media":"","overlay-type":"","overlay-color":"","overlay-opacity":"","overlay-gradient":""},"mobile":{"background-color":"var(--ast-global-color-5)","background-image":"","background-repeat":"repeat","background-position":"center center","background-size":"auto","background-attachment":"scroll","background-type":"","background-media":"","overlay-type":"","overlay-color":"","overlay-opacity":"","overlay-gradient":""}},"footnotes":""},"categories":[8],"tags":[34181,34182,34183],"class_list":["post-92135","post","type-post","status-publish","format-standard","has-post-thumbnail","hentry","category-noticias","tag-alejandro-armenta-gobernador","tag-reconciliacion-poblanos","tag-tarea-de-reconciliacion"],"_links":{"self":[{"href":"https:\/\/losperiodistas.com.mx\/portal\/wp-json\/wp\/v2\/posts\/92135","targetHints":{"allow":["GET"]}}],"collection":[{"href":"https:\/\/losperiodistas.com.mx\/portal\/wp-json\/wp\/v2\/posts"}],"about":[{"href":"https:\/\/losperiodistas.com.mx\/portal\/wp-json\/wp\/v2\/types\/post"}],"author":[{"embeddable":true,"href":"https:\/\/losperiodistas.com.mx\/portal\/wp-json\/wp\/v2\/users\/1"}],"replies":[{"embeddable":true,"href":"https:\/\/losperiodistas.com.mx\/portal\/wp-json\/wp\/v2\/comments?post=92135"}],"version-history":[{"count":1,"href":"https:\/\/losperiodistas.com.mx\/portal\/wp-json\/wp\/v2\/posts\/92135\/revisions"}],"predecessor-version":[{"id":92137,"href":"https:\/\/losperiodistas.com.mx\/portal\/wp-json\/wp\/v2\/posts\/92135\/revisions\/92137"}],"wp:featuredmedia":[{"embeddable":true,"href":"https:\/\/losperiodistas.com.mx\/portal\/wp-json\/wp\/v2\/media\/92136"}],"wp:attachment":[{"href":"https:\/\/losperiodistas.com.mx\/portal\/wp-json\/wp\/v2\/media?parent=92135"}],"wp:term":[{"taxonomy":"category","embeddable":true,"href":"https:\/\/losperiodistas.com.mx\/portal\/wp-json\/wp\/v2\/categories?post=92135"},{"taxonomy":"post_tag","embeddable":true,"href":"https:\/\/losperiodistas.com.mx\/portal\/wp-json\/wp\/v2\/tags?post=92135"}],"curies":[{"name":"wp","href":"https:\/\/api.w.org\/{rel}","templated":true}]}}