{"id":9213,"date":"2021-06-16T07:32:31","date_gmt":"2021-06-16T12:32:31","guid":{"rendered":"http:\/\/losperiodistas.com.mx\/portal\/?p=9213"},"modified":"2021-06-16T07:32:33","modified_gmt":"2021-06-16T12:32:33","slug":"pri-pan-y-prd-crearan-bloque-contra-ocurrencias-presidenciales-e-intentos-dictatoriales-infobae","status":"publish","type":"post","link":"https:\/\/losperiodistas.com.mx\/portal\/pri-pan-y-prd-crearan-bloque-contra-ocurrencias-presidenciales-e-intentos-dictatoriales-infobae\/","title":{"rendered":"PRI, PAN y PRD crear\u00e1n bloque \u201ccontra ocurrencias presidenciales e intentos dictatoriales\u201d | Infobae"},"content":{"rendered":"\n<p style=\"font-size:18px\"><em>De acuerdo con sus dirigentes, buscan blindar constitucionalmente a la C\u00e1mara de Diputados<\/em><\/p>\n\n\n\n<p><\/p>\n\n\n\n<figure class=\"wp-block-image size-large\"><img fetchpriority=\"high\" decoding=\"async\" width=\"1024\" height=\"567\" src=\"https:\/\/losperiodistas.com.mx\/portal\/wp-content\/uploads\/2021\/06\/Captura-de-Pantalla-2021-06-16-a-las-7.27.24-1024x567.jpg\" alt=\"\" class=\"wp-image-9214\" srcset=\"https:\/\/losperiodistas.com.mx\/portal\/wp-content\/uploads\/2021\/06\/Captura-de-Pantalla-2021-06-16-a-las-7.27.24-1024x567.jpg 1024w, https:\/\/losperiodistas.com.mx\/portal\/wp-content\/uploads\/2021\/06\/Captura-de-Pantalla-2021-06-16-a-las-7.27.24-300x166.jpg 300w, https:\/\/losperiodistas.com.mx\/portal\/wp-content\/uploads\/2021\/06\/Captura-de-Pantalla-2021-06-16-a-las-7.27.24-768x425.jpg 768w, https:\/\/losperiodistas.com.mx\/portal\/wp-content\/uploads\/2021\/06\/Captura-de-Pantalla-2021-06-16-a-las-7.27.24.jpg 1520w\" sizes=\"(max-width: 1024px) 100vw, 1024px\" \/><figcaption>Reuni\u00f3n Alejandro Moreno, Jes\u00fas Zambrano y Marko Cort\u00e9s (Foto: Twitter \/ @MarkoCortes)<\/figcaption><\/figure>\n\n\n\n<p><\/p>\n\n\n\n<p class=\"has-vivid-cyan-blue-color has-text-color has-medium-font-size\">INFOBAE<\/p>\n\n\n\n<p><strong>Marko Cort\u00e9s, Jes\u00fas Zambrano y Alejandro Moreno<\/strong>, los dirigentes nacionales de los partidos Acci\u00f3n Nacional, Revolucionario Institucional y de la Revoluci\u00f3n Democr\u00e1tica se reunieron de cara a los trabajos conjuntos en el congreso.<\/p>\n\n\n\n<p>A trav\u00e9s de sus redes sociales, los tres pol\u00edticos aseguraron que formar\u00e1n una alianza fuerte en la&nbsp;<strong>C\u00e1mara de Diputados<\/strong>, misma que servir\u00e1 como la verdadera fuerza opositora a&nbsp;<strong>Morena<\/strong>&nbsp;y sus aliados.PUBLICIDAD<\/p>\n\n\n\n<p>Adem\u00e1s, acompa\u00f1aron sus publicaciones con fotograf\u00edas de una reuni\u00f3n que sostuvieron el 15 de junio por la tarde, en la que habr\u00edan dialogado los principios y puntos de acuerdo que regir\u00e1n durante el siguiente periodo del congreso.<\/p>\n\n\n\n<p>De acuerdo con el panista<strong>&nbsp;Marko Cort\u00e9s<\/strong>, el bloque proteger\u00e1 constitucionalmente al pa\u00eds \u201c<strong>contra las ocurrencias presidenciales e intentos dictatoriales<\/strong>\u201d, pues buscan enmendar las problem\u00e1ticas del pa\u00eds.<\/p>\n\n\n\n<p>\u201cM\u00e9xico contar\u00e1 con un bloque de protecci\u00f3n constitucional contra las ocurrencias presidenciales e intentos dictatoriales. Vamos a apoyar todo aquello que d\u00e9 soluciones reales a los graves problemas que atraviesa el pa\u00eds\u201d, escribi\u00f3 a trav\u00e9s de Twitter.<img decoding=\"async\" alt=\"(Foto: Cuartoscuro)\" height=\"1080\" width=\"1920\" src=\"https:\/\/www.infobae.com\/new-resizer\/bPZOzl8tMh40uPKaC48tDnJMwpA=\/420x236\/filters:format(jpg):quality(85)\/cloudfront-us-east-1.images.arcpublishing.com\/infobae\/3WL4RBBA7VGBDEMLDN2G2A252Y.jpg%20420w\" srcset=\"https:\/\/www.infobae.com\/new-resizer\/bPZOzl8tMh40uPKaC48tDnJMwpA=\/420x236\/filters:format(jpg):quality(85)\/cloudfront-us-east-1.images.arcpublishing.com\/infobae\/3WL4RBBA7VGBDEMLDN2G2A252Y.jpg 420w,https:\/\/www.infobae.com\/new-resizer\/8UW-4aQgbHrOUIpy0VNaFRbGy6c=\/768x432\/filters:format(jpg):quality(85)\/cloudfront-us-east-1.images.arcpublishing.com\/infobae\/3WL4RBBA7VGBDEMLDN2G2A252Y.jpg 768w,https:\/\/www.infobae.com\/new-resizer\/1ZXANOYZrRLGu77jBsk7b5eD4eM=\/992x558\/filters:format(jpg):quality(85)\/cloudfront-us-east-1.images.arcpublishing.com\/infobae\/3WL4RBBA7VGBDEMLDN2G2A252Y.jpg 992w,https:\/\/www.infobae.com\/new-resizer\/osurfcXlPZ5BoYv8GdqQfPugzJw=\/1200x675\/filters:format(jpg):quality(85)\/cloudfront-us-east-1.images.arcpublishing.com\/infobae\/3WL4RBBA7VGBDEMLDN2G2A252Y.jpg 1200w\">(Foto: Cuartoscuro)<\/p>\n\n\n\n<p>Por su parte,&nbsp;<strong>Alejandro Moreno, del PRI<\/strong>, se comprometi\u00f3 a defender los votos que les otorgaron lo ciudadanos durante la pr\u00f3xima legislatura en la C\u00e1mara de Diputados.<\/p>\n\n\n\n<p>\u201cM\u00e9xico puede tener la certeza de que c<strong>ada voto depositado en las urnas ser\u00e1 defendido en la C\u00e1mara de Diputados<\/strong>; estaremos a la altura de lo que requiere el pa\u00eds, ese es nuestro compromiso junto a @AccionNacional y el @PRDMexico\u201d, redact\u00f3 en su perfil oficial.<\/p>\n\n\n\n<p>Y por \u00faltimo,<strong>&nbsp;Jes\u00fas Zambrano<\/strong>, representante del PRD, inform\u00f3 que dar\u00e1n continuidad al trabajo que se hizo antes, pero tambi\u00e9n durante la campa\u00f1a, con el \u00fanico objetivo de reorientar el rumbo del pa\u00eds.<\/p>\n\n\n\n<p>\u201cD\u00e1ndole continuidad a los trabajos de la&nbsp;<strong>coalici\u00f3n tripartita #VaPorM\u00e9xico<\/strong>&nbsp;para cumplirle a la ciudadan\u00eda que vot\u00f3 para reorientar el rumbo de M\u00e9xico por el bien de las familias. #PRD #PAN #PRI\u201d, escribi\u00f3 a trav\u00e9s de sus redes sociales oficiales.<img decoding=\"async\" alt=\"(Foto: Cuartoscuro)\" height=\"1080\" width=\"1920\" src=\"https:\/\/www.infobae.com\/new-resizer\/LG14r1T-DN6IUtCXO-wZzXmZZZQ=\/420x236\/filters:format(jpg):quality(85)\/cloudfront-us-east-1.images.arcpublishing.com\/infobae\/GECHZSY6URC2NHN63QEFSIRDVY.jpg%20420w\" srcset=\"https:\/\/www.infobae.com\/new-resizer\/LG14r1T-DN6IUtCXO-wZzXmZZZQ=\/420x236\/filters:format(jpg):quality(85)\/cloudfront-us-east-1.images.arcpublishing.com\/infobae\/GECHZSY6URC2NHN63QEFSIRDVY.jpg 420w,https:\/\/www.infobae.com\/new-resizer\/J1W7O5o0GIm0dus5h9ucEfK0mVU=\/768x432\/filters:format(jpg):quality(85)\/cloudfront-us-east-1.images.arcpublishing.com\/infobae\/GECHZSY6URC2NHN63QEFSIRDVY.jpg 768w,https:\/\/www.infobae.com\/new-resizer\/8wRxa3V1qurwQ3vTqs6vnXCw4iQ=\/992x558\/filters:format(jpg):quality(85)\/cloudfront-us-east-1.images.arcpublishing.com\/infobae\/GECHZSY6URC2NHN63QEFSIRDVY.jpg 992w,https:\/\/www.infobae.com\/new-resizer\/F77gmbsGWYbZGVnM8d39Om-T92I=\/1200x675\/filters:format(jpg):quality(85)\/cloudfront-us-east-1.images.arcpublishing.com\/infobae\/GECHZSY6URC2NHN63QEFSIRDVY.jpg 1200w\">(Foto: Cuartoscuro)<\/p>\n\n\n\n<h2 class=\"wp-block-heading\">Uni\u00f3n de Alcald\u00edas en la CDMX<\/h2>\n\n\n\n<p>Por su parte, la coalici\u00f3n Va Por M\u00e9xico celebr\u00f3 la<strong>&nbsp;creaci\u00f3n de la Uni\u00f3n de Alcald\u00edas de la Ciudad de M\u00e9xico<\/strong>&nbsp;en la que participar\u00e1n los alcaldes y alcaldesas electos el 6 de junio pasado.<\/p>\n\n\n\n<p>A trav\u00e9s de un comunicado, aseguraron que proteger\u00e1n el patrimonio y el ingreso familiar con pol\u00edticas p\u00fablicas que&nbsp;<strong>promuevan la inversi\u00f3n y la generaci\u00f3n de empleos<\/strong>, tambi\u00e9n tendr\u00e1n como prioridad mejorar la seguridad p\u00fablica y los servicios de salud y educaci\u00f3n, as\u00ed como ejercer su mandato con honestidad y transparencia.<\/p>\n\n\n\n<p>\u201cUsaremos nuestra fuerza legislativa a nivel federal y local, la de nuestros alcaldes y presidentes municipales de las principales ciudades y capitales del pa\u00eds, as\u00ed como los gobiernos estatales emanados de Acci\u00f3n Nacional para&nbsp;<strong>impulsar las pol\u00edticas p\u00fablicas que respondan a las necesidades b\u00e1sicas de la poblaci\u00f3n<\/strong>\u201d, indic\u00f3 Marko Cort\u00e9s.<\/p>\n\n\n\n<p>Asimismo, insistieron en su compromiso de&nbsp;<strong>ejercer el mandato con honestidad, transparencia y rendici\u00f3n de cuentas<\/strong>, \u201cpues son estos elementos los que dan confianza y buenos resultados para la gente, como se ha comprobado en donde gobierna Acci\u00f3n Nacional\u201d.<\/p>\n\n\n\n<p>\u201cEn\u00a0<strong>Acci\u00f3n Nacional\u00a0<\/strong>estamos conscientes que nuestra mejor carta de presentaci\u00f3n ante los ciudadanos son nuestros buenos gobiernos y sus resultados. Ese es nuestro mayor compromiso con las y los mexicanos. Y vamos a cumplir, no les vamos a fallar\u201d, finaliz\u00f3 Cort\u00e9s.<\/p>\n\n\n\n<p><img loading=\"lazy\" decoding=\"async\" height=\"853\" width=\"1280\" srcset=\"https:\/\/www.infobae.com\/new-resizer\/sQPEWPm1_qs_W8U4E245a-81HM0=\/420x280\/filters:format(jpg):quality(85)\/cloudfront-us-east-1.images.arcpublishing.com\/infobae\/YB24S6TXDBCEDH36BC67EBH57Q.jpg 420w,https:\/\/www.infobae.com\/new-resizer\/HnJyVByBu6fRQdVSMJhaxBk2CBM=\/768x512\/filters:format(jpg):quality(85)\/cloudfront-us-east-1.images.arcpublishing.com\/infobae\/YB24S6TXDBCEDH36BC67EBH57Q.jpg 768w,https:\/\/www.infobae.com\/new-resizer\/PcDjqjXkDdWi-3ZZjkGSNWta88Q=\/992x661\/filters:format(jpg):quality(85)\/cloudfront-us-east-1.images.arcpublishing.com\/infobae\/YB24S6TXDBCEDH36BC67EBH57Q.jpg 992w,https:\/\/www.infobae.com\/new-resizer\/DVHqx9FDpuqKnlvSiS8c1lUHhrc=\/1200x800\/filters:format(jpg):quality(85)\/cloudfront-us-east-1.images.arcpublishing.com\/infobae\/YB24S6TXDBCEDH36BC67EBH57Q.jpg 1200w\" alt=\"(Foto: Twitter\/MarkoCortes)\" src=\"https:\/\/www.infobae.com\/new-resizer\/sQPEWPm1_qs_W8U4E245a-81HM0=\/420x280\/filters:format(jpg):quality(85)\/cloudfront-us-east-1.images.arcpublishing.com\/infobae\/YB24S6TXDBCEDH36BC67EBH57Q.jpg%20420w\">(Foto: Twitter\/MarkoCortes)<\/p>\n\n\n\n<p>Con las nuevas victorias, A<strong>cci\u00f3n Nacional gobernar\u00e1 pr\u00f3ximamente a ocho estados de la rep\u00fablica<\/strong>: Aguascalientes, Chihuahua, Durango, Guanajuato, Quer\u00e9taro, Quintana Roo, Tamaulipas y Yucat\u00e1n.<\/p>\n\n\n\n<p>Adem\u00e1s, se suman las alcald\u00edas \u00c1lvaro Obreg\u00f3n, Azcapotzalco, Benito Ju\u00e1rez, Coyoac\u00e1n, Cuajimalpa, Cuauht\u00e9moc, Magdalena Contreras, Miguel Hidalgo y Tlalpan, as\u00ed como otros municipios del Estado de M\u00e9xico, Morelos, Puebla, Michoac\u00e1n, Sonora, etc\u00e9tera.<\/p>\n\n\n\n<p>Fuente: https:\/\/www.infobae.com\/america\/mexico\/2021\/06\/16\/pri-pan-y-prd-crearan-bloque-contra-ocurrencias-presidenciales-e-intentos-dictatoriales\/<\/p>\n","protected":false},"excerpt":{"rendered":"<p>De acuerdo con sus dirigentes, buscan blindar constitucionalmente a la C\u00e1mara de Diputados INFOBAE Marko Cort\u00e9s, Jes\u00fas Zambrano y Alejandro [&hellip;]<\/p>\n","protected":false},"author":1,"featured_media":9214,"comment_status":"open","ping_status":"open","sticky":false,"template":"","format":"standard","meta":{"site-sidebar-layout":"default","site-content-layout":"","ast-site-content-layout":"default","site-content-style":"default","site-sidebar-style":"default","ast-global-header-display":"","ast-banner-title-visibility":"","ast-main-header-display":"","ast-hfb-above-header-display":"","ast-hfb-below-header-display":"","ast-hfb-mobile-header-display":"","site-post-title":"","ast-breadcrumbs-content":"","ast-featured-img":"","footer-sml-layout":"","theme-transparent-header-meta":"","adv-header-id-meta":"","stick-header-meta":"","header-above-stick-meta":"","header-main-stick-meta":"","header-below-stick-meta":"","astra-migrate-meta-layouts":"default","ast-page-background-enabled":"default","ast-page-background-meta":{"desktop":{"background-color":"var(--ast-global-color-4)","background-image":"","background-repeat":"repeat","background-position":"center center","background-size":"auto","background-attachment":"scroll","background-type":"","background-media":"","overlay-type":"","overlay-color":"","overlay-opacity":"","overlay-gradient":""},"tablet":{"background-color":"","background-image":"","background-repeat":"repeat","background-position":"center center","background-size":"auto","background-attachment":"scroll","background-type":"","background-media":"","overlay-type":"","overlay-color":"","overlay-opacity":"","overlay-gradient":""},"mobile":{"background-color":"","background-image":"","background-repeat":"repeat","background-position":"center center","background-size":"auto","background-attachment":"scroll","background-type":"","background-media":"","overlay-type":"","overlay-color":"","overlay-opacity":"","overlay-gradient":""}},"ast-content-background-meta":{"desktop":{"background-color":"var(--ast-global-color-5)","background-image":"","background-repeat":"repeat","background-position":"center center","background-size":"auto","background-attachment":"scroll","background-type":"","background-media":"","overlay-type":"","overlay-color":"","overlay-opacity":"","overlay-gradient":""},"tablet":{"background-color":"var(--ast-global-color-5)","background-image":"","background-repeat":"repeat","background-position":"center center","background-size":"auto","background-attachment":"scroll","background-type":"","background-media":"","overlay-type":"","overlay-color":"","overlay-opacity":"","overlay-gradient":""},"mobile":{"background-color":"var(--ast-global-color-5)","background-image":"","background-repeat":"repeat","background-position":"center center","background-size":"auto","background-attachment":"scroll","background-type":"","background-media":"","overlay-type":"","overlay-color":"","overlay-opacity":"","overlay-gradient":""}},"footnotes":""},"categories":[8],"tags":[1964,2090,2089],"class_list":["post-9213","post","type-post","status-publish","format-standard","has-post-thumbnail","hentry","category-noticias","tag-alejandro-moreno","tag-jesus-zambrano","tag-marko-cortes"],"_links":{"self":[{"href":"https:\/\/losperiodistas.com.mx\/portal\/wp-json\/wp\/v2\/posts\/9213","targetHints":{"allow":["GET"]}}],"collection":[{"href":"https:\/\/losperiodistas.com.mx\/portal\/wp-json\/wp\/v2\/posts"}],"about":[{"href":"https:\/\/losperiodistas.com.mx\/portal\/wp-json\/wp\/v2\/types\/post"}],"author":[{"embeddable":true,"href":"https:\/\/losperiodistas.com.mx\/portal\/wp-json\/wp\/v2\/users\/1"}],"replies":[{"embeddable":true,"href":"https:\/\/losperiodistas.com.mx\/portal\/wp-json\/wp\/v2\/comments?post=9213"}],"version-history":[{"count":1,"href":"https:\/\/losperiodistas.com.mx\/portal\/wp-json\/wp\/v2\/posts\/9213\/revisions"}],"predecessor-version":[{"id":9215,"href":"https:\/\/losperiodistas.com.mx\/portal\/wp-json\/wp\/v2\/posts\/9213\/revisions\/9215"}],"wp:featuredmedia":[{"embeddable":true,"href":"https:\/\/losperiodistas.com.mx\/portal\/wp-json\/wp\/v2\/media\/9214"}],"wp:attachment":[{"href":"https:\/\/losperiodistas.com.mx\/portal\/wp-json\/wp\/v2\/media?parent=9213"}],"wp:term":[{"taxonomy":"category","embeddable":true,"href":"https:\/\/losperiodistas.com.mx\/portal\/wp-json\/wp\/v2\/categories?post=9213"},{"taxonomy":"post_tag","embeddable":true,"href":"https:\/\/losperiodistas.com.mx\/portal\/wp-json\/wp\/v2\/tags?post=9213"}],"curies":[{"name":"wp","href":"https:\/\/api.w.org\/{rel}","templated":true}]}}